{"id":80001,"date":"2025-07-24T19:28:00","date_gmt":"2025-07-24T22:28:00","guid":{"rendered":"https:\/\/www.em.com.br\/emfoco\/?p=80001"},"modified":"2025-07-22T18:14:28","modified_gmt":"2025-07-22T21:14:28","slug":"a-nova-tendencia-alimentar-que-desafia-a-regra-das-5-refeicoes","status":"publish","type":"post","link":"https:\/\/www.em.com.br\/emfoco\/2025\/07\/24\/a-nova-tendencia-alimentar-que-desafia-a-regra-das-5-refeicoes\/","title":{"rendered":"A nova tend\u00eancia alimentar que desafia a regra das 5 refei\u00e7\u00f5es"},"content":{"rendered":"\n<p>Durante muito tempo, o conceito de realizar cinco refei\u00e7\u00f5es ao dia foi defendido por muitos especialistas em nutri\u00e7\u00e3o como uma pr\u00e1tica essencial para manter um metabolismo equilibrado e uma boa sa\u00fade. No entanto, pesquisas recentes come\u00e7aram a questionar essa recomenda\u00e7\u00e3o tradicional, sugerindo que talvez n\u00e3o seja a \u00fanica, nem a melhor maneira de garantir um <a href=\"https:\/\/www.instagram.com\/bemestar\/\" target=\"_blank\" rel=\"noreferrer noopener\">bem-estar<\/a> ideal ao longo dos anos.<\/p>\n\n\n\n<p>Algumas vozes no campo cient\u00edfico, como a do&nbsp;<strong>David Sinclair<\/strong>, da&nbsp;<strong>Universidade de Harvard<\/strong>, come\u00e7aram a propor abordagens alternativas. Sinclair, que \u00e9 uma figura de destaque nos estudos sobre envelhecimento, sugeriu a ideia de reduzir a frequ\u00eancia das refei\u00e7\u00f5es di\u00e1rias, chegando at\u00e9 a propor a possibilidade de limitar a ingest\u00e3o a apenas uma refei\u00e7\u00e3o ao dia. Essa abordagem se baseia em teorias que destacam n\u00e3o s\u00f3 a import\u00e2ncia do que se consome, mas tamb\u00e9m do momento em que se faz essa ingest\u00e3o.<\/p>\n\n\n\n<h2 class=\"wp-block-heading\">\u00c9 poss\u00edvel comer apenas uma vez por dia?<\/h2>\n\n\n\n<p>O argumento a favor de uma \u00fanica refei\u00e7\u00e3o di\u00e1ria \u00e9 sustentado pelo princ\u00edpio da&nbsp;<strong>hormese<\/strong>, que implica submeter o organismo a um leve estresse para fortalecer suas respostas adaptativas. Segundo Sinclair, permitir que o corpo atravesse breves per\u00edodos sem alimento poderia ativar mecanismos de sobreviv\u00eancia que favorecem a longevidade. Essa teoria sugere que acostumar o organismo a n\u00e3o estar constantemente satisfeito pode trazer benef\u00edcios para a sa\u00fade a longo prazo. Alguns estudos conduzidos em animais, e tamb\u00e9m alguns em humanos, refor\u00e7am essa ideia ao indicarem melhorias na sensibilidade \u00e0 insulina e aumento da efici\u00eancia do metabolismo em situa\u00e7\u00f5es de restri\u00e7\u00e3o alimentar programada.<\/p>\n\n\n\n<h2 class=\"wp-block-heading\">Quais s\u00e3o os benef\u00edcios de reduzir a frequ\u00eancia das refei\u00e7\u00f5es?<\/h2>\n\n\n\n<p>Adotar menos refei\u00e7\u00f5es ao longo do dia pode trazer diversos benef\u00edcios, de acordo com algumas pesquisas. Em primeiro lugar, pode ajudar a reduzir o risco de doen\u00e7as cr\u00f4nicas como diabetes e obesidade, pois menos refei\u00e7\u00f5es podem resultar em melhor controle dos n\u00edveis de a\u00e7\u00facar no sangue e menor ac\u00famulo de gordura corporal. Al\u00e9m disso, pode estimular processos de repara\u00e7\u00e3o e regenera\u00e7\u00e3o celular, fundamentais para retardar o envelhecimento. Novas evid\u00eancias tamb\u00e9m mostram que regimes alimentares com restri\u00e7\u00e3o de tempo podem melhorar a sa\u00fade cardiovascular e a fun\u00e7\u00e3o cerebral.<\/p>\n\n\n\n<figure class=\"wp-block-image\"><img decoding=\"async\" src=\"https:\/\/www.em.com.br\/emfoco\/wp-content\/uploads\/2025\/03\/alimentacao-saudavel_1742000071866-1024x576.jpg\" alt=\"\"\/><figcaption class=\"wp-element-caption\">Alimenta\u00e7\u00e3o saud\u00e1vel &#8211; Cr\u00e9ditos: depositphotos.com \/ ArturVerkhovetskiy<\/figcaption><\/figure>\n\n\n\n<p>No contexto brasileiro, estudos realizados em cidades como&nbsp;<strong>S\u00e3o Paulo<\/strong>&nbsp;t\u00eam investigado a rela\u00e7\u00e3o entre a frequ\u00eancia das refei\u00e7\u00f5es e par\u00e2metros de sa\u00fade, apontando tend\u00eancias similares \u00e0s observadas em outros pa\u00edses, inclusive nos&nbsp;<strong>Estados Unidos<\/strong>. Vale acrescentar que empresas como a&nbsp;<strong>Organiza\u00e7\u00e3o Mundial da Sa\u00fade<\/strong>&nbsp;e o&nbsp;<strong>Minist\u00e9rio da Sa\u00fade<\/strong>&nbsp;do&nbsp;<strong>Brasil<\/strong>&nbsp;ainda recomendam cautela para mudan\u00e7as radicais, motivando mais estudos locais sobre o tema.<\/p>\n\n\n\n<h2 class=\"wp-block-heading\">O que os especialistas dizem sobre o jejum intermitente?<\/h2>\n\n\n\n<p>O&nbsp;<strong>jejum intermitente<\/strong>, pr\u00e1tica que compartilha semelhan\u00e7as com a teoria de apenas uma refei\u00e7\u00e3o ao dia, vem ganhando popularidade como uma alternativa vi\u00e1vel. Essa abordagem envolve ciclos regulares de alimenta\u00e7\u00e3o e jejum, incluindo padr\u00f5es como o 16\/8, no qual se jejua por 16 horas e se alimenta durante as 8 horas restantes. Muitos profissionais de sa\u00fade est\u00e3o come\u00e7ando a considerar essas pr\u00e1ticas como estrat\u00e9gias v\u00e1lidas para melhorar a sa\u00fade metab\u00f3lica e aumentar a longevidade.&nbsp;<strong>No entanto, \u00e9 importante notar que os estudos sobre os benef\u00edcios do jejum intermitente ainda s\u00e3o preliminares, e mais pesquisas s\u00e3o necess\u00e1rias para confirma\u00e7\u00f5es definitivas.<\/strong>&nbsp;Embora ainda sejam necess\u00e1rias mais pesquisas para compreender plenamente os benef\u00edcios e riscos, a discuss\u00e3o sobre o jejum intermitente continua crescendo nas comunidades cient\u00edficas e de bem-estar, inclusive em pa\u00edses como o Brasil, onde a busca por estrat\u00e9gias alimentares inovadoras tamb\u00e9m \u00e9 intensa.<\/p>\n\n\n\n<p>Apesar do potencial do jejum intermitente, \u00e9 crucial que aqueles interessados em seguir essa pr\u00e1tica consultem profissionais de sa\u00fade para garantir uma abordagem segura e adaptada \u00e0s suas necessidades individuais. Buscar orienta\u00e7\u00e3o profissional antes de mudan\u00e7as significativas na dieta assegura que os leitores busquem acompanhamento adequado, minimizando riscos \u00e0 sa\u00fade.<\/p>\n\n\n\n<p>Leia tamb\u00e9m: <a href=\"https:\/\/www.em.com.br\/emfoco\/2025\/07\/09\/o-impacto-da-alimentacao-na-saude-depois-dos-50-e-maior-do-que-parece\/\" target=\"_blank\" rel=\"noreferrer noopener\">O impacto da alimenta\u00e7\u00e3o na sa\u00fade depois dos 50 \u00e9 maior do que parece<\/a><\/p>\n\n\n\n<h2 class=\"wp-block-heading\">Quais s\u00e3o os riscos do jejum intermitente?<\/h2>\n\n\n\n<p>Embora o jejum intermitente possa ter benef\u00edcios, \u00e9 importante estar ciente de potenciais riscos associados. Entre os riscos est\u00e3o a possibilidade de hipoglicemia, especialmente em pessoas que j\u00e1 t\u00eam um controle delicado dos n\u00edveis de a\u00e7\u00facar no sangue, e defici\u00eancias nutricionais caso o jejum n\u00e3o seja adequadamente planejado. \u00c9 crucial que aqueles interessados em seguir essa pr\u00e1tica consultem profissionais de sa\u00fade para garantir uma abordagem segura e adaptada \u00e0s suas necessidades individuais. Outros fatores, como rotina, idade e doen\u00e7as pr\u00e9-existentes tamb\u00e9m precisam ser considerados, como alerta a&nbsp;<strong>Sociedade Brasileira de Endocrinologia e Metabologia<\/strong>.<\/p>\n\n\n\n<p>Em \u00faltima an\u00e1lise, embora a ideia de reduzir a quantidade de refei\u00e7\u00f5es di\u00e1rias seja fascinante e possa oferecer benef\u00edcios significativos, trata-se ainda de um tema em constante pesquisa. \u00c9 fundamental que cada indiv\u00edduo leve em considera\u00e7\u00e3o suas pr\u00f3prias necessidades alimentares e consulte especialistas em sa\u00fade antes de realizar mudan\u00e7as dr\u00e1sticas em sua rotina de alimenta\u00e7\u00e3o. Essa decis\u00e3o deve ser personalizada e adaptada \u00e0s circunst\u00e2ncias de cada pessoa, garantindo uma transi\u00e7\u00e3o segura e eficaz para qualquer novo padr\u00e3o alimentar.<\/p>\n","protected":false},"excerpt":{"rendered":"<p>Durante muito tempo, o conceito de realizar cinco refei\u00e7\u00f5es ao dia foi defendido por muitos especialistas em nutri\u00e7\u00e3o como uma pr\u00e1tica essencial para manter um metabolismo equilibrado e uma boa sa\u00fade. No entanto, pesquisas recentes come\u00e7aram a questionar essa recomenda\u00e7\u00e3o tradicional, sugerindo que talvez n\u00e3o seja a \u00fanica, nem a melhor maneira de garantir um [&hellip;]<\/p>\n","protected":false},"author":11,"featured_media":73059,"comment_status":"open","ping_status":"open","sticky":false,"template":"","format":"standard","meta":{"jnews-multi-image_gallery":[],"jnews_single_post":{"format":"standard"},"jnews_primary_category":[],"jnews_social_meta":[],"jnews_override_counter":[],"footnotes":""},"categories":[8819,1],"tags":[2904,911,11862],"class_list":["post-80001","post","type-post","status-publish","format-standard","has-post-thumbnail","hentry","category-curiosidades","category-noticias","tag-alimentacao","tag-alimentacao-saudavel","tag-jejum-intermitente"],"yoast_head":"<!-- This site is optimized with the Yoast SEO plugin v23.8 - https:\/\/yoast.com\/wordpress\/plugins\/seo\/ -->\n<title>A nova tend\u00eancia alimentar que desafia a regra das 5 refei\u00e7\u00f5es - Estado de Minas - Em foco<\/title>\n<meta name=\"description\" content=\"Uma pr\u00e1tica alimentar controversa est\u00e1 conquistando adeptos e pode mudar sua forma de enxergar a sa\u00fade. Entenda os riscos e os ganhos.\" \/>\n<meta name=\"robots\" content=\"index, follow, max-snippet:-1, max-image-preview:large, max-video-preview:-1\" \/>\n<link rel=\"canonical\" href=\"https:\/\/www.em.com.br\/emfoco\/2025\/07\/24\/a-nova-tendencia-alimentar-que-desafia-a-regra-das-5-refeicoes\/\" \/>\n<meta property=\"og:locale\" content=\"pt_BR\" \/>\n<meta property=\"og:type\" content=\"article\" \/>\n<meta property=\"og:title\" content=\"A nova tend\u00eancia alimentar que desafia a regra das 5 refei\u00e7\u00f5es - Estado de Minas - Em foco\" \/>\n<meta property=\"og:description\" content=\"Uma pr\u00e1tica alimentar controversa est\u00e1 conquistando adeptos e pode mudar sua forma de enxergar a sa\u00fade. Entenda os riscos e os ganhos.\" \/>\n<meta property=\"og:url\" content=\"https:\/\/www.em.com.br\/emfoco\/2025\/07\/24\/a-nova-tendencia-alimentar-que-desafia-a-regra-das-5-refeicoes\/\" \/>\n<meta property=\"og:site_name\" content=\"Estado de Minas - Em foco\" \/>\n<meta property=\"article:published_time\" content=\"2025-07-24T22:28:00+00:00\" \/>\n<meta property=\"article:modified_time\" content=\"2025-07-22T21:14:28+00:00\" \/>\n<meta property=\"og:image\" content=\"https:\/\/www.em.com.br\/emfoco\/wp-content\/uploads\/2025\/07\/nao-pode-comer_1752013484410.jpg\" \/>\n\t<meta property=\"og:image:width\" content=\"1280\" \/>\n\t<meta property=\"og:image:height\" content=\"720\" \/>\n\t<meta property=\"og:image:type\" content=\"image\/jpeg\" \/>\n<meta name=\"author\" content=\"Andre\u0301 Rangel\u00a0\" \/>\n<meta name=\"twitter:card\" content=\"summary_large_image\" \/>\n<meta name=\"twitter:label1\" content=\"Escrito por\" \/>\n\t<meta name=\"twitter:data1\" content=\"Andre\u0301 Rangel\u00a0\" \/>\n\t<meta name=\"twitter:label2\" content=\"Est. tempo de leitura\" \/>\n\t<meta name=\"twitter:data2\" content=\"5 minutos\" \/>\n<!-- \/ Yoast SEO plugin. -->","yoast_head_json":{"title":"A nova tend\u00eancia alimentar que desafia a regra das 5 refei\u00e7\u00f5es - Estado de Minas - Em foco","description":"Uma pr\u00e1tica alimentar controversa est\u00e1 conquistando adeptos e pode mudar sua forma de enxergar a sa\u00fade. Entenda os riscos e os ganhos.","robots":{"index":"index","follow":"follow","max-snippet":"max-snippet:-1","max-image-preview":"max-image-preview:large","max-video-preview":"max-video-preview:-1"},"canonical":"https:\/\/www.em.com.br\/emfoco\/2025\/07\/24\/a-nova-tendencia-alimentar-que-desafia-a-regra-das-5-refeicoes\/","og_locale":"pt_BR","og_type":"article","og_title":"A nova tend\u00eancia alimentar que desafia a regra das 5 refei\u00e7\u00f5es - Estado de Minas - Em foco","og_description":"Uma pr\u00e1tica alimentar controversa est\u00e1 conquistando adeptos e pode mudar sua forma de enxergar a sa\u00fade. Entenda os riscos e os ganhos.","og_url":"https:\/\/www.em.com.br\/emfoco\/2025\/07\/24\/a-nova-tendencia-alimentar-que-desafia-a-regra-das-5-refeicoes\/","og_site_name":"Estado de Minas - Em foco","article_published_time":"2025-07-24T22:28:00+00:00","article_modified_time":"2025-07-22T21:14:28+00:00","og_image":[{"width":1280,"height":720,"url":"https:\/\/www.em.com.br\/emfoco\/wp-content\/uploads\/2025\/07\/nao-pode-comer_1752013484410.jpg","type":"image\/jpeg"}],"author":"Andre\u0301 Rangel\u00a0","twitter_card":"summary_large_image","twitter_misc":{"Escrito por":"Andre\u0301 Rangel\u00a0","Est. tempo de leitura":"5 minutos"},"schema":{"@context":"https:\/\/schema.org","@graph":[{"@type":"WebPage","@id":"https:\/\/www.em.com.br\/emfoco\/2025\/07\/24\/a-nova-tendencia-alimentar-que-desafia-a-regra-das-5-refeicoes\/","url":"https:\/\/www.em.com.br\/emfoco\/2025\/07\/24\/a-nova-tendencia-alimentar-que-desafia-a-regra-das-5-refeicoes\/","name":"A nova tend\u00eancia alimentar que desafia a regra das 5 refei\u00e7\u00f5es - Estado de Minas - Em foco","isPartOf":{"@id":"https:\/\/www.em.com.br\/emfoco\/#website"},"primaryImageOfPage":{"@id":"https:\/\/www.em.com.br\/emfoco\/2025\/07\/24\/a-nova-tendencia-alimentar-que-desafia-a-regra-das-5-refeicoes\/#primaryimage"},"image":{"@id":"https:\/\/www.em.com.br\/emfoco\/2025\/07\/24\/a-nova-tendencia-alimentar-que-desafia-a-regra-das-5-refeicoes\/#primaryimage"},"thumbnailUrl":"https:\/\/www.em.com.br\/emfoco\/wp-content\/uploads\/2025\/07\/nao-pode-comer_1752013484410.jpg","datePublished":"2025-07-24T22:28:00+00:00","dateModified":"2025-07-22T21:14:28+00:00","author":{"@id":"https:\/\/www.em.com.br\/emfoco\/#\/schema\/person\/60eda09c1fedf0d6891f4cef4b60b8b8"},"description":"Uma pr\u00e1tica alimentar controversa est\u00e1 conquistando adeptos e pode mudar sua forma de enxergar a sa\u00fade. Entenda os riscos e os ganhos.","breadcrumb":{"@id":"https:\/\/www.em.com.br\/emfoco\/2025\/07\/24\/a-nova-tendencia-alimentar-que-desafia-a-regra-das-5-refeicoes\/#breadcrumb"},"inLanguage":"pt-BR","potentialAction":[{"@type":"ReadAction","target":["https:\/\/www.em.com.br\/emfoco\/2025\/07\/24\/a-nova-tendencia-alimentar-que-desafia-a-regra-das-5-refeicoes\/"]}]},{"@type":"ImageObject","inLanguage":"pt-BR","@id":"https:\/\/www.em.com.br\/emfoco\/2025\/07\/24\/a-nova-tendencia-alimentar-que-desafia-a-regra-das-5-refeicoes\/#primaryimage","url":"https:\/\/www.em.com.br\/emfoco\/wp-content\/uploads\/2025\/07\/nao-pode-comer_1752013484410.jpg","contentUrl":"https:\/\/www.em.com.br\/emfoco\/wp-content\/uploads\/2025\/07\/nao-pode-comer_1752013484410.jpg","width":1280,"height":720,"caption":"Homem abrindo a geladeira - Cr\u00e9ditos: depositphotos.com \/ RostyslavOleksin"},{"@type":"BreadcrumbList","@id":"https:\/\/www.em.com.br\/emfoco\/2025\/07\/24\/a-nova-tendencia-alimentar-que-desafia-a-regra-das-5-refeicoes\/#breadcrumb","itemListElement":[{"@type":"ListItem","position":1,"name":"In\u00edcio","item":"https:\/\/www.em.com.br\/emfoco\/"},{"@type":"ListItem","position":2,"name":"A nova tend\u00eancia alimentar que desafia a regra das 5 refei\u00e7\u00f5es"}]},{"@type":"WebSite","@id":"https:\/\/www.em.com.br\/emfoco\/#website","url":"https:\/\/www.em.com.br\/emfoco\/","name":"Estado de Minas - Em foco","description":"Acompanhe as \u00faltimas not\u00edcias e fique bem informado sobre tudo o que acontece em Minas Gerais, Brasil e no mundo.","potentialAction":[{"@type":"SearchAction","target":{"@type":"EntryPoint","urlTemplate":"https:\/\/www.em.com.br\/emfoco\/?s={search_term_string}"},"query-input":{"@type":"PropertyValueSpecification","valueRequired":true,"valueName":"search_term_string"}}],"inLanguage":"pt-BR"},{"@type":"Person","@id":"https:\/\/www.em.com.br\/emfoco\/#\/schema\/person\/60eda09c1fedf0d6891f4cef4b60b8b8","name":"Andre\u0301 Rangel\u00a0","image":{"@type":"ImageObject","inLanguage":"pt-BR","@id":"https:\/\/www.em.com.br\/emfoco\/#\/schema\/person\/image\/","url":"https:\/\/secure.gravatar.com\/avatar\/6234dc814c77c8ef6d8bba622c787efc?s=96&d=mm&r=g","contentUrl":"https:\/\/secure.gravatar.com\/avatar\/6234dc814c77c8ef6d8bba622c787efc?s=96&d=mm&r=g","caption":"Andre\u0301 Rangel\u00a0"},"url":"https:\/\/www.em.com.br\/emfoco\/author\/luizmyth\/"}]}},"_links":{"self":[{"href":"https:\/\/www.em.com.br\/emfoco\/wp-json\/wp\/v2\/posts\/80001","targetHints":{"allow":["GET"]}}],"collection":[{"href":"https:\/\/www.em.com.br\/emfoco\/wp-json\/wp\/v2\/posts"}],"about":[{"href":"https:\/\/www.em.com.br\/emfoco\/wp-json\/wp\/v2\/types\/post"}],"author":[{"embeddable":true,"href":"https:\/\/www.em.com.br\/emfoco\/wp-json\/wp\/v2\/users\/11"}],"replies":[{"embeddable":true,"href":"https:\/\/www.em.com.br\/emfoco\/wp-json\/wp\/v2\/comments?post=80001"}],"version-history":[{"count":5,"href":"https:\/\/www.em.com.br\/emfoco\/wp-json\/wp\/v2\/posts\/80001\/revisions"}],"predecessor-version":[{"id":80054,"href":"https:\/\/www.em.com.br\/emfoco\/wp-json\/wp\/v2\/posts\/80001\/revisions\/80054"}],"wp:featuredmedia":[{"embeddable":true,"href":"https:\/\/www.em.com.br\/emfoco\/wp-json\/wp\/v2\/media\/73059"}],"wp:attachment":[{"href":"https:\/\/www.em.com.br\/emfoco\/wp-json\/wp\/v2\/media?parent=80001"}],"wp:term":[{"taxonomy":"category","embeddable":true,"href":"https:\/\/www.em.com.br\/emfoco\/wp-json\/wp\/v2\/categories?post=80001"},{"taxonomy":"post_tag","embeddable":true,"href":"https:\/\/www.em.com.br\/emfoco\/wp-json\/wp\/v2\/tags?post=80001"}],"curies":[{"name":"wp","href":"https:\/\/api.w.org\/{rel}","templated":true}]}}