{"id":7997,"date":"2025-01-02T19:20:00","date_gmt":"2025-01-02T22:20:00","guid":{"rendered":"https:\/\/www.em.com.br\/emfoco\/?p=7997"},"modified":"2025-01-01T22:40:28","modified_gmt":"2025-01-02T01:40:28","slug":"historia-de-piracicaba","status":"publish","type":"post","link":"https:\/\/www.em.com.br\/emfoco\/2025\/01\/02\/historia-de-piracicaba\/","title":{"rendered":"Voc\u00ea conhece a Piracicaba do passado?"},"content":{"rendered":"\n<p>Em 1\u00ba de agosto de 1767, foi fundada oficialmente a povoa\u00e7\u00e3o de <a href=\"https:\/\/pt.wikipedia.org\/wiki\/Piracicaba\" target=\"_blank\" rel=\"noreferrer noopener\">Piracicaba<\/a>, localizada na margem direita do Rio Piracicaba, onde atualmente est\u00e3o o Engenho Central e o bairro Vila Rezende. A \u00e1rea j\u00e1 abrigava pescadores e sertanejos que viviam ali com suas hortas e pomares. A funda\u00e7\u00e3o foi ordenada pelo ent\u00e3o governador da Capitania de S\u00e3o Paulo, D. Luiz Antonio de Souza Botelho Mour\u00e3o, que em 1766, havia determinado a cria\u00e7\u00e3o de novas povoa\u00e7\u00f5es, dentre elas, Piracicaba. A tarefa foi dada a Antonio Correia Barbosa, que escolheu um local mais afastado, <a href=\"https:\/\/www.em.com.br\/emfoco\/2024\/12\/05\/minas-gerais-em-alerta-chuvas-intensas-e-risco-de-alagamentos-nos-proximos-dias\/\" target=\"_blank\" rel=\"noreferrer noopener\">pr\u00f3ximo <\/a>ao Salto, desviando-se da foz no Rio Tiet\u00ea.<\/p>\n\n\n\n<p>Em 21 de junho de 1774, Piracicaba obteve o reconhecimento como freguesia, desvinculando-se de Itu, cidade mais pr\u00f3xima na \u00e9poca. Mais tarde, em 10 de agosto de 1822, tornou-se vila e recebeu o nome de Vila Nova da Constitui\u00e7\u00e3o. Apenas em 24 de abril de 1856, foi elevada \u00e0 categoria de cidade, assumindo o nome de Constitui\u00e7\u00e3o. Em 1877, uma peti\u00e7\u00e3o encabe\u00e7ada por Prudente de Moraes resultou na ado\u00e7\u00e3o do nome Piracicaba.<\/p>\n\n\n\n<h2 class=\"wp-block-heading\">Qual a origem do nome Piracicaba?<\/h2>\n\n\n\n<p>O nome Piracicaba deriva do tupi, significando &#8220;lugar onde o peixe para&#8221;. Essa designa\u00e7\u00e3o est\u00e1 diretamente relacionada \u00e0 geografia local, j\u00e1 que as quedas do Rio Piracicaba constituem um obst\u00e1culo natural que impede a passagem dos peixes, ganhando assim uma identifica\u00e7\u00e3o particular com a cidade.<\/p>\n\n\n<div class=\"wp-block-image\">\n<figure class=\"aligncenter size-large\"><img loading=\"lazy\" decoding=\"async\" width=\"1024\" height=\"678\" src=\"https:\/\/www.em.com.br\/emfoco\/wp-content\/uploads\/2025\/01\/Rio_Piracicaba-1024x678.jpg\" alt=\"\" class=\"wp-image-8000\" srcset=\"https:\/\/www.em.com.br\/emfoco\/wp-content\/uploads\/2025\/01\/Rio_Piracicaba-1024x678.jpg 1024w, https:\/\/www.em.com.br\/emfoco\/wp-content\/uploads\/2025\/01\/Rio_Piracicaba-300x199.jpg 300w, https:\/\/www.em.com.br\/emfoco\/wp-content\/uploads\/2025\/01\/Rio_Piracicaba-768x509.jpg 768w, https:\/\/www.em.com.br\/emfoco\/wp-content\/uploads\/2025\/01\/Rio_Piracicaba-1536x1017.jpg 1536w, https:\/\/www.em.com.br\/emfoco\/wp-content\/uploads\/2025\/01\/Rio_Piracicaba-2048x1356.jpg 2048w, https:\/\/www.em.com.br\/emfoco\/wp-content\/uploads\/2025\/01\/Rio_Piracicaba-750x497.jpg 750w, https:\/\/www.em.com.br\/emfoco\/wp-content\/uploads\/2025\/01\/Rio_Piracicaba-1140x755.jpg 1140w\" sizes=\"auto, (max-width: 1024px) 100vw, 1024px\" \/><figcaption class=\"wp-element-caption\">Rio Piracicaba &#8211; Wikimidia Commons<\/figcaption><\/figure><\/div>\n\n\n<h2 class=\"wp-block-heading\">Piracicaba: Da Industrializa\u00e7\u00e3o \u00e0 Cidade Inteligente<\/h2>\n\n\n\n<p>No in\u00edcio do s\u00e9culo XX, Piracicaba era a quarta maior cidade do estado de S\u00e3o Paulo, mas enfrentou dificuldades econ\u00f4micas com a queda do caf\u00e9 e o decl\u00ednio do pre\u00e7o do a\u00e7\u00facar. Para ressurgir, a cidade se destacou por suas iniciativas em industrializa\u00e7\u00e3o, investindo em setores metal-mec\u00e2nicos e na produ\u00e7\u00e3o de equipamentos para o setor sucroalcooleiro. Nas \u00faltimas duas d\u00e9cadas, a diversifica\u00e7\u00e3o econ\u00f4mica da cidade tem impulsionado um novo ciclo de crescimento.<\/p>\n\n\n\n<p>Recentemente, a Urban Systems classificou Piracicaba como a 31\u00aa cidade mais inteligente do Brasil. Este reconhecimento se deve \u00e0 integra\u00e7\u00e3o de \u00e1reas como mobilidade, tecnologia, meio ambiente e energia com o desenvolvimento social, demonstrando um forte compromisso com a inova\u00e7\u00e3o e sustentabilidade urbana.<\/p>\n\n\n\n<h2 class=\"wp-block-heading\">Por que Piracicaba \u00e9 chamada de &#8216;Atenas paulista&#8217;?<\/h2>\n\n\n\n<p>Piracicaba \u00e9 carinhosamente conhecida como &#8220;Atenas paulista&#8221; e &#8220;Floren\u00e7a brasileira&#8221; devido \u00e0 sua rica contribui\u00e7\u00e3o ao cen\u00e1rio art\u00edstico. Cec\u00edlio Elias Netto, jornalista e escritor, apontou que a chegada de Miguel Archanjo Ben\u00edcio de Assun\u00e7\u00e3o Dutra na cidade em 1844 marcou o in\u00edcio das &#8220;belas artes piracicabanas&#8221;. A cidade ainda foi lar do renomado artista Jos\u00e9 Ferraz de Almeida J\u00fanior, que trouxe tem\u00e1ticas regionalistas para a sua obra, retratando o cotidiano do povo simples. Essas contribui\u00e7\u00f5es culturais formaram a identidade art\u00edstica que continua a perseverar na cidade.<\/p>\n\n\n\n<h2 class=\"wp-block-heading\">Do Pasto ao Campo do XV de Piracicaba<\/h2>\n\n\n\n<p>Na d\u00e9cada de 1940, um simples pasto na Rua Regente Feij\u00f3 transformou-se num importante campo esportivo. Funcion\u00e1rios de uma marcenaria local jogavam futebol durante seus intervalos, mas com frequ\u00eancia a bola sujava as roupas penduradas em varais pr\u00f3ximos. Para evitar conflitos com os vizinhos, eles passaram a utilizar um pasto que se tornaria o primeiro campo do Esporte Clube XV de Novembro de Piracicaba. Esta \u00e9 apenas uma das in\u00fameras hist\u00f3rias que comp\u00f5em o patrim\u00f4nio hist\u00f3rico e cultural de Piracicaba, refletindo sua capacidade de adapta\u00e7\u00e3o e crescimento ao longo dos anos.<\/p>\n","protected":false},"excerpt":{"rendered":"<p>Em 1\u00ba de agosto de 1767, foi fundada oficialmente a povoa\u00e7\u00e3o de Piracicaba, localizada na margem direita do Rio Piracicaba, onde atualmente est\u00e3o o Engenho Central e o bairro Vila Rezende. A \u00e1rea j\u00e1 abrigava pescadores e sertanejos que viviam ali com suas hortas e pomares. A funda\u00e7\u00e3o foi ordenada pelo ent\u00e3o governador da Capitania [&hellip;]<\/p>\n","protected":false},"author":7,"featured_media":7999,"comment_status":"open","ping_status":"open","sticky":false,"template":"","format":"standard","meta":{"jnews-multi-image_gallery":[],"jnews_single_post":{"format":"standard"},"jnews_primary_category":[],"jnews_social_meta":[],"jnews_override_counter":[],"footnotes":""},"categories":[26],"tags":[1891,2783,237,2784,2785],"class_list":["post-7997","post","type-post","status-publish","format-standard","has-post-thumbnail","hentry","category-cidades","tag-esporte","tag-fundacao","tag-historia","tag-industrializacao","tag-piracicaba"],"yoast_head":"<!-- This site is optimized with the Yoast SEO plugin v23.8 - https:\/\/yoast.com\/wordpress\/plugins\/seo\/ -->\n<title>Voc\u00ea conhece a Piracicaba do passado? - Estado de Minas - Em foco<\/title>\n<meta name=\"description\" content=\"Descubra a rica hist\u00f3ria de Piracicaba, desde sua funda\u00e7\u00e3o at\u00e9 sua transforma\u00e7\u00e3o na &#039;Atenas Paulista&#039;, al\u00e9m de informa\u00e7\u00f5es sobre sua industrializa\u00e7\u00e3o e origem do nome.\" \/>\n<meta name=\"robots\" content=\"index, follow, max-snippet:-1, max-image-preview:large, max-video-preview:-1\" \/>\n<link rel=\"canonical\" href=\"https:\/\/www.em.com.br\/emfoco\/2025\/01\/02\/historia-de-piracicaba\/\" \/>\n<meta property=\"og:locale\" content=\"pt_BR\" \/>\n<meta property=\"og:type\" content=\"article\" \/>\n<meta property=\"og:title\" content=\"Voc\u00ea conhece a Piracicaba do passado? - Estado de Minas - Em foco\" \/>\n<meta property=\"og:description\" content=\"Descubra a rica hist\u00f3ria de Piracicaba, desde sua funda\u00e7\u00e3o at\u00e9 sua transforma\u00e7\u00e3o na &#039;Atenas Paulista&#039;, al\u00e9m de informa\u00e7\u00f5es sobre sua industrializa\u00e7\u00e3o e origem do nome.\" \/>\n<meta property=\"og:url\" content=\"https:\/\/www.em.com.br\/emfoco\/2025\/01\/02\/historia-de-piracicaba\/\" \/>\n<meta property=\"og:site_name\" content=\"Estado de Minas - Em foco\" \/>\n<meta property=\"article:published_time\" content=\"2025-01-02T22:20:00+00:00\" \/>\n<meta property=\"article:modified_time\" content=\"2025-01-02T01:40:28+00:00\" \/>\n<meta property=\"og:image\" content=\"https:\/\/www.em.com.br\/emfoco\/wp-content\/uploads\/2025\/01\/Vista_aerea_de_Piracicaba_SP.jpg\" \/>\n\t<meta property=\"og:image:width\" content=\"1200\" \/>\n\t<meta property=\"og:image:height\" content=\"800\" \/>\n\t<meta property=\"og:image:type\" content=\"image\/jpeg\" \/>\n<meta name=\"author\" content=\"Kelvin\" \/>\n<meta name=\"twitter:card\" content=\"summary_large_image\" \/>\n<meta name=\"twitter:label1\" content=\"Escrito por\" \/>\n\t<meta name=\"twitter:data1\" content=\"Kelvin\" \/>\n\t<meta name=\"twitter:label2\" content=\"Est. tempo de leitura\" \/>\n\t<meta name=\"twitter:data2\" content=\"4 minutos\" \/>\n<!-- \/ Yoast SEO plugin. -->","yoast_head_json":{"title":"Voc\u00ea conhece a Piracicaba do passado? - Estado de Minas - Em foco","description":"Descubra a rica hist\u00f3ria de Piracicaba, desde sua funda\u00e7\u00e3o at\u00e9 sua transforma\u00e7\u00e3o na 'Atenas Paulista', al\u00e9m de informa\u00e7\u00f5es sobre sua industrializa\u00e7\u00e3o e origem do nome.","robots":{"index":"index","follow":"follow","max-snippet":"max-snippet:-1","max-image-preview":"max-image-preview:large","max-video-preview":"max-video-preview:-1"},"canonical":"https:\/\/www.em.com.br\/emfoco\/2025\/01\/02\/historia-de-piracicaba\/","og_locale":"pt_BR","og_type":"article","og_title":"Voc\u00ea conhece a Piracicaba do passado? - Estado de Minas - Em foco","og_description":"Descubra a rica hist\u00f3ria de Piracicaba, desde sua funda\u00e7\u00e3o at\u00e9 sua transforma\u00e7\u00e3o na 'Atenas Paulista', al\u00e9m de informa\u00e7\u00f5es sobre sua industrializa\u00e7\u00e3o e origem do nome.","og_url":"https:\/\/www.em.com.br\/emfoco\/2025\/01\/02\/historia-de-piracicaba\/","og_site_name":"Estado de Minas - Em foco","article_published_time":"2025-01-02T22:20:00+00:00","article_modified_time":"2025-01-02T01:40:28+00:00","og_image":[{"width":1200,"height":800,"url":"https:\/\/www.em.com.br\/emfoco\/wp-content\/uploads\/2025\/01\/Vista_aerea_de_Piracicaba_SP.jpg","type":"image\/jpeg"}],"author":"Kelvin","twitter_card":"summary_large_image","twitter_misc":{"Escrito por":"Kelvin","Est. tempo de leitura":"4 minutos"},"schema":{"@context":"https:\/\/schema.org","@graph":[{"@type":"WebPage","@id":"https:\/\/www.em.com.br\/emfoco\/2025\/01\/02\/historia-de-piracicaba\/","url":"https:\/\/www.em.com.br\/emfoco\/2025\/01\/02\/historia-de-piracicaba\/","name":"Voc\u00ea conhece a Piracicaba do passado? - Estado de Minas - Em foco","isPartOf":{"@id":"https:\/\/www.em.com.br\/emfoco\/#website"},"primaryImageOfPage":{"@id":"https:\/\/www.em.com.br\/emfoco\/2025\/01\/02\/historia-de-piracicaba\/#primaryimage"},"image":{"@id":"https:\/\/www.em.com.br\/emfoco\/2025\/01\/02\/historia-de-piracicaba\/#primaryimage"},"thumbnailUrl":"https:\/\/www.em.com.br\/emfoco\/wp-content\/uploads\/2025\/01\/Vista_aerea_de_Piracicaba_SP.jpg","datePublished":"2025-01-02T22:20:00+00:00","dateModified":"2025-01-02T01:40:28+00:00","author":{"@id":"https:\/\/www.em.com.br\/emfoco\/#\/schema\/person\/fb0a7f48c6fbb94b83f413a80f61917d"},"description":"Descubra a rica hist\u00f3ria de Piracicaba, desde sua funda\u00e7\u00e3o at\u00e9 sua transforma\u00e7\u00e3o na 'Atenas Paulista', al\u00e9m de informa\u00e7\u00f5es sobre sua industrializa\u00e7\u00e3o e origem do nome.","breadcrumb":{"@id":"https:\/\/www.em.com.br\/emfoco\/2025\/01\/02\/historia-de-piracicaba\/#breadcrumb"},"inLanguage":"pt-BR","potentialAction":[{"@type":"ReadAction","target":["https:\/\/www.em.com.br\/emfoco\/2025\/01\/02\/historia-de-piracicaba\/"]}]},{"@type":"ImageObject","inLanguage":"pt-BR","@id":"https:\/\/www.em.com.br\/emfoco\/2025\/01\/02\/historia-de-piracicaba\/#primaryimage","url":"https:\/\/www.em.com.br\/emfoco\/wp-content\/uploads\/2025\/01\/Vista_aerea_de_Piracicaba_SP.jpg","contentUrl":"https:\/\/www.em.com.br\/emfoco\/wp-content\/uploads\/2025\/01\/Vista_aerea_de_Piracicaba_SP.jpg","width":1200,"height":800,"caption":"Piracicaba - Wikimidia Commons"},{"@type":"BreadcrumbList","@id":"https:\/\/www.em.com.br\/emfoco\/2025\/01\/02\/historia-de-piracicaba\/#breadcrumb","itemListElement":[{"@type":"ListItem","position":1,"name":"In\u00edcio","item":"https:\/\/www.em.com.br\/emfoco\/"},{"@type":"ListItem","position":2,"name":"Voc\u00ea conhece a Piracicaba do passado?"}]},{"@type":"WebSite","@id":"https:\/\/www.em.com.br\/emfoco\/#website","url":"https:\/\/www.em.com.br\/emfoco\/","name":"Estado de Minas - Em foco","description":"Acompanhe as \u00faltimas not\u00edcias e fique bem informado sobre tudo o que acontece em Minas Gerais, Brasil e no mundo.","potentialAction":[{"@type":"SearchAction","target":{"@type":"EntryPoint","urlTemplate":"https:\/\/www.em.com.br\/emfoco\/?s={search_term_string}"},"query-input":{"@type":"PropertyValueSpecification","valueRequired":true,"valueName":"search_term_string"}}],"inLanguage":"pt-BR"},{"@type":"Person","@id":"https:\/\/www.em.com.br\/emfoco\/#\/schema\/person\/fb0a7f48c6fbb94b83f413a80f61917d","name":"Kelvin","image":{"@type":"ImageObject","inLanguage":"pt-BR","@id":"https:\/\/www.em.com.br\/emfoco\/#\/schema\/person\/image\/","url":"https:\/\/secure.gravatar.com\/avatar\/e74f84337e6bf6c4c5e88fbdffa05270?s=96&d=mm&r=g","contentUrl":"https:\/\/secure.gravatar.com\/avatar\/e74f84337e6bf6c4c5e88fbdffa05270?s=96&d=mm&r=g","caption":"Kelvin"},"sameAs":["https:\/\/www.em.com.br\/emfoco"],"url":"https:\/\/www.em.com.br\/emfoco\/author\/kelvinmyth\/"}]}},"_links":{"self":[{"href":"https:\/\/www.em.com.br\/emfoco\/wp-json\/wp\/v2\/posts\/7997","targetHints":{"allow":["GET"]}}],"collection":[{"href":"https:\/\/www.em.com.br\/emfoco\/wp-json\/wp\/v2\/posts"}],"about":[{"href":"https:\/\/www.em.com.br\/emfoco\/wp-json\/wp\/v2\/types\/post"}],"author":[{"embeddable":true,"href":"https:\/\/www.em.com.br\/emfoco\/wp-json\/wp\/v2\/users\/7"}],"replies":[{"embeddable":true,"href":"https:\/\/www.em.com.br\/emfoco\/wp-json\/wp\/v2\/comments?post=7997"}],"version-history":[{"count":3,"href":"https:\/\/www.em.com.br\/emfoco\/wp-json\/wp\/v2\/posts\/7997\/revisions"}],"predecessor-version":[{"id":8006,"href":"https:\/\/www.em.com.br\/emfoco\/wp-json\/wp\/v2\/posts\/7997\/revisions\/8006"}],"wp:featuredmedia":[{"embeddable":true,"href":"https:\/\/www.em.com.br\/emfoco\/wp-json\/wp\/v2\/media\/7999"}],"wp:attachment":[{"href":"https:\/\/www.em.com.br\/emfoco\/wp-json\/wp\/v2\/media?parent=7997"}],"wp:term":[{"taxonomy":"category","embeddable":true,"href":"https:\/\/www.em.com.br\/emfoco\/wp-json\/wp\/v2\/categories?post=7997"},{"taxonomy":"post_tag","embeddable":true,"href":"https:\/\/www.em.com.br\/emfoco\/wp-json\/wp\/v2\/tags?post=7997"}],"curies":[{"name":"wp","href":"https:\/\/api.w.org\/{rel}","templated":true}]}}