{"id":79968,"date":"2025-07-23T16:38:00","date_gmt":"2025-07-23T19:38:00","guid":{"rendered":"https:\/\/www.em.com.br\/emfoco\/?p=79968"},"modified":"2025-07-22T16:24:06","modified_gmt":"2025-07-22T19:24:06","slug":"milhares-estao-perdendo-beneficios-por-um-erro-simples-no-cadastro-unico","status":"publish","type":"post","link":"https:\/\/www.em.com.br\/emfoco\/2025\/07\/23\/milhares-estao-perdendo-beneficios-por-um-erro-simples-no-cadastro-unico\/","title":{"rendered":"Milhares est\u00e3o perdendo benef\u00edcios por um erro simples no Cadastro \u00danico"},"content":{"rendered":"\n<p>O <strong>Cadastro \u00danico para Programas Sociais do Governo Federal<\/strong>, conhecido como <strong><a href=\"https:\/\/www.em.com.br\/emfoco\/2025\/07\/13\/o-maior-acesso-a-programas-sociais-comeca-com-o-cadastro-unico\/\" target=\"_blank\" rel=\"noreferrer noopener\">Cadastro \u00danico<\/a><\/strong>, \u00e9 uma ferramenta importante para a identifica\u00e7\u00e3o e caracteriza\u00e7\u00e3o socioecon\u00f4mica das fam\u00edlias de baixa renda no <strong>Brasil<\/strong>. Isso permite que o governo atenda de maneira mais eficaz as necessidades dessas fam\u00edlias por meio de programas sociais espec\u00edficos. Para estarem aptas a se cadastrarem, as fam\u00edlias devem ter uma renda mensal de at\u00e9 meio sal\u00e1rio-m\u00ednimo por pessoa, equivalente a R$ 759 em 2025. Al\u00e9m disso, indiv\u00edduos que moram sozinhos tamb\u00e9m podem buscar a inscri\u00e7\u00e3o, embora o processo tenha se tornado mais rigoroso para evitar fraudes.<\/p>\n\n\n\n<p>Al\u00e9m de identificar fam\u00edlias em situa\u00e7\u00e3o de vulnerabilidade, o <strong>Cadastro \u00danico<\/strong> serve como uma base abrangente de dados que subsidia a formula\u00e7\u00e3o de pol\u00edticas p\u00fablicas e o desenvolvimento de novas iniciativas sociais. A constante atualiza\u00e7\u00e3o dessas informa\u00e7\u00f5es pelo poder p\u00fablico \u00e9 fundamental para garantir que os benef\u00edcios alcancem quem realmente precisa.<\/p>\n\n\n\n<h2 class=\"wp-block-heading\">Quais documentos s\u00e3o necess\u00e1rios para o Cadastro \u00danico?<\/h2>\n\n\n<div class=\"wp-block-image\">\n<figure class=\"aligncenter size-large\"><img loading=\"lazy\" decoding=\"async\" width=\"1024\" height=\"576\" src=\"https:\/\/www.em.com.br\/emfoco\/wp-content\/uploads\/2025\/06\/trabalho_1748978792702-1024x576.jpg\" alt=\"Saque do FGTS ganha nova regra e trabalhadores se dividem\" class=\"wp-image-55054\" srcset=\"https:\/\/www.em.com.br\/emfoco\/wp-content\/uploads\/2025\/06\/trabalho_1748978792702-1024x576.jpg 1024w, https:\/\/www.em.com.br\/emfoco\/wp-content\/uploads\/2025\/06\/trabalho_1748978792702-300x169.jpg 300w, https:\/\/www.em.com.br\/emfoco\/wp-content\/uploads\/2025\/06\/trabalho_1748978792702-768x432.jpg 768w, https:\/\/www.em.com.br\/emfoco\/wp-content\/uploads\/2025\/06\/trabalho_1748978792702-750x422.jpg 750w, https:\/\/www.em.com.br\/emfoco\/wp-content\/uploads\/2025\/06\/trabalho_1748978792702-1140x641.jpg 1140w, https:\/\/www.em.com.br\/emfoco\/wp-content\/uploads\/2025\/06\/trabalho_1748978792702.jpg 1280w\" sizes=\"auto, (max-width: 1024px) 100vw, 1024px\" \/><figcaption class=\"wp-element-caption\">Trabalhadores &#8211; Cr\u00e9ditos: depositphotos.com \/ Krakenimages.com<\/figcaption><\/figure><\/div>\n\n\n<p>Pelo menos um documento de cada membro da fam\u00edlia deve ser apresentado no cadastro. S\u00e3o aceitos <strong>CPF<\/strong>, certid\u00e3o de nascimento, certid\u00e3o de casamento, carteira de identidade, carteira de trabalho ou t\u00edtulo de eleitor. Essa documenta\u00e7\u00e3o permite que o sistema mantenha um registro preciso e atualizado, essencial para a gest\u00e3o dos benef\u00edcios sociais.<\/p>\n\n\n\n<p>O respons\u00e1vel familiar, ao se apresentar para o cadastro, tamb\u00e9m deve fornecer um documento comprovando resid\u00eancia, como uma conta de luz ou \u00e1gua. Caso n\u00e3o possua tal documento, pode redigir uma declara\u00e7\u00e3o de resid\u00eancia especificando o local de moradia. Manter os cadastros atualizados \u00e9 importante para n\u00e3o perder o acesso a benef\u00edcios, pois a aus\u00eancia de atualiza\u00e7\u00e3o pode resultar na suspens\u00e3o ou exclus\u00e3o do <strong>Cadastro \u00danico<\/strong>.<\/p>\n\n\n\n<h2 class=\"wp-block-heading\">Como funciona o Cadastro \u00danico?<\/h2>\n\n\n\n<p>O <strong>Cadastro \u00danico<\/strong> funciona como um sistema de registro centralizado das informa\u00e7\u00f5es socioecon\u00f4micas das fam\u00edlias de baixa renda no pa\u00eds. Com base nos dados fornecidos, o governo federal, juntamente com os governos estaduais e municipais, pode implementar pol\u00edticas p\u00fablicas mais eficientes. Programas como <strong>Bolsa Fam\u00edlia, Minha Casa Minha Vida, e Tarifa Social de Energia El\u00e9trica<\/strong> utilizam essas informa\u00e7\u00f5es para direcionar recursos e benef\u00edcios de forma precisa.<\/p>\n\n\n\n<p>Vale lembrar que ap\u00f3s o cadastramento inicial, \u00e9 importante realizar a atualiza\u00e7\u00e3o cadastral a cada dois anos ou sempre que houver alguma altera\u00e7\u00e3o significativa na composi\u00e7\u00e3o ou renda familiar. Assim, o governo mant\u00e9m os dados confi\u00e1veis e continua direcionando os benef\u00edcios conforme a real situa\u00e7\u00e3o das fam\u00edlias.<\/p>\n\n\n\n<h2 class=\"wp-block-heading\">Quem tem direito ao Cadastro \u00danico?<\/h2>\n\n\n\n<p>Para se inscrever no <strong>Cadastro \u00danico<\/strong>, a fam\u00edlia deve ter uma renda mensal por pessoa de at\u00e9 meio sal\u00e1rio m\u00ednimo, ou renda total familiar de at\u00e9 tr\u00eas sal\u00e1rios m\u00ednimos. Fam\u00edlias em situa\u00e7\u00e3o de rua e lares compostos por apenas uma pessoa tamb\u00e9m podem se cadastrar.<\/p>\n\n\n\n<p>Al\u00e9m disso, fam\u00edlias ind\u00edgenas e quilombolas t\u00eam direito \u00e0 inscri\u00e7\u00e3o, com amparo de procedimentos espec\u00edficos para garantir o acesso \u00e0 documenta\u00e7\u00e3o. Estar inscrito \u00e9 pr\u00e9-requisito para participa\u00e7\u00e3o em diversos programas sociais federais, estaduais e municipais.<\/p>\n\n\n\n<h2 class=\"wp-block-heading\">Quais os benef\u00edcios de estar inscrito no Cadastro \u00danico?<\/h2>\n\n\n\n<p>O cadastramento no <strong>Cadastro \u00danico<\/strong> n\u00e3o garante automaticamente o acesso aos programas sociais, mas \u00e9 um passo fundamental para ser considerado entre os benefici\u00e1rios. Os programas sociais que utilizam o <strong>Cadastro \u00danico<\/strong> s\u00e3o variados, oferecendo desde assist\u00eancia financeira at\u00e9 acesso a servi\u00e7os b\u00e1sicos, como energia el\u00e9trica a tarifas reduzidas. Portanto, essa inscri\u00e7\u00e3o funciona como uma porta de entrada para o amparo social no <strong>Brasil<\/strong>.<\/p>\n\n\n\n<p>Estar no <strong>Cadastro \u00danico<\/strong> tamb\u00e9m facilita o acesso a isen\u00e7\u00f5es de taxas em concursos p\u00fablicos, vagas em creches p\u00fablicas, benef\u00edcios do <strong>Programa Tarifa Social de \u00c1gua<\/strong>, entre outros. Essa atua\u00e7\u00e3o integrada amplia as oportunidades de inclus\u00e3o e melhor qualidade de vida para as fam\u00edlias contempladas.<\/p>\n\n\n\n<h2 class=\"wp-block-heading\">Por que o Cadastro \u00danico \u00e9 importante para a pol\u00edtica social no Brasil?<\/h2>\n\n\n\n<p>A import\u00e2ncia do <strong>Cadastro \u00danico<\/strong> para as pol\u00edticas sociais brasileiras est\u00e1 na sua capacidade de centralizar as informa\u00e7\u00f5es sobre fam\u00edlias de baixa renda. Isso permite que os recursos dispon\u00edveis sejam aplicados de maneira estrat\u00e9gica, ajudando a combater a desigualdade e promover a inclus\u00e3o social. Com o cadastro, o governo pode monitorar melhor a situa\u00e7\u00e3o socioecon\u00f4mica de milh\u00f5es de brasileiros, ajustando pol\u00edticas conforme a necessidade evidenciada pelas informa\u00e7\u00f5es atualizadas no sistema.<\/p>\n\n\n\n<p>A centraliza\u00e7\u00e3o dos dados ainda permite o combate a fraudes e o melhor gerenciamento dos benef\u00edcios, aumentando a efici\u00eancia na distribui\u00e7\u00e3o dos recursos. O <strong>Cadastro \u00danico<\/strong> \u00e9 indispens\u00e1vel para o mapeamento da pobreza e o alcance das metas de desenvolvimento social do pa\u00eds.<\/p>\n\n\n\n<h2 class=\"wp-block-heading\">Como se inscrever no Cadastro \u00danico?<\/h2>\n\n\n\n<p>Para se inscrever, a fam\u00edlia deve procurar o <strong>Centro de Refer\u00eancia de Assist\u00eancia Social<\/strong> (<a href=\"https:\/\/www.gov.br\/pt-br\/servicos\/acessar-o-cras-centro-de-referencia-da-assistencia-social\" target=\"_blank\" rel=\"noreferrer noopener\">CRAS<\/a>) mais pr\u00f3ximo ou os postos de atendimento designados pela prefeitura do munic\u00edpio. \u00c9 recomend\u00e1vel levar toda a documenta\u00e7\u00e3o necess\u00e1ria de cada membro da fam\u00edlia.<\/p>\n\n\n\n<p>Ap\u00f3s o registro, \u00e9 fundamental a realiza\u00e7\u00e3o do acompanhamento das informa\u00e7\u00f5es fornecidas, mantendo os dados atualizados e respondendo a convoca\u00e7\u00f5es para recadastramento. Dessa forma, a fam\u00edlia garante continuidade no acesso aos benef\u00edcios sociais e contribui para pol\u00edticas p\u00fablicas mais justas e efetivas.<\/p>\n","protected":false},"excerpt":{"rendered":"<p>O Cadastro \u00danico para Programas Sociais do Governo Federal, conhecido como Cadastro \u00danico, \u00e9 uma ferramenta importante para a identifica\u00e7\u00e3o e caracteriza\u00e7\u00e3o socioecon\u00f4mica das fam\u00edlias de baixa renda no Brasil. Isso permite que o governo atenda de maneira mais eficaz as necessidades dessas fam\u00edlias por meio de programas sociais espec\u00edficos. Para estarem aptas a se [&hellip;]<\/p>\n","protected":false},"author":20,"featured_media":54997,"comment_status":"open","ping_status":"open","sticky":false,"template":"","format":"standard","meta":{"jnews-multi-image_gallery":[],"jnews_single_post":{"format":"standard"},"jnews_primary_category":[],"jnews_social_meta":[],"jnews_override_counter":[],"footnotes":""},"categories":[28,1],"tags":[986,12081],"class_list":["post-79968","post","type-post","status-publish","format-standard","has-post-thumbnail","hentry","category-economia","category-noticias","tag-beneficios-sociais","tag-cadastro-unico-2"],"yoast_head":"<!-- This site is optimized with the Yoast SEO plugin v23.8 - https:\/\/yoast.com\/wordpress\/plugins\/seo\/ -->\n<title>Milhares est\u00e3o perdendo benef\u00edcios por um erro simples no Cadastro \u00danico - Estado de Minas - Em foco<\/title>\n<meta name=\"description\" content=\"Estar fora do Cadastro \u00danico pode te deixar sem nenhum benef\u00edcio social. Saiba como atualizar seus dados e proteger seus direitos.\" \/>\n<meta name=\"robots\" content=\"index, follow, max-snippet:-1, max-image-preview:large, max-video-preview:-1\" \/>\n<link rel=\"canonical\" href=\"https:\/\/www.em.com.br\/emfoco\/2025\/07\/23\/milhares-estao-perdendo-beneficios-por-um-erro-simples-no-cadastro-unico\/\" \/>\n<meta property=\"og:locale\" content=\"pt_BR\" \/>\n<meta property=\"og:type\" content=\"article\" \/>\n<meta property=\"og:title\" content=\"Milhares est\u00e3o perdendo benef\u00edcios por um erro simples no Cadastro \u00danico - Estado de Minas - Em foco\" \/>\n<meta property=\"og:description\" content=\"Estar fora do Cadastro \u00danico pode te deixar sem nenhum benef\u00edcio social. Saiba como atualizar seus dados e proteger seus direitos.\" \/>\n<meta property=\"og:url\" content=\"https:\/\/www.em.com.br\/emfoco\/2025\/07\/23\/milhares-estao-perdendo-beneficios-por-um-erro-simples-no-cadastro-unico\/\" \/>\n<meta property=\"og:site_name\" content=\"Estado de Minas - Em foco\" \/>\n<meta property=\"article:published_time\" content=\"2025-07-23T19:38:00+00:00\" \/>\n<meta property=\"article:modified_time\" content=\"2025-07-22T19:24:06+00:00\" \/>\n<meta property=\"og:image\" content=\"https:\/\/www.em.com.br\/emfoco\/wp-content\/uploads\/2025\/06\/bolsa-familia_1748976702558.jpg\" \/>\n\t<meta property=\"og:image:width\" content=\"1280\" \/>\n\t<meta property=\"og:image:height\" content=\"720\" \/>\n\t<meta property=\"og:image:type\" content=\"image\/jpeg\" \/>\n<meta name=\"author\" content=\"Ingrid Diniz\" \/>\n<meta name=\"twitter:card\" content=\"summary_large_image\" \/>\n<meta name=\"twitter:label1\" content=\"Escrito por\" \/>\n\t<meta name=\"twitter:data1\" content=\"Ingrid Diniz\" \/>\n\t<meta name=\"twitter:label2\" content=\"Est. tempo de leitura\" \/>\n\t<meta name=\"twitter:data2\" content=\"5 minutos\" \/>\n<!-- \/ Yoast SEO plugin. -->","yoast_head_json":{"title":"Milhares est\u00e3o perdendo benef\u00edcios por um erro simples no Cadastro \u00danico - Estado de Minas - Em foco","description":"Estar fora do Cadastro \u00danico pode te deixar sem nenhum benef\u00edcio social. Saiba como atualizar seus dados e proteger seus direitos.","robots":{"index":"index","follow":"follow","max-snippet":"max-snippet:-1","max-image-preview":"max-image-preview:large","max-video-preview":"max-video-preview:-1"},"canonical":"https:\/\/www.em.com.br\/emfoco\/2025\/07\/23\/milhares-estao-perdendo-beneficios-por-um-erro-simples-no-cadastro-unico\/","og_locale":"pt_BR","og_type":"article","og_title":"Milhares est\u00e3o perdendo benef\u00edcios por um erro simples no Cadastro \u00danico - Estado de Minas - Em foco","og_description":"Estar fora do Cadastro \u00danico pode te deixar sem nenhum benef\u00edcio social. Saiba como atualizar seus dados e proteger seus direitos.","og_url":"https:\/\/www.em.com.br\/emfoco\/2025\/07\/23\/milhares-estao-perdendo-beneficios-por-um-erro-simples-no-cadastro-unico\/","og_site_name":"Estado de Minas - Em foco","article_published_time":"2025-07-23T19:38:00+00:00","article_modified_time":"2025-07-22T19:24:06+00:00","og_image":[{"width":1280,"height":720,"url":"https:\/\/www.em.com.br\/emfoco\/wp-content\/uploads\/2025\/06\/bolsa-familia_1748976702558.jpg","type":"image\/jpeg"}],"author":"Ingrid Diniz","twitter_card":"summary_large_image","twitter_misc":{"Escrito por":"Ingrid Diniz","Est. tempo de leitura":"5 minutos"},"schema":{"@context":"https:\/\/schema.org","@graph":[{"@type":"WebPage","@id":"https:\/\/www.em.com.br\/emfoco\/2025\/07\/23\/milhares-estao-perdendo-beneficios-por-um-erro-simples-no-cadastro-unico\/","url":"https:\/\/www.em.com.br\/emfoco\/2025\/07\/23\/milhares-estao-perdendo-beneficios-por-um-erro-simples-no-cadastro-unico\/","name":"Milhares est\u00e3o perdendo benef\u00edcios por um erro simples no Cadastro \u00danico - Estado de Minas - Em foco","isPartOf":{"@id":"https:\/\/www.em.com.br\/emfoco\/#website"},"primaryImageOfPage":{"@id":"https:\/\/www.em.com.br\/emfoco\/2025\/07\/23\/milhares-estao-perdendo-beneficios-por-um-erro-simples-no-cadastro-unico\/#primaryimage"},"image":{"@id":"https:\/\/www.em.com.br\/emfoco\/2025\/07\/23\/milhares-estao-perdendo-beneficios-por-um-erro-simples-no-cadastro-unico\/#primaryimage"},"thumbnailUrl":"https:\/\/www.em.com.br\/emfoco\/wp-content\/uploads\/2025\/06\/bolsa-familia_1748976702558.jpg","datePublished":"2025-07-23T19:38:00+00:00","dateModified":"2025-07-22T19:24:06+00:00","author":{"@id":"https:\/\/www.em.com.br\/emfoco\/#\/schema\/person\/649e610b4eb8fff87ff394e54fe17b2b"},"description":"Estar fora do Cadastro \u00danico pode te deixar sem nenhum benef\u00edcio social. Saiba como atualizar seus dados e proteger seus direitos.","breadcrumb":{"@id":"https:\/\/www.em.com.br\/emfoco\/2025\/07\/23\/milhares-estao-perdendo-beneficios-por-um-erro-simples-no-cadastro-unico\/#breadcrumb"},"inLanguage":"pt-BR","potentialAction":[{"@type":"ReadAction","target":["https:\/\/www.em.com.br\/emfoco\/2025\/07\/23\/milhares-estao-perdendo-beneficios-por-um-erro-simples-no-cadastro-unico\/"]}]},{"@type":"ImageObject","inLanguage":"pt-BR","@id":"https:\/\/www.em.com.br\/emfoco\/2025\/07\/23\/milhares-estao-perdendo-beneficios-por-um-erro-simples-no-cadastro-unico\/#primaryimage","url":"https:\/\/www.em.com.br\/emfoco\/wp-content\/uploads\/2025\/06\/bolsa-familia_1748976702558.jpg","contentUrl":"https:\/\/www.em.com.br\/emfoco\/wp-content\/uploads\/2025\/06\/bolsa-familia_1748976702558.jpg","width":1280,"height":720,"caption":"Bolsa Fam\u00edlia de dezembro pode passar de R$ 900 - Cr\u00e9ditos: depositphotos.com \/ Photografeus"},{"@type":"BreadcrumbList","@id":"https:\/\/www.em.com.br\/emfoco\/2025\/07\/23\/milhares-estao-perdendo-beneficios-por-um-erro-simples-no-cadastro-unico\/#breadcrumb","itemListElement":[{"@type":"ListItem","position":1,"name":"In\u00edcio","item":"https:\/\/www.em.com.br\/emfoco\/"},{"@type":"ListItem","position":2,"name":"Milhares est\u00e3o perdendo benef\u00edcios por um erro simples no Cadastro \u00danico"}]},{"@type":"WebSite","@id":"https:\/\/www.em.com.br\/emfoco\/#website","url":"https:\/\/www.em.com.br\/emfoco\/","name":"Estado de Minas - Em foco","description":"Acompanhe as \u00faltimas not\u00edcias e fique bem informado sobre tudo o que acontece em Minas Gerais, Brasil e no mundo.","potentialAction":[{"@type":"SearchAction","target":{"@type":"EntryPoint","urlTemplate":"https:\/\/www.em.com.br\/emfoco\/?s={search_term_string}"},"query-input":{"@type":"PropertyValueSpecification","valueRequired":true,"valueName":"search_term_string"}}],"inLanguage":"pt-BR"},{"@type":"Person","@id":"https:\/\/www.em.com.br\/emfoco\/#\/schema\/person\/649e610b4eb8fff87ff394e54fe17b2b","name":"Ingrid Diniz","image":{"@type":"ImageObject","inLanguage":"pt-BR","@id":"https:\/\/www.em.com.br\/emfoco\/#\/schema\/person\/image\/","url":"https:\/\/secure.gravatar.com\/avatar\/a3baa1449ec5c39b4c42babc9d4f3951?s=96&d=mm&r=g","contentUrl":"https:\/\/secure.gravatar.com\/avatar\/a3baa1449ec5c39b4c42babc9d4f3951?s=96&d=mm&r=g","caption":"Ingrid Diniz"},"sameAs":["https:\/\/www.em.com.br\/"],"url":"https:\/\/www.em.com.br\/emfoco\/author\/ingridmyth\/"}]}},"_links":{"self":[{"href":"https:\/\/www.em.com.br\/emfoco\/wp-json\/wp\/v2\/posts\/79968","targetHints":{"allow":["GET"]}}],"collection":[{"href":"https:\/\/www.em.com.br\/emfoco\/wp-json\/wp\/v2\/posts"}],"about":[{"href":"https:\/\/www.em.com.br\/emfoco\/wp-json\/wp\/v2\/types\/post"}],"author":[{"embeddable":true,"href":"https:\/\/www.em.com.br\/emfoco\/wp-json\/wp\/v2\/users\/20"}],"replies":[{"embeddable":true,"href":"https:\/\/www.em.com.br\/emfoco\/wp-json\/wp\/v2\/comments?post=79968"}],"version-history":[{"count":1,"href":"https:\/\/www.em.com.br\/emfoco\/wp-json\/wp\/v2\/posts\/79968\/revisions"}],"predecessor-version":[{"id":79989,"href":"https:\/\/www.em.com.br\/emfoco\/wp-json\/wp\/v2\/posts\/79968\/revisions\/79989"}],"wp:featuredmedia":[{"embeddable":true,"href":"https:\/\/www.em.com.br\/emfoco\/wp-json\/wp\/v2\/media\/54997"}],"wp:attachment":[{"href":"https:\/\/www.em.com.br\/emfoco\/wp-json\/wp\/v2\/media?parent=79968"}],"wp:term":[{"taxonomy":"category","embeddable":true,"href":"https:\/\/www.em.com.br\/emfoco\/wp-json\/wp\/v2\/categories?post=79968"},{"taxonomy":"post_tag","embeddable":true,"href":"https:\/\/www.em.com.br\/emfoco\/wp-json\/wp\/v2\/tags?post=79968"}],"curies":[{"name":"wp","href":"https:\/\/api.w.org\/{rel}","templated":true}]}}