{"id":79936,"date":"2025-07-23T10:58:00","date_gmt":"2025-07-23T13:58:00","guid":{"rendered":"https:\/\/www.em.com.br\/emfoco\/?p=79936"},"modified":"2025-07-22T15:39:14","modified_gmt":"2025-07-22T18:39:14","slug":"voce-esta-saindo-do-trabalho-saiba-como-o-aviso-previo-pode-mudar-sua-vida","status":"publish","type":"post","link":"https:\/\/www.em.com.br\/emfoco\/2025\/07\/23\/voce-esta-saindo-do-trabalho-saiba-como-o-aviso-previo-pode-mudar-sua-vida\/","title":{"rendered":"Voc\u00ea est\u00e1 saindo do trabalho? Saiba como o aviso pr\u00e9vio pode mudar sua vida"},"content":{"rendered":"\n<p>O <a href=\"https:\/\/www.planalto.gov.br\/ccivil_03\/_ato2011-2014\/2011\/lei\/l12506.htm\" target=\"_blank\" rel=\"noreferrer noopener\">aviso pr\u00e9vio<\/a> \u00e9 uma etapa significativa nas rela\u00e7\u00f5es de trabalho, servindo como um per\u00edodo de transi\u00e7\u00e3o para tanto empregadores quanto empregados. Durante esse tempo, todas as partes envolvidas t\u00eam a oportunidade de ajustar suas expectativas e planejar o futuro, seja para concluir contrata\u00e7\u00f5es, expedir substitui\u00e7\u00f5es ou mesmo ajustar acordos pessoais antes do t\u00e9rmino do contrato. Portanto, compreender os tipos de aviso pr\u00e9vio e suas regras \u00e9 crucial para garantir uma transi\u00e7\u00e3o suave.<\/p>\n\n\n\n<p>Existem particulares a serem consideradas em rela\u00e7\u00e3o ao aviso pr\u00e9vio, especialmente quando se trata dos direitos e deveres dos empregados e empregadores. Estes direitos podem variar dependendo de como o aviso \u00e9 dado ou recebido. Desta forma, o conhecimento sobre este processo n\u00e3o s\u00f3 promove conformidade legal, mas tamb\u00e9m facilita um ambiente de trabalho harmonioso e justo.<\/p>\n\n\n\n<h2 class=\"wp-block-heading\">O que \u00e9 o aviso pr\u00e9vio trabalhado?<\/h2>\n\n\n<div class=\"wp-block-image\">\n<figure class=\"aligncenter size-large\"><img loading=\"lazy\" decoding=\"async\" width=\"1024\" height=\"576\" src=\"https:\/\/www.em.com.br\/emfoco\/wp-content\/uploads\/2025\/06\/FGTS_1749151248851-1024x576.jpg\" alt=\"Registro em carteira protege sua renda e evita dores de cabe\u00e7a no futuro\" class=\"wp-image-56497\" srcset=\"https:\/\/www.em.com.br\/emfoco\/wp-content\/uploads\/2025\/06\/FGTS_1749151248851-1024x576.jpg 1024w, https:\/\/www.em.com.br\/emfoco\/wp-content\/uploads\/2025\/06\/FGTS_1749151248851-300x169.jpg 300w, https:\/\/www.em.com.br\/emfoco\/wp-content\/uploads\/2025\/06\/FGTS_1749151248851-768x432.jpg 768w, https:\/\/www.em.com.br\/emfoco\/wp-content\/uploads\/2025\/06\/FGTS_1749151248851-750x422.jpg 750w, https:\/\/www.em.com.br\/emfoco\/wp-content\/uploads\/2025\/06\/FGTS_1749151248851-1140x641.jpg 1140w, https:\/\/www.em.com.br\/emfoco\/wp-content\/uploads\/2025\/06\/FGTS_1749151248851.jpg 1280w\" sizes=\"auto, (max-width: 1024px) 100vw, 1024px\" \/><figcaption class=\"wp-element-caption\">Carteira de trabalho &#8211; Cr\u00e9ditos: depositphotos.com \/ moviafilmes<\/figcaption><\/figure><\/div>\n\n\n<p>O <strong><a href=\"https:\/\/www.em.com.br\/emfoco\/2025\/07\/12\/nova-regra-do-aviso-previo-garante-mais-dinheiro-na-rescisao\/\" target=\"_blank\" rel=\"noreferrer noopener\">aviso pr\u00e9vio trabalhado<\/a><\/strong> acontece quando a parte que deseja romper o contrato de trabalho exige que o trabalhador permane\u00e7a em suas fun\u00e7\u00f5es durante um per\u00edodo previamente determinado. Normalmente, este per\u00edodo \u00e9 de, no m\u00ednimo, 30 dias. Durante este tempo, o empregado deve comparecer ao trabalho e cumprir suas fun\u00e7\u00f5es, exceto se houver um acordo indicando o contr\u00e1rio.<\/p>\n\n\n\n<p>\u00c9 importante ressaltar que, nesse tipo de aviso, o empregado tem direito a uma redu\u00e7\u00e3o de duas horas di\u00e1rias na jornada de trabalho, ou pode optar por deixar as atividades sete dias antes do t\u00e9rmino do aviso. Este benef\u00edcio serve para que o trabalhador disponha de tempo para buscar uma nova posi\u00e7\u00e3o no mercado, minimizando impactos financeiros e promovendo uma transi\u00e7\u00e3o mais tranquila.<\/p>\n\n\n\n<h2 class=\"wp-block-heading\">Como funciona o aviso pr\u00e9vio indenizado?<\/h2>\n\n\n\n<p>O aviso pr\u00e9vio indenizado ocorre quando a parte que iniciou a ruptura do contrato deseja que o t\u00e9rmino seja imediato, sem cumprimento do per\u00edodo de aviso. Neste caso, a parte que dispensou o cumprimento do aviso deve indenizar a outra, pagando o valor correspondente a esse per\u00edodo.<\/p>\n\n\n\n<p>Este tipo de aviso pr\u00e9vio \u00e9 comum quando a demiss\u00e3o \u00e9 decidida pelo empregador e n\u00e3o h\u00e1 conveni\u00eancia ou necessidade para a manuten\u00e7\u00e3o do v\u00ednculo durante os <strong>30 dias<\/strong>. O empregador deve, ent\u00e3o, pagar ao trabalhador o valor correspondente ao aviso n\u00e3o cumprido, e o empregado est\u00e1 liberado imediatamente de suas responsabilidades contratuais, podendo se recolocar mais rapidamente no mercado.<\/p>\n\n\n\n<h2 class=\"wp-block-heading\">Quais s\u00e3o as regras gerais do aviso pr\u00e9vio?<\/h2>\n\n\n\n<p>Diversas regras regulam o cumprimento e a aplica\u00e7\u00e3o do aviso pr\u00e9vio, com a legisla\u00e7\u00e3o determinando que o per\u00edodo m\u00ednimo \u00e9 de <strong>30 dias<\/strong>, podendo ser estendido conforme tempo de servi\u00e7o. Esta extens\u00e3o \u00e9 acrescentada em tr\u00eas dias por ano de servi\u00e7os prestados, limitada a <strong>90 dias<\/strong>.<\/p>\n\n\n\n<p>Adicionalmente, \u00e9 fundamental que empregadores e empregados documentem a notifica\u00e7\u00e3o de aviso pr\u00e9vio por escrito, com informa\u00e7\u00f5es detalhadas sobre in\u00edcio, t\u00e9rmino e condi\u00e7\u00f5es do aviso. Al\u00e9m disso, categorias profissionais espec\u00edficas podem ter regras pr\u00f3prias em conven\u00e7\u00f5es coletivas, evidenciando a import\u00e2ncia de conhecer as normas aplic\u00e1veis ao caso.<\/p>\n\n\n\n<h2 class=\"wp-block-heading\">O aviso pr\u00e9vio pode ser dispensado?<\/h2>\n\n\n\n<p>Sim, o aviso pr\u00e9vio pode ser dispensado mediante acordo entre as partes envolvidas. Essa dispensa pode ser vantajosa tanto para o empregador quanto para o empregado, dependendo das circunst\u00e2ncias espec\u00edficas de cada caso. Contudo, em situa\u00e7\u00f5es normais, a dispensa n\u00e3o impede o pagamento das indeniza\u00e7\u00f5es devidas pela rescis\u00e3o contratual.<\/p>\n\n\n\n<p>Tanto em despedidas volunt\u00e1rias como involunt\u00e1rias, acordos sobre a dispensa do aviso pr\u00e9vio s\u00e3o v\u00e1lidos, desde que cumprida a legisla\u00e7\u00e3o vigente e registradas todas as condi\u00e7\u00f5es. Documentar estas decis\u00f5es \u00e9 essencial para evitar disputas e proporcionar seguran\u00e7a jur\u00eddica a todos os envolvidos.<\/p>\n\n\n\n<h2 class=\"wp-block-heading\">Quais as implica\u00e7\u00f5es do n\u00e3o cumprimento do aviso pr\u00e9vio?<\/h2>\n\n\n\n<p>O n\u00e3o cumprimento do aviso pr\u00e9vio pode gerar consequ\u00eancias para ambas as partes. Para o empregador, al\u00e9m das poss\u00edveis indeniza\u00e7\u00f5es, pode haver problemas na continuidade dos servi\u00e7os at\u00e9 a substitui\u00e7\u00e3o do empregado. Para o trabalhador, as implica\u00e7\u00f5es podem incluir a perda de benef\u00edcios ou direitos previstos, al\u00e9m da possibilidade de enfrentar dificuldades em futuras refer\u00eancias.<\/p>\n\n\n\n<p>Evitar o cumprimento ou a indeniza\u00e7\u00e3o do aviso pr\u00e9vio pode resultar em disputas trabalhistas, que frequentemente exigem a interven\u00e7\u00e3o da <strong>Justi\u00e7a<\/strong>. Por isso, \u00e9 essencial que empregadores e empregados conhe\u00e7am bem suas responsabilidades e obriga\u00e7\u00f5es nesse processo.<\/p>\n\n\n\n<h2 class=\"wp-block-heading\">Como otimizar o per\u00edodo de aviso pr\u00e9vio?<\/h2>\n\n\n\n<p>A boa gest\u00e3o do <strong>per\u00edodo de aviso pr\u00e9vio<\/strong> pode beneficiar empregadores e empregados. \u00c9 uma oportunidade para ambas as partes avaliarem processos, ajustarem estrat\u00e9gias e garantirem que a transi\u00e7\u00e3o seja realizada da forma mais suave poss\u00edvel. Um dos m\u00e9todos eficazes \u00e9 a realiza\u00e7\u00e3o de treinamentos de entrega de conhecimento para quem ficar\u00e1 respons\u00e1vel pelas fun\u00e7\u00f5es deixadas pelo empregado saindo.<\/p>\n\n\n\n<p>O planejamento pode incluir a programa\u00e7\u00e3o de f\u00e9rias remanescentes, defini\u00e7\u00e3o de prazos para entrega de projetos e di\u00e1logo constante para alinhar expectativas. Assim, a empresa reduz riscos e o trabalhador conclui seu ciclo profissional de maneira produtiva e respeitosa.<\/p>\n\n\n\n<h2 class=\"wp-block-heading\">Aspectos legais e pontos de aten\u00e7\u00e3o sobre o aviso pr\u00e9vio<\/h2>\n\n\n\n<p>Al\u00e9m das regras j\u00e1 citadas, existem detalhes legais importantes, como a necessidade de comprova\u00e7\u00e3o do recebimento do aviso pr\u00e9vio. Caso o empregado se recuse a assinar o documento, \u00e9 aconselh\u00e1vel que haja testemunhas para evitar questionamentos futuros.<\/p>\n\n\n\n<p>Outro ponto relevante diz respeito \u00e0 estabilidade provis\u00f3ria. Funcion\u00e1rias gestantes, membros da <strong><a href=\"https:\/\/www.gov.br\/trabalho-e-emprego\/pt-br\/acesso-a-informacao\/participacao-social\/conselhos-e-orgaos-colegiados\/comissao-tripartite-partitaria-permanente\/normas-regulamentadora\/normas-regulamentadoras-vigentes\/NR05atualizada2023.pdf\" target=\"_blank\" rel=\"noreferrer noopener\">CIPA <\/a><\/strong>e trabalhadores pr\u00f3ximos da aposentadoria possuem direitos espec\u00edficos quanto ao aviso pr\u00e9vio. Nesses casos, a rescis\u00e3o pode ser vedada ou condicionada a pagamento suplementar, sendo essencial aten\u00e7\u00e3o \u00e0s exce\u00e7\u00f5es legais que protegem o trabalhador.<\/p>\n","protected":false},"excerpt":{"rendered":"<p>O aviso pr\u00e9vio \u00e9 uma etapa significativa nas rela\u00e7\u00f5es de trabalho, servindo como um per\u00edodo de transi\u00e7\u00e3o para tanto empregadores quanto empregados. Durante esse tempo, todas as partes envolvidas t\u00eam a oportunidade de ajustar suas expectativas e planejar o futuro, seja para concluir contrata\u00e7\u00f5es, expedir substitui\u00e7\u00f5es ou mesmo ajustar acordos pessoais antes do t\u00e9rmino do [&hellip;]<\/p>\n","protected":false},"author":20,"featured_media":67040,"comment_status":"open","ping_status":"open","sticky":false,"template":"","format":"standard","meta":{"jnews-multi-image_gallery":[],"jnews_single_post":{"format":"standard"},"jnews_primary_category":[],"jnews_social_meta":[],"jnews_override_counter":[],"footnotes":""},"categories":[28,1],"tags":[9987,508],"class_list":["post-79936","post","type-post","status-publish","format-standard","has-post-thumbnail","hentry","category-economia","category-noticias","tag-aviso-previo","tag-trabalho"],"yoast_head":"<!-- This site is optimized with the Yoast SEO plugin v23.8 - https:\/\/yoast.com\/wordpress\/plugins\/seo\/ -->\n<title>Voc\u00ea est\u00e1 saindo do trabalho? Saiba como o aviso pr\u00e9vio pode mudar sua vida - Estado de Minas - Em foco<\/title>\n<meta name=\"description\" content=\"Entenda as regras do aviso pr\u00e9vio em 2025 e descubra como garantir todos os seus direitos na rescis\u00e3o do contrato de trabalho.\" \/>\n<meta name=\"robots\" content=\"index, follow, max-snippet:-1, max-image-preview:large, max-video-preview:-1\" \/>\n<link rel=\"canonical\" href=\"https:\/\/www.em.com.br\/emfoco\/2025\/07\/23\/voce-esta-saindo-do-trabalho-saiba-como-o-aviso-previo-pode-mudar-sua-vida\/\" \/>\n<meta property=\"og:locale\" content=\"pt_BR\" \/>\n<meta property=\"og:type\" content=\"article\" \/>\n<meta property=\"og:title\" content=\"Voc\u00ea est\u00e1 saindo do trabalho? Saiba como o aviso pr\u00e9vio pode mudar sua vida - Estado de Minas - Em foco\" \/>\n<meta property=\"og:description\" content=\"Entenda as regras do aviso pr\u00e9vio em 2025 e descubra como garantir todos os seus direitos na rescis\u00e3o do contrato de trabalho.\" \/>\n<meta property=\"og:url\" content=\"https:\/\/www.em.com.br\/emfoco\/2025\/07\/23\/voce-esta-saindo-do-trabalho-saiba-como-o-aviso-previo-pode-mudar-sua-vida\/\" \/>\n<meta property=\"og:site_name\" content=\"Estado de Minas - Em foco\" \/>\n<meta property=\"article:published_time\" content=\"2025-07-23T13:58:00+00:00\" \/>\n<meta property=\"article:modified_time\" content=\"2025-07-22T18:39:14+00:00\" \/>\n<meta property=\"og:image\" content=\"https:\/\/www.em.com.br\/emfoco\/wp-content\/uploads\/2025\/06\/beneficio-brasil_1750889224114.jpg\" \/>\n\t<meta property=\"og:image:width\" content=\"1280\" \/>\n\t<meta property=\"og:image:height\" content=\"720\" \/>\n\t<meta property=\"og:image:type\" content=\"image\/jpeg\" \/>\n<meta name=\"author\" content=\"Ingrid Diniz\" \/>\n<meta name=\"twitter:card\" content=\"summary_large_image\" \/>\n<meta name=\"twitter:label1\" content=\"Escrito por\" \/>\n\t<meta name=\"twitter:data1\" content=\"Ingrid Diniz\" \/>\n\t<meta name=\"twitter:label2\" content=\"Est. tempo de leitura\" \/>\n\t<meta name=\"twitter:data2\" content=\"6 minutos\" \/>\n<!-- \/ Yoast SEO plugin. -->","yoast_head_json":{"title":"Voc\u00ea est\u00e1 saindo do trabalho? Saiba como o aviso pr\u00e9vio pode mudar sua vida - Estado de Minas - Em foco","description":"Entenda as regras do aviso pr\u00e9vio em 2025 e descubra como garantir todos os seus direitos na rescis\u00e3o do contrato de trabalho.","robots":{"index":"index","follow":"follow","max-snippet":"max-snippet:-1","max-image-preview":"max-image-preview:large","max-video-preview":"max-video-preview:-1"},"canonical":"https:\/\/www.em.com.br\/emfoco\/2025\/07\/23\/voce-esta-saindo-do-trabalho-saiba-como-o-aviso-previo-pode-mudar-sua-vida\/","og_locale":"pt_BR","og_type":"article","og_title":"Voc\u00ea est\u00e1 saindo do trabalho? Saiba como o aviso pr\u00e9vio pode mudar sua vida - Estado de Minas - Em foco","og_description":"Entenda as regras do aviso pr\u00e9vio em 2025 e descubra como garantir todos os seus direitos na rescis\u00e3o do contrato de trabalho.","og_url":"https:\/\/www.em.com.br\/emfoco\/2025\/07\/23\/voce-esta-saindo-do-trabalho-saiba-como-o-aviso-previo-pode-mudar-sua-vida\/","og_site_name":"Estado de Minas - Em foco","article_published_time":"2025-07-23T13:58:00+00:00","article_modified_time":"2025-07-22T18:39:14+00:00","og_image":[{"width":1280,"height":720,"url":"https:\/\/www.em.com.br\/emfoco\/wp-content\/uploads\/2025\/06\/beneficio-brasil_1750889224114.jpg","type":"image\/jpeg"}],"author":"Ingrid Diniz","twitter_card":"summary_large_image","twitter_misc":{"Escrito por":"Ingrid Diniz","Est. tempo de leitura":"6 minutos"},"schema":{"@context":"https:\/\/schema.org","@graph":[{"@type":"WebPage","@id":"https:\/\/www.em.com.br\/emfoco\/2025\/07\/23\/voce-esta-saindo-do-trabalho-saiba-como-o-aviso-previo-pode-mudar-sua-vida\/","url":"https:\/\/www.em.com.br\/emfoco\/2025\/07\/23\/voce-esta-saindo-do-trabalho-saiba-como-o-aviso-previo-pode-mudar-sua-vida\/","name":"Voc\u00ea est\u00e1 saindo do trabalho? Saiba como o aviso pr\u00e9vio pode mudar sua vida - Estado de Minas - Em foco","isPartOf":{"@id":"https:\/\/www.em.com.br\/emfoco\/#website"},"primaryImageOfPage":{"@id":"https:\/\/www.em.com.br\/emfoco\/2025\/07\/23\/voce-esta-saindo-do-trabalho-saiba-como-o-aviso-previo-pode-mudar-sua-vida\/#primaryimage"},"image":{"@id":"https:\/\/www.em.com.br\/emfoco\/2025\/07\/23\/voce-esta-saindo-do-trabalho-saiba-como-o-aviso-previo-pode-mudar-sua-vida\/#primaryimage"},"thumbnailUrl":"https:\/\/www.em.com.br\/emfoco\/wp-content\/uploads\/2025\/06\/beneficio-brasil_1750889224114.jpg","datePublished":"2025-07-23T13:58:00+00:00","dateModified":"2025-07-22T18:39:14+00:00","author":{"@id":"https:\/\/www.em.com.br\/emfoco\/#\/schema\/person\/649e610b4eb8fff87ff394e54fe17b2b"},"description":"Entenda as regras do aviso pr\u00e9vio em 2025 e descubra como garantir todos os seus direitos na rescis\u00e3o do contrato de trabalho.","breadcrumb":{"@id":"https:\/\/www.em.com.br\/emfoco\/2025\/07\/23\/voce-esta-saindo-do-trabalho-saiba-como-o-aviso-previo-pode-mudar-sua-vida\/#breadcrumb"},"inLanguage":"pt-BR","potentialAction":[{"@type":"ReadAction","target":["https:\/\/www.em.com.br\/emfoco\/2025\/07\/23\/voce-esta-saindo-do-trabalho-saiba-como-o-aviso-previo-pode-mudar-sua-vida\/"]}]},{"@type":"ImageObject","inLanguage":"pt-BR","@id":"https:\/\/www.em.com.br\/emfoco\/2025\/07\/23\/voce-esta-saindo-do-trabalho-saiba-como-o-aviso-previo-pode-mudar-sua-vida\/#primaryimage","url":"https:\/\/www.em.com.br\/emfoco\/wp-content\/uploads\/2025\/06\/beneficio-brasil_1750889224114.jpg","contentUrl":"https:\/\/www.em.com.br\/emfoco\/wp-content\/uploads\/2025\/06\/beneficio-brasil_1750889224114.jpg","width":1280,"height":720,"caption":"Defini\u00e7\u00e3o do sal\u00e1rio m\u00ednimo 2026 e crit\u00e9rios do c\u00e1lculo - Cr\u00e9ditos: depositphotos.com \/ gustavomello162.hotmail.com"},{"@type":"BreadcrumbList","@id":"https:\/\/www.em.com.br\/emfoco\/2025\/07\/23\/voce-esta-saindo-do-trabalho-saiba-como-o-aviso-previo-pode-mudar-sua-vida\/#breadcrumb","itemListElement":[{"@type":"ListItem","position":1,"name":"In\u00edcio","item":"https:\/\/www.em.com.br\/emfoco\/"},{"@type":"ListItem","position":2,"name":"Voc\u00ea est\u00e1 saindo do trabalho? Saiba como o aviso pr\u00e9vio pode mudar sua vida"}]},{"@type":"WebSite","@id":"https:\/\/www.em.com.br\/emfoco\/#website","url":"https:\/\/www.em.com.br\/emfoco\/","name":"Estado de Minas - Em foco","description":"Acompanhe as \u00faltimas not\u00edcias e fique bem informado sobre tudo o que acontece em Minas Gerais, Brasil e no mundo.","potentialAction":[{"@type":"SearchAction","target":{"@type":"EntryPoint","urlTemplate":"https:\/\/www.em.com.br\/emfoco\/?s={search_term_string}"},"query-input":{"@type":"PropertyValueSpecification","valueRequired":true,"valueName":"search_term_string"}}],"inLanguage":"pt-BR"},{"@type":"Person","@id":"https:\/\/www.em.com.br\/emfoco\/#\/schema\/person\/649e610b4eb8fff87ff394e54fe17b2b","name":"Ingrid Diniz","image":{"@type":"ImageObject","inLanguage":"pt-BR","@id":"https:\/\/www.em.com.br\/emfoco\/#\/schema\/person\/image\/","url":"https:\/\/secure.gravatar.com\/avatar\/a3baa1449ec5c39b4c42babc9d4f3951?s=96&d=mm&r=g","contentUrl":"https:\/\/secure.gravatar.com\/avatar\/a3baa1449ec5c39b4c42babc9d4f3951?s=96&d=mm&r=g","caption":"Ingrid Diniz"},"sameAs":["https:\/\/www.em.com.br\/"],"url":"https:\/\/www.em.com.br\/emfoco\/author\/ingridmyth\/"}]}},"_links":{"self":[{"href":"https:\/\/www.em.com.br\/emfoco\/wp-json\/wp\/v2\/posts\/79936","targetHints":{"allow":["GET"]}}],"collection":[{"href":"https:\/\/www.em.com.br\/emfoco\/wp-json\/wp\/v2\/posts"}],"about":[{"href":"https:\/\/www.em.com.br\/emfoco\/wp-json\/wp\/v2\/types\/post"}],"author":[{"embeddable":true,"href":"https:\/\/www.em.com.br\/emfoco\/wp-json\/wp\/v2\/users\/20"}],"replies":[{"embeddable":true,"href":"https:\/\/www.em.com.br\/emfoco\/wp-json\/wp\/v2\/comments?post=79936"}],"version-history":[{"count":1,"href":"https:\/\/www.em.com.br\/emfoco\/wp-json\/wp\/v2\/posts\/79936\/revisions"}],"predecessor-version":[{"id":79965,"href":"https:\/\/www.em.com.br\/emfoco\/wp-json\/wp\/v2\/posts\/79936\/revisions\/79965"}],"wp:featuredmedia":[{"embeddable":true,"href":"https:\/\/www.em.com.br\/emfoco\/wp-json\/wp\/v2\/media\/67040"}],"wp:attachment":[{"href":"https:\/\/www.em.com.br\/emfoco\/wp-json\/wp\/v2\/media?parent=79936"}],"wp:term":[{"taxonomy":"category","embeddable":true,"href":"https:\/\/www.em.com.br\/emfoco\/wp-json\/wp\/v2\/categories?post=79936"},{"taxonomy":"post_tag","embeddable":true,"href":"https:\/\/www.em.com.br\/emfoco\/wp-json\/wp\/v2\/tags?post=79936"}],"curies":[{"name":"wp","href":"https:\/\/api.w.org\/{rel}","templated":true}]}}