{"id":79934,"date":"2025-07-23T08:18:00","date_gmt":"2025-07-23T11:18:00","guid":{"rendered":"https:\/\/www.em.com.br\/emfoco\/?p=79934"},"modified":"2025-07-22T15:21:54","modified_gmt":"2025-07-22T18:21:54","slug":"aposentados-ja-podem-comemorar-datas-de-pagamento-confirmadas-pelo-inss","status":"publish","type":"post","link":"https:\/\/www.em.com.br\/emfoco\/2025\/07\/23\/aposentados-ja-podem-comemorar-datas-de-pagamento-confirmadas-pelo-inss\/","title":{"rendered":"Aposentados j\u00e1 podem comemorar datas de pagamento confirmadas pelo INSS"},"content":{"rendered":"\n<p>O sistema previdenci\u00e1rio brasileiro desempenha um papel crucial na garantia de seguran\u00e7a financeira para milh\u00f5es de segurados. O calend\u00e1rio de pagamento dos benef\u00edcios do <strong>INSS <\/strong>\u00e9 um dos aspectos mais importantes para seus benefici\u00e1rios, pois assegura que os recursos ser\u00e3o distribu\u00eddos de maneira organizada e previs\u00edvel. Para 2025, os aposentados e pensionistas que recebem at\u00e9 um sal\u00e1rio m\u00ednimo precisam estar atentos \u00e0s datas de pagamento reveladas pelo instituto.<\/p>\n\n\n\n<p>As datas de pagamento variam conforme o \u00faltimo n\u00famero do benef\u00edcio, desconsiderando o d\u00edgito verificador. Dessa forma, cada benefici\u00e1rio deve verificar esse n\u00famero para saber a data exata em que ter\u00e1 acesso ao seu pagamento. Al\u00e9m disso, essas informa\u00e7\u00f5es est\u00e3o sempre acess\u00edveis no portal ou no aplicativo <strong><a href=\"https:\/\/www.em.com.br\/emfoco\/2025\/07\/20\/inss-confirma-pagamento-corrigido-para-mais-de-582-mil-beneficiarios\/\" target=\"_blank\" rel=\"noreferrer noopener\">Meu INSS<\/a><\/strong>, que s\u00e3o ferramentas indispens\u00e1veis para quem depende desses recursos.<\/p>\n\n\n\n<h2 class=\"wp-block-heading\">Como consultar o calend\u00e1rio de pagamento pelo Meu INSS?<\/h2>\n\n\n<div class=\"wp-block-image\">\n<figure class=\"aligncenter size-large\"><img loading=\"lazy\" decoding=\"async\" width=\"1024\" height=\"576\" src=\"https:\/\/www.em.com.br\/emfoco\/wp-content\/uploads\/2025\/06\/inss_1748997236579-1024x576.jpg\" alt=\"INSS faz an\u00fancio importante e pagamentos de julho surpreendem benefici\u00e1rios\" class=\"wp-image-55206\" srcset=\"https:\/\/www.em.com.br\/emfoco\/wp-content\/uploads\/2025\/06\/inss_1748997236579-1024x576.jpg 1024w, https:\/\/www.em.com.br\/emfoco\/wp-content\/uploads\/2025\/06\/inss_1748997236579-300x169.jpg 300w, https:\/\/www.em.com.br\/emfoco\/wp-content\/uploads\/2025\/06\/inss_1748997236579-768x432.jpg 768w, https:\/\/www.em.com.br\/emfoco\/wp-content\/uploads\/2025\/06\/inss_1748997236579-750x422.jpg 750w, https:\/\/www.em.com.br\/emfoco\/wp-content\/uploads\/2025\/06\/inss_1748997236579-1140x641.jpg 1140w, https:\/\/www.em.com.br\/emfoco\/wp-content\/uploads\/2025\/06\/inss_1748997236579.jpg 1280w\" sizes=\"auto, (max-width: 1024px) 100vw, 1024px\" \/><figcaption class=\"wp-element-caption\">Aplicativo do INSS aberto em celular com dinheiro ao fundo &#8211; Cr\u00e9ditos: depositphotos.com \/ rafapress<\/figcaption><\/figure><\/div>\n\n\n<p>O aplicativo e o portal <strong>Meu INSS<\/strong> s\u00e3o plataformas essenciais para aqueles que desejam ter acesso r\u00e1pido e eficiente a informa\u00e7\u00f5es sobre seus benef\u00edcios. Para verificar o calend\u00e1rio de pagamento, \u00e9 necess\u00e1rio realizar o login utilizando o <strong>CPF <\/strong>e a senha associada \u00e0 conta <strong>Gov.br<\/strong>. Dentro da plataforma, v\u00e1rias op\u00e7\u00f5es est\u00e3o dispon\u00edveis, incluindo a possibilidade de consultar cronogramas, extratos, atualizar dados pessoais e muito mais, facilitando o dia a dia dos segurados.<\/p>\n\n\n\n<p>Outra facilidade do <strong>Meu INSS<\/strong> \u00e9 o envio de notifica\u00e7\u00f5es no celular ou navegador, lembrando o usu\u00e1rio sobre a proximidade do pagamento ou atualiza\u00e7\u00e3o de informa\u00e7\u00f5es relevantes. Dessa forma, quem utiliza o aplicativo tem maior controle sobre os prazos, evitando imprevistos e garantindo a organiza\u00e7\u00e3o financeira mensal.<\/p>\n\n\n\n<h2 class=\"wp-block-heading\">Quais s\u00e3o as datas espec\u00edficas para 2025?<\/h2>\n\n\n\n<p>O cronograma de pagamento dos benef\u00edcios do <strong>INSS <\/strong>em 2025 j\u00e1 est\u00e1 dispon\u00edvel. Para benef\u00edcios de at\u00e9 um sal\u00e1rio m\u00ednimo, as datas de pagamento s\u00e3o distribu\u00eddas ao longo de julho e agosto. Para n\u00fameros finais de 1 a 5, os pagamentos ocorrer\u00e3o do final de julho ao in\u00edcio de agosto. J\u00e1 para n\u00fameros finais de 6 a 0, os pagamentos ser\u00e3o feitos entre o come\u00e7o e o in\u00edcio de agosto. Da mesma forma, os benef\u00edcios que ultrapassam o valor de um sal\u00e1rio m\u00ednimo seguem um calend\u00e1rio pr\u00f3prio, agrupando finais em dias determinados no in\u00edcio de agosto.<\/p>\n\n\n\n<p>\u00c9 importante ressaltar que o calend\u00e1rio pode ser diferente para benef\u00edcios concedidos recentemente ou em revis\u00e3o, sendo fundamental que o segurado acompanhe frequentemente as atualiza\u00e7\u00f5es oferecidas pelo <strong>INSS<\/strong>. Mudan\u00e7as excepcionais podem ocorrer devido a feriados nacionais ou situa\u00e7\u00f5es emergenciais, e a consulta regular evita surpresas desagrad\u00e1veis.<\/p>\n\n\n\n<h2 class=\"wp-block-heading\">Quem tem direito aos benef\u00edcios do INSS?<\/h2>\n\n\n\n<p>Os benef\u00edcios do <strong>INSS <\/strong>abrangem uma grande variedade de segurados, incluindo aposentados, pensionistas, pessoas em licen\u00e7a por invalidez, aux\u00edlio-doen\u00e7a e sal\u00e1rio-maternidade. Para cada tipo de benef\u00edcio, existem exig\u00eancias espec\u00edficas, mas a maioria requer contribui\u00e7\u00f5es comprovadas ao longo do tempo para o sistema previdenci\u00e1rio.<\/p>\n\n\n\n<p>Contribuintes individuais, trabalhadores formais e at\u00e9 mesmo trabalhadores rurais podem ter direito a receber algum tipo de benef\u00edcio, dependendo da situa\u00e7\u00e3o. Por isso, \u00e9 fundamental manter os dados atualizados e consultar regularmente o <strong><a href=\"https:\/\/meu.inss.gov.br\/\" target=\"_blank\" rel=\"noreferrer noopener\">Meu INSS<\/a><\/strong> para evitar interrup\u00e7\u00f5es ou atrasos nos pagamentos.<\/p>\n\n\n\n<h2 class=\"wp-block-heading\">Como atualizar dados cadastrais no Meu INSS?<\/h2>\n\n\n\n<p>Manter as informa\u00e7\u00f5es pessoais e cadastrais atualizadas \u00e9 fundamental para evitar problemas em processos e recebimentos do <strong>INSS<\/strong>. No <strong>Meu INSS<\/strong>, o usu\u00e1rio pode atualizar endere\u00e7o, telefone, e-mail e verificar se h\u00e1 pend\u00eancias documentais diretamente pela plataforma, garantindo maior agilidade em caso de mudan\u00e7as.<\/p>\n\n\n\n<p>A atualiza\u00e7\u00e3o constante reduz o risco de bloqueio de pagamentos e garante que todas as comunica\u00e7\u00f5es do <strong>INSS <\/strong>cheguem corretamente at\u00e9 o benefici\u00e1rio, especialmente em momentos de convoca\u00e7\u00e3o para provas de vida ou revis\u00f5es de benef\u00edcio.<\/p>\n\n\n\n<h2 class=\"wp-block-heading\">D\u00favidas? Saiba como obter assist\u00eancia<\/h2>\n\n\n\n<p>Caso ocorram d\u00favidas acerca do calend\u00e1rio ou de outros servi\u00e7os relacionados, a <strong>Central de Atendimento 135<\/strong> \u00e9 o canal adequado. Oferecendo um servi\u00e7o automatizado todos os dias e atendimento com suporte humano em hor\u00e1rio comercial, \u00e9 um recurso \u00fatil para a resolu\u00e7\u00e3o de problemas. Essa estrutura de apoio \u00e9 projetada para proporcionar assist\u00eancia e facilitar a navega\u00e7\u00e3o dos benefici\u00e1rios por todo o sistema previdenci\u00e1rio.<\/p>\n\n\n\n<p>Al\u00e9m do telefone 135, o <strong>Meu INSS<\/strong> oferece uma se\u00e7\u00e3o de perguntas frequentes e chat virtual, que pode sanar d\u00favidas de forma \u00e1gil. Utilizar essas ferramentas agiliza o dia a dia do segurado e evita deslocamentos desnecess\u00e1rios \u00e0s ag\u00eancias.<\/p>\n\n\n\n<h2 class=\"wp-block-heading\">Quais outros servi\u00e7os est\u00e3o dispon\u00edveis no Meu INSS?<\/h2>\n\n\n\n<p>A plataforma <strong>Meu INSS<\/strong> n\u00e3o apenas permite a consulta do calend\u00e1rio de pagamentos, mas tamb\u00e9m oferece uma s\u00e9rie de outros servi\u00e7os \u00fateis. Entre eles est\u00e3o a atualiza\u00e7\u00e3o de dados pessoais, a consulta de extratos de pagamentos e a busca por outros servi\u00e7os com a ajuda da ferramenta de pesquisa. Ao centralizar essas funcionalidades em um \u00fanico local, o <strong>INSS <\/strong>garante uma experi\u00eancia mais simplificada e direta para seus usu\u00e1rios, tornando a gest\u00e3o dos benef\u00edcios mais eficiente.<\/p>\n\n\n\n<p>Outros recursos incluem o agendamento de per\u00edcias m\u00e9dicas, solicita\u00e7\u00f5es de aposentadoria, requerimento de pens\u00e3o por morte e simula\u00e7\u00f5es de tempo de contribui\u00e7\u00e3o. Isso traz maior praticidade, evita filas e permite que muitos processos sejam feitos sem sair de casa, promovendo comodidade e agilidade.<\/p>\n\n\n\n<h2 class=\"wp-block-heading\">A import\u00e2ncia de acompanhar o calend\u00e1rio do INSS<\/h2>\n\n\n\n<p>Portanto, manter-se atualizado com o calend\u00e1rio do <strong>INSS <\/strong>e as funcionalidades oferecidas pelo portal e aplicativo s\u00e3o passos essenciais para uma boa administra\u00e7\u00e3o dos recursos recebidos. Em caso de qualquer d\u00favida, o suporte est\u00e1 ao dispor para resolver quest\u00f5es e assegurar que os aposentados e pensionistas recebam seus pagamentos em tempo h\u00e1bil e sem contratempos.<\/p>\n\n\n\n<p>Uma gest\u00e3o financeira organizada, baseada nesses prazos, garante maior tranquilidade aos benefici\u00e1rios e permite um melhor planejamento mensal, especialmente para quem depende exclusivamente dos valores pagos pelo <strong>INSS<\/strong>. Assim, utilizar todas as ferramentas dispon\u00edveis \u00e9 fundamental para aproveitar ao m\u00e1ximo os benef\u00edcios do sistema previdenci\u00e1rio.<\/p>\n","protected":false},"excerpt":{"rendered":"<p>O sistema previdenci\u00e1rio brasileiro desempenha um papel crucial na garantia de seguran\u00e7a financeira para milh\u00f5es de segurados. O calend\u00e1rio de pagamento dos benef\u00edcios do INSS \u00e9 um dos aspectos mais importantes para seus benefici\u00e1rios, pois assegura que os recursos ser\u00e3o distribu\u00eddos de maneira organizada e previs\u00edvel. Para 2025, os aposentados e pensionistas que recebem at\u00e9 [&hellip;]<\/p>\n","protected":false},"author":20,"featured_media":59641,"comment_status":"open","ping_status":"open","sticky":false,"template":"","format":"standard","meta":{"jnews-multi-image_gallery":[],"jnews_single_post":{"format":"standard"},"jnews_primary_category":[],"jnews_social_meta":[],"jnews_override_counter":[],"footnotes":""},"categories":[28,1],"tags":[259,174,300],"class_list":["post-79934","post","type-post","status-publish","format-standard","has-post-thumbnail","hentry","category-economia","category-noticias","tag-beneficio","tag-inss","tag-pagamento"],"yoast_head":"<!-- This site is optimized with the Yoast SEO plugin v23.8 - https:\/\/yoast.com\/wordpress\/plugins\/seo\/ -->\n<title>Aposentados j\u00e1 podem comemorar datas de pagamento confirmadas pelo INSS - Estado de Minas - Em foco<\/title>\n<meta name=\"description\" content=\"Veja o cronograma de pagamentos do INSS para aposentados e pensionistas em 2025. Entenda como acompanhar as datas e evitar atrasos.\" \/>\n<meta name=\"robots\" content=\"index, follow, max-snippet:-1, max-image-preview:large, max-video-preview:-1\" \/>\n<link rel=\"canonical\" href=\"https:\/\/www.em.com.br\/emfoco\/2025\/07\/23\/aposentados-ja-podem-comemorar-datas-de-pagamento-confirmadas-pelo-inss\/\" \/>\n<meta property=\"og:locale\" content=\"pt_BR\" \/>\n<meta property=\"og:type\" content=\"article\" \/>\n<meta property=\"og:title\" content=\"Aposentados j\u00e1 podem comemorar datas de pagamento confirmadas pelo INSS - Estado de Minas - Em foco\" \/>\n<meta property=\"og:description\" content=\"Veja o cronograma de pagamentos do INSS para aposentados e pensionistas em 2025. Entenda como acompanhar as datas e evitar atrasos.\" \/>\n<meta property=\"og:url\" content=\"https:\/\/www.em.com.br\/emfoco\/2025\/07\/23\/aposentados-ja-podem-comemorar-datas-de-pagamento-confirmadas-pelo-inss\/\" \/>\n<meta property=\"og:site_name\" content=\"Estado de Minas - Em foco\" \/>\n<meta property=\"article:published_time\" content=\"2025-07-23T11:18:00+00:00\" \/>\n<meta property=\"article:modified_time\" content=\"2025-07-22T18:21:54+00:00\" \/>\n<meta property=\"og:image\" content=\"https:\/\/www.em.com.br\/emfoco\/wp-content\/uploads\/2025\/06\/aposentadoria-rural_1749745246773.jpg\" \/>\n\t<meta property=\"og:image:width\" content=\"1280\" \/>\n\t<meta property=\"og:image:height\" content=\"720\" \/>\n\t<meta property=\"og:image:type\" content=\"image\/jpeg\" \/>\n<meta name=\"author\" content=\"Ingrid Diniz\" \/>\n<meta name=\"twitter:card\" content=\"summary_large_image\" \/>\n<meta name=\"twitter:label1\" content=\"Escrito por\" \/>\n\t<meta name=\"twitter:data1\" content=\"Ingrid Diniz\" \/>\n\t<meta name=\"twitter:label2\" content=\"Est. tempo de leitura\" \/>\n\t<meta name=\"twitter:data2\" content=\"6 minutos\" \/>\n<!-- \/ Yoast SEO plugin. -->","yoast_head_json":{"title":"Aposentados j\u00e1 podem comemorar datas de pagamento confirmadas pelo INSS - Estado de Minas - Em foco","description":"Veja o cronograma de pagamentos do INSS para aposentados e pensionistas em 2025. Entenda como acompanhar as datas e evitar atrasos.","robots":{"index":"index","follow":"follow","max-snippet":"max-snippet:-1","max-image-preview":"max-image-preview:large","max-video-preview":"max-video-preview:-1"},"canonical":"https:\/\/www.em.com.br\/emfoco\/2025\/07\/23\/aposentados-ja-podem-comemorar-datas-de-pagamento-confirmadas-pelo-inss\/","og_locale":"pt_BR","og_type":"article","og_title":"Aposentados j\u00e1 podem comemorar datas de pagamento confirmadas pelo INSS - Estado de Minas - Em foco","og_description":"Veja o cronograma de pagamentos do INSS para aposentados e pensionistas em 2025. Entenda como acompanhar as datas e evitar atrasos.","og_url":"https:\/\/www.em.com.br\/emfoco\/2025\/07\/23\/aposentados-ja-podem-comemorar-datas-de-pagamento-confirmadas-pelo-inss\/","og_site_name":"Estado de Minas - Em foco","article_published_time":"2025-07-23T11:18:00+00:00","article_modified_time":"2025-07-22T18:21:54+00:00","og_image":[{"width":1280,"height":720,"url":"https:\/\/www.em.com.br\/emfoco\/wp-content\/uploads\/2025\/06\/aposentadoria-rural_1749745246773.jpg","type":"image\/jpeg"}],"author":"Ingrid Diniz","twitter_card":"summary_large_image","twitter_misc":{"Escrito por":"Ingrid Diniz","Est. tempo de leitura":"6 minutos"},"schema":{"@context":"https:\/\/schema.org","@graph":[{"@type":"WebPage","@id":"https:\/\/www.em.com.br\/emfoco\/2025\/07\/23\/aposentados-ja-podem-comemorar-datas-de-pagamento-confirmadas-pelo-inss\/","url":"https:\/\/www.em.com.br\/emfoco\/2025\/07\/23\/aposentados-ja-podem-comemorar-datas-de-pagamento-confirmadas-pelo-inss\/","name":"Aposentados j\u00e1 podem comemorar datas de pagamento confirmadas pelo INSS - Estado de Minas - Em foco","isPartOf":{"@id":"https:\/\/www.em.com.br\/emfoco\/#website"},"primaryImageOfPage":{"@id":"https:\/\/www.em.com.br\/emfoco\/2025\/07\/23\/aposentados-ja-podem-comemorar-datas-de-pagamento-confirmadas-pelo-inss\/#primaryimage"},"image":{"@id":"https:\/\/www.em.com.br\/emfoco\/2025\/07\/23\/aposentados-ja-podem-comemorar-datas-de-pagamento-confirmadas-pelo-inss\/#primaryimage"},"thumbnailUrl":"https:\/\/www.em.com.br\/emfoco\/wp-content\/uploads\/2025\/06\/aposentadoria-rural_1749745246773.jpg","datePublished":"2025-07-23T11:18:00+00:00","dateModified":"2025-07-22T18:21:54+00:00","author":{"@id":"https:\/\/www.em.com.br\/emfoco\/#\/schema\/person\/649e610b4eb8fff87ff394e54fe17b2b"},"description":"Veja o cronograma de pagamentos do INSS para aposentados e pensionistas em 2025. Entenda como acompanhar as datas e evitar atrasos.","breadcrumb":{"@id":"https:\/\/www.em.com.br\/emfoco\/2025\/07\/23\/aposentados-ja-podem-comemorar-datas-de-pagamento-confirmadas-pelo-inss\/#breadcrumb"},"inLanguage":"pt-BR","potentialAction":[{"@type":"ReadAction","target":["https:\/\/www.em.com.br\/emfoco\/2025\/07\/23\/aposentados-ja-podem-comemorar-datas-de-pagamento-confirmadas-pelo-inss\/"]}]},{"@type":"ImageObject","inLanguage":"pt-BR","@id":"https:\/\/www.em.com.br\/emfoco\/2025\/07\/23\/aposentados-ja-podem-comemorar-datas-de-pagamento-confirmadas-pelo-inss\/#primaryimage","url":"https:\/\/www.em.com.br\/emfoco\/wp-content\/uploads\/2025\/06\/aposentadoria-rural_1749745246773.jpg","contentUrl":"https:\/\/www.em.com.br\/emfoco\/wp-content\/uploads\/2025\/06\/aposentadoria-rural_1749745246773.jpg","width":1280,"height":720,"caption":"Casal idosos em campos verdes - Cr\u00e9ditos: depositphotos.com \/ pressmaster"},{"@type":"BreadcrumbList","@id":"https:\/\/www.em.com.br\/emfoco\/2025\/07\/23\/aposentados-ja-podem-comemorar-datas-de-pagamento-confirmadas-pelo-inss\/#breadcrumb","itemListElement":[{"@type":"ListItem","position":1,"name":"In\u00edcio","item":"https:\/\/www.em.com.br\/emfoco\/"},{"@type":"ListItem","position":2,"name":"Aposentados j\u00e1 podem comemorar datas de pagamento confirmadas pelo INSS"}]},{"@type":"WebSite","@id":"https:\/\/www.em.com.br\/emfoco\/#website","url":"https:\/\/www.em.com.br\/emfoco\/","name":"Estado de Minas - Em foco","description":"Acompanhe as \u00faltimas not\u00edcias e fique bem informado sobre tudo o que acontece em Minas Gerais, Brasil e no mundo.","potentialAction":[{"@type":"SearchAction","target":{"@type":"EntryPoint","urlTemplate":"https:\/\/www.em.com.br\/emfoco\/?s={search_term_string}"},"query-input":{"@type":"PropertyValueSpecification","valueRequired":true,"valueName":"search_term_string"}}],"inLanguage":"pt-BR"},{"@type":"Person","@id":"https:\/\/www.em.com.br\/emfoco\/#\/schema\/person\/649e610b4eb8fff87ff394e54fe17b2b","name":"Ingrid Diniz","image":{"@type":"ImageObject","inLanguage":"pt-BR","@id":"https:\/\/www.em.com.br\/emfoco\/#\/schema\/person\/image\/","url":"https:\/\/secure.gravatar.com\/avatar\/a3baa1449ec5c39b4c42babc9d4f3951?s=96&d=mm&r=g","contentUrl":"https:\/\/secure.gravatar.com\/avatar\/a3baa1449ec5c39b4c42babc9d4f3951?s=96&d=mm&r=g","caption":"Ingrid Diniz"},"sameAs":["https:\/\/www.em.com.br\/"],"url":"https:\/\/www.em.com.br\/emfoco\/author\/ingridmyth\/"}]}},"_links":{"self":[{"href":"https:\/\/www.em.com.br\/emfoco\/wp-json\/wp\/v2\/posts\/79934","targetHints":{"allow":["GET"]}}],"collection":[{"href":"https:\/\/www.em.com.br\/emfoco\/wp-json\/wp\/v2\/posts"}],"about":[{"href":"https:\/\/www.em.com.br\/emfoco\/wp-json\/wp\/v2\/types\/post"}],"author":[{"embeddable":true,"href":"https:\/\/www.em.com.br\/emfoco\/wp-json\/wp\/v2\/users\/20"}],"replies":[{"embeddable":true,"href":"https:\/\/www.em.com.br\/emfoco\/wp-json\/wp\/v2\/comments?post=79934"}],"version-history":[{"count":1,"href":"https:\/\/www.em.com.br\/emfoco\/wp-json\/wp\/v2\/posts\/79934\/revisions"}],"predecessor-version":[{"id":79962,"href":"https:\/\/www.em.com.br\/emfoco\/wp-json\/wp\/v2\/posts\/79934\/revisions\/79962"}],"wp:featuredmedia":[{"embeddable":true,"href":"https:\/\/www.em.com.br\/emfoco\/wp-json\/wp\/v2\/media\/59641"}],"wp:attachment":[{"href":"https:\/\/www.em.com.br\/emfoco\/wp-json\/wp\/v2\/media?parent=79934"}],"wp:term":[{"taxonomy":"category","embeddable":true,"href":"https:\/\/www.em.com.br\/emfoco\/wp-json\/wp\/v2\/categories?post=79934"},{"taxonomy":"post_tag","embeddable":true,"href":"https:\/\/www.em.com.br\/emfoco\/wp-json\/wp\/v2\/tags?post=79934"}],"curies":[{"name":"wp","href":"https:\/\/api.w.org\/{rel}","templated":true}]}}