{"id":79933,"date":"2025-07-23T06:18:00","date_gmt":"2025-07-23T09:18:00","guid":{"rendered":"https:\/\/www.em.com.br\/emfoco\/?p=79933"},"modified":"2025-07-22T15:09:20","modified_gmt":"2025-07-22T18:09:20","slug":"comunicado-geral-para-beneficiarios-do-bolsa-familia-com-nis-de-final-5","status":"publish","type":"post","link":"https:\/\/www.em.com.br\/emfoco\/2025\/07\/23\/comunicado-geral-para-beneficiarios-do-bolsa-familia-com-nis-de-final-5\/","title":{"rendered":"Comunicado geral para benefici\u00e1rios do Bolsa fam\u00edlia com NIS de final 5!"},"content":{"rendered":"\n<p>O <strong><a href=\"https:\/\/www.gov.br\/mds\/pt-br\/acoes-e-programas\/bolsa-familia\" target=\"_blank\" rel=\"noreferrer noopener\">Programa Bolsa Fam\u00edlia<\/a><\/strong> \u00e9 uma iniciativa do governo federal brasileiro criada para combater a pobreza e promover a inclus\u00e3o social. Voltado para fam\u00edlias de baixa renda, o programa garante transfer\u00eancia direta de renda, contribuindo diretamente para a redu\u00e7\u00e3o das desigualdades e para a melhoria das condi\u00e7\u00f5es de vida dos mais vulner\u00e1veis. Lan\u00e7ado em 2003, o <strong>Bolsa Fam\u00edlia<\/strong> sofreu v\u00e1rias atualiza\u00e7\u00f5es e, em 2025, passou por novos ajustes para ampliar o alcance e a efici\u00eancia do benef\u00edcio.<\/p>\n\n\n\n<p>Al\u00e9m do repasse financeiro, o <strong>Bolsa Fam\u00edlia<\/strong> busca incentivar a autonomia familiar, por meio de condicionalidades ligadas \u00e0 sa\u00fade e educa\u00e7\u00e3o, como frequ\u00eancia escolar e calend\u00e1rio de vacina\u00e7\u00e3o. Essas exig\u00eancias refor\u00e7am o compromisso do programa com o desenvolvimento humano e a inclus\u00e3o social, visando quebrar o ciclo de pobreza intergeracional.<\/p>\n\n\n\n<h2 class=\"wp-block-heading\">Principais benef\u00edcios e adicionais ativos<\/h2>\n\n\n<div class=\"wp-block-image\">\n<figure class=\"aligncenter size-large\"><img loading=\"lazy\" decoding=\"async\" width=\"1024\" height=\"576\" src=\"https:\/\/www.em.com.br\/emfoco\/wp-content\/uploads\/2025\/06\/8570314b-6e14-424b-9ff7-dba10bb136fb-1-1024x576.jpeg\" alt=\"Pagamentos do Bolsa Fam\u00edlia em julho come\u00e7am dia 18 com novo cronograma\" class=\"wp-image-55085\" srcset=\"https:\/\/www.em.com.br\/emfoco\/wp-content\/uploads\/2025\/06\/8570314b-6e14-424b-9ff7-dba10bb136fb-1-1024x576.jpeg 1024w, https:\/\/www.em.com.br\/emfoco\/wp-content\/uploads\/2025\/06\/8570314b-6e14-424b-9ff7-dba10bb136fb-1-300x169.jpeg 300w, https:\/\/www.em.com.br\/emfoco\/wp-content\/uploads\/2025\/06\/8570314b-6e14-424b-9ff7-dba10bb136fb-1-768x432.jpeg 768w, https:\/\/www.em.com.br\/emfoco\/wp-content\/uploads\/2025\/06\/8570314b-6e14-424b-9ff7-dba10bb136fb-1-750x422.jpeg 750w, https:\/\/www.em.com.br\/emfoco\/wp-content\/uploads\/2025\/06\/8570314b-6e14-424b-9ff7-dba10bb136fb-1-1140x641.jpeg 1140w, https:\/\/www.em.com.br\/emfoco\/wp-content\/uploads\/2025\/06\/8570314b-6e14-424b-9ff7-dba10bb136fb-1.jpeg 1280w\" sizes=\"auto, (max-width: 1024px) 100vw, 1024px\" \/><figcaption class=\"wp-element-caption\">Calend\u00e1rio Bolsa fam\u00edlia &#8211; Divulga\u00e7\u00e3o: GOV.BR<\/figcaption><\/figure><\/div>\n\n\n<p>A estrutura do novo <strong>Bolsa Fam\u00edlia<\/strong> \u00e9 composta por uma s\u00e9rie de benef\u00edcios, que v\u00e3o al\u00e9m do valor base de R$ 600. Entre os principais adicionais, destacam-se o <strong>Benef\u00edcio Vari\u00e1vel Familiar Nutriz<\/strong>, destinado a m\u00e3es de beb\u00eas de at\u00e9 seis meses, o acr\u00e9scimo para gestantes, o adicional para m\u00e3es que amamentam e o complemento para crian\u00e7as at\u00e9 6 anos, podendo elevar o valor m\u00e9dio recebido pelas fam\u00edlias para R$ 671,52.<\/p>\n\n\n\n<p>Esses b\u00f4nus foram pensados para contemplar necessidades espec\u00edficas, como alimenta\u00e7\u00e3o adequada durante a primeira inf\u00e2ncia e apoio a gestantes. Soma-se a isso a expans\u00e3o para p\u00fablicos historicamente desassistidos, como fam\u00edlias ind\u00edgenas e comunidades em situa\u00e7\u00e3o de calamidade, assegurando acolhimento eficiente e refor\u00e7ando a import\u00e2ncia da prote\u00e7\u00e3o social.<\/p>\n\n\n\n<h2 class=\"wp-block-heading\">Calend\u00e1rio de pagamentos e consulta ao benef\u00edcio<\/h2>\n\n\n\n<p>Os pagamentos do <strong><a href=\"https:\/\/www.em.com.br\/emfoco\/2025\/07\/22\/veja-todas-as-datas-do-bolsa-familia-de-julho-e-quem-recebe-o-auxilio-gas\/\" target=\"_blank\" rel=\"noreferrer noopener\">Bolsa Fam\u00edlia<\/a><\/strong> seguem um calend\u00e1rio baseado nos \u00faltimos dez dias \u00fateis de cada m\u00eas, variando conforme o final do <strong>NIS <\/strong>do benefici\u00e1rio. Essa organiza\u00e7\u00e3o visa evitar aglomera\u00e7\u00f5es e otimizar o atendimento. A consulta detalhada sobre valores e datas pode ser feita pelo aplicativo <strong>Caixa Tem<\/strong>, que re\u00fane todas as informa\u00e7\u00f5es essenciais para os benefici\u00e1rios.<\/p>\n\n\n\n<p>Em situa\u00e7\u00f5es emergenciais, como desastres naturais, o cronograma \u00e9 flex\u00edvel para garantir o repasse antecipado do benef\u00edcio. Al\u00e9m do aplicativo, os benefici\u00e1rios podem buscar informa\u00e7\u00f5es no site oficial do programa e nas ag\u00eancias da Caixa, onde h\u00e1 atendimento presencial para d\u00favidas mais complexas e resolu\u00e7\u00e3o de pend\u00eancias.<\/p>\n\n\n\n<h2 class=\"wp-block-heading\">Impacto da Regra de Prote\u00e7\u00e3o<\/h2>\n\n\n\n<p>A <strong>Regra de Prote\u00e7\u00e3o<\/strong>, implementada em 2023, desempenha papel decisivo na transi\u00e7\u00e3o das fam\u00edlias para a independ\u00eancia financeira. Quando um integrante obt\u00e9m aumento de renda, a fam\u00edlia mant\u00e9m metade do valor do <strong>Bolsa Fam\u00edlia<\/strong> por at\u00e9 um ano, promovendo uma sa\u00edda gradual do programa e reduzindo riscos de retorno \u00e0 situa\u00e7\u00e3o de vulnerabilidade.<\/p>\n\n\n\n<p>Esse mecanismo tem incentivado a busca por emprego formal ou empreendedorismo, j\u00e1 que evita a perda brusca dos benef\u00edcios. Ao garantir estabilidade por um per\u00edodo de transi\u00e7\u00e3o, a <strong>Regra de Prote\u00e7\u00e3o<\/strong> tem favorecido a efic\u00e1cia das pol\u00edticas sociais, tornando o processo de ascens\u00e3o econ\u00f4mica mais seguro para milhares de fam\u00edlias.<\/p>\n\n\n\n<h2 class=\"wp-block-heading\">Aux\u00edlio G\u00e1s e sua import\u00e2ncia<\/h2>\n\n\n\n<p>O <strong>Aux\u00edlio G\u00e1s<\/strong> permanece ativo como instrumento complementar ao <strong>Bolsa Fam\u00edlia<\/strong>, essencial para fam\u00edlias que necessitam garantir a seguran\u00e7a alimentar e energ\u00e9tica em seus lares. O pagamento \u00e9 realizado bimestralmente, com prioridade para mulheres chefes de fam\u00edlia, v\u00edtimas de viol\u00eancia dom\u00e9stica e benefici\u00e1rios do <strong>BPC <\/strong>registrados no <strong>Cad\u00danico<\/strong>.<\/p>\n\n\n\n<p>Ao cobrir parte significativa dos gastos com g\u00e1s de cozinha, o benef\u00edcio alivia a press\u00e3o financeira sobre os lares de baixa renda, promovendo equidade e justi\u00e7a social. Em tempos de alta infla\u00e7\u00e3o ou escassez energ\u00e9tica, esse amparo mostra-se ainda mais crucial para a sobreviv\u00eancia digna dos mais afetados.<\/p>\n\n\n\n<h2 class=\"wp-block-heading\">Acompanhamento das condicionalidades e inclus\u00e3o digital<\/h2>\n\n\n\n<p>Para a manuten\u00e7\u00e3o do benef\u00edcio, \u00e9 imprescind\u00edvel que as fam\u00edlias cumpram exig\u00eancias como matr\u00edcula e frequ\u00eancia escolar das crian\u00e7as e a atualiza\u00e7\u00e3o do calend\u00e1rio de vacina\u00e7\u00e3o. O governo ampliou o <strong>suporte digital<\/strong> em 2025, integrando notifica\u00e7\u00f5es autom\u00e1ticas para celulares cadastrados, proporcionando maior transpar\u00eancia e agilidade na comunica\u00e7\u00e3o com os benefici\u00e1rios.<\/p>\n\n\n\n<p>Essa inova\u00e7\u00e3o tecnol\u00f3gica facilita o acompanhamento dos compromissos e evita a suspens\u00e3o indevida do aux\u00edlio, refor\u00e7ando o v\u00ednculo entre programa social e desenvolvimento humano. Al\u00e9m disso, amplia o acesso \u00e0 informa\u00e7\u00e3o, contribuindo para a inclus\u00e3o digital de milhares de fam\u00edlias.<\/p>\n\n\n\n<h2 class=\"wp-block-heading\">O papel do Bolsa Fam\u00edlia no desenvolvimento social<\/h2>\n\n\n\n<p>O <strong>Bolsa Fam\u00edlia<\/strong> vai al\u00e9m do suporte financeiro, sendo ferramenta central na redu\u00e7\u00e3o da pobreza e promo\u00e7\u00e3o da cidadania. Por meio de sua estrutura diversificada e adapt\u00e1vel, o programa potencializa oportunidades de acesso a servi\u00e7os p\u00fablicos essenciais, como educa\u00e7\u00e3o e sa\u00fade, possibilitando a ascens\u00e3o social de milh\u00f5es de brasileiros.<\/p>\n\n\n\n<p>Ao longo dos anos, adapta\u00e7\u00f5es no programa evidenciam o compromisso com inova\u00e7\u00e3o e justi\u00e7a social. O suporte continuado para p\u00fablicos em situa\u00e7\u00e3o de risco e as atualiza\u00e7\u00f5es das regras refor\u00e7am a miss\u00e3o de garantir um ambiente prop\u00edcio para a emancipa\u00e7\u00e3o econ\u00f4mica e a constru\u00e7\u00e3o de um futuro melhor para as novas gera\u00e7\u00f5es.<\/p>\n","protected":false},"excerpt":{"rendered":"<p>O Programa Bolsa Fam\u00edlia \u00e9 uma iniciativa do governo federal brasileiro criada para combater a pobreza e promover a inclus\u00e3o social. Voltado para fam\u00edlias de baixa renda, o programa garante transfer\u00eancia direta de renda, contribuindo diretamente para a redu\u00e7\u00e3o das desigualdades e para a melhoria das condi\u00e7\u00f5es de vida dos mais vulner\u00e1veis. Lan\u00e7ado em 2003, [&hellip;]<\/p>\n","protected":false},"author":20,"featured_media":54997,"comment_status":"open","ping_status":"open","sticky":false,"template":"","format":"standard","meta":{"jnews-multi-image_gallery":[],"jnews_single_post":{"format":"standard"},"jnews_primary_category":[],"jnews_social_meta":[],"jnews_override_counter":[],"footnotes":""},"categories":[28,1],"tags":[209,252,702],"class_list":["post-79933","post","type-post","status-publish","format-standard","has-post-thumbnail","hentry","category-economia","category-noticias","tag-bolsa-familia","tag-caixa-tem","tag-calendario-de-pagamento"],"yoast_head":"<!-- This site is optimized with the Yoast SEO plugin v23.8 - https:\/\/yoast.com\/wordpress\/plugins\/seo\/ -->\n<title>Comunicado geral para benefici\u00e1rios do Bolsa fam\u00edlia com NIS de final 5! - Estado de Minas - Em foco<\/title>\n<meta name=\"description\" content=\"Bolsa Fam\u00edlia em 2025 tem novos valores, b\u00f4nus extras e regras de transi\u00e7\u00e3o. Veja como funciona a Regra de Prote\u00e7\u00e3o e o Aux\u00edlio G\u00e1s.\" \/>\n<meta name=\"robots\" content=\"index, follow, max-snippet:-1, max-image-preview:large, max-video-preview:-1\" \/>\n<link rel=\"canonical\" href=\"https:\/\/www.em.com.br\/emfoco\/2025\/07\/23\/comunicado-geral-para-beneficiarios-do-bolsa-familia-com-nis-de-final-5\/\" \/>\n<meta property=\"og:locale\" content=\"pt_BR\" \/>\n<meta property=\"og:type\" content=\"article\" \/>\n<meta property=\"og:title\" content=\"Comunicado geral para benefici\u00e1rios do Bolsa fam\u00edlia com NIS de final 5! - Estado de Minas - Em foco\" \/>\n<meta property=\"og:description\" content=\"Bolsa Fam\u00edlia em 2025 tem novos valores, b\u00f4nus extras e regras de transi\u00e7\u00e3o. Veja como funciona a Regra de Prote\u00e7\u00e3o e o Aux\u00edlio G\u00e1s.\" \/>\n<meta property=\"og:url\" content=\"https:\/\/www.em.com.br\/emfoco\/2025\/07\/23\/comunicado-geral-para-beneficiarios-do-bolsa-familia-com-nis-de-final-5\/\" \/>\n<meta property=\"og:site_name\" content=\"Estado de Minas - Em foco\" \/>\n<meta property=\"article:published_time\" content=\"2025-07-23T09:18:00+00:00\" \/>\n<meta property=\"article:modified_time\" content=\"2025-07-22T18:09:20+00:00\" \/>\n<meta property=\"og:image\" content=\"https:\/\/www.em.com.br\/emfoco\/wp-content\/uploads\/2025\/06\/bolsa-familia_1748976702558.jpg\" \/>\n\t<meta property=\"og:image:width\" content=\"1280\" \/>\n\t<meta property=\"og:image:height\" content=\"720\" \/>\n\t<meta property=\"og:image:type\" content=\"image\/jpeg\" \/>\n<meta name=\"author\" content=\"Ingrid Diniz\" \/>\n<meta name=\"twitter:card\" content=\"summary_large_image\" \/>\n<meta name=\"twitter:label1\" content=\"Escrito por\" \/>\n\t<meta name=\"twitter:data1\" content=\"Ingrid Diniz\" \/>\n\t<meta name=\"twitter:label2\" content=\"Est. tempo de leitura\" \/>\n\t<meta name=\"twitter:data2\" content=\"5 minutos\" \/>\n<!-- \/ Yoast SEO plugin. -->","yoast_head_json":{"title":"Comunicado geral para benefici\u00e1rios do Bolsa fam\u00edlia com NIS de final 5! - Estado de Minas - Em foco","description":"Bolsa Fam\u00edlia em 2025 tem novos valores, b\u00f4nus extras e regras de transi\u00e7\u00e3o. Veja como funciona a Regra de Prote\u00e7\u00e3o e o Aux\u00edlio G\u00e1s.","robots":{"index":"index","follow":"follow","max-snippet":"max-snippet:-1","max-image-preview":"max-image-preview:large","max-video-preview":"max-video-preview:-1"},"canonical":"https:\/\/www.em.com.br\/emfoco\/2025\/07\/23\/comunicado-geral-para-beneficiarios-do-bolsa-familia-com-nis-de-final-5\/","og_locale":"pt_BR","og_type":"article","og_title":"Comunicado geral para benefici\u00e1rios do Bolsa fam\u00edlia com NIS de final 5! - Estado de Minas - Em foco","og_description":"Bolsa Fam\u00edlia em 2025 tem novos valores, b\u00f4nus extras e regras de transi\u00e7\u00e3o. Veja como funciona a Regra de Prote\u00e7\u00e3o e o Aux\u00edlio G\u00e1s.","og_url":"https:\/\/www.em.com.br\/emfoco\/2025\/07\/23\/comunicado-geral-para-beneficiarios-do-bolsa-familia-com-nis-de-final-5\/","og_site_name":"Estado de Minas - Em foco","article_published_time":"2025-07-23T09:18:00+00:00","article_modified_time":"2025-07-22T18:09:20+00:00","og_image":[{"width":1280,"height":720,"url":"https:\/\/www.em.com.br\/emfoco\/wp-content\/uploads\/2025\/06\/bolsa-familia_1748976702558.jpg","type":"image\/jpeg"}],"author":"Ingrid Diniz","twitter_card":"summary_large_image","twitter_misc":{"Escrito por":"Ingrid Diniz","Est. tempo de leitura":"5 minutos"},"schema":{"@context":"https:\/\/schema.org","@graph":[{"@type":"WebPage","@id":"https:\/\/www.em.com.br\/emfoco\/2025\/07\/23\/comunicado-geral-para-beneficiarios-do-bolsa-familia-com-nis-de-final-5\/","url":"https:\/\/www.em.com.br\/emfoco\/2025\/07\/23\/comunicado-geral-para-beneficiarios-do-bolsa-familia-com-nis-de-final-5\/","name":"Comunicado geral para benefici\u00e1rios do Bolsa fam\u00edlia com NIS de final 5! - Estado de Minas - Em foco","isPartOf":{"@id":"https:\/\/www.em.com.br\/emfoco\/#website"},"primaryImageOfPage":{"@id":"https:\/\/www.em.com.br\/emfoco\/2025\/07\/23\/comunicado-geral-para-beneficiarios-do-bolsa-familia-com-nis-de-final-5\/#primaryimage"},"image":{"@id":"https:\/\/www.em.com.br\/emfoco\/2025\/07\/23\/comunicado-geral-para-beneficiarios-do-bolsa-familia-com-nis-de-final-5\/#primaryimage"},"thumbnailUrl":"https:\/\/www.em.com.br\/emfoco\/wp-content\/uploads\/2025\/06\/bolsa-familia_1748976702558.jpg","datePublished":"2025-07-23T09:18:00+00:00","dateModified":"2025-07-22T18:09:20+00:00","author":{"@id":"https:\/\/www.em.com.br\/emfoco\/#\/schema\/person\/649e610b4eb8fff87ff394e54fe17b2b"},"description":"Bolsa Fam\u00edlia em 2025 tem novos valores, b\u00f4nus extras e regras de transi\u00e7\u00e3o. Veja como funciona a Regra de Prote\u00e7\u00e3o e o Aux\u00edlio G\u00e1s.","breadcrumb":{"@id":"https:\/\/www.em.com.br\/emfoco\/2025\/07\/23\/comunicado-geral-para-beneficiarios-do-bolsa-familia-com-nis-de-final-5\/#breadcrumb"},"inLanguage":"pt-BR","potentialAction":[{"@type":"ReadAction","target":["https:\/\/www.em.com.br\/emfoco\/2025\/07\/23\/comunicado-geral-para-beneficiarios-do-bolsa-familia-com-nis-de-final-5\/"]}]},{"@type":"ImageObject","inLanguage":"pt-BR","@id":"https:\/\/www.em.com.br\/emfoco\/2025\/07\/23\/comunicado-geral-para-beneficiarios-do-bolsa-familia-com-nis-de-final-5\/#primaryimage","url":"https:\/\/www.em.com.br\/emfoco\/wp-content\/uploads\/2025\/06\/bolsa-familia_1748976702558.jpg","contentUrl":"https:\/\/www.em.com.br\/emfoco\/wp-content\/uploads\/2025\/06\/bolsa-familia_1748976702558.jpg","width":1280,"height":720,"caption":"Bolsa Fam\u00edlia de dezembro pode passar de R$ 900 - Cr\u00e9ditos: depositphotos.com \/ Photografeus"},{"@type":"BreadcrumbList","@id":"https:\/\/www.em.com.br\/emfoco\/2025\/07\/23\/comunicado-geral-para-beneficiarios-do-bolsa-familia-com-nis-de-final-5\/#breadcrumb","itemListElement":[{"@type":"ListItem","position":1,"name":"In\u00edcio","item":"https:\/\/www.em.com.br\/emfoco\/"},{"@type":"ListItem","position":2,"name":"Comunicado geral para benefici\u00e1rios do Bolsa fam\u00edlia com NIS de final 5!"}]},{"@type":"WebSite","@id":"https:\/\/www.em.com.br\/emfoco\/#website","url":"https:\/\/www.em.com.br\/emfoco\/","name":"Estado de Minas - Em foco","description":"Acompanhe as \u00faltimas not\u00edcias e fique bem informado sobre tudo o que acontece em Minas Gerais, Brasil e no mundo.","potentialAction":[{"@type":"SearchAction","target":{"@type":"EntryPoint","urlTemplate":"https:\/\/www.em.com.br\/emfoco\/?s={search_term_string}"},"query-input":{"@type":"PropertyValueSpecification","valueRequired":true,"valueName":"search_term_string"}}],"inLanguage":"pt-BR"},{"@type":"Person","@id":"https:\/\/www.em.com.br\/emfoco\/#\/schema\/person\/649e610b4eb8fff87ff394e54fe17b2b","name":"Ingrid Diniz","image":{"@type":"ImageObject","inLanguage":"pt-BR","@id":"https:\/\/www.em.com.br\/emfoco\/#\/schema\/person\/image\/","url":"https:\/\/secure.gravatar.com\/avatar\/a3baa1449ec5c39b4c42babc9d4f3951?s=96&d=mm&r=g","contentUrl":"https:\/\/secure.gravatar.com\/avatar\/a3baa1449ec5c39b4c42babc9d4f3951?s=96&d=mm&r=g","caption":"Ingrid Diniz"},"sameAs":["https:\/\/www.em.com.br\/"],"url":"https:\/\/www.em.com.br\/emfoco\/author\/ingridmyth\/"}]}},"_links":{"self":[{"href":"https:\/\/www.em.com.br\/emfoco\/wp-json\/wp\/v2\/posts\/79933","targetHints":{"allow":["GET"]}}],"collection":[{"href":"https:\/\/www.em.com.br\/emfoco\/wp-json\/wp\/v2\/posts"}],"about":[{"href":"https:\/\/www.em.com.br\/emfoco\/wp-json\/wp\/v2\/types\/post"}],"author":[{"embeddable":true,"href":"https:\/\/www.em.com.br\/emfoco\/wp-json\/wp\/v2\/users\/20"}],"replies":[{"embeddable":true,"href":"https:\/\/www.em.com.br\/emfoco\/wp-json\/wp\/v2\/comments?post=79933"}],"version-history":[{"count":1,"href":"https:\/\/www.em.com.br\/emfoco\/wp-json\/wp\/v2\/posts\/79933\/revisions"}],"predecessor-version":[{"id":79958,"href":"https:\/\/www.em.com.br\/emfoco\/wp-json\/wp\/v2\/posts\/79933\/revisions\/79958"}],"wp:featuredmedia":[{"embeddable":true,"href":"https:\/\/www.em.com.br\/emfoco\/wp-json\/wp\/v2\/media\/54997"}],"wp:attachment":[{"href":"https:\/\/www.em.com.br\/emfoco\/wp-json\/wp\/v2\/media?parent=79933"}],"wp:term":[{"taxonomy":"category","embeddable":true,"href":"https:\/\/www.em.com.br\/emfoco\/wp-json\/wp\/v2\/categories?post=79933"},{"taxonomy":"post_tag","embeddable":true,"href":"https:\/\/www.em.com.br\/emfoco\/wp-json\/wp\/v2\/tags?post=79933"}],"curies":[{"name":"wp","href":"https:\/\/api.w.org\/{rel}","templated":true}]}}