{"id":79904,"date":"2025-07-25T08:48:00","date_gmt":"2025-07-25T11:48:00","guid":{"rendered":"https:\/\/www.em.com.br\/emfoco\/?p=79904"},"modified":"2025-07-22T14:02:11","modified_gmt":"2025-07-22T17:02:11","slug":"voce-sabia-que-um-ambiente-limpo-e-organizado-pode-influenciar-seu-estado-emocional","status":"publish","type":"post","link":"https:\/\/www.em.com.br\/emfoco\/2025\/07\/25\/voce-sabia-que-um-ambiente-limpo-e-organizado-pode-influenciar-seu-estado-emocional\/","title":{"rendered":"Voc\u00ea sabia que um ambiente limpo e organizado pode influenciar seu estado emocional?"},"content":{"rendered":"\n<p>A organiza\u00e7\u00e3o do ambiente \u00e9 chave na maneira como uma pessoa se sente mentalmente e fisicamente. <strong>Um espa\u00e7o bem arrumado pode proporcionar uma sensa\u00e7\u00e3o de paz e tranquilidade, enquanto o desordem pode gerar estresse e ansiedade.<\/strong> Estudos psicol\u00f3gicos indicam que a ordem f\u00edsica \u00e9 fundamental para a ordem mental, facilitando tamb\u00e9m a produtividade.<\/p>\n\n\n\n<p><strong>A bagun\u00e7a visual faz com que o c\u00e9rebro se sinta sobrecarregado pela quantidade de informa\u00e7\u00f5es que precisa processar.<\/strong> Isso pode resultar em distra\u00e7\u00f5es e insatisfa\u00e7\u00e3o, afetando negativamente o bem-estar emocional. Portanto, <strong>manter um ambiente organizado n\u00e3o \u00e9 apenas uma quest\u00e3o est\u00e9tica, mas essencial para a <a href=\"https:\/\/www.gov.br\/saude\/pt-br\/assuntos\/saude-de-a-a-z\/s\/saude-mental\" target=\"_blank\" rel=\"noreferrer noopener\">sa\u00fade mental.<\/a><\/strong> Al\u00e9m disso, um ambiente limpo pode at\u00e9 auxiliar no controle da fadiga mental, promovendo sentimentos de seguran\u00e7a e bem-estar.<\/p>\n\n\n\n<h2 class=\"wp-block-heading\">Por que ambientes organizados aumentam a produtividade?<\/h2>\n\n\n\n<p><strong>Ambientes bem estruturados favorecem a concentra\u00e7\u00e3o e a efici\u00eancia no trabalho ou estudo.<\/strong> Quando tudo est\u00e1 em seu devido lugar, \u00e9 mais f\u00e1cil encontrar o que se precisa, o que reduz o tempo perdido com buscas desnecess\u00e1rias. Assim, <strong>\u00e9 poss\u00edvel focar nas tarefas importantes sem interrup\u00e7\u00f5es.<\/strong> Ambientes organizados tamb\u00e9m influenciam positivamente a criatividade, pois reduzem o n\u00famero de distra\u00e7\u00f5es e permitem uma maior clareza de pensamento.<\/p>\n\n\n\n<p><strong>Al\u00e9m disso, um ambiente organizado pode estimular o c\u00e9rebro a adotar h\u00e1bitos mais saud\u00e1veis, criando um ciclo virtuoso de produtividade.<\/strong> Ter um espa\u00e7o limpo e bem arranjado contribui para que projetos sejam iniciados e finalizados com mais agilidade, aumentando o senso de realiza\u00e7\u00e3o pessoal. Pequenas rotinas di\u00e1rias de arruma\u00e7\u00e3o tamb\u00e9m podem colaborar com a manuten\u00e7\u00e3o desse ciclo.<\/p>\n\n\n\n<figure class=\"wp-block-image size-large\"><img loading=\"lazy\" decoding=\"async\" width=\"1024\" height=\"576\" src=\"https:\/\/www.em.com.br\/emfoco\/wp-content\/uploads\/2025\/05\/productivity_1748436720620-1024x576.jpg\" alt=\"Conhe\u00e7a a nova t\u00e9cnica de produtividade est\u00e1 conquistando quem odeia rotina\" class=\"wp-image-52272\" srcset=\"https:\/\/www.em.com.br\/emfoco\/wp-content\/uploads\/2025\/05\/productivity_1748436720620-1024x576.jpg 1024w, https:\/\/www.em.com.br\/emfoco\/wp-content\/uploads\/2025\/05\/productivity_1748436720620-300x169.jpg 300w, https:\/\/www.em.com.br\/emfoco\/wp-content\/uploads\/2025\/05\/productivity_1748436720620-768x432.jpg 768w, https:\/\/www.em.com.br\/emfoco\/wp-content\/uploads\/2025\/05\/productivity_1748436720620-750x422.jpg 750w, https:\/\/www.em.com.br\/emfoco\/wp-content\/uploads\/2025\/05\/productivity_1748436720620-1140x641.jpg 1140w, https:\/\/www.em.com.br\/emfoco\/wp-content\/uploads\/2025\/05\/productivity_1748436720620.jpg 1280w\" sizes=\"auto, (max-width: 1024px) 100vw, 1024px\" \/><figcaption class=\"wp-element-caption\">Imagem ilustrativa de produtividade &#8211; Cr\u00e9ditos: depositphotos.com \/ HayDmitriy<\/figcaption><\/figure>\n\n\n\n<h2 class=\"wp-block-heading\">Como a decora\u00e7\u00e3o pode influenciar suas emo\u00e7\u00f5es?<\/h2>\n\n\n\n<p><strong>A decora\u00e7\u00e3o tamb\u00e9m desempenha um papel vital em influenciar o estado emocional das pessoas.<\/strong> Cores, formas e objetos selecionados com cuidado podem criar um ambiente que induz o relaxamento ou at\u00e9 mesmo a motiva\u00e7\u00e3o. Por exemplo, tons de azul e verde s\u00e3o conhecidos por suas propriedades calmantes.<\/p>\n\n\n\n<p><strong>De maneira semelhante, a ilumina\u00e7\u00e3o \u00e9 um aspecto crucial.<\/strong> Ilumina\u00e7\u00e3o natural ou luzes quentes podem criar uma atmosfera acolhedora, enquanto luzes frias e duras podem ser desestimulantes. Objetos pessoais e mem\u00f3rias afetivas tamb\u00e9m d\u00e3o um toque especial, contribuindo para a felicidade e o <strong><a href=\"https:\/\/www.em.com.br\/emfoco\/2025\/05\/31\/como-a-autoaceitacao-contribui-para-o-bem-estar\/\" target=\"_blank\" rel=\"noreferrer noopener\">bem-estar<\/a><\/strong>. Itens como plantas e quadros podem refor\u00e7ar emo\u00e7\u00f5es positivas e ajudar na reconex\u00e3o com sentimentos agrad\u00e1veis do cotidiano.<\/p>\n\n\n\n<h2 class=\"wp-block-heading\">Qual a import\u00e2ncia da personaliza\u00e7\u00e3o do seu espa\u00e7o?<\/h2>\n\n\n\n<p><strong>Personalizar um espa\u00e7o \u00e9 uma maneira eficaz de aumentar o bem-estar, pois cria uma sensa\u00e7\u00e3o de pertencimento e identidade.<\/strong> Quando as pessoas organizam seus espa\u00e7os com elementos que refletem suas personalidades e interesses, elas tendem a se sentir mais \u00e0 vontade e seguras.<\/p>\n\n\n\n<p><strong>Ter um local que espelha valores e gostos pessoais proporciona um santu\u00e1rio emocional.<\/strong> Esse sentimento de familiaridade pode ser um excelente suporte em momentos de tens\u00e3o ou estresse. Portanto, <strong>personalizar seu espa\u00e7o n\u00e3o deve ser visto apenas como uma quest\u00e3o de estilo, mas sim de import\u00e2ncia emocional.<\/strong> Colocar fotos de pessoas queridas e objetos significativos refor\u00e7a essa sensa\u00e7\u00e3o, tornando o ambiente acolhedor e \u00fanico.<\/p>\n","protected":false},"excerpt":{"rendered":"<p>A organiza\u00e7\u00e3o do ambiente \u00e9 chave na maneira como uma pessoa se sente mentalmente e fisicamente. Um espa\u00e7o bem arrumado pode proporcionar uma sensa\u00e7\u00e3o de paz e tranquilidade, enquanto o desordem pode gerar estresse e ansiedade. Estudos psicol\u00f3gicos indicam que a ordem f\u00edsica \u00e9 fundamental para a ordem mental, facilitando tamb\u00e9m a produtividade. A bagun\u00e7a [&hellip;]<\/p>\n","protected":false},"author":13,"featured_media":79921,"comment_status":"open","ping_status":"open","sticky":false,"template":"","format":"standard","meta":{"jnews-multi-image_gallery":[],"jnews_single_post":{"format":"standard"},"jnews_primary_category":[],"jnews_social_meta":[],"jnews_override_counter":[],"footnotes":""},"categories":[8691,1],"tags":[711,6201,821,4478],"class_list":["post-79904","post","type-post","status-publish","format-standard","has-post-thumbnail","hentry","category-bem-estar","category-noticias","tag-bem-estar","tag-decor","tag-design","tag-organizacao"],"yoast_head":"<!-- This site is optimized with the Yoast SEO plugin v23.8 - https:\/\/yoast.com\/wordpress\/plugins\/seo\/ -->\n<title>Voc\u00ea sabia que um ambiente limpo e organizado pode influenciar seu estado emocional? - Estado de Minas - Em foco<\/title>\n<meta name=\"description\" content=\"Um ambiente limpo traz leveza para o corpo e mente. Saiba como pequenos ajustes podem transformar seu bem-estar.\" \/>\n<meta name=\"robots\" content=\"index, follow, max-snippet:-1, max-image-preview:large, max-video-preview:-1\" \/>\n<link rel=\"canonical\" href=\"https:\/\/www.em.com.br\/emfoco\/2025\/07\/25\/voce-sabia-que-um-ambiente-limpo-e-organizado-pode-influenciar-seu-estado-emocional\/\" \/>\n<meta property=\"og:locale\" content=\"pt_BR\" \/>\n<meta property=\"og:type\" content=\"article\" \/>\n<meta property=\"og:title\" content=\"Voc\u00ea sabia que um ambiente limpo e organizado pode influenciar seu estado emocional? - Estado de Minas - Em foco\" \/>\n<meta property=\"og:description\" content=\"Um ambiente limpo traz leveza para o corpo e mente. Saiba como pequenos ajustes podem transformar seu bem-estar.\" \/>\n<meta property=\"og:url\" content=\"https:\/\/www.em.com.br\/emfoco\/2025\/07\/25\/voce-sabia-que-um-ambiente-limpo-e-organizado-pode-influenciar-seu-estado-emocional\/\" \/>\n<meta property=\"og:site_name\" content=\"Estado de Minas - Em foco\" \/>\n<meta property=\"article:published_time\" content=\"2025-07-25T11:48:00+00:00\" \/>\n<meta property=\"article:modified_time\" content=\"2025-07-22T17:02:11+00:00\" \/>\n<meta property=\"og:image\" content=\"https:\/\/www.em.com.br\/emfoco\/wp-content\/uploads\/2025\/07\/Ambiente-organizado_1753203551298.jpg\" \/>\n\t<meta property=\"og:image:width\" content=\"1280\" \/>\n\t<meta property=\"og:image:height\" content=\"720\" \/>\n\t<meta property=\"og:image:type\" content=\"image\/jpeg\" \/>\n<meta name=\"author\" content=\"Gabriel Martins\" \/>\n<meta name=\"twitter:card\" content=\"summary_large_image\" \/>\n<meta name=\"twitter:label1\" content=\"Escrito por\" \/>\n\t<meta name=\"twitter:data1\" content=\"Gabriel Martins\" \/>\n\t<meta name=\"twitter:label2\" content=\"Est. tempo de leitura\" \/>\n\t<meta name=\"twitter:data2\" content=\"4 minutos\" \/>\n<!-- \/ Yoast SEO plugin. -->","yoast_head_json":{"title":"Voc\u00ea sabia que um ambiente limpo e organizado pode influenciar seu estado emocional? - Estado de Minas - Em foco","description":"Um ambiente limpo traz leveza para o corpo e mente. Saiba como pequenos ajustes podem transformar seu bem-estar.","robots":{"index":"index","follow":"follow","max-snippet":"max-snippet:-1","max-image-preview":"max-image-preview:large","max-video-preview":"max-video-preview:-1"},"canonical":"https:\/\/www.em.com.br\/emfoco\/2025\/07\/25\/voce-sabia-que-um-ambiente-limpo-e-organizado-pode-influenciar-seu-estado-emocional\/","og_locale":"pt_BR","og_type":"article","og_title":"Voc\u00ea sabia que um ambiente limpo e organizado pode influenciar seu estado emocional? - Estado de Minas - Em foco","og_description":"Um ambiente limpo traz leveza para o corpo e mente. Saiba como pequenos ajustes podem transformar seu bem-estar.","og_url":"https:\/\/www.em.com.br\/emfoco\/2025\/07\/25\/voce-sabia-que-um-ambiente-limpo-e-organizado-pode-influenciar-seu-estado-emocional\/","og_site_name":"Estado de Minas - Em foco","article_published_time":"2025-07-25T11:48:00+00:00","article_modified_time":"2025-07-22T17:02:11+00:00","og_image":[{"width":1280,"height":720,"url":"https:\/\/www.em.com.br\/emfoco\/wp-content\/uploads\/2025\/07\/Ambiente-organizado_1753203551298.jpg","type":"image\/jpeg"}],"author":"Gabriel Martins","twitter_card":"summary_large_image","twitter_misc":{"Escrito por":"Gabriel Martins","Est. tempo de leitura":"4 minutos"},"schema":{"@context":"https:\/\/schema.org","@graph":[{"@type":"WebPage","@id":"https:\/\/www.em.com.br\/emfoco\/2025\/07\/25\/voce-sabia-que-um-ambiente-limpo-e-organizado-pode-influenciar-seu-estado-emocional\/","url":"https:\/\/www.em.com.br\/emfoco\/2025\/07\/25\/voce-sabia-que-um-ambiente-limpo-e-organizado-pode-influenciar-seu-estado-emocional\/","name":"Voc\u00ea sabia que um ambiente limpo e organizado pode influenciar seu estado emocional? - Estado de Minas - Em foco","isPartOf":{"@id":"https:\/\/www.em.com.br\/emfoco\/#website"},"primaryImageOfPage":{"@id":"https:\/\/www.em.com.br\/emfoco\/2025\/07\/25\/voce-sabia-que-um-ambiente-limpo-e-organizado-pode-influenciar-seu-estado-emocional\/#primaryimage"},"image":{"@id":"https:\/\/www.em.com.br\/emfoco\/2025\/07\/25\/voce-sabia-que-um-ambiente-limpo-e-organizado-pode-influenciar-seu-estado-emocional\/#primaryimage"},"thumbnailUrl":"https:\/\/www.em.com.br\/emfoco\/wp-content\/uploads\/2025\/07\/Ambiente-organizado_1753203551298.jpg","datePublished":"2025-07-25T11:48:00+00:00","dateModified":"2025-07-22T17:02:11+00:00","author":{"@id":"https:\/\/www.em.com.br\/emfoco\/#\/schema\/person\/1c9ddeab18b98abeffef834667bcf08a"},"description":"Um ambiente limpo traz leveza para o corpo e mente. Saiba como pequenos ajustes podem transformar seu bem-estar.","breadcrumb":{"@id":"https:\/\/www.em.com.br\/emfoco\/2025\/07\/25\/voce-sabia-que-um-ambiente-limpo-e-organizado-pode-influenciar-seu-estado-emocional\/#breadcrumb"},"inLanguage":"pt-BR","potentialAction":[{"@type":"ReadAction","target":["https:\/\/www.em.com.br\/emfoco\/2025\/07\/25\/voce-sabia-que-um-ambiente-limpo-e-organizado-pode-influenciar-seu-estado-emocional\/"]}]},{"@type":"ImageObject","inLanguage":"pt-BR","@id":"https:\/\/www.em.com.br\/emfoco\/2025\/07\/25\/voce-sabia-que-um-ambiente-limpo-e-organizado-pode-influenciar-seu-estado-emocional\/#primaryimage","url":"https:\/\/www.em.com.br\/emfoco\/wp-content\/uploads\/2025\/07\/Ambiente-organizado_1753203551298.jpg","contentUrl":"https:\/\/www.em.com.br\/emfoco\/wp-content\/uploads\/2025\/07\/Ambiente-organizado_1753203551298.jpg","width":1280,"height":720,"caption":"Mulher sentada na cadeira - Cr\u00e9ditos: depositphotos.com \/ AllaSerebrina"},{"@type":"BreadcrumbList","@id":"https:\/\/www.em.com.br\/emfoco\/2025\/07\/25\/voce-sabia-que-um-ambiente-limpo-e-organizado-pode-influenciar-seu-estado-emocional\/#breadcrumb","itemListElement":[{"@type":"ListItem","position":1,"name":"In\u00edcio","item":"https:\/\/www.em.com.br\/emfoco\/"},{"@type":"ListItem","position":2,"name":"Voc\u00ea sabia que um ambiente limpo e organizado pode influenciar seu estado emocional?"}]},{"@type":"WebSite","@id":"https:\/\/www.em.com.br\/emfoco\/#website","url":"https:\/\/www.em.com.br\/emfoco\/","name":"Estado de Minas - Em foco","description":"Acompanhe as \u00faltimas not\u00edcias e fique bem informado sobre tudo o que acontece em Minas Gerais, Brasil e no mundo.","potentialAction":[{"@type":"SearchAction","target":{"@type":"EntryPoint","urlTemplate":"https:\/\/www.em.com.br\/emfoco\/?s={search_term_string}"},"query-input":{"@type":"PropertyValueSpecification","valueRequired":true,"valueName":"search_term_string"}}],"inLanguage":"pt-BR"},{"@type":"Person","@id":"https:\/\/www.em.com.br\/emfoco\/#\/schema\/person\/1c9ddeab18b98abeffef834667bcf08a","name":"Gabriel Martins","image":{"@type":"ImageObject","inLanguage":"pt-BR","@id":"https:\/\/www.em.com.br\/emfoco\/#\/schema\/person\/image\/","url":"https:\/\/secure.gravatar.com\/avatar\/f0f1e2efdfd88f1ad2cb08c5c2731e50?s=96&d=mm&r=g","contentUrl":"https:\/\/secure.gravatar.com\/avatar\/f0f1e2efdfd88f1ad2cb08c5c2731e50?s=96&d=mm&r=g","caption":"Gabriel Martins"},"sameAs":["https:\/\/www.em.com.br\/emfoco\/"],"url":"https:\/\/www.em.com.br\/emfoco\/author\/gabrielmartinsmyth\/"}]}},"_links":{"self":[{"href":"https:\/\/www.em.com.br\/emfoco\/wp-json\/wp\/v2\/posts\/79904","targetHints":{"allow":["GET"]}}],"collection":[{"href":"https:\/\/www.em.com.br\/emfoco\/wp-json\/wp\/v2\/posts"}],"about":[{"href":"https:\/\/www.em.com.br\/emfoco\/wp-json\/wp\/v2\/types\/post"}],"author":[{"embeddable":true,"href":"https:\/\/www.em.com.br\/emfoco\/wp-json\/wp\/v2\/users\/13"}],"replies":[{"embeddable":true,"href":"https:\/\/www.em.com.br\/emfoco\/wp-json\/wp\/v2\/comments?post=79904"}],"version-history":[{"count":2,"href":"https:\/\/www.em.com.br\/emfoco\/wp-json\/wp\/v2\/posts\/79904\/revisions"}],"predecessor-version":[{"id":79922,"href":"https:\/\/www.em.com.br\/emfoco\/wp-json\/wp\/v2\/posts\/79904\/revisions\/79922"}],"wp:featuredmedia":[{"embeddable":true,"href":"https:\/\/www.em.com.br\/emfoco\/wp-json\/wp\/v2\/media\/79921"}],"wp:attachment":[{"href":"https:\/\/www.em.com.br\/emfoco\/wp-json\/wp\/v2\/media?parent=79904"}],"wp:term":[{"taxonomy":"category","embeddable":true,"href":"https:\/\/www.em.com.br\/emfoco\/wp-json\/wp\/v2\/categories?post=79904"},{"taxonomy":"post_tag","embeddable":true,"href":"https:\/\/www.em.com.br\/emfoco\/wp-json\/wp\/v2\/tags?post=79904"}],"curies":[{"name":"wp","href":"https:\/\/api.w.org\/{rel}","templated":true}]}}