{"id":79896,"date":"2025-07-24T15:28:00","date_gmt":"2025-07-24T18:28:00","guid":{"rendered":"https:\/\/www.em.com.br\/emfoco\/?p=79896"},"modified":"2025-07-22T13:35:22","modified_gmt":"2025-07-22T16:35:22","slug":"um-encontro-alienigena-um-segredo-sobre-o-tempo-e-uma-decisao-final-a-ficcao-mais-emocionante-dos-ultimos-tempos","status":"publish","type":"post","link":"https:\/\/www.em.com.br\/emfoco\/2025\/07\/24\/um-encontro-alienigena-um-segredo-sobre-o-tempo-e-uma-decisao-final-a-ficcao-mais-emocionante-dos-ultimos-tempos\/","title":{"rendered":"Um encontro alien\u00edgena, um segredo sobre o tempo e uma decis\u00e3o final! A fic\u00e7\u00e3o mais emocionante dos \u00faltimos tempos"},"content":{"rendered":"\n<p>&#8220;A Chegada&#8221; \u00e9 uma obra cinematogr\u00e1fica de fic\u00e7\u00e3o cient\u00edfica dirigida por <strong>Denis Villeneuve<\/strong>, que se destaca ao colocar a linguagem e a comunica\u00e7\u00e3o no centro de sua narrativa. Lan\u00e7ado em 2016, o filme \u00e9 baseado no conto &#8220;<strong>A Hist\u00f3ria da Sua Vida<\/strong>&#8221; de <strong>Ted Chiang<\/strong>. A trama se desenrola quando doze misteriosas naves alien\u00edgenas pousam em diferentes localidades ao redor do globo, gerando perplexidade e incerteza globais quanto \u00e0s suas inten\u00e7\u00f5es.<\/p>\n\n\n\n<p>Para decifrar o enigma dos visitantes extraterrestres, as autoridades recorrem \u00e0<strong> Dra. Louise Banks<\/strong>, uma linguista renomada interpretada por <strong><a href=\"https:\/\/www.instagram.com\/amyadams\/\" target=\"_blank\" rel=\"noreferrer noopener\">Amy Adams<\/a><\/strong>. Ela \u00e9 incumbida de estabelecer comunica\u00e7\u00e3o com os alien\u00edgenas, conhecidos como &#8220;<strong>Heptapods<\/strong>&#8220;, em raz\u00e3o das suas sete extremidades. Junto com o f\u00edsico<strong> Ian Donnelly<\/strong>, papel de<strong> Jeremy Renner<\/strong>, ela se empenha em decifrar um complexo sistema de s\u00edmbolos, o que lhe propicia uma nova perspectiva sobre tempo e comunica\u00e7\u00e3o. <strong>De forma inovadora, o filme mostra que a verdadeira compreens\u00e3o entre esp\u00e9cies depende n\u00e3o s\u00f3 da tradu\u00e7\u00e3o literal, mas da imers\u00e3o profunda na l\u00f3gica do outro, colocando a linguagem no centro do contato humano-alien\u00edgena.<\/strong> Curiosamente, o filme tamb\u00e9m aborda brevemente aspectos de coopera\u00e7\u00e3o <strong><a href=\"https:\/\/www.em.com.br\/emfoco\/2025\/07\/15\/o-vilarejo-colorido-que-renasceu-com-arte-urbana-e-virou-roteiro-internacional-imperdivel\/\" target=\"_blank\" rel=\"noreferrer noopener\">internacional <\/a><\/strong>e a maneira como diferentes pa\u00edses reagem diante do desconhecido.<\/p>\n\n\n\n<h2 class=\"wp-block-heading\">De que maneira a linguagem pode realmente moldar nossa percep\u00e7\u00e3o?<\/h2>\n\n\n\n<p>O filme explora a Hip\u00f3tese Sapir-Whorf, que postula que a l\u00edngua molda a maneira como seus falantes percebem e interagem com o mundo. <strong>Ao se aprofundar na linguagem dos Heptapods, Louise descobre que eles percebem o tempo de uma maneira n\u00e3o linear, um conceito que gradualmente transforma sua pr\u00f3pria compreens\u00e3o da realidade.<\/strong> Essa ideia central \u00e9 conduzida pela estrutura narrativa, que interliga presente, passado e futuro de uma forma inovadora. O impacto disso vai al\u00e9m da fic\u00e7\u00e3o, pois nos faz refletir sobre como diferentes idiomas podem alterar nossa percep\u00e7\u00e3o dos acontecimentos cotidianos ou mesmo das emo\u00e7\u00f5es.<\/p>\n\n\n\n<p>A capacidade de ver al\u00e9m das barreiras lingu\u00edsticas ressalta a import\u00e2ncia da comunica\u00e7\u00e3o intercultural. <strong>O contato com os Heptapods representa um desafio monumental na tentativa de conex\u00e3o com uma forma de vida t\u00e3o profundamente diferente.<\/strong> Desta forma, o filme enfatiza a import\u00e2ncia de paci\u00eancia e empatia ao se comunicar, refletindo sobre as dificuldades e recompensas inerentes ao esfor\u00e7o de entender o &#8220;outro&#8221;. At\u00e9 mesmo aspectos de tradu\u00e7\u00e3o, interpreta\u00e7\u00e3o e poss\u00edveis falhas de comunica\u00e7\u00e3o s\u00e3o retratados com realismo, ampliando o debate sobre o papel do idioma em nosso cotidiano.<\/p>\n\n\n\n<figure class=\"wp-block-embed is-type-video is-provider-youtube wp-block-embed-youtube wp-embed-aspect-16-9 wp-has-aspect-ratio\"><div class=\"wp-block-embed__wrapper\">\n<div class=\"jeg_video_container jeg_video_content\"><iframe loading=\"lazy\" title=\"A Chegada | Trailer legendado | 24 de novembro nos cinemas\" width=\"500\" height=\"281\" src=\"https:\/\/www.youtube.com\/embed\/rNciXGzYZms?feature=oembed\" frameborder=\"0\" allow=\"accelerometer; autoplay; clipboard-write; encrypted-media; gyroscope; picture-in-picture; web-share\" referrerpolicy=\"strict-origin-when-cross-origin\" allowfullscreen><\/iframe><\/div>\n<\/div><\/figure>\n\n\n\n<h2 class=\"wp-block-heading\">Quais foram os principais impactos de &#8220;A Chegada&#8221; no p\u00fablico e na cr\u00edtica especializada?<\/h2>\n\n\n\n<p><strong>&#8220;A Chegada&#8221; conseguiu cativar tanto o p\u00fablico quanto a cr\u00edtica, sendo aclamado por sua abordagem inovadora e seu conte\u00fado instigante.<\/strong> A cr\u00edtica ressaltou a intelig\u00eancia da narrativa e a profundidade dos temas tratados, que desafiaram os tradicionais clich\u00eas de fic\u00e7\u00e3o cient\u00edfica. Destaca-se tamb\u00e9m a atua\u00e7\u00e3o de Amy Adams, cuja performance emocional e sincera conferiu \u00e0 personagem principal uma autenticidade not\u00e1vel.<\/p>\n\n\n\n<p>Denis Villeneuve recebeu elogios por sua dire\u00e7\u00e3o, que conseguiu manter uma atmosfera de tens\u00e3o e maravilha sem recorrer a cenas de a\u00e7\u00e3o t\u00edpicas do g\u00eanero. <strong>Al\u00e9m disso, os elementos visuais e sonoros do filme, incluindo o design dos alien\u00edgenas e suas naves, foram tamb\u00e9m amplamente elogiados, contribuindo para a cria\u00e7\u00e3o de uma experi\u00eancia imersiva e memor\u00e1vel.<\/strong> Vale lembrar que parte do impacto do filme se deve tamb\u00e9m ao roteiro de <strong>Eric Heisserer<\/strong>, que adaptou o conto original mantendo o tom reflexivo e po\u00e9tico. N\u00e3o raramente, &#8220;A Chegada&#8221; \u00e9 usado como refer\u00eancia em debates sobre o papel da comunica\u00e7\u00e3o em situa\u00e7\u00f5es de crise, uma vez que o filme prop\u00f5e que a clareza e o entendimento m\u00fatuo podem ser a chave para evitar conflitos globais.<\/p>\n\n\n\n<h2 class=\"wp-block-heading\">O que faz de &#8220;A Chegada&#8221; um cl\u00e1ssico moderno da fic\u00e7\u00e3o cient\u00edfica?<\/h2>\n\n\n\n<p><strong>A for\u00e7a de &#8220;A Chegada&#8221; reside na maneira como equilibra elementos humanos profundos com uma trama de fic\u00e7\u00e3o cient\u00edfica sofisticada.<\/strong> A tem\u00e1tica central do filme, que engloba comunica\u00e7\u00e3o, tempo e exist\u00eancia, ressoou com muitos espectadores, gerando conversas e reflex\u00f5es prolongadas mesmo ap\u00f3s os cr\u00e9ditos finais. O impacto emocional proporcionado pelas revela\u00e7\u00f5es finais levou a uma reavalia\u00e7\u00e3o da narrativa, solidificando o filme como uma obra que vai al\u00e9m do mero entretenimento.<\/p>\n\n\n\n<p><strong>Recebendo diversas nomea\u00e7\u00f5es para pr\u00eamios, incluindo o Oscar, &#8220;A Chegada&#8221; conquistou o pr\u00eamio de Melhor Edi\u00e7\u00e3o de Som, um reconhecimento adicional ao trabalho minucioso realizado na cria\u00e7\u00e3o deste universo singular.<\/strong> Sua combina\u00e7\u00e3o de enredo inteligente, performances atuantes e dire\u00e7\u00e3o habilidosa estabeleceu &#8220;A Chegada&#8221; como um exemplo proeminente de como a fic\u00e7\u00e3o cient\u00edfica pode explorar quest\u00f5es profundamente humanas. N\u00e3o \u00e0 toa, o filme tamb\u00e9m \u00e9 frequentemente citado em debates acad\u00eamicos sobre linguagem, narrativa e teoria da comunica\u00e7\u00e3o.<\/p>\n","protected":false},"excerpt":{"rendered":"<p>&#8220;A Chegada&#8221; \u00e9 uma obra cinematogr\u00e1fica de fic\u00e7\u00e3o cient\u00edfica dirigida por Denis Villeneuve, que se destaca ao colocar a linguagem e a comunica\u00e7\u00e3o no centro de sua narrativa. Lan\u00e7ado em 2016, o filme \u00e9 baseado no conto &#8220;A Hist\u00f3ria da Sua Vida&#8221; de Ted Chiang. A trama se desenrola quando doze misteriosas naves alien\u00edgenas pousam [&hellip;]<\/p>\n","protected":false},"author":13,"featured_media":79898,"comment_status":"open","ping_status":"open","sticky":false,"template":"","format":"standard","meta":{"jnews-multi-image_gallery":[],"jnews_single_post":{"format":"standard"},"jnews_primary_category":[],"jnews_social_meta":[],"jnews_override_counter":[],"footnotes":""},"categories":[29,137,1],"tags":[12647,12648,637,1248],"class_list":["post-79896","post","type-post","status-publish","format-standard","has-post-thumbnail","hentry","category-entretenimento","category-filmes","category-noticias","tag-a-chegada","tag-alienigena","tag-cinema","tag-ficcao-cientifica"],"yoast_head":"<!-- This site is optimized with the Yoast SEO plugin v23.8 - https:\/\/yoast.com\/wordpress\/plugins\/seo\/ -->\n<title>Um encontro alien\u00edgena, um segredo sobre o tempo e uma decis\u00e3o final! A fic\u00e7\u00e3o mais emocionante dos \u00faltimos tempos - Estado de Minas - Em foco<\/title>\n<meta name=\"description\" content=\"Um filme sobre alien\u00edgenas que vai muito al\u00e9m do clich\u00ea e explora o poder da linguagem de forma transformadora e emocionante.\" \/>\n<meta name=\"robots\" content=\"index, follow, max-snippet:-1, max-image-preview:large, max-video-preview:-1\" \/>\n<link rel=\"canonical\" href=\"https:\/\/www.em.com.br\/emfoco\/2025\/07\/24\/um-encontro-alienigena-um-segredo-sobre-o-tempo-e-uma-decisao-final-a-ficcao-mais-emocionante-dos-ultimos-tempos\/\" \/>\n<meta property=\"og:locale\" content=\"pt_BR\" \/>\n<meta property=\"og:type\" content=\"article\" \/>\n<meta property=\"og:title\" content=\"Um encontro alien\u00edgena, um segredo sobre o tempo e uma decis\u00e3o final! A fic\u00e7\u00e3o mais emocionante dos \u00faltimos tempos - Estado de Minas - Em foco\" \/>\n<meta property=\"og:description\" content=\"Um filme sobre alien\u00edgenas que vai muito al\u00e9m do clich\u00ea e explora o poder da linguagem de forma transformadora e emocionante.\" \/>\n<meta property=\"og:url\" content=\"https:\/\/www.em.com.br\/emfoco\/2025\/07\/24\/um-encontro-alienigena-um-segredo-sobre-o-tempo-e-uma-decisao-final-a-ficcao-mais-emocionante-dos-ultimos-tempos\/\" \/>\n<meta property=\"og:site_name\" content=\"Estado de Minas - Em foco\" \/>\n<meta property=\"article:published_time\" content=\"2025-07-24T18:28:00+00:00\" \/>\n<meta property=\"article:modified_time\" content=\"2025-07-22T16:35:22+00:00\" \/>\n<meta property=\"og:image\" content=\"https:\/\/www.em.com.br\/emfoco\/wp-content\/uploads\/2025\/07\/ad-55.jpg\" \/>\n\t<meta property=\"og:image:width\" content=\"1280\" \/>\n\t<meta property=\"og:image:height\" content=\"720\" \/>\n\t<meta property=\"og:image:type\" content=\"image\/jpeg\" \/>\n<meta name=\"author\" content=\"Gabriel Martins\" \/>\n<meta name=\"twitter:card\" content=\"summary_large_image\" \/>\n<meta name=\"twitter:label1\" content=\"Escrito por\" \/>\n\t<meta name=\"twitter:data1\" content=\"Gabriel Martins\" \/>\n\t<meta name=\"twitter:label2\" content=\"Est. tempo de leitura\" \/>\n\t<meta name=\"twitter:data2\" content=\"5 minutos\" \/>\n<!-- \/ Yoast SEO plugin. -->","yoast_head_json":{"title":"Um encontro alien\u00edgena, um segredo sobre o tempo e uma decis\u00e3o final! A fic\u00e7\u00e3o mais emocionante dos \u00faltimos tempos - Estado de Minas - Em foco","description":"Um filme sobre alien\u00edgenas que vai muito al\u00e9m do clich\u00ea e explora o poder da linguagem de forma transformadora e emocionante.","robots":{"index":"index","follow":"follow","max-snippet":"max-snippet:-1","max-image-preview":"max-image-preview:large","max-video-preview":"max-video-preview:-1"},"canonical":"https:\/\/www.em.com.br\/emfoco\/2025\/07\/24\/um-encontro-alienigena-um-segredo-sobre-o-tempo-e-uma-decisao-final-a-ficcao-mais-emocionante-dos-ultimos-tempos\/","og_locale":"pt_BR","og_type":"article","og_title":"Um encontro alien\u00edgena, um segredo sobre o tempo e uma decis\u00e3o final! A fic\u00e7\u00e3o mais emocionante dos \u00faltimos tempos - Estado de Minas - Em foco","og_description":"Um filme sobre alien\u00edgenas que vai muito al\u00e9m do clich\u00ea e explora o poder da linguagem de forma transformadora e emocionante.","og_url":"https:\/\/www.em.com.br\/emfoco\/2025\/07\/24\/um-encontro-alienigena-um-segredo-sobre-o-tempo-e-uma-decisao-final-a-ficcao-mais-emocionante-dos-ultimos-tempos\/","og_site_name":"Estado de Minas - Em foco","article_published_time":"2025-07-24T18:28:00+00:00","article_modified_time":"2025-07-22T16:35:22+00:00","og_image":[{"width":1280,"height":720,"url":"https:\/\/www.em.com.br\/emfoco\/wp-content\/uploads\/2025\/07\/ad-55.jpg","type":"image\/jpeg"}],"author":"Gabriel Martins","twitter_card":"summary_large_image","twitter_misc":{"Escrito por":"Gabriel Martins","Est. tempo de leitura":"5 minutos"},"schema":{"@context":"https:\/\/schema.org","@graph":[{"@type":"WebPage","@id":"https:\/\/www.em.com.br\/emfoco\/2025\/07\/24\/um-encontro-alienigena-um-segredo-sobre-o-tempo-e-uma-decisao-final-a-ficcao-mais-emocionante-dos-ultimos-tempos\/","url":"https:\/\/www.em.com.br\/emfoco\/2025\/07\/24\/um-encontro-alienigena-um-segredo-sobre-o-tempo-e-uma-decisao-final-a-ficcao-mais-emocionante-dos-ultimos-tempos\/","name":"Um encontro alien\u00edgena, um segredo sobre o tempo e uma decis\u00e3o final! A fic\u00e7\u00e3o mais emocionante dos \u00faltimos tempos - Estado de Minas - Em foco","isPartOf":{"@id":"https:\/\/www.em.com.br\/emfoco\/#website"},"primaryImageOfPage":{"@id":"https:\/\/www.em.com.br\/emfoco\/2025\/07\/24\/um-encontro-alienigena-um-segredo-sobre-o-tempo-e-uma-decisao-final-a-ficcao-mais-emocionante-dos-ultimos-tempos\/#primaryimage"},"image":{"@id":"https:\/\/www.em.com.br\/emfoco\/2025\/07\/24\/um-encontro-alienigena-um-segredo-sobre-o-tempo-e-uma-decisao-final-a-ficcao-mais-emocionante-dos-ultimos-tempos\/#primaryimage"},"thumbnailUrl":"https:\/\/www.em.com.br\/emfoco\/wp-content\/uploads\/2025\/07\/ad-55.jpg","datePublished":"2025-07-24T18:28:00+00:00","dateModified":"2025-07-22T16:35:22+00:00","author":{"@id":"https:\/\/www.em.com.br\/emfoco\/#\/schema\/person\/1c9ddeab18b98abeffef834667bcf08a"},"description":"Um filme sobre alien\u00edgenas que vai muito al\u00e9m do clich\u00ea e explora o poder da linguagem de forma transformadora e emocionante.","breadcrumb":{"@id":"https:\/\/www.em.com.br\/emfoco\/2025\/07\/24\/um-encontro-alienigena-um-segredo-sobre-o-tempo-e-uma-decisao-final-a-ficcao-mais-emocionante-dos-ultimos-tempos\/#breadcrumb"},"inLanguage":"pt-BR","potentialAction":[{"@type":"ReadAction","target":["https:\/\/www.em.com.br\/emfoco\/2025\/07\/24\/um-encontro-alienigena-um-segredo-sobre-o-tempo-e-uma-decisao-final-a-ficcao-mais-emocionante-dos-ultimos-tempos\/"]}]},{"@type":"ImageObject","inLanguage":"pt-BR","@id":"https:\/\/www.em.com.br\/emfoco\/2025\/07\/24\/um-encontro-alienigena-um-segredo-sobre-o-tempo-e-uma-decisao-final-a-ficcao-mais-emocionante-dos-ultimos-tempos\/#primaryimage","url":"https:\/\/www.em.com.br\/emfoco\/wp-content\/uploads\/2025\/07\/ad-55.jpg","contentUrl":"https:\/\/www.em.com.br\/emfoco\/wp-content\/uploads\/2025\/07\/ad-55.jpg","width":1280,"height":720,"caption":"A Chegada - Cr\u00e9ditos: Paramount Pictures e Sony Pictures\/Divulga\u00e7\u00e3o"},{"@type":"BreadcrumbList","@id":"https:\/\/www.em.com.br\/emfoco\/2025\/07\/24\/um-encontro-alienigena-um-segredo-sobre-o-tempo-e-uma-decisao-final-a-ficcao-mais-emocionante-dos-ultimos-tempos\/#breadcrumb","itemListElement":[{"@type":"ListItem","position":1,"name":"In\u00edcio","item":"https:\/\/www.em.com.br\/emfoco\/"},{"@type":"ListItem","position":2,"name":"Um encontro alien\u00edgena, um segredo sobre o tempo e uma decis\u00e3o final! A fic\u00e7\u00e3o mais emocionante dos \u00faltimos tempos"}]},{"@type":"WebSite","@id":"https:\/\/www.em.com.br\/emfoco\/#website","url":"https:\/\/www.em.com.br\/emfoco\/","name":"Estado de Minas - Em foco","description":"Acompanhe as \u00faltimas not\u00edcias e fique bem informado sobre tudo o que acontece em Minas Gerais, Brasil e no mundo.","potentialAction":[{"@type":"SearchAction","target":{"@type":"EntryPoint","urlTemplate":"https:\/\/www.em.com.br\/emfoco\/?s={search_term_string}"},"query-input":{"@type":"PropertyValueSpecification","valueRequired":true,"valueName":"search_term_string"}}],"inLanguage":"pt-BR"},{"@type":"Person","@id":"https:\/\/www.em.com.br\/emfoco\/#\/schema\/person\/1c9ddeab18b98abeffef834667bcf08a","name":"Gabriel Martins","image":{"@type":"ImageObject","inLanguage":"pt-BR","@id":"https:\/\/www.em.com.br\/emfoco\/#\/schema\/person\/image\/","url":"https:\/\/secure.gravatar.com\/avatar\/f0f1e2efdfd88f1ad2cb08c5c2731e50?s=96&d=mm&r=g","contentUrl":"https:\/\/secure.gravatar.com\/avatar\/f0f1e2efdfd88f1ad2cb08c5c2731e50?s=96&d=mm&r=g","caption":"Gabriel Martins"},"sameAs":["https:\/\/www.em.com.br\/emfoco\/"],"url":"https:\/\/www.em.com.br\/emfoco\/author\/gabrielmartinsmyth\/"}]}},"_links":{"self":[{"href":"https:\/\/www.em.com.br\/emfoco\/wp-json\/wp\/v2\/posts\/79896","targetHints":{"allow":["GET"]}}],"collection":[{"href":"https:\/\/www.em.com.br\/emfoco\/wp-json\/wp\/v2\/posts"}],"about":[{"href":"https:\/\/www.em.com.br\/emfoco\/wp-json\/wp\/v2\/types\/post"}],"author":[{"embeddable":true,"href":"https:\/\/www.em.com.br\/emfoco\/wp-json\/wp\/v2\/users\/13"}],"replies":[{"embeddable":true,"href":"https:\/\/www.em.com.br\/emfoco\/wp-json\/wp\/v2\/comments?post=79896"}],"version-history":[{"count":2,"href":"https:\/\/www.em.com.br\/emfoco\/wp-json\/wp\/v2\/posts\/79896\/revisions"}],"predecessor-version":[{"id":79899,"href":"https:\/\/www.em.com.br\/emfoco\/wp-json\/wp\/v2\/posts\/79896\/revisions\/79899"}],"wp:featuredmedia":[{"embeddable":true,"href":"https:\/\/www.em.com.br\/emfoco\/wp-json\/wp\/v2\/media\/79898"}],"wp:attachment":[{"href":"https:\/\/www.em.com.br\/emfoco\/wp-json\/wp\/v2\/media?parent=79896"}],"wp:term":[{"taxonomy":"category","embeddable":true,"href":"https:\/\/www.em.com.br\/emfoco\/wp-json\/wp\/v2\/categories?post=79896"},{"taxonomy":"post_tag","embeddable":true,"href":"https:\/\/www.em.com.br\/emfoco\/wp-json\/wp\/v2\/tags?post=79896"}],"curies":[{"name":"wp","href":"https:\/\/api.w.org\/{rel}","templated":true}]}}