{"id":79869,"date":"2025-07-23T22:18:16","date_gmt":"2025-07-24T01:18:16","guid":{"rendered":"https:\/\/www.em.com.br\/emfoco\/?p=79869"},"modified":"2025-07-22T19:12:22","modified_gmt":"2025-07-22T22:12:22","slug":"o-habito-de-nao-presentear-pode-ter-razoes-profundas","status":"publish","type":"post","link":"https:\/\/www.em.com.br\/emfoco\/2025\/07\/23\/o-habito-de-nao-presentear-pode-ter-razoes-profundas\/","title":{"rendered":"O h\u00e1bito de n\u00e3o presentear pode ter raz\u00f5es profundas"},"content":{"rendered":"\n<p><strong>Porque algumas pessoas t\u00eam o costume de n\u00e3o dar presente<\/strong>&nbsp;\u00e9 um tema que desperta curiosidade e gera conversas em datas especiais. Entender as raz\u00f5es por tr\u00e1s desse h\u00e1bito contribui para reflex\u00f5es sobre rela\u00e7\u00f5es sociais, expectativas e at\u00e9 mesmo padr\u00f5es culturais.<\/p>\n\n\n\n<ul class=\"wp-block-list\">\n<li>Compreens\u00e3o dos fatores culturais e experi\u00eancias pessoais que influenciam esse comportamento<\/li>\n\n\n\n<li>An\u00e1lise das consequ\u00eancias sociais e emocionais de n\u00e3o presentear<\/li>\n\n\n\n<li>Explora\u00e7\u00e3o de alternativas e mudan\u00e7as de perspectiva sobre o ato de dar presentes<\/li>\n<\/ul>\n\n\n\n<h2 class=\"wp-block-heading\">O que leva algu\u00e9m a n\u00e3o dar presentes?<\/h2>\n\n\n\n<p>O&nbsp;<strong>costume de n\u00e3o dar presente<\/strong>&nbsp;pode ser motivado por diferentes fatores. Quest\u00f5es financeiras costumam ser apontadas, j\u00e1 que comprar lembran\u00e7as nem sempre cabe no or\u00e7amento. Em outros casos, experi\u00eancias anteriores negativas, como sentir-se obrigado a retribuir presentes, acabam fortalecendo esse h\u00e1bito.<\/p>\n\n\n\n<p>Em certas fam\u00edlias ou grupos, a tradi\u00e7\u00e3o de presentear pode n\u00e3o ser valorizada. H\u00e1 contextos culturais nos quais o ato de dar presentes n\u00e3o ocupa papel central nas celebra\u00e7\u00f5es, resultando em menos cobran\u00e7as sociais.<\/p>\n\n\n\n<h2 class=\"wp-block-heading\">Fugir do material e das obriga\u00e7\u00f5es: mudan\u00e7a de perspectiva?<\/h2>\n\n\n\n<p>Algumas pessoas veem o&nbsp;<strong>ato de n\u00e3o dar presente<\/strong>&nbsp;como uma forma de desafiar padr\u00f5es de consumo. Para elas, o valor de um encontro ou comemora\u00e7\u00e3o est\u00e1 no conv\u00edvio, n\u00e3o no objeto.<\/p>\n\n\n\n<p>\u00c9 comum que essas pessoas priorizem outras formas de demonstra\u00e7\u00e3o de carinho, como compartilhar tempo ou ajudar em atividades di\u00e1rias. Assim, o presente pode vir em forma de gesto, aten\u00e7\u00e3o ou cuidado, e n\u00e3o, necessariamente, como um item embalado.<\/p>\n\n\n<div class=\"wp-block-image\">\n<figure class=\"aligncenter size-large\"><img loading=\"lazy\" decoding=\"async\" width=\"1024\" height=\"576\" src=\"https:\/\/www.em.com.br\/emfoco\/wp-content\/uploads\/2025\/07\/Nao-dar-presentes-1024x576.jpg\" alt=\"N\u00e3o dar presentes\" class=\"wp-image-79879\" srcset=\"https:\/\/www.em.com.br\/emfoco\/wp-content\/uploads\/2025\/07\/Nao-dar-presentes-1024x576.jpg 1024w, https:\/\/www.em.com.br\/emfoco\/wp-content\/uploads\/2025\/07\/Nao-dar-presentes-300x169.jpg 300w, https:\/\/www.em.com.br\/emfoco\/wp-content\/uploads\/2025\/07\/Nao-dar-presentes-768x432.jpg 768w, https:\/\/www.em.com.br\/emfoco\/wp-content\/uploads\/2025\/07\/Nao-dar-presentes-750x422.jpg 750w, https:\/\/www.em.com.br\/emfoco\/wp-content\/uploads\/2025\/07\/Nao-dar-presentes-1140x641.jpg 1140w, https:\/\/www.em.com.br\/emfoco\/wp-content\/uploads\/2025\/07\/Nao-dar-presentes.jpg 1280w\" sizes=\"auto, (max-width: 1024px) 100vw, 1024px\" \/><figcaption class=\"wp-element-caption\">N\u00e3o dar presentes &#8211; Cr\u00e9ditos: depositphotos.com \/ HayDmitriy &#8211; Cr\u00e9ditos: depositphotos.com \/ AndrewLozovyi<\/figcaption><\/figure><\/div>\n\n\n<h2 class=\"wp-block-heading\">Quais as consequ\u00eancias sociais de n\u00e3o dar presentes?<\/h2>\n\n\n\n<p>Em sociedades onde o costume de presentear \u00e9 forte, como no Brasil, n\u00e3o dar presentes pode gerar desconforto. Quem recebe pode interpretar a atitude como desinteresse ou falta de considera\u00e7\u00e3o, mesmo que os motivos sejam leg\u00edtimos.<\/p>\n\n\n\n<p>Outra poss\u00edvel consequ\u00eancia \u00e9 o afastamento em rela\u00e7\u00f5es onde a troca de presentes representa afeto. Nesses casos, comunicar claramente a inten\u00e7\u00e3o ao n\u00e3o presentear costuma ajudar a evitar mal-entendidos.<\/p>\n\n\n\n<ul class=\"wp-block-list\">\n<li>Riscos de conflitos em datas comemorativas<\/li>\n\n\n\n<li>Necessidade de alinhar expectativas nas rela\u00e7\u00f5es<\/li>\n\n\n\n<li>Import\u00e2ncia de valorizar diferentes formas de carinho<\/li>\n<\/ul>\n\n\n\n<p>Leia tamb\u00e9m: <a href=\"https:\/\/www.em.com.br\/emfoco\/2025\/07\/20\/a-astrologia-alerta-que-esses-4-signos-podem-passar-por-uma-virada-financeira\/\" target=\"_blank\" rel=\"noreferrer noopener\">A astrologia alerta que esses 4 signos podem passar por uma virada financeira<\/a><\/p>\n\n\n\n<h2 class=\"wp-block-heading\">Cultura, contexto e o significado de presentear<\/h2>\n\n\n\n<p>Na an\u00e1lise do&nbsp;<strong>costume de n\u00e3o dar presente<\/strong>, fatores como cultura, contexto econ\u00f4mico e experi\u00eancias de vida ganham destaque. Enquanto em algumas fam\u00edlias trocar presentes \u00e9 esperado, em outras o mais importante \u00e9 a presen\u00e7a e o sentimento compartilhado.<\/p>\n\n\n\n<p>Conforme mudam os valores sociais, cresce o <a href=\"https:\/\/www.cnnbrasil.com.br\/lifestyle\/esta-liberado-nao-dar-presentes-neste-natal-dizem-especialistas\/#:~:text=Algumas%20pessoas%20eliminaram%20completamente%20a,reduziram%20seu%20c%C3%ADrculo%20de%20presentes.\" target=\"_blank\" rel=\"noreferrer noopener\">entendimento <\/a>de que a demonstra\u00e7\u00e3o de afeto pode se dar de maneiras diversas e aut\u00eanticas, ultrapassando a materialidade dos eventos comemorativos.<\/p>\n\n\n\n<h2 class=\"wp-block-heading\">Principais pontos sobre o costume de n\u00e3o presentear<\/h2>\n\n\n\n<ul class=\"wp-block-list\">\n<li>Fatores culturais, econ\u00f4micos e experi\u00eancias pessoais explicam por que algumas pessoas n\u00e3o d\u00e3o presentes<\/li>\n\n\n\n<li>A comunica\u00e7\u00e3o aberta sobre expectativas ajuda a evitar conflitos em datas comemorativas<\/li>\n\n\n\n<li>O valor do presente pode estar em gestos cotidianos, valorizando o afeto al\u00e9m do material<\/li>\n<\/ul>\n","protected":false},"excerpt":{"rendered":"<p>Porque algumas pessoas t\u00eam o costume de n\u00e3o dar presente&nbsp;\u00e9 um tema que desperta curiosidade e gera conversas em datas especiais. Entender as raz\u00f5es por tr\u00e1s desse h\u00e1bito contribui para reflex\u00f5es sobre rela\u00e7\u00f5es sociais, expectativas e at\u00e9 mesmo padr\u00f5es culturais. O que leva algu\u00e9m a n\u00e3o dar presentes? O&nbsp;costume de n\u00e3o dar presente&nbsp;pode ser motivado [&hellip;]<\/p>\n","protected":false},"author":15,"featured_media":79878,"comment_status":"open","ping_status":"open","sticky":false,"template":"","format":"standard","meta":{"jnews-multi-image_gallery":[],"jnews_single_post":{"format":"standard"},"jnews_primary_category":[],"jnews_social_meta":[],"jnews_override_counter":[],"footnotes":""},"categories":[8819,1],"tags":[8884,12644,10146,7842],"class_list":["post-79869","post","type-post","status-publish","format-standard","has-post-thumbnail","hentry","category-curiosidades","category-noticias","tag-comportamento-social","tag-costumes-culturais","tag-presentes","tag-relacoes-sociais"],"yoast_head":"<!-- This site is optimized with the Yoast SEO plugin v23.8 - https:\/\/yoast.com\/wordpress\/plugins\/seo\/ -->\n<title>O h\u00e1bito de n\u00e3o presentear pode ter raz\u00f5es profundas - Estado de Minas - Em foco<\/title>\n<meta name=\"description\" content=\"Nem todo mundo gosta de dar presentes, e isso pode ter causas emocionais, culturais ou psicol\u00f3gicas. Descubra o que h\u00e1 por tr\u00e1s disso.\" \/>\n<meta name=\"robots\" content=\"index, follow, max-snippet:-1, max-image-preview:large, max-video-preview:-1\" \/>\n<link rel=\"canonical\" href=\"https:\/\/www.em.com.br\/emfoco\/2025\/07\/23\/o-habito-de-nao-presentear-pode-ter-razoes-profundas\/\" \/>\n<meta property=\"og:locale\" content=\"pt_BR\" \/>\n<meta property=\"og:type\" content=\"article\" \/>\n<meta property=\"og:title\" content=\"O h\u00e1bito de n\u00e3o presentear pode ter raz\u00f5es profundas - Estado de Minas - Em foco\" \/>\n<meta property=\"og:description\" content=\"Nem todo mundo gosta de dar presentes, e isso pode ter causas emocionais, culturais ou psicol\u00f3gicas. Descubra o que h\u00e1 por tr\u00e1s disso.\" \/>\n<meta property=\"og:url\" content=\"https:\/\/www.em.com.br\/emfoco\/2025\/07\/23\/o-habito-de-nao-presentear-pode-ter-razoes-profundas\/\" \/>\n<meta property=\"og:site_name\" content=\"Estado de Minas - Em foco\" \/>\n<meta property=\"article:published_time\" content=\"2025-07-24T01:18:16+00:00\" \/>\n<meta property=\"article:modified_time\" content=\"2025-07-22T22:12:22+00:00\" \/>\n<meta property=\"og:image\" content=\"https:\/\/www.em.com.br\/emfoco\/wp-content\/uploads\/2025\/07\/Nao-dar-presentes_1753196596190.jpg\" \/>\n\t<meta property=\"og:image:width\" content=\"1280\" \/>\n\t<meta property=\"og:image:height\" content=\"720\" \/>\n\t<meta property=\"og:image:type\" content=\"image\/jpeg\" \/>\n<meta name=\"author\" content=\"Douglas Myth\" \/>\n<meta name=\"twitter:card\" content=\"summary_large_image\" \/>\n<meta name=\"twitter:label1\" content=\"Escrito por\" \/>\n\t<meta name=\"twitter:data1\" content=\"Douglas Myth\" \/>\n\t<meta name=\"twitter:label2\" content=\"Est. tempo de leitura\" \/>\n\t<meta name=\"twitter:data2\" content=\"4 minutos\" \/>\n<!-- \/ Yoast SEO plugin. -->","yoast_head_json":{"title":"O h\u00e1bito de n\u00e3o presentear pode ter raz\u00f5es profundas - Estado de Minas - Em foco","description":"Nem todo mundo gosta de dar presentes, e isso pode ter causas emocionais, culturais ou psicol\u00f3gicas. Descubra o que h\u00e1 por tr\u00e1s disso.","robots":{"index":"index","follow":"follow","max-snippet":"max-snippet:-1","max-image-preview":"max-image-preview:large","max-video-preview":"max-video-preview:-1"},"canonical":"https:\/\/www.em.com.br\/emfoco\/2025\/07\/23\/o-habito-de-nao-presentear-pode-ter-razoes-profundas\/","og_locale":"pt_BR","og_type":"article","og_title":"O h\u00e1bito de n\u00e3o presentear pode ter raz\u00f5es profundas - Estado de Minas - Em foco","og_description":"Nem todo mundo gosta de dar presentes, e isso pode ter causas emocionais, culturais ou psicol\u00f3gicas. Descubra o que h\u00e1 por tr\u00e1s disso.","og_url":"https:\/\/www.em.com.br\/emfoco\/2025\/07\/23\/o-habito-de-nao-presentear-pode-ter-razoes-profundas\/","og_site_name":"Estado de Minas - Em foco","article_published_time":"2025-07-24T01:18:16+00:00","article_modified_time":"2025-07-22T22:12:22+00:00","og_image":[{"width":1280,"height":720,"url":"https:\/\/www.em.com.br\/emfoco\/wp-content\/uploads\/2025\/07\/Nao-dar-presentes_1753196596190.jpg","type":"image\/jpeg"}],"author":"Douglas Myth","twitter_card":"summary_large_image","twitter_misc":{"Escrito por":"Douglas Myth","Est. tempo de leitura":"4 minutos"},"schema":{"@context":"https:\/\/schema.org","@graph":[{"@type":"WebPage","@id":"https:\/\/www.em.com.br\/emfoco\/2025\/07\/23\/o-habito-de-nao-presentear-pode-ter-razoes-profundas\/","url":"https:\/\/www.em.com.br\/emfoco\/2025\/07\/23\/o-habito-de-nao-presentear-pode-ter-razoes-profundas\/","name":"O h\u00e1bito de n\u00e3o presentear pode ter raz\u00f5es profundas - Estado de Minas - Em foco","isPartOf":{"@id":"https:\/\/www.em.com.br\/emfoco\/#website"},"primaryImageOfPage":{"@id":"https:\/\/www.em.com.br\/emfoco\/2025\/07\/23\/o-habito-de-nao-presentear-pode-ter-razoes-profundas\/#primaryimage"},"image":{"@id":"https:\/\/www.em.com.br\/emfoco\/2025\/07\/23\/o-habito-de-nao-presentear-pode-ter-razoes-profundas\/#primaryimage"},"thumbnailUrl":"https:\/\/www.em.com.br\/emfoco\/wp-content\/uploads\/2025\/07\/Nao-dar-presentes_1753196596190.jpg","datePublished":"2025-07-24T01:18:16+00:00","dateModified":"2025-07-22T22:12:22+00:00","author":{"@id":"https:\/\/www.em.com.br\/emfoco\/#\/schema\/person\/bba594b7eebe9b9885fec3a5c7837089"},"description":"Nem todo mundo gosta de dar presentes, e isso pode ter causas emocionais, culturais ou psicol\u00f3gicas. Descubra o que h\u00e1 por tr\u00e1s disso.","breadcrumb":{"@id":"https:\/\/www.em.com.br\/emfoco\/2025\/07\/23\/o-habito-de-nao-presentear-pode-ter-razoes-profundas\/#breadcrumb"},"inLanguage":"pt-BR","potentialAction":[{"@type":"ReadAction","target":["https:\/\/www.em.com.br\/emfoco\/2025\/07\/23\/o-habito-de-nao-presentear-pode-ter-razoes-profundas\/"]}]},{"@type":"ImageObject","inLanguage":"pt-BR","@id":"https:\/\/www.em.com.br\/emfoco\/2025\/07\/23\/o-habito-de-nao-presentear-pode-ter-razoes-profundas\/#primaryimage","url":"https:\/\/www.em.com.br\/emfoco\/wp-content\/uploads\/2025\/07\/Nao-dar-presentes_1753196596190.jpg","contentUrl":"https:\/\/www.em.com.br\/emfoco\/wp-content\/uploads\/2025\/07\/Nao-dar-presentes_1753196596190.jpg","width":1280,"height":720,"caption":"N\u00e3o dar presentes - Cr\u00e9ditos: depositphotos.com \/ wabeno"},{"@type":"BreadcrumbList","@id":"https:\/\/www.em.com.br\/emfoco\/2025\/07\/23\/o-habito-de-nao-presentear-pode-ter-razoes-profundas\/#breadcrumb","itemListElement":[{"@type":"ListItem","position":1,"name":"In\u00edcio","item":"https:\/\/www.em.com.br\/emfoco\/"},{"@type":"ListItem","position":2,"name":"O h\u00e1bito de n\u00e3o presentear pode ter raz\u00f5es profundas"}]},{"@type":"WebSite","@id":"https:\/\/www.em.com.br\/emfoco\/#website","url":"https:\/\/www.em.com.br\/emfoco\/","name":"Estado de Minas - Em foco","description":"Acompanhe as \u00faltimas not\u00edcias e fique bem informado sobre tudo o que acontece em Minas Gerais, Brasil e no mundo.","potentialAction":[{"@type":"SearchAction","target":{"@type":"EntryPoint","urlTemplate":"https:\/\/www.em.com.br\/emfoco\/?s={search_term_string}"},"query-input":{"@type":"PropertyValueSpecification","valueRequired":true,"valueName":"search_term_string"}}],"inLanguage":"pt-BR"},{"@type":"Person","@id":"https:\/\/www.em.com.br\/emfoco\/#\/schema\/person\/bba594b7eebe9b9885fec3a5c7837089","name":"Douglas Myth","image":{"@type":"ImageObject","inLanguage":"pt-BR","@id":"https:\/\/www.em.com.br\/emfoco\/#\/schema\/person\/image\/","url":"https:\/\/secure.gravatar.com\/avatar\/1ac3cf50d0e68642c697dc0c960c802f?s=96&d=mm&r=g","contentUrl":"https:\/\/secure.gravatar.com\/avatar\/1ac3cf50d0e68642c697dc0c960c802f?s=96&d=mm&r=g","caption":"Douglas Myth"},"url":"https:\/\/www.em.com.br\/emfoco\/author\/douglasmyth\/"}]}},"_links":{"self":[{"href":"https:\/\/www.em.com.br\/emfoco\/wp-json\/wp\/v2\/posts\/79869","targetHints":{"allow":["GET"]}}],"collection":[{"href":"https:\/\/www.em.com.br\/emfoco\/wp-json\/wp\/v2\/posts"}],"about":[{"href":"https:\/\/www.em.com.br\/emfoco\/wp-json\/wp\/v2\/types\/post"}],"author":[{"embeddable":true,"href":"https:\/\/www.em.com.br\/emfoco\/wp-json\/wp\/v2\/users\/15"}],"replies":[{"embeddable":true,"href":"https:\/\/www.em.com.br\/emfoco\/wp-json\/wp\/v2\/comments?post=79869"}],"version-history":[{"count":3,"href":"https:\/\/www.em.com.br\/emfoco\/wp-json\/wp\/v2\/posts\/79869\/revisions"}],"predecessor-version":[{"id":79880,"href":"https:\/\/www.em.com.br\/emfoco\/wp-json\/wp\/v2\/posts\/79869\/revisions\/79880"}],"wp:featuredmedia":[{"embeddable":true,"href":"https:\/\/www.em.com.br\/emfoco\/wp-json\/wp\/v2\/media\/79878"}],"wp:attachment":[{"href":"https:\/\/www.em.com.br\/emfoco\/wp-json\/wp\/v2\/media?parent=79869"}],"wp:term":[{"taxonomy":"category","embeddable":true,"href":"https:\/\/www.em.com.br\/emfoco\/wp-json\/wp\/v2\/categories?post=79869"},{"taxonomy":"post_tag","embeddable":true,"href":"https:\/\/www.em.com.br\/emfoco\/wp-json\/wp\/v2\/tags?post=79869"}],"curies":[{"name":"wp","href":"https:\/\/api.w.org\/{rel}","templated":true}]}}