{"id":79823,"date":"2025-07-24T07:28:00","date_gmt":"2025-07-24T10:28:00","guid":{"rendered":"https:\/\/www.em.com.br\/emfoco\/?p=79823"},"modified":"2025-07-22T18:13:04","modified_gmt":"2025-07-22T21:13:04","slug":"o-que-todo-paciente-de-parkinson-precisa-saber-para-viver-melhor","status":"publish","type":"post","link":"https:\/\/www.em.com.br\/emfoco\/2025\/07\/24\/o-que-todo-paciente-de-parkinson-precisa-saber-para-viver-melhor\/","title":{"rendered":"O que todo paciente de Parkinson precisa saber para viver melhor"},"content":{"rendered":"\n<p>A <a href=\"https:\/\/www.msdmanuals.com\/pt\/casa\/dist%C3%BArbios-cerebrais-da-medula-espinal-e-dos-nervos\/doen%C3%A7as-do-movimento\/doen%C3%A7a-de-parkinson-dp\" target=\"_blank\" rel=\"noreferrer noopener\">doen\u00e7a de\u00a0<strong>Parkinson<\/strong><\/a>\u00a0desenvolve-se quando c\u00e9lulas cerebrais respons\u00e1veis pela produ\u00e7\u00e3o de dopamina, um neurotransmissor crucial para o controle motor, deixam de funcionar. At\u00e9 o momento, n\u00e3o se sabe exatamente por que essas c\u00e9lulas morrem, mas fatores como gen\u00e9tica, ambiente e estilo de vida podem contribuir para o desenvolvimento da doen\u00e7a. A progress\u00e3o da doen\u00e7a de Parkinson pode impactar significativamente a qualidade de vida, mas com tratamento adequado, essa influ\u00eancia sobre a expectativa de vida pode ser mitigada.<\/p>\n\n\n\n<p>Embora a doen\u00e7a de Parkinson n\u00e3o tenha cura, os tratamentos dispon\u00edveis podem melhorar significativamente a qualidade de vida dos pacientes. Com o avan\u00e7o da medicina, \u00e9 poss\u00edvel controlar os sintomas e oferecer uma perspectiva mais otimista para aqueles que convivem com a doen\u00e7a.<\/p>\n\n\n\n<p>Al\u00e9m dos sintomas motores, a doen\u00e7a de Parkinson tamb\u00e9m pode causar sintomas n\u00e3o motores, como dist\u00farbios do sono, disfun\u00e7\u00e3o auton\u00f4mica e problemas sensoriais, ampliando a compreens\u00e3o da complexidade da doen\u00e7a e seus impactos al\u00e9m dos sintomas motores.<\/p>\n\n\n\n<h2 class=\"wp-block-heading\">Quais s\u00e3o os principais sintomas da doen\u00e7a de Parkinson?<\/h2>\n\n\n\n<p>Os sintomas da doen\u00e7a de Parkinson s\u00e3o variados e afetam cada pessoa de uma maneira \u00fanica. O tremor \u00e9 um dos sinais mais conhecidos, frequentemente manifestando-se nos membros superiores quando est\u00e3o em repouso. Contudo, h\u00e1 uma gama ampla de outros sintomas que se manifestam antes mesmo dos problemas de movimento, como perda do olfato ou dificuldades para dormir. A dor \u00e9 um sintoma comum, com diferentes formas de manifesta\u00e7\u00e3o, como dor musculoesquel\u00e9tica ou dor neurop\u00e1tica. Ansiedade e depress\u00e3o tamb\u00e9m s\u00e3o frequentes entre aqueles que convivem com esse mal.<\/p>\n\n\n\n<figure class=\"wp-block-image\"><img decoding=\"async\" src=\"https:\/\/www.em.com.br\/emfoco\/wp-content\/uploads\/2025\/04\/idoso-triste_1744216198375-1024x576.jpg\" alt=\"\"\/><figcaption class=\"wp-element-caption\">Idoso triste &#8211; Cr\u00e9ditos: depositphotos.com \/ HayDmitriy<\/figcaption><\/figure>\n\n\n\n<h2 class=\"wp-block-heading\">Como os problemas de equil\u00edbrio e rigidez afetam quem tem Parkinson?<\/h2>\n\n\n\n<p>A instabilidade postural ou a dificuldade em manter o equil\u00edbrio s\u00e3o sintomas desafiadores da doen\u00e7a, muitas vezes levando a quedas e perda de confian\u00e7a ao andar. A rigidez \u00e9 comum em pessoas com a doen\u00e7a de Parkinson e pode ocorrer em um ou ambos os lados do corpo, resultando em uma amplitude de movimento reduzida. Esse sintoma frequentemente se manifesta em forma de dor ou desconforto, al\u00e9m de dificultar atividades simples do dia a dia. A rigidez muscular pode levar a dores musculares e articulares, afetando ainda mais a mobilidade e a qualidade de vida das pessoas com a doen\u00e7a.<\/p>\n\n\n\n<h2 class=\"wp-block-heading\">\u00c9 poss\u00edvel gerir os sintomas da doen\u00e7a de Parkinson?<\/h2>\n\n\n\n<p>A gest\u00e3o eficaz da doen\u00e7a de Parkinson passa por tratamento m\u00e9dico, modifica\u00e7\u00e3o do estilo de vida e eventualmente cirurgia. O diagn\u00f3stico precoce \u00e9 crucial, pois os est\u00e1gios iniciais podem ser acompanhados por sintomas sutis, como micrografia, redu\u00e7\u00e3o da express\u00e3o facial e movimentos mais lentos. Ensinar-se a conviver com a condi\u00e7\u00e3o envolve adapta\u00e7\u00e3o e conscientiza\u00e7\u00e3o sobre cuidados pessoais e terapia ocupacional.<\/p>\n\n\n\n<p>A fisioterapia e a terapia ocupacional s\u00e3o fundamentais para manter a mobilidade e a independ\u00eancia dos pacientes. Destacar a import\u00e2ncia dessas terapias enfatiza abordagens n\u00e3o farmacol\u00f3gicas essenciais no tratamento da doen\u00e7a. Em alguns pa\u00edses, como o&nbsp;<strong>Brasil<\/strong>, institui\u00e7\u00f5es especializadas e associa\u00e7\u00f5es, como a&nbsp;<strong>Associa\u00e7\u00e3o Brasil Parkinson<\/strong>, oferecem suporte e informa\u00e7\u00e3o aos pacientes e familiares, promovendo o acesso a terapias complementares e grupos de apoio.<\/p>\n\n\n\n<p>A estimula\u00e7\u00e3o cerebral profunda (ECP) \u00e9 uma op\u00e7\u00e3o de tratamento neurocir\u00fargico para casos avan\u00e7ados da doen\u00e7a de Parkinson. Apesar de n\u00e3o ser uma cura ou impedir a progress\u00e3o da doen\u00e7a, a ECP tem se mostrado eficiente no controle dos sintomas motores em pacientes que n\u00e3o respondem bem \u00e0s medica\u00e7\u00f5es. A t\u00e9cnica envolve a implanta\u00e7\u00e3o de eletrodos em \u00e1reas espec\u00edficas do c\u00e9rebro, recompensando a autonomia e a qualidade de vida dos pacientes. No entanto, esse procedimento cir\u00fargico deve ser considerado cuidadosamente junto com os m\u00e9dicos, devido aos potenciais efeitos adversos. Institui\u00e7\u00f5es reconhecidas internacionalmente, como a&nbsp;<strong>Cl\u00ednica Mayo<\/strong>&nbsp;nos&nbsp;<strong>Estados Unidos<\/strong>, t\u00eam pesquisado novos protocolos para otimizar a seguran\u00e7a e os resultados da estimula\u00e7\u00e3o cerebral profunda.<\/p>\n\n\n\n<p>Leia tamb\u00e9m: <a href=\"https:\/\/www.em.com.br\/emfoco\/2025\/07\/22\/5-habitos-perigosos-que-voce-precisa-abandonar-depois-dos-50\/\" target=\"_blank\" rel=\"noreferrer noopener\">5 h\u00e1bitos perigosos que voc\u00ea precisa abandonar depois dos 50<\/a><\/p>\n\n\n\n<h2 class=\"wp-block-heading\">Quais s\u00e3o as estrat\u00e9gias de autocuidado para manter a qualidade de vida com Parkinson?<\/h2>\n\n\n\n<p>Manter uma rotina de atividades f\u00edsicas regulares, como caminhadas e alongamentos, pode ajudar a preservar a mobilidade e prevenir a rigidez muscular. Alimenta\u00e7\u00e3o equilibrada, hidrata\u00e7\u00e3o adequada e acompanhamento nutricional tamb\u00e9m s\u00e3o essenciais para evitar perda de peso e enfraquecimento. Pr\u00e1ticas de relaxamento, como medita\u00e7\u00e3o, e suporte emocional, seja por meio de grupos de apoio, amigos ou familiares, contribuem para uma melhor adapta\u00e7\u00e3o \u00e0 rotina ap\u00f3s o diagn\u00f3stico.<\/p>\n\n\n\n<h2 class=\"wp-block-heading\">Como adaptar o ambiente dom\u00e9stico pode beneficiar quem tem Parkinson?<\/h2>\n\n\n\n<p>Fazer adapta\u00e7\u00f5es simples no ambiente dom\u00e9stico, como a instala\u00e7\u00e3o de barras de apoio no banheiro e corredores e o uso de tapetes antiderrapantes, pode proporcionar mais seguran\u00e7a e reduzir o risco de quedas. M\u00f3veis com cantos arredondados, boa ilumina\u00e7\u00e3o e organiza\u00e7\u00e3o dos espa\u00e7os facilitam a mobilidade e ajudam a preservar a independ\u00eancia. O acompanhamento de um terapeuta ocupacional \u00e9 importante para adaptar as atividades cotidianas conforme as necessidades espec\u00edficas de cada paciente, promovendo autonomia e conforto no cotidiano.<\/p>\n\n\n\n<p>Em conclus\u00e3o, embora a doen\u00e7a de Parkinson seja uma condi\u00e7\u00e3o complexa e sem cura conhecida, a conscientiza\u00e7\u00e3o sobre seus m\u00faltiplos sintomas pode melhorar significativamente o manejo e a qualidade de vida dos que s\u00e3o afetados. A pesquisa cont\u00ednua e o avan\u00e7o no tratamento proporcionam esperan\u00e7a para um diagn\u00f3stico melhor e um maior controle sobre os sintomas associados a essa condi\u00e7\u00e3o debilitante. Atualmente, eventos como o&nbsp;<strong>Dia Mundial da Doen\u00e7a de Parkinson<\/strong>, celebrado em&nbsp;<strong>11 de abril<\/strong>, tamb\u00e9m contribuem para informar a sociedade e apoiar a busca por novas terapias e descobertas cient\u00edficas.<\/p>\n","protected":false},"excerpt":{"rendered":"<p>A doen\u00e7a de\u00a0Parkinson\u00a0desenvolve-se quando c\u00e9lulas cerebrais respons\u00e1veis pela produ\u00e7\u00e3o de dopamina, um neurotransmissor crucial para o controle motor, deixam de funcionar. At\u00e9 o momento, n\u00e3o se sabe exatamente por que essas c\u00e9lulas morrem, mas fatores como gen\u00e9tica, ambiente e estilo de vida podem contribuir para o desenvolvimento da doen\u00e7a. A progress\u00e3o da doen\u00e7a de Parkinson [&hellip;]<\/p>\n","protected":false},"author":11,"featured_media":80041,"comment_status":"open","ping_status":"open","sticky":false,"template":"","format":"standard","meta":{"jnews-multi-image_gallery":[],"jnews_single_post":{"format":"standard"},"jnews_primary_category":[],"jnews_social_meta":[],"jnews_override_counter":[],"footnotes":""},"categories":[1,9053],"tags":[12520,327,8974,5208],"class_list":["post-79823","post","type-post","status-publish","format-standard","has-post-thumbnail","hentry","category-noticias","category-saude","tag-parkinson","tag-qualidade-de-vida","tag-sintomas","tag-tratamento"],"yoast_head":"<!-- This site is optimized with the Yoast SEO plugin v23.8 - https:\/\/yoast.com\/wordpress\/plugins\/seo\/ -->\n<title>O que todo paciente de Parkinson precisa saber para viver melhor - Estado de Minas - Em foco<\/title>\n<meta name=\"description\" content=\"Entenda como terapias, apoio emocional e adapta\u00e7\u00f5es no lar transformam a rotina de quem convive com Parkinson\" \/>\n<meta name=\"robots\" content=\"index, follow, max-snippet:-1, max-image-preview:large, max-video-preview:-1\" \/>\n<link rel=\"canonical\" href=\"https:\/\/www.em.com.br\/emfoco\/2025\/07\/24\/o-que-todo-paciente-de-parkinson-precisa-saber-para-viver-melhor\/\" \/>\n<meta property=\"og:locale\" content=\"pt_BR\" \/>\n<meta property=\"og:type\" content=\"article\" \/>\n<meta property=\"og:title\" content=\"O que todo paciente de Parkinson precisa saber para viver melhor - Estado de Minas - Em foco\" \/>\n<meta property=\"og:description\" content=\"Entenda como terapias, apoio emocional e adapta\u00e7\u00f5es no lar transformam a rotina de quem convive com Parkinson\" \/>\n<meta property=\"og:url\" content=\"https:\/\/www.em.com.br\/emfoco\/2025\/07\/24\/o-que-todo-paciente-de-parkinson-precisa-saber-para-viver-melhor\/\" \/>\n<meta property=\"og:site_name\" content=\"Estado de Minas - Em foco\" \/>\n<meta property=\"article:published_time\" content=\"2025-07-24T10:28:00+00:00\" \/>\n<meta property=\"article:modified_time\" content=\"2025-07-22T21:13:04+00:00\" \/>\n<meta property=\"og:image\" content=\"https:\/\/www.em.com.br\/emfoco\/wp-content\/uploads\/2025\/07\/Parkinson-_1753220889192.jpg\" \/>\n\t<meta property=\"og:image:width\" content=\"1280\" \/>\n\t<meta property=\"og:image:height\" content=\"720\" \/>\n\t<meta property=\"og:image:type\" content=\"image\/jpeg\" \/>\n<meta name=\"author\" content=\"Andre\u0301 Rangel\u00a0\" \/>\n<meta name=\"twitter:card\" content=\"summary_large_image\" \/>\n<meta name=\"twitter:label1\" content=\"Escrito por\" \/>\n\t<meta name=\"twitter:data1\" content=\"Andre\u0301 Rangel\u00a0\" \/>\n\t<meta name=\"twitter:label2\" content=\"Est. tempo de leitura\" \/>\n\t<meta name=\"twitter:data2\" content=\"6 minutos\" \/>\n<!-- \/ Yoast SEO plugin. -->","yoast_head_json":{"title":"O que todo paciente de Parkinson precisa saber para viver melhor - Estado de Minas - Em foco","description":"Entenda como terapias, apoio emocional e adapta\u00e7\u00f5es no lar transformam a rotina de quem convive com Parkinson","robots":{"index":"index","follow":"follow","max-snippet":"max-snippet:-1","max-image-preview":"max-image-preview:large","max-video-preview":"max-video-preview:-1"},"canonical":"https:\/\/www.em.com.br\/emfoco\/2025\/07\/24\/o-que-todo-paciente-de-parkinson-precisa-saber-para-viver-melhor\/","og_locale":"pt_BR","og_type":"article","og_title":"O que todo paciente de Parkinson precisa saber para viver melhor - Estado de Minas - Em foco","og_description":"Entenda como terapias, apoio emocional e adapta\u00e7\u00f5es no lar transformam a rotina de quem convive com Parkinson","og_url":"https:\/\/www.em.com.br\/emfoco\/2025\/07\/24\/o-que-todo-paciente-de-parkinson-precisa-saber-para-viver-melhor\/","og_site_name":"Estado de Minas - Em foco","article_published_time":"2025-07-24T10:28:00+00:00","article_modified_time":"2025-07-22T21:13:04+00:00","og_image":[{"width":1280,"height":720,"url":"https:\/\/www.em.com.br\/emfoco\/wp-content\/uploads\/2025\/07\/Parkinson-_1753220889192.jpg","type":"image\/jpeg"}],"author":"Andre\u0301 Rangel\u00a0","twitter_card":"summary_large_image","twitter_misc":{"Escrito por":"Andre\u0301 Rangel\u00a0","Est. tempo de leitura":"6 minutos"},"schema":{"@context":"https:\/\/schema.org","@graph":[{"@type":"WebPage","@id":"https:\/\/www.em.com.br\/emfoco\/2025\/07\/24\/o-que-todo-paciente-de-parkinson-precisa-saber-para-viver-melhor\/","url":"https:\/\/www.em.com.br\/emfoco\/2025\/07\/24\/o-que-todo-paciente-de-parkinson-precisa-saber-para-viver-melhor\/","name":"O que todo paciente de Parkinson precisa saber para viver melhor - Estado de Minas - Em foco","isPartOf":{"@id":"https:\/\/www.em.com.br\/emfoco\/#website"},"primaryImageOfPage":{"@id":"https:\/\/www.em.com.br\/emfoco\/2025\/07\/24\/o-que-todo-paciente-de-parkinson-precisa-saber-para-viver-melhor\/#primaryimage"},"image":{"@id":"https:\/\/www.em.com.br\/emfoco\/2025\/07\/24\/o-que-todo-paciente-de-parkinson-precisa-saber-para-viver-melhor\/#primaryimage"},"thumbnailUrl":"https:\/\/www.em.com.br\/emfoco\/wp-content\/uploads\/2025\/07\/Parkinson-_1753220889192.jpg","datePublished":"2025-07-24T10:28:00+00:00","dateModified":"2025-07-22T21:13:04+00:00","author":{"@id":"https:\/\/www.em.com.br\/emfoco\/#\/schema\/person\/60eda09c1fedf0d6891f4cef4b60b8b8"},"description":"Entenda como terapias, apoio emocional e adapta\u00e7\u00f5es no lar transformam a rotina de quem convive com Parkinson","breadcrumb":{"@id":"https:\/\/www.em.com.br\/emfoco\/2025\/07\/24\/o-que-todo-paciente-de-parkinson-precisa-saber-para-viver-melhor\/#breadcrumb"},"inLanguage":"pt-BR","potentialAction":[{"@type":"ReadAction","target":["https:\/\/www.em.com.br\/emfoco\/2025\/07\/24\/o-que-todo-paciente-de-parkinson-precisa-saber-para-viver-melhor\/"]}]},{"@type":"ImageObject","inLanguage":"pt-BR","@id":"https:\/\/www.em.com.br\/emfoco\/2025\/07\/24\/o-que-todo-paciente-de-parkinson-precisa-saber-para-viver-melhor\/#primaryimage","url":"https:\/\/www.em.com.br\/emfoco\/wp-content\/uploads\/2025\/07\/Parkinson-_1753220889192.jpg","contentUrl":"https:\/\/www.em.com.br\/emfoco\/wp-content\/uploads\/2025\/07\/Parkinson-_1753220889192.jpg","width":1280,"height":720,"caption":"Parkinson - Cr\u00e9ditos: depositphotos.com \/ HayDmitriy"},{"@type":"BreadcrumbList","@id":"https:\/\/www.em.com.br\/emfoco\/2025\/07\/24\/o-que-todo-paciente-de-parkinson-precisa-saber-para-viver-melhor\/#breadcrumb","itemListElement":[{"@type":"ListItem","position":1,"name":"In\u00edcio","item":"https:\/\/www.em.com.br\/emfoco\/"},{"@type":"ListItem","position":2,"name":"O que todo paciente de Parkinson precisa saber para viver melhor"}]},{"@type":"WebSite","@id":"https:\/\/www.em.com.br\/emfoco\/#website","url":"https:\/\/www.em.com.br\/emfoco\/","name":"Estado de Minas - Em foco","description":"Acompanhe as \u00faltimas not\u00edcias e fique bem informado sobre tudo o que acontece em Minas Gerais, Brasil e no mundo.","potentialAction":[{"@type":"SearchAction","target":{"@type":"EntryPoint","urlTemplate":"https:\/\/www.em.com.br\/emfoco\/?s={search_term_string}"},"query-input":{"@type":"PropertyValueSpecification","valueRequired":true,"valueName":"search_term_string"}}],"inLanguage":"pt-BR"},{"@type":"Person","@id":"https:\/\/www.em.com.br\/emfoco\/#\/schema\/person\/60eda09c1fedf0d6891f4cef4b60b8b8","name":"Andre\u0301 Rangel\u00a0","image":{"@type":"ImageObject","inLanguage":"pt-BR","@id":"https:\/\/www.em.com.br\/emfoco\/#\/schema\/person\/image\/","url":"https:\/\/secure.gravatar.com\/avatar\/6234dc814c77c8ef6d8bba622c787efc?s=96&d=mm&r=g","contentUrl":"https:\/\/secure.gravatar.com\/avatar\/6234dc814c77c8ef6d8bba622c787efc?s=96&d=mm&r=g","caption":"Andre\u0301 Rangel\u00a0"},"url":"https:\/\/www.em.com.br\/emfoco\/author\/luizmyth\/"}]}},"_links":{"self":[{"href":"https:\/\/www.em.com.br\/emfoco\/wp-json\/wp\/v2\/posts\/79823","targetHints":{"allow":["GET"]}}],"collection":[{"href":"https:\/\/www.em.com.br\/emfoco\/wp-json\/wp\/v2\/posts"}],"about":[{"href":"https:\/\/www.em.com.br\/emfoco\/wp-json\/wp\/v2\/types\/post"}],"author":[{"embeddable":true,"href":"https:\/\/www.em.com.br\/emfoco\/wp-json\/wp\/v2\/users\/11"}],"replies":[{"embeddable":true,"href":"https:\/\/www.em.com.br\/emfoco\/wp-json\/wp\/v2\/comments?post=79823"}],"version-history":[{"count":4,"href":"https:\/\/www.em.com.br\/emfoco\/wp-json\/wp\/v2\/posts\/79823\/revisions"}],"predecessor-version":[{"id":80042,"href":"https:\/\/www.em.com.br\/emfoco\/wp-json\/wp\/v2\/posts\/79823\/revisions\/80042"}],"wp:featuredmedia":[{"embeddable":true,"href":"https:\/\/www.em.com.br\/emfoco\/wp-json\/wp\/v2\/media\/80041"}],"wp:attachment":[{"href":"https:\/\/www.em.com.br\/emfoco\/wp-json\/wp\/v2\/media?parent=79823"}],"wp:term":[{"taxonomy":"category","embeddable":true,"href":"https:\/\/www.em.com.br\/emfoco\/wp-json\/wp\/v2\/categories?post=79823"},{"taxonomy":"post_tag","embeddable":true,"href":"https:\/\/www.em.com.br\/emfoco\/wp-json\/wp\/v2\/tags?post=79823"}],"curies":[{"name":"wp","href":"https:\/\/api.w.org\/{rel}","templated":true}]}}