{"id":7980,"date":"2025-01-02T17:00:00","date_gmt":"2025-01-02T20:00:00","guid":{"rendered":"https:\/\/www.em.com.br\/emfoco\/?p=7980"},"modified":"2025-01-01T22:10:34","modified_gmt":"2025-01-02T01:10:34","slug":"saiba-o-que-muda-no-bpc-com-veto-parcial-de-lula","status":"publish","type":"post","link":"https:\/\/www.em.com.br\/emfoco\/2025\/01\/02\/saiba-o-que-muda-no-bpc-com-veto-parcial-de-lula\/","title":{"rendered":"Saiba o que muda no BPC com veto parcial de Lula"},"content":{"rendered":"\n<p>No final de 2024, o presidente Luiz In\u00e1cio Lula da Silva sancionou uma nova lei, aprovada pelo Congresso, que traz mudan\u00e7as significativas no <a href=\"https:\/\/www.em.com.br\/emfoco\/2025\/01\/01\/anuncio-do-inss-liberacao-de-r-2-bilhoes-para-aposentados-e-pensionistas\/\" target=\"_blank\" rel=\"noreferrer noopener\">Benef\u00edcio <\/a>de Presta\u00e7\u00e3o Continuada (<a href=\"https:\/\/www.gov.br\/mds\/pt-br\/acoes-e-programas\/suas\/beneficios-assistenciais\/beneficio-assistencial-ao-idoso-e-a-pessoa-com-deficiencia-bpc\" target=\"_blank\" rel=\"noreferrer noopener\">BPC<\/a>). Essas mudan\u00e7as fazem parte de um pacote maior de corte de gastos que foi anunciado pelo governo no m\u00eas anterior. O objetivo desse pacote \u00e9 otimizar o uso dos recursos, enquanto procura garantir os direitos dos benefici\u00e1rios atuais.<\/p>\n\n\n\n<p>Uma das altera\u00e7\u00f5es mais not\u00e1veis foi a decis\u00e3o de vetar o trecho original que exigia a comprova\u00e7\u00e3o de defici\u00eancia de grau moderado ou grave para a concess\u00e3o do BPC. Esta modifica\u00e7\u00e3o veio ap\u00f3s negocia\u00e7\u00f5es e acordos com l\u00edderes do Senado, resultando numa flexibiliza\u00e7\u00e3o das exig\u00eancias que inicialmente foram propostas pelo governo.<\/p>\n\n\n\n<h2 class=\"wp-block-heading\">O que Mudou no BPC?<\/h2>\n\n\n\n<p>A mudan\u00e7a no Benef\u00edcio de Presta\u00e7\u00e3o Continuada afeta diversos aspectos, desde o processo de avalia\u00e7\u00e3o at\u00e9 a manuten\u00e7\u00e3o do cadastro dos benefici\u00e1rios. Essa revis\u00e3o das regras do BPC incluiu uma s\u00e9rie de altera\u00e7\u00f5es implementadas para tornar o benef\u00edcio mais acess\u00edvel e menos burocr\u00e1tico. Aqui est\u00e3o as principais mudan\u00e7as:<\/p>\n\n\n\n<ul class=\"wp-block-list\">\n<li><strong>Avalia\u00e7\u00e3o de Defici\u00eancia:<\/strong> A nova lei n\u00e3o exige mais que a defici\u00eancia seja classificada como moderada ou grave, simplificando o processo para quem necessita do benef\u00edcio.<\/li>\n\n\n\n<li><strong>Cadastro Biometria:<\/strong> A implanta\u00e7\u00e3o do cadastro biom\u00e9trico torna-se obrigat\u00f3ria, com exce\u00e7\u00f5es em locais de dif\u00edcil acesso, visando melhorar a seguran\u00e7a e a confiabilidade dos registros.<\/li>\n\n\n\n<li><strong>Atualiza\u00e7\u00e3o Cadastral:<\/strong> A atualiza\u00e7\u00e3o do cadastro dos benefici\u00e1rios deve acontecer a cada 24 meses, garantindo que as informa\u00e7\u00f5es estejam sempre atualizadas.<\/li>\n<\/ul>\n\n\n<div class=\"wp-block-image\">\n<figure class=\"aligncenter size-large\"><img loading=\"lazy\" decoding=\"async\" width=\"1024\" height=\"576\" src=\"https:\/\/www.em.com.br\/emfoco\/wp-content\/uploads\/2024\/12\/Brazil-Money_1735506339454-1024x576.jpg\" alt=\"\" class=\"wp-image-7526\" srcset=\"https:\/\/www.em.com.br\/emfoco\/wp-content\/uploads\/2024\/12\/Brazil-Money_1735506339454-1024x576.jpg 1024w, https:\/\/www.em.com.br\/emfoco\/wp-content\/uploads\/2024\/12\/Brazil-Money_1735506339454-300x169.jpg 300w, https:\/\/www.em.com.br\/emfoco\/wp-content\/uploads\/2024\/12\/Brazil-Money_1735506339454-768x432.jpg 768w, https:\/\/www.em.com.br\/emfoco\/wp-content\/uploads\/2024\/12\/Brazil-Money_1735506339454-750x422.jpg 750w, https:\/\/www.em.com.br\/emfoco\/wp-content\/uploads\/2024\/12\/Brazil-Money_1735506339454-1140x641.jpg 1140w, https:\/\/www.em.com.br\/emfoco\/wp-content\/uploads\/2024\/12\/Brazil-Money_1735506339454.jpg 1280w\" sizes=\"auto, (max-width: 1024px) 100vw, 1024px\" \/><figcaption class=\"wp-element-caption\">Dinheiro &#8211; Cr\u00e9ditos: depositphotos.com \/ rmcarvalhobsb<\/figcaption><\/figure><\/div>\n\n\n<h2 class=\"wp-block-heading\">Como as Mudan\u00e7as Afetam os Benefici\u00e1rios?<\/h2>\n\n\n\n<p>As altera\u00e7\u00f5es no BPC trazem novos desafios e oportunidades para os benefici\u00e1rios do programa. Uma das cr\u00edticas principais a essas mudan\u00e7as veio de associa\u00e7\u00f5es que representam pessoas com defici\u00eancia, que expressaram preocupa\u00e7\u00f5es sobre poss\u00edveis impactos negativos nos direitos dos benefici\u00e1rios. No entanto, ajustamentos foram feitos visando uma transi\u00e7\u00e3o mais suave e com menos obst\u00e1culos.<\/p>\n\n\n\n<ul class=\"wp-block-list\">\n<li>Os indiv\u00edduos que vivem em \u00e1reas remotas podem enfrentar dificuldades com a obrigatoriedade da biometria, mas exce\u00e7\u00f5es foram criadas para mitigar esse problema.<\/li>\n\n\n\n<li>O c\u00e1lculo da renda familiar agora considera apenas os membros que vivem na mesma resid\u00eancia, uma mudan\u00e7a importante para aqueles com situa\u00e7\u00f5es familiares mais complexas.<\/li>\n<\/ul>\n\n\n\n<h2 class=\"wp-block-heading\">Qual o Impacto para o Futuro do BPC?<\/h2>\n\n\n\n<p>Essas mudan\u00e7as no BPC s\u00e3o um reflexo das necessidades de ajuste econ\u00f4mico e social do pa\u00eds. A inten\u00e7\u00e3o declarada do governo \u00e9 proteger e aprimorar os direitos existentes dos benefici\u00e1rios, assegurando ao mesmo tempo a sustentabilidade fiscal do programa. Apesar das cr\u00edticas e debates, essas medidas buscam promover um sistema mais justo e eficiente.<\/p>\n\n\n\n<p>Com essas reformas, o governo espera encontrar um equil\u00edbrio entre atender \u00e0s necessidades dos cidad\u00e3os vulner\u00e1veis e administrar eficientemente os recursos p\u00fablicos. A resposta do p\u00fablico e dos benefici\u00e1rios ser\u00e1 crucial para avaliar o sucesso dessas novas diretrizes e eventuais ajustes futuros.<\/p>\n","protected":false},"excerpt":{"rendered":"<p>No final de 2024, o presidente Luiz In\u00e1cio Lula da Silva sancionou uma nova lei, aprovada pelo Congresso, que traz mudan\u00e7as significativas no Benef\u00edcio de Presta\u00e7\u00e3o Continuada (BPC). Essas mudan\u00e7as fazem parte de um pacote maior de corte de gastos que foi anunciado pelo governo no m\u00eas anterior. O objetivo desse pacote \u00e9 otimizar o [&hellip;]<\/p>\n","protected":false},"author":7,"featured_media":4279,"comment_status":"open","ping_status":"open","sticky":false,"template":"","format":"standard","meta":{"jnews-multi-image_gallery":[],"jnews_single_post":{"format":"standard"},"jnews_primary_category":[],"jnews_social_meta":[],"jnews_override_counter":[],"footnotes":""},"categories":[28],"tags":[257,1245,2605,1945],"class_list":["post-7980","post","type-post","status-publish","format-standard","has-post-thumbnail","hentry","category-economia","tag-bpc","tag-gastos-publicos","tag-lei-brasileira","tag-lula-da-silva"],"yoast_head":"<!-- This site is optimized with the Yoast SEO plugin v23.8 - https:\/\/yoast.com\/wordpress\/plugins\/seo\/ -->\n<title>Saiba o que muda no BPC com veto parcial de Lula - Estado de Minas - Em foco<\/title>\n<meta name=\"description\" content=\"Leia sobre as recentes altera\u00e7\u00f5es no Benef\u00edcio de Presta\u00e7\u00e3o Continuada no Brasil sob a presid\u00eancia de Lula da Silva, e como elas afetam os benefici\u00e1rios e o futuro do programa.\" \/>\n<meta name=\"robots\" content=\"index, follow, max-snippet:-1, max-image-preview:large, max-video-preview:-1\" \/>\n<link rel=\"canonical\" href=\"https:\/\/www.em.com.br\/emfoco\/2025\/01\/02\/saiba-o-que-muda-no-bpc-com-veto-parcial-de-lula\/\" \/>\n<meta property=\"og:locale\" content=\"pt_BR\" \/>\n<meta property=\"og:type\" content=\"article\" \/>\n<meta property=\"og:title\" content=\"Saiba o que muda no BPC com veto parcial de Lula - Estado de Minas - Em foco\" \/>\n<meta property=\"og:description\" content=\"Leia sobre as recentes altera\u00e7\u00f5es no Benef\u00edcio de Presta\u00e7\u00e3o Continuada no Brasil sob a presid\u00eancia de Lula da Silva, e como elas afetam os benefici\u00e1rios e o futuro do programa.\" \/>\n<meta property=\"og:url\" content=\"https:\/\/www.em.com.br\/emfoco\/2025\/01\/02\/saiba-o-que-muda-no-bpc-com-veto-parcial-de-lula\/\" \/>\n<meta property=\"og:site_name\" content=\"Estado de Minas - Em foco\" \/>\n<meta property=\"article:published_time\" content=\"2025-01-02T20:00:00+00:00\" \/>\n<meta property=\"article:modified_time\" content=\"2025-01-02T01:10:34+00:00\" \/>\n<meta property=\"og:image\" content=\"https:\/\/www.em.com.br\/emfoco\/wp-content\/uploads\/2024\/12\/LULA-PT_1733873185638.jpg\" \/>\n\t<meta property=\"og:image:width\" content=\"1279\" \/>\n\t<meta property=\"og:image:height\" content=\"720\" \/>\n\t<meta property=\"og:image:type\" content=\"image\/jpeg\" \/>\n<meta name=\"author\" content=\"Kelvin\" \/>\n<meta name=\"twitter:card\" content=\"summary_large_image\" \/>\n<meta name=\"twitter:label1\" content=\"Escrito por\" \/>\n\t<meta name=\"twitter:data1\" content=\"Kelvin\" \/>\n\t<meta name=\"twitter:label2\" content=\"Est. tempo de leitura\" \/>\n\t<meta name=\"twitter:data2\" content=\"3 minutos\" \/>\n<!-- \/ Yoast SEO plugin. -->","yoast_head_json":{"title":"Saiba o que muda no BPC com veto parcial de Lula - Estado de Minas - Em foco","description":"Leia sobre as recentes altera\u00e7\u00f5es no Benef\u00edcio de Presta\u00e7\u00e3o Continuada no Brasil sob a presid\u00eancia de Lula da Silva, e como elas afetam os benefici\u00e1rios e o futuro do programa.","robots":{"index":"index","follow":"follow","max-snippet":"max-snippet:-1","max-image-preview":"max-image-preview:large","max-video-preview":"max-video-preview:-1"},"canonical":"https:\/\/www.em.com.br\/emfoco\/2025\/01\/02\/saiba-o-que-muda-no-bpc-com-veto-parcial-de-lula\/","og_locale":"pt_BR","og_type":"article","og_title":"Saiba o que muda no BPC com veto parcial de Lula - Estado de Minas - Em foco","og_description":"Leia sobre as recentes altera\u00e7\u00f5es no Benef\u00edcio de Presta\u00e7\u00e3o Continuada no Brasil sob a presid\u00eancia de Lula da Silva, e como elas afetam os benefici\u00e1rios e o futuro do programa.","og_url":"https:\/\/www.em.com.br\/emfoco\/2025\/01\/02\/saiba-o-que-muda-no-bpc-com-veto-parcial-de-lula\/","og_site_name":"Estado de Minas - Em foco","article_published_time":"2025-01-02T20:00:00+00:00","article_modified_time":"2025-01-02T01:10:34+00:00","og_image":[{"width":1279,"height":720,"url":"https:\/\/www.em.com.br\/emfoco\/wp-content\/uploads\/2024\/12\/LULA-PT_1733873185638.jpg","type":"image\/jpeg"}],"author":"Kelvin","twitter_card":"summary_large_image","twitter_misc":{"Escrito por":"Kelvin","Est. tempo de leitura":"3 minutos"},"schema":{"@context":"https:\/\/schema.org","@graph":[{"@type":"WebPage","@id":"https:\/\/www.em.com.br\/emfoco\/2025\/01\/02\/saiba-o-que-muda-no-bpc-com-veto-parcial-de-lula\/","url":"https:\/\/www.em.com.br\/emfoco\/2025\/01\/02\/saiba-o-que-muda-no-bpc-com-veto-parcial-de-lula\/","name":"Saiba o que muda no BPC com veto parcial de Lula - Estado de Minas - Em foco","isPartOf":{"@id":"https:\/\/www.em.com.br\/emfoco\/#website"},"primaryImageOfPage":{"@id":"https:\/\/www.em.com.br\/emfoco\/2025\/01\/02\/saiba-o-que-muda-no-bpc-com-veto-parcial-de-lula\/#primaryimage"},"image":{"@id":"https:\/\/www.em.com.br\/emfoco\/2025\/01\/02\/saiba-o-que-muda-no-bpc-com-veto-parcial-de-lula\/#primaryimage"},"thumbnailUrl":"https:\/\/www.em.com.br\/emfoco\/wp-content\/uploads\/2024\/12\/LULA-PT_1733873185638.jpg","datePublished":"2025-01-02T20:00:00+00:00","dateModified":"2025-01-02T01:10:34+00:00","author":{"@id":"https:\/\/www.em.com.br\/emfoco\/#\/schema\/person\/fb0a7f48c6fbb94b83f413a80f61917d"},"description":"Leia sobre as recentes altera\u00e7\u00f5es no Benef\u00edcio de Presta\u00e7\u00e3o Continuada no Brasil sob a presid\u00eancia de Lula da Silva, e como elas afetam os benefici\u00e1rios e o futuro do programa.","breadcrumb":{"@id":"https:\/\/www.em.com.br\/emfoco\/2025\/01\/02\/saiba-o-que-muda-no-bpc-com-veto-parcial-de-lula\/#breadcrumb"},"inLanguage":"pt-BR","potentialAction":[{"@type":"ReadAction","target":["https:\/\/www.em.com.br\/emfoco\/2025\/01\/02\/saiba-o-que-muda-no-bpc-com-veto-parcial-de-lula\/"]}]},{"@type":"ImageObject","inLanguage":"pt-BR","@id":"https:\/\/www.em.com.br\/emfoco\/2025\/01\/02\/saiba-o-que-muda-no-bpc-com-veto-parcial-de-lula\/#primaryimage","url":"https:\/\/www.em.com.br\/emfoco\/wp-content\/uploads\/2024\/12\/LULA-PT_1733873185638.jpg","contentUrl":"https:\/\/www.em.com.br\/emfoco\/wp-content\/uploads\/2024\/12\/LULA-PT_1733873185638.jpg","width":1279,"height":720,"caption":"Novo valor do sal\u00e1rio m\u00ednimo j\u00e1 tem data para entrar em vigor em 2025 Luiz Inacio Lula da SIlva - Cr\u00e9ditos: depositphotos.com \/ thenews2.com"},{"@type":"BreadcrumbList","@id":"https:\/\/www.em.com.br\/emfoco\/2025\/01\/02\/saiba-o-que-muda-no-bpc-com-veto-parcial-de-lula\/#breadcrumb","itemListElement":[{"@type":"ListItem","position":1,"name":"In\u00edcio","item":"https:\/\/www.em.com.br\/emfoco\/"},{"@type":"ListItem","position":2,"name":"Saiba o que muda no BPC com veto parcial de Lula"}]},{"@type":"WebSite","@id":"https:\/\/www.em.com.br\/emfoco\/#website","url":"https:\/\/www.em.com.br\/emfoco\/","name":"Estado de Minas - Em foco","description":"Acompanhe as \u00faltimas not\u00edcias e fique bem informado sobre tudo o que acontece em Minas Gerais, Brasil e no mundo.","potentialAction":[{"@type":"SearchAction","target":{"@type":"EntryPoint","urlTemplate":"https:\/\/www.em.com.br\/emfoco\/?s={search_term_string}"},"query-input":{"@type":"PropertyValueSpecification","valueRequired":true,"valueName":"search_term_string"}}],"inLanguage":"pt-BR"},{"@type":"Person","@id":"https:\/\/www.em.com.br\/emfoco\/#\/schema\/person\/fb0a7f48c6fbb94b83f413a80f61917d","name":"Kelvin","image":{"@type":"ImageObject","inLanguage":"pt-BR","@id":"https:\/\/www.em.com.br\/emfoco\/#\/schema\/person\/image\/","url":"https:\/\/secure.gravatar.com\/avatar\/e74f84337e6bf6c4c5e88fbdffa05270?s=96&d=mm&r=g","contentUrl":"https:\/\/secure.gravatar.com\/avatar\/e74f84337e6bf6c4c5e88fbdffa05270?s=96&d=mm&r=g","caption":"Kelvin"},"sameAs":["https:\/\/www.em.com.br\/emfoco"],"url":"https:\/\/www.em.com.br\/emfoco\/author\/kelvinmyth\/"}]}},"_links":{"self":[{"href":"https:\/\/www.em.com.br\/emfoco\/wp-json\/wp\/v2\/posts\/7980","targetHints":{"allow":["GET"]}}],"collection":[{"href":"https:\/\/www.em.com.br\/emfoco\/wp-json\/wp\/v2\/posts"}],"about":[{"href":"https:\/\/www.em.com.br\/emfoco\/wp-json\/wp\/v2\/types\/post"}],"author":[{"embeddable":true,"href":"https:\/\/www.em.com.br\/emfoco\/wp-json\/wp\/v2\/users\/7"}],"replies":[{"embeddable":true,"href":"https:\/\/www.em.com.br\/emfoco\/wp-json\/wp\/v2\/comments?post=7980"}],"version-history":[{"count":2,"href":"https:\/\/www.em.com.br\/emfoco\/wp-json\/wp\/v2\/posts\/7980\/revisions"}],"predecessor-version":[{"id":7983,"href":"https:\/\/www.em.com.br\/emfoco\/wp-json\/wp\/v2\/posts\/7980\/revisions\/7983"}],"wp:featuredmedia":[{"embeddable":true,"href":"https:\/\/www.em.com.br\/emfoco\/wp-json\/wp\/v2\/media\/4279"}],"wp:attachment":[{"href":"https:\/\/www.em.com.br\/emfoco\/wp-json\/wp\/v2\/media?parent=7980"}],"wp:term":[{"taxonomy":"category","embeddable":true,"href":"https:\/\/www.em.com.br\/emfoco\/wp-json\/wp\/v2\/categories?post=7980"},{"taxonomy":"post_tag","embeddable":true,"href":"https:\/\/www.em.com.br\/emfoco\/wp-json\/wp\/v2\/tags?post=7980"}],"curies":[{"name":"wp","href":"https:\/\/api.w.org\/{rel}","templated":true}]}}