{"id":79748,"date":"2025-07-24T12:28:00","date_gmt":"2025-07-24T15:28:00","guid":{"rendered":"https:\/\/www.em.com.br\/emfoco\/?p=79748"},"modified":"2025-07-22T11:15:15","modified_gmt":"2025-07-22T14:15:15","slug":"o-que-acontece-com-seu-corpo-quando-voce-para-de-usar-acucar-por-15-dias","status":"publish","type":"post","link":"https:\/\/www.em.com.br\/emfoco\/2025\/07\/24\/o-que-acontece-com-seu-corpo-quando-voce-para-de-usar-acucar-por-15-dias\/","title":{"rendered":"O que acontece com seu corpo quando voc\u00ea para de usar a\u00e7\u00facar por 15 dias?"},"content":{"rendered":"\n<p>Reduzir o consumo de a\u00e7\u00facar pode ter um impacto significativo no corpo humano. Tal mudan\u00e7a alimentar provoca uma s\u00e9rie de transforma\u00e7\u00f5es fisiol\u00f3gicas que podem ser notadas j\u00e1 nos primeiros dias. Vamos explorar o que realmente acontece com o corpo quando o a\u00e7\u00facar \u00e9 eliminado da dieta por duas semanas.<\/p>\n\n\n\n<h2 class=\"wp-block-heading\">Como o corpo reage nos primeiros dias sem a\u00e7\u00facar?<\/h2>\n\n\n\n<p><strong>Nos primeiros dias sem a\u00e7\u00facar, o organismo pode passar por um per\u00edodo de adapta\u00e7\u00e3o.<\/strong> O a\u00e7\u00facar, uma fonte comum de energia r\u00e1pida, quando repentinamente retirado, pode causar sintomas como irritabilidade e fadiga. Isso ocorre porque o corpo est\u00e1 acostumado a ter acesso f\u00e1cil \u00e0 glicose, que \u00e9 um dos principais combust\u00edveis do c\u00e9rebro e dos m\u00fasculos.<\/p>\n\n\n\n<p>Com a aus\u00eancia do a\u00e7\u00facar, o corpo come\u00e7a a recorrer a outros mecanismos para obter energia. \u00c9 comum que a quebra de gorduras armazenadas comece a aumentar, o que pode levar a um sentimento inicial de letargia enquanto o corpo se ajusta a novas fontes de energia. Esta fase de adapta\u00e7\u00e3o \u00e9 crucial para os efeitos positivos que podem ser observados posteriormente. Em alguns casos, tamb\u00e9m pode haver pequenas dores de cabe\u00e7a ou desejos intensos, mas estes tendem a desaparecer em poucos dias com a nova rotina alimentar.<\/p>\n\n\n\n<figure class=\"wp-block-image size-large\"><img loading=\"lazy\" decoding=\"async\" width=\"1024\" height=\"576\" src=\"https:\/\/www.em.com.br\/emfoco\/wp-content\/uploads\/2025\/07\/acucar_1752070049469-1024x576.jpg\" alt=\"Cresce o alerta entre m\u00e9dicos sobre o impacto do excesso de a\u00e7\u00facar na mente\" class=\"wp-image-73329\" srcset=\"https:\/\/www.em.com.br\/emfoco\/wp-content\/uploads\/2025\/07\/acucar_1752070049469-1024x576.jpg 1024w, https:\/\/www.em.com.br\/emfoco\/wp-content\/uploads\/2025\/07\/acucar_1752070049469-300x169.jpg 300w, https:\/\/www.em.com.br\/emfoco\/wp-content\/uploads\/2025\/07\/acucar_1752070049469-768x432.jpg 768w, https:\/\/www.em.com.br\/emfoco\/wp-content\/uploads\/2025\/07\/acucar_1752070049469-750x422.jpg 750w, https:\/\/www.em.com.br\/emfoco\/wp-content\/uploads\/2025\/07\/acucar_1752070049469-1140x641.jpg 1140w, https:\/\/www.em.com.br\/emfoco\/wp-content\/uploads\/2025\/07\/acucar_1752070049469.jpg 1280w\" sizes=\"auto, (max-width: 1024px) 100vw, 1024px\" \/><figcaption class=\"wp-element-caption\">A\u00e7\u00facar &#8211; Cr\u00e9ditos: depositphotos.com \/ magone<\/figcaption><\/figure>\n\n\n\n<h2 class=\"wp-block-heading\">O que acontece com os n\u00edveis de energia e disposi\u00e7\u00e3o?<\/h2>\n\n\n\n<p><strong>Ao longo dos dias, \u00e0 medida que o corpo se adapta \u00e0 aus\u00eancia de a\u00e7\u00facar, os n\u00edveis de energia e disposi\u00e7\u00e3o come\u00e7am a melhorar.<\/strong> A estabilidade na produ\u00e7\u00e3o de insulina evita as oscila\u00e7\u00f5es bruscas de energia t\u00edpicas de uma alimenta\u00e7\u00e3o rica em a\u00e7\u00facares, proporcionando uma sensa\u00e7\u00e3o mais equilibrada de vitalidade. Isso normalmente resulta em n\u00edveis mais altos de <strong><a href=\"https:\/\/www.em.com.br\/emfoco\/2025\/07\/05\/como-envelhecer-com-saude-e-disposicao-segundo-especialistas\/\" target=\"_blank\" rel=\"noreferrer noopener\">disposi\u00e7\u00e3o<\/a><\/strong> e concentra\u00e7\u00e3o ao longo do dia.<\/p>\n\n\n\n<p>Al\u00e9m disso, a redu\u00e7\u00e3o do a\u00e7\u00facar melhora a qualidade do sono. <strong>A estabiliza\u00e7\u00e3o do a\u00e7\u00facar no sangue evita ondas de adrenalina que podem interromper o sono reparador.<\/strong> Pessoas que reduzem o consumo de a\u00e7\u00facar frequentemente relatam sentir-se mais descansadas e prontas para enfrentar o dia, sem a necessidade incessante de cafe\u00edna ou outros estimulantes.<\/p>\n\n\n\n<h2 class=\"wp-block-heading\">\u00c9 poss\u00edvel notar mudan\u00e7as na pele ao cortar o a\u00e7\u00facar?<\/h2>\n\n\n\n<p><strong>Sim, a pele \u00e9 uma das primeiras \u00e1reas a mostrar sinais de melhora com a restri\u00e7\u00e3o de a\u00e7\u00facar.<\/strong> Altos n\u00edveis de glicose no sangue podem causar inflama\u00e7\u00e3o interna, que muitas vezes se reflete externamente sob a forma de acne e outros problemas de pele. Reduzindo o a\u00e7\u00facar, a pele tende a se tornar mais clara e com uma apar\u00eancia mais saud\u00e1vel.<\/p>\n\n\n\n<p><strong>A produ\u00e7\u00e3o de col\u00e1geno, um componente vital da pele que mant\u00e9m a sua elasticidade, tamb\u00e9m \u00e9 afetada positivamente pela redu\u00e7\u00e3o do a\u00e7\u00facar.<\/strong> Sem a glica\u00e7\u00e3o, um processo onde o a\u00e7\u00facar prejudica prote\u00ednas como o <strong><a href=\"https:\/\/www.tuasaude.com\/colageno\/\" target=\"_blank\" rel=\"noreferrer noopener\">col\u00e1geno<\/a><\/strong>, a pele ret\u00e9m mais facilmente sua firmeza e vi\u00e7o. Vale ressaltar que, al\u00e9m da apar\u00eancia, pessoas que retiram o a\u00e7\u00facar da dieta costumam relatar menos oleosidade e dura\u00e7\u00e3o prolongada da hidrata\u00e7\u00e3o natural da pele.<\/p>\n\n\n\n<h2 class=\"wp-block-heading\">Quais s\u00e3o os efeitos sobre o sistema imunol\u00f3gico?<\/h2>\n\n\n\n<p><strong>Eliminar o a\u00e7\u00facar pode fortalecer o sistema imunol\u00f3gico.<\/strong> Estudos indicam que o excesso de a\u00e7\u00facar pode suprimir o sistema imunol\u00f3gico, tornando o corpo mais suscet\u00edvel a infec\u00e7\u00f5es e doen\u00e7as. Sem o a\u00e7\u00facar, o corpo consegue focar melhor seus recursos na resposta imune, o que pode resultar em menos resfriados e rea\u00e7\u00f5es al\u00e9rgicas.<\/p>\n\n\n\n<p><strong>A longo prazo, uma dieta sem a\u00e7\u00facar ajuda na modula\u00e7\u00e3o das respostas inflamat\u00f3rias dentro do corpo.<\/strong> Com menos inflama\u00e7\u00e3o cr\u00f4nica, os riscos associados a doen\u00e7as autoimunes e outras condi\u00e7\u00f5es inflamat\u00f3rias s\u00e3o reduzidos, levando a uma melhoria geral na sa\u00fade e bem-estar do indiv\u00edduo. Ademais, especialistas relatam que a redu\u00e7\u00e3o no consumo de a\u00e7\u00facar pode colaborar para a resposta mais eficiente a vacinas e para uma recupera\u00e7\u00e3o mais r\u00e1pida de infec\u00e7\u00f5es casuais.<\/p>\n","protected":false},"excerpt":{"rendered":"<p>Reduzir o consumo de a\u00e7\u00facar pode ter um impacto significativo no corpo humano. Tal mudan\u00e7a alimentar provoca uma s\u00e9rie de transforma\u00e7\u00f5es fisiol\u00f3gicas que podem ser notadas j\u00e1 nos primeiros dias. Vamos explorar o que realmente acontece com o corpo quando o a\u00e7\u00facar \u00e9 eliminado da dieta por duas semanas. Como o corpo reage nos primeiros [&hellip;]<\/p>\n","protected":false},"author":13,"featured_media":72792,"comment_status":"open","ping_status":"open","sticky":false,"template":"","format":"standard","meta":{"jnews-multi-image_gallery":[],"jnews_single_post":{"format":"standard"},"jnews_primary_category":[],"jnews_social_meta":[],"jnews_override_counter":[],"footnotes":""},"categories":[8819,1],"tags":[3508,2577,415,12622],"class_list":["post-79748","post","type-post","status-publish","format-standard","has-post-thumbnail","hentry","category-curiosidades","category-noticias","tag-acucar","tag-dieta","tag-saude","tag-transformacao-fisiologica"],"yoast_head":"<!-- This site is optimized with the Yoast SEO plugin v23.8 - https:\/\/yoast.com\/wordpress\/plugins\/seo\/ -->\n<title>O que acontece com seu corpo quando voc\u00ea para de usar a\u00e7\u00facar por 15 dias? - Estado de Minas - Em foco<\/title>\n<meta name=\"description\" content=\"Seu corpo reage imediatamente quando voc\u00ea elimina o a\u00e7\u00facar. Veja como a energia, o sono e at\u00e9 o humor melhoram em poucos dias.\" \/>\n<meta name=\"robots\" content=\"index, follow, max-snippet:-1, max-image-preview:large, max-video-preview:-1\" \/>\n<link rel=\"canonical\" href=\"https:\/\/www.em.com.br\/emfoco\/2025\/07\/24\/o-que-acontece-com-seu-corpo-quando-voce-para-de-usar-acucar-por-15-dias\/\" \/>\n<meta property=\"og:locale\" content=\"pt_BR\" \/>\n<meta property=\"og:type\" content=\"article\" \/>\n<meta property=\"og:title\" content=\"O que acontece com seu corpo quando voc\u00ea para de usar a\u00e7\u00facar por 15 dias? - Estado de Minas - Em foco\" \/>\n<meta property=\"og:description\" content=\"Seu corpo reage imediatamente quando voc\u00ea elimina o a\u00e7\u00facar. Veja como a energia, o sono e at\u00e9 o humor melhoram em poucos dias.\" \/>\n<meta property=\"og:url\" content=\"https:\/\/www.em.com.br\/emfoco\/2025\/07\/24\/o-que-acontece-com-seu-corpo-quando-voce-para-de-usar-acucar-por-15-dias\/\" \/>\n<meta property=\"og:site_name\" content=\"Estado de Minas - Em foco\" \/>\n<meta property=\"article:published_time\" content=\"2025-07-24T15:28:00+00:00\" \/>\n<meta property=\"article:modified_time\" content=\"2025-07-22T14:15:15+00:00\" \/>\n<meta property=\"og:image\" content=\"https:\/\/www.em.com.br\/emfoco\/wp-content\/uploads\/2025\/07\/Sem-acucar_1751982547595.jpg\" \/>\n\t<meta property=\"og:image:width\" content=\"1279\" \/>\n\t<meta property=\"og:image:height\" content=\"720\" \/>\n\t<meta property=\"og:image:type\" content=\"image\/jpeg\" \/>\n<meta name=\"author\" content=\"Gabriel Martins\" \/>\n<meta name=\"twitter:card\" content=\"summary_large_image\" \/>\n<meta name=\"twitter:label1\" content=\"Escrito por\" \/>\n\t<meta name=\"twitter:data1\" content=\"Gabriel Martins\" \/>\n\t<meta name=\"twitter:label2\" content=\"Est. tempo de leitura\" \/>\n\t<meta name=\"twitter:data2\" content=\"4 minutos\" \/>\n<!-- \/ Yoast SEO plugin. -->","yoast_head_json":{"title":"O que acontece com seu corpo quando voc\u00ea para de usar a\u00e7\u00facar por 15 dias? - Estado de Minas - Em foco","description":"Seu corpo reage imediatamente quando voc\u00ea elimina o a\u00e7\u00facar. Veja como a energia, o sono e at\u00e9 o humor melhoram em poucos dias.","robots":{"index":"index","follow":"follow","max-snippet":"max-snippet:-1","max-image-preview":"max-image-preview:large","max-video-preview":"max-video-preview:-1"},"canonical":"https:\/\/www.em.com.br\/emfoco\/2025\/07\/24\/o-que-acontece-com-seu-corpo-quando-voce-para-de-usar-acucar-por-15-dias\/","og_locale":"pt_BR","og_type":"article","og_title":"O que acontece com seu corpo quando voc\u00ea para de usar a\u00e7\u00facar por 15 dias? - Estado de Minas - Em foco","og_description":"Seu corpo reage imediatamente quando voc\u00ea elimina o a\u00e7\u00facar. Veja como a energia, o sono e at\u00e9 o humor melhoram em poucos dias.","og_url":"https:\/\/www.em.com.br\/emfoco\/2025\/07\/24\/o-que-acontece-com-seu-corpo-quando-voce-para-de-usar-acucar-por-15-dias\/","og_site_name":"Estado de Minas - Em foco","article_published_time":"2025-07-24T15:28:00+00:00","article_modified_time":"2025-07-22T14:15:15+00:00","og_image":[{"width":1279,"height":720,"url":"https:\/\/www.em.com.br\/emfoco\/wp-content\/uploads\/2025\/07\/Sem-acucar_1751982547595.jpg","type":"image\/jpeg"}],"author":"Gabriel Martins","twitter_card":"summary_large_image","twitter_misc":{"Escrito por":"Gabriel Martins","Est. tempo de leitura":"4 minutos"},"schema":{"@context":"https:\/\/schema.org","@graph":[{"@type":"WebPage","@id":"https:\/\/www.em.com.br\/emfoco\/2025\/07\/24\/o-que-acontece-com-seu-corpo-quando-voce-para-de-usar-acucar-por-15-dias\/","url":"https:\/\/www.em.com.br\/emfoco\/2025\/07\/24\/o-que-acontece-com-seu-corpo-quando-voce-para-de-usar-acucar-por-15-dias\/","name":"O que acontece com seu corpo quando voc\u00ea para de usar a\u00e7\u00facar por 15 dias? - Estado de Minas - Em foco","isPartOf":{"@id":"https:\/\/www.em.com.br\/emfoco\/#website"},"primaryImageOfPage":{"@id":"https:\/\/www.em.com.br\/emfoco\/2025\/07\/24\/o-que-acontece-com-seu-corpo-quando-voce-para-de-usar-acucar-por-15-dias\/#primaryimage"},"image":{"@id":"https:\/\/www.em.com.br\/emfoco\/2025\/07\/24\/o-que-acontece-com-seu-corpo-quando-voce-para-de-usar-acucar-por-15-dias\/#primaryimage"},"thumbnailUrl":"https:\/\/www.em.com.br\/emfoco\/wp-content\/uploads\/2025\/07\/Sem-acucar_1751982547595.jpg","datePublished":"2025-07-24T15:28:00+00:00","dateModified":"2025-07-22T14:15:15+00:00","author":{"@id":"https:\/\/www.em.com.br\/emfoco\/#\/schema\/person\/1c9ddeab18b98abeffef834667bcf08a"},"description":"Seu corpo reage imediatamente quando voc\u00ea elimina o a\u00e7\u00facar. Veja como a energia, o sono e at\u00e9 o humor melhoram em poucos dias.","breadcrumb":{"@id":"https:\/\/www.em.com.br\/emfoco\/2025\/07\/24\/o-que-acontece-com-seu-corpo-quando-voce-para-de-usar-acucar-por-15-dias\/#breadcrumb"},"inLanguage":"pt-BR","potentialAction":[{"@type":"ReadAction","target":["https:\/\/www.em.com.br\/emfoco\/2025\/07\/24\/o-que-acontece-com-seu-corpo-quando-voce-para-de-usar-acucar-por-15-dias\/"]}]},{"@type":"ImageObject","inLanguage":"pt-BR","@id":"https:\/\/www.em.com.br\/emfoco\/2025\/07\/24\/o-que-acontece-com-seu-corpo-quando-voce-para-de-usar-acucar-por-15-dias\/#primaryimage","url":"https:\/\/www.em.com.br\/emfoco\/wp-content\/uploads\/2025\/07\/Sem-acucar_1751982547595.jpg","contentUrl":"https:\/\/www.em.com.br\/emfoco\/wp-content\/uploads\/2025\/07\/Sem-acucar_1751982547595.jpg","width":1279,"height":720,"caption":"A\u00e7\u00facar refinado que eleva a glicemia rapidamente - Cr\u00e9ditos: depositphotos.com \/ focuspocusltd"},{"@type":"BreadcrumbList","@id":"https:\/\/www.em.com.br\/emfoco\/2025\/07\/24\/o-que-acontece-com-seu-corpo-quando-voce-para-de-usar-acucar-por-15-dias\/#breadcrumb","itemListElement":[{"@type":"ListItem","position":1,"name":"In\u00edcio","item":"https:\/\/www.em.com.br\/emfoco\/"},{"@type":"ListItem","position":2,"name":"O que acontece com seu corpo quando voc\u00ea para de usar a\u00e7\u00facar por 15 dias?"}]},{"@type":"WebSite","@id":"https:\/\/www.em.com.br\/emfoco\/#website","url":"https:\/\/www.em.com.br\/emfoco\/","name":"Estado de Minas - Em foco","description":"Acompanhe as \u00faltimas not\u00edcias e fique bem informado sobre tudo o que acontece em Minas Gerais, Brasil e no mundo.","potentialAction":[{"@type":"SearchAction","target":{"@type":"EntryPoint","urlTemplate":"https:\/\/www.em.com.br\/emfoco\/?s={search_term_string}"},"query-input":{"@type":"PropertyValueSpecification","valueRequired":true,"valueName":"search_term_string"}}],"inLanguage":"pt-BR"},{"@type":"Person","@id":"https:\/\/www.em.com.br\/emfoco\/#\/schema\/person\/1c9ddeab18b98abeffef834667bcf08a","name":"Gabriel Martins","image":{"@type":"ImageObject","inLanguage":"pt-BR","@id":"https:\/\/www.em.com.br\/emfoco\/#\/schema\/person\/image\/","url":"https:\/\/secure.gravatar.com\/avatar\/f0f1e2efdfd88f1ad2cb08c5c2731e50?s=96&d=mm&r=g","contentUrl":"https:\/\/secure.gravatar.com\/avatar\/f0f1e2efdfd88f1ad2cb08c5c2731e50?s=96&d=mm&r=g","caption":"Gabriel Martins"},"sameAs":["https:\/\/www.em.com.br\/emfoco\/"],"url":"https:\/\/www.em.com.br\/emfoco\/author\/gabrielmartinsmyth\/"}]}},"_links":{"self":[{"href":"https:\/\/www.em.com.br\/emfoco\/wp-json\/wp\/v2\/posts\/79748","targetHints":{"allow":["GET"]}}],"collection":[{"href":"https:\/\/www.em.com.br\/emfoco\/wp-json\/wp\/v2\/posts"}],"about":[{"href":"https:\/\/www.em.com.br\/emfoco\/wp-json\/wp\/v2\/types\/post"}],"author":[{"embeddable":true,"href":"https:\/\/www.em.com.br\/emfoco\/wp-json\/wp\/v2\/users\/13"}],"replies":[{"embeddable":true,"href":"https:\/\/www.em.com.br\/emfoco\/wp-json\/wp\/v2\/comments?post=79748"}],"version-history":[{"count":3,"href":"https:\/\/www.em.com.br\/emfoco\/wp-json\/wp\/v2\/posts\/79748\/revisions"}],"predecessor-version":[{"id":79782,"href":"https:\/\/www.em.com.br\/emfoco\/wp-json\/wp\/v2\/posts\/79748\/revisions\/79782"}],"wp:featuredmedia":[{"embeddable":true,"href":"https:\/\/www.em.com.br\/emfoco\/wp-json\/wp\/v2\/media\/72792"}],"wp:attachment":[{"href":"https:\/\/www.em.com.br\/emfoco\/wp-json\/wp\/v2\/media?parent=79748"}],"wp:term":[{"taxonomy":"category","embeddable":true,"href":"https:\/\/www.em.com.br\/emfoco\/wp-json\/wp\/v2\/categories?post=79748"},{"taxonomy":"post_tag","embeddable":true,"href":"https:\/\/www.em.com.br\/emfoco\/wp-json\/wp\/v2\/tags?post=79748"}],"curies":[{"name":"wp","href":"https:\/\/api.w.org\/{rel}","templated":true}]}}