{"id":79681,"date":"2025-07-23T06:28:00","date_gmt":"2025-07-23T09:28:00","guid":{"rendered":"https:\/\/www.em.com.br\/emfoco\/?p=79681"},"modified":"2025-07-22T10:57:57","modified_gmt":"2025-07-22T13:57:57","slug":"sudeste-vai-enfrentar-um-clima-que-ninguem-esperava-neste-fim-de-julho","status":"publish","type":"post","link":"https:\/\/www.em.com.br\/emfoco\/2025\/07\/23\/sudeste-vai-enfrentar-um-clima-que-ninguem-esperava-neste-fim-de-julho\/","title":{"rendered":"Sudeste vai enfrentar um clima que ningu\u00e9m esperava neste fim de julho"},"content":{"rendered":"\n<p>As <a href=\"https:\/\/brasil.un.org\/pt-br\/175180-o-que-s%C3%A3o-mudan%C3%A7as-clim%C3%A1ticas\" target=\"_blank\" rel=\"noreferrer noopener\">mudan\u00e7as clim\u00e1ticas<\/a> t\u00eam se manifestado de diversas maneiras ao redor do mundo, e a regi\u00e3o\u00a0<strong>Sudeste<\/strong>\u00a0do\u00a0<strong>Brasil<\/strong>\u00a0n\u00e3o est\u00e1 imune a esses efeitos. Com a intensifica\u00e7\u00e3o de fen\u00f4menos meteorol\u00f3gicos extremos, como fortes chuvas e severas secas, a influ\u00eancia das mudan\u00e7as clim\u00e1ticas \u00e9 evidente e preocupante. Esse impacto \u00e9 sentido em diversos aspectos da vida cotidiana, desde a agricultura at\u00e9 o fornecimento de energia e abastecimento de \u00e1gua, desafiando a resili\u00eancia das cidades e da popula\u00e7\u00e3o local.<\/p>\n\n\n\n<h2 class=\"wp-block-heading\">Qual a previs\u00e3o das temperaturas para 23 e 24 de julho de 2025 no sudeste?<\/h2>\n\n\n\n<p>As previs\u00f5es para os pr\u00f3ximos dias na regi\u00e3o Sudeste indicam varia\u00e7\u00f5es clim\u00e1ticas significativas. A seguir, apresentamos as temperaturas m\u00e1ximas e m\u00ednimas previstas para algumas capitais e cidades da regi\u00e3o:<\/p>\n\n\n\n<ul class=\"wp-block-list\">\n<li><strong>S\u00e3o Paulo<\/strong>: M\u00e1xima de 26\u00b0C e m\u00ednima de 16\u00b0C<\/li>\n\n\n\n<li><strong>Rio de Janeiro<\/strong>: M\u00e1xima de 28\u00b0C e m\u00ednima de 18\u00b0C<\/li>\n\n\n\n<li><strong>Belo Horizonte<\/strong>: M\u00e1xima de 25\u00b0C e m\u00ednima de 15\u00b0C<\/li>\n\n\n\n<li><strong>Vit\u00f3ria<\/strong>: M\u00e1xima de 27\u00b0C e m\u00ednima de 19\u00b0C<\/li>\n<\/ul>\n\n\n\n<h2 class=\"wp-block-heading\">Como ficam as temperaturas em Belo Horizonte?<\/h2>\n\n\n\n<p>Para a capital mineira,&nbsp;<strong>Belo Horizonte<\/strong>, espera-se que as temperaturas atinjam picos e quedas moderadas, refletindo as flutua\u00e7\u00f5es t\u00edpicas do outono brasileiro. Veja as previs\u00f5es espec\u00edficas:<\/p>\n\n\n\n<ul class=\"wp-block-list\">\n<li><strong>23 de Julho<\/strong>: M\u00e1xima de 25\u00b0C e m\u00ednima de 15\u00b0C<\/li>\n\n\n\n<li><strong>24 de Julho<\/strong>: M\u00e1xima de 24\u00b0C e m\u00ednima de 14\u00b0C<\/li>\n<\/ul>\n\n\n\n<figure class=\"wp-block-image\"><img decoding=\"async\" src=\"https:\/\/www.em.com.br\/emfoco\/wp-content\/uploads\/2025\/04\/Clima-sol-ou-chuva_1745256516839-1024x576.jpg\" alt=\"\"\/><figcaption class=\"wp-element-caption\">Clima &#8211; Cr\u00e9ditos: depositphotos.com \/ pongsuwan<\/figcaption><\/figure>\n\n\n\n<h2 class=\"wp-block-heading\">Qual a previs\u00e3o para outras cidades de Minas Gerais?<\/h2>\n\n\n\n<p>Em\u00a0<strong><a href=\"https:\/\/www.em.com.br\/emfoco\/2025\/07\/21\/o-melhor-roteiro-de-3-dias-em-minas-gerais-com-passeios-para-toda-familia\/\" target=\"_blank\" rel=\"noreferrer noopener\">Minas Gerais<\/a><\/strong>, outras cidades tamb\u00e9m apresentam varia\u00e7\u00f5es clim\u00e1ticas marcantes. Aqui est\u00e3o algumas cidades com suas respectivas temperaturas previstas:<\/p>\n\n\n\n<ul class=\"wp-block-list\">\n<li><strong>Uberl\u00e2ndia<\/strong>: M\u00e1xima de 26\u00b0C e m\u00ednima de 13\u00b0C<\/li>\n\n\n\n<li><strong>Juiz de Fora<\/strong>: M\u00e1xima de 22\u00b0C e m\u00ednima de 12\u00b0C<\/li>\n\n\n\n<li><strong>Montes Claros<\/strong>: M\u00e1xima de 27\u00b0C e m\u00ednima de 16\u00b0C<\/li>\n\n\n\n<li><strong>Governador Valadares<\/strong>: M\u00e1xima de 28\u00b0C e m\u00ednima de 18\u00b0C<\/li>\n<\/ul>\n\n\n\n<h2 class=\"wp-block-heading\">O que esperar da frente fria e das chuvas no sudeste?<\/h2>\n\n\n\n<p>Uma frente fria est\u00e1 se aproximando da regi\u00e3o Sudeste, trazendo consigo mudan\u00e7as clim\u00e1ticas significativas para os pr\u00f3ximos dias. Veja o que esperar em cada estado:<\/p>\n\n\n\n<ul class=\"wp-block-list\">\n<li>S\u00e3o Paulo: Possibilidade de chuvas esparsas com 40% de chance<\/li>\n\n\n\n<li>Rio de Janeiro: C\u00e9u parcialmente nublado, com 30% de chance de chuva<\/li>\n\n\n\n<li>Esp\u00edrito Santo: Tempo ensolarado com pequenas chances de precipita\u00e7\u00e3o<\/li>\n\n\n\n<li>Minas Gerais: Nublado com 50% de possibilidade de chuvas isoladas<\/li>\n<\/ul>\n\n\n\n<h2 class=\"wp-block-heading\">Quais cidades t\u00eam as menores temperaturas previstas?<\/h2>\n\n\n\n<p>O frio caracteriza o Sudeste nesta semana, com algumas cidades registrando baixas temperaturas. A seguir, o ranking das cidades com previs\u00e3o das menores temperaturas:<\/p>\n\n\n\n<ol class=\"wp-block-list\">\n<li><strong>Campos do Jord\u00e3o<\/strong>\u00a0(SP): 8\u00b0C<\/li>\n\n\n\n<li><strong>Petr\u00f3polis<\/strong>\u00a0(RJ): 9\u00b0C<\/li>\n\n\n\n<li><strong>Monte Verde<\/strong>\u00a0(MG): 10\u00b0C<\/li>\n\n\n\n<li><strong>Friburgo<\/strong>\u00a0(RJ): 11\u00b0C<\/li>\n\n\n\n<li><strong>Serra da Mantiqueira<\/strong>\u00a0(MG): 12\u00b0C<\/li>\n\n\n\n<li><strong>Caldas<\/strong>\u00a0(MG): 13\u00b0C<\/li>\n\n\n\n<li><strong>Serra Negra<\/strong>\u00a0(SP): 14\u00b0C<\/li>\n\n\n\n<li><strong>Itatiaia<\/strong>\u00a0(RJ): 14\u00b0C<\/li>\n<\/ol>\n\n\n\n<h2 class=\"wp-block-heading\">O que dizem os sites especializados?<\/h2>\n\n\n\n<p>Os sites especializados em meteorologia apontam para uma semana inst\u00e1vel no Sudeste, com predomin\u00e2ncia de temperaturas amenas devido \u00e0 frente fria. As previs\u00f5es indicam que, embora as chuvas n\u00e3o sejam intensas, a varia\u00e7\u00e3o de temperatura exige aten\u00e7\u00e3o especial, principalmente nas primeiras horas da manh\u00e3 e \u00e0 noite, quando o frio ser\u00e1 mais percept\u00edvel nos pontos mais altos e afastados das capitais. Segundo o&nbsp;<strong>Instituto Nacional de Meteorologia<\/strong>, o avan\u00e7o da frente fria pode aumentar rapidamente os \u00edndices de umidade, beneficiando algumas \u00e1reas agr\u00edcolas.<\/p>\n\n\n\n<h2 class=\"wp-block-heading\">Como interpretar a previs\u00e3o do tempo: dicas pr\u00e1ticas<\/h2>\n\n\n\n<p>A previs\u00e3o do tempo, por vezes, pode parecer complexa, mas algumas dicas podem ajudar na interpreta\u00e7\u00e3o correta. Primeiramente, \u00e9 importante observar as&nbsp;<strong>tend\u00eancias clim\u00e1ticas di\u00e1rias<\/strong>, pois elas fornecem uma ideia geral do que esperar. Al\u00e9m disso, entender os&nbsp;<em>termos meteorol\u00f3gicos<\/em>&nbsp;comuns, como&nbsp;<strong>frente fria<\/strong>, precipita\u00e7\u00e3o e umidade, pode evitar interpreta\u00e7\u00f5es erradas. Por fim, \u00e9 recomend\u00e1vel consultar v\u00e1rias fontes para obter uma vis\u00e3o mais abrangente e precisa do clima, como o&nbsp;<strong>INMET<\/strong>&nbsp;e sites especializados como o&nbsp;<strong>Climatempo<\/strong>&nbsp;e o&nbsp;<strong>Tempo Agora<\/strong>, que possuem atualiza\u00e7\u00e3o em tempo real para todas as regi\u00f5es do pa\u00eds.<\/p>\n","protected":false},"excerpt":{"rendered":"<p>As mudan\u00e7as clim\u00e1ticas t\u00eam se manifestado de diversas maneiras ao redor do mundo, e a regi\u00e3o\u00a0Sudeste\u00a0do\u00a0Brasil\u00a0n\u00e3o est\u00e1 imune a esses efeitos. Com a intensifica\u00e7\u00e3o de fen\u00f4menos meteorol\u00f3gicos extremos, como fortes chuvas e severas secas, a influ\u00eancia das mudan\u00e7as clim\u00e1ticas \u00e9 evidente e preocupante. Esse impacto \u00e9 sentido em diversos aspectos da vida cotidiana, desde a [&hellip;]<\/p>\n","protected":false},"author":11,"featured_media":48927,"comment_status":"open","ping_status":"open","sticky":false,"template":"","format":"standard","meta":{"jnews-multi-image_gallery":[],"jnews_single_post":{"format":"standard"},"jnews_primary_category":[],"jnews_social_meta":[],"jnews_override_counter":[],"footnotes":""},"categories":[30,1],"tags":[152,9169,251,1192],"class_list":["post-79681","post","type-post","status-publish","format-standard","has-post-thumbnail","hentry","category-clima","category-noticias","tag-clima","tag-frente-fria","tag-previsao-do-tempo","tag-sudeste"],"yoast_head":"<!-- This site is optimized with the Yoast SEO plugin v23.8 - https:\/\/yoast.com\/wordpress\/plugins\/seo\/ -->\n<title>Sudeste vai enfrentar um clima que ningu\u00e9m esperava neste fim de julho - Estado de Minas - Em foco<\/title>\n<meta name=\"description\" content=\"O clima vai surpreender o Sudeste com baixas temperaturas e mudan\u00e7as bruscas. Confira a previs\u00e3o completa e se proteja do frio.\" \/>\n<meta name=\"robots\" content=\"index, follow, max-snippet:-1, max-image-preview:large, max-video-preview:-1\" \/>\n<link rel=\"canonical\" href=\"https:\/\/www.em.com.br\/emfoco\/2025\/07\/23\/sudeste-vai-enfrentar-um-clima-que-ninguem-esperava-neste-fim-de-julho\/\" \/>\n<meta property=\"og:locale\" content=\"pt_BR\" \/>\n<meta property=\"og:type\" content=\"article\" \/>\n<meta property=\"og:title\" content=\"Sudeste vai enfrentar um clima que ningu\u00e9m esperava neste fim de julho - Estado de Minas - Em foco\" \/>\n<meta property=\"og:description\" content=\"O clima vai surpreender o Sudeste com baixas temperaturas e mudan\u00e7as bruscas. Confira a previs\u00e3o completa e se proteja do frio.\" \/>\n<meta property=\"og:url\" content=\"https:\/\/www.em.com.br\/emfoco\/2025\/07\/23\/sudeste-vai-enfrentar-um-clima-que-ninguem-esperava-neste-fim-de-julho\/\" \/>\n<meta property=\"og:site_name\" content=\"Estado de Minas - Em foco\" \/>\n<meta property=\"article:published_time\" content=\"2025-07-23T09:28:00+00:00\" \/>\n<meta property=\"article:modified_time\" content=\"2025-07-22T13:57:57+00:00\" \/>\n<meta property=\"og:image\" content=\"https:\/\/www.em.com.br\/emfoco\/wp-content\/uploads\/2025\/05\/Olhando-a-previsao-do-tempo_1747756216415.jpg\" \/>\n\t<meta property=\"og:image:width\" content=\"1280\" \/>\n\t<meta property=\"og:image:height\" content=\"720\" \/>\n\t<meta property=\"og:image:type\" content=\"image\/jpeg\" \/>\n<meta name=\"author\" content=\"Andre\u0301 Rangel\u00a0\" \/>\n<meta name=\"twitter:card\" content=\"summary_large_image\" \/>\n<meta name=\"twitter:label1\" content=\"Escrito por\" \/>\n\t<meta name=\"twitter:data1\" content=\"Andre\u0301 Rangel\u00a0\" \/>\n\t<meta name=\"twitter:label2\" content=\"Est. tempo de leitura\" \/>\n\t<meta name=\"twitter:data2\" content=\"4 minutos\" \/>\n<!-- \/ Yoast SEO plugin. -->","yoast_head_json":{"title":"Sudeste vai enfrentar um clima que ningu\u00e9m esperava neste fim de julho - Estado de Minas - Em foco","description":"O clima vai surpreender o Sudeste com baixas temperaturas e mudan\u00e7as bruscas. Confira a previs\u00e3o completa e se proteja do frio.","robots":{"index":"index","follow":"follow","max-snippet":"max-snippet:-1","max-image-preview":"max-image-preview:large","max-video-preview":"max-video-preview:-1"},"canonical":"https:\/\/www.em.com.br\/emfoco\/2025\/07\/23\/sudeste-vai-enfrentar-um-clima-que-ninguem-esperava-neste-fim-de-julho\/","og_locale":"pt_BR","og_type":"article","og_title":"Sudeste vai enfrentar um clima que ningu\u00e9m esperava neste fim de julho - Estado de Minas - Em foco","og_description":"O clima vai surpreender o Sudeste com baixas temperaturas e mudan\u00e7as bruscas. Confira a previs\u00e3o completa e se proteja do frio.","og_url":"https:\/\/www.em.com.br\/emfoco\/2025\/07\/23\/sudeste-vai-enfrentar-um-clima-que-ninguem-esperava-neste-fim-de-julho\/","og_site_name":"Estado de Minas - Em foco","article_published_time":"2025-07-23T09:28:00+00:00","article_modified_time":"2025-07-22T13:57:57+00:00","og_image":[{"width":1280,"height":720,"url":"https:\/\/www.em.com.br\/emfoco\/wp-content\/uploads\/2025\/05\/Olhando-a-previsao-do-tempo_1747756216415.jpg","type":"image\/jpeg"}],"author":"Andre\u0301 Rangel\u00a0","twitter_card":"summary_large_image","twitter_misc":{"Escrito por":"Andre\u0301 Rangel\u00a0","Est. tempo de leitura":"4 minutos"},"schema":{"@context":"https:\/\/schema.org","@graph":[{"@type":"WebPage","@id":"https:\/\/www.em.com.br\/emfoco\/2025\/07\/23\/sudeste-vai-enfrentar-um-clima-que-ninguem-esperava-neste-fim-de-julho\/","url":"https:\/\/www.em.com.br\/emfoco\/2025\/07\/23\/sudeste-vai-enfrentar-um-clima-que-ninguem-esperava-neste-fim-de-julho\/","name":"Sudeste vai enfrentar um clima que ningu\u00e9m esperava neste fim de julho - Estado de Minas - Em foco","isPartOf":{"@id":"https:\/\/www.em.com.br\/emfoco\/#website"},"primaryImageOfPage":{"@id":"https:\/\/www.em.com.br\/emfoco\/2025\/07\/23\/sudeste-vai-enfrentar-um-clima-que-ninguem-esperava-neste-fim-de-julho\/#primaryimage"},"image":{"@id":"https:\/\/www.em.com.br\/emfoco\/2025\/07\/23\/sudeste-vai-enfrentar-um-clima-que-ninguem-esperava-neste-fim-de-julho\/#primaryimage"},"thumbnailUrl":"https:\/\/www.em.com.br\/emfoco\/wp-content\/uploads\/2025\/05\/Olhando-a-previsao-do-tempo_1747756216415.jpg","datePublished":"2025-07-23T09:28:00+00:00","dateModified":"2025-07-22T13:57:57+00:00","author":{"@id":"https:\/\/www.em.com.br\/emfoco\/#\/schema\/person\/60eda09c1fedf0d6891f4cef4b60b8b8"},"description":"O clima vai surpreender o Sudeste com baixas temperaturas e mudan\u00e7as bruscas. Confira a previs\u00e3o completa e se proteja do frio.","breadcrumb":{"@id":"https:\/\/www.em.com.br\/emfoco\/2025\/07\/23\/sudeste-vai-enfrentar-um-clima-que-ninguem-esperava-neste-fim-de-julho\/#breadcrumb"},"inLanguage":"pt-BR","potentialAction":[{"@type":"ReadAction","target":["https:\/\/www.em.com.br\/emfoco\/2025\/07\/23\/sudeste-vai-enfrentar-um-clima-que-ninguem-esperava-neste-fim-de-julho\/"]}]},{"@type":"ImageObject","inLanguage":"pt-BR","@id":"https:\/\/www.em.com.br\/emfoco\/2025\/07\/23\/sudeste-vai-enfrentar-um-clima-que-ninguem-esperava-neste-fim-de-julho\/#primaryimage","url":"https:\/\/www.em.com.br\/emfoco\/wp-content\/uploads\/2025\/05\/Olhando-a-previsao-do-tempo_1747756216415.jpg","contentUrl":"https:\/\/www.em.com.br\/emfoco\/wp-content\/uploads\/2025\/05\/Olhando-a-previsao-do-tempo_1747756216415.jpg","width":1280,"height":720,"caption":"Olhando a previs\u00e3o do tempo - Cr\u00e9ditos: depositphotos.com \/ carballo"},{"@type":"BreadcrumbList","@id":"https:\/\/www.em.com.br\/emfoco\/2025\/07\/23\/sudeste-vai-enfrentar-um-clima-que-ninguem-esperava-neste-fim-de-julho\/#breadcrumb","itemListElement":[{"@type":"ListItem","position":1,"name":"In\u00edcio","item":"https:\/\/www.em.com.br\/emfoco\/"},{"@type":"ListItem","position":2,"name":"Sudeste vai enfrentar um clima que ningu\u00e9m esperava neste fim de julho"}]},{"@type":"WebSite","@id":"https:\/\/www.em.com.br\/emfoco\/#website","url":"https:\/\/www.em.com.br\/emfoco\/","name":"Estado de Minas - Em foco","description":"Acompanhe as \u00faltimas not\u00edcias e fique bem informado sobre tudo o que acontece em Minas Gerais, Brasil e no mundo.","potentialAction":[{"@type":"SearchAction","target":{"@type":"EntryPoint","urlTemplate":"https:\/\/www.em.com.br\/emfoco\/?s={search_term_string}"},"query-input":{"@type":"PropertyValueSpecification","valueRequired":true,"valueName":"search_term_string"}}],"inLanguage":"pt-BR"},{"@type":"Person","@id":"https:\/\/www.em.com.br\/emfoco\/#\/schema\/person\/60eda09c1fedf0d6891f4cef4b60b8b8","name":"Andre\u0301 Rangel\u00a0","image":{"@type":"ImageObject","inLanguage":"pt-BR","@id":"https:\/\/www.em.com.br\/emfoco\/#\/schema\/person\/image\/","url":"https:\/\/secure.gravatar.com\/avatar\/6234dc814c77c8ef6d8bba622c787efc?s=96&d=mm&r=g","contentUrl":"https:\/\/secure.gravatar.com\/avatar\/6234dc814c77c8ef6d8bba622c787efc?s=96&d=mm&r=g","caption":"Andre\u0301 Rangel\u00a0"},"url":"https:\/\/www.em.com.br\/emfoco\/author\/luizmyth\/"}]}},"_links":{"self":[{"href":"https:\/\/www.em.com.br\/emfoco\/wp-json\/wp\/v2\/posts\/79681","targetHints":{"allow":["GET"]}}],"collection":[{"href":"https:\/\/www.em.com.br\/emfoco\/wp-json\/wp\/v2\/posts"}],"about":[{"href":"https:\/\/www.em.com.br\/emfoco\/wp-json\/wp\/v2\/types\/post"}],"author":[{"embeddable":true,"href":"https:\/\/www.em.com.br\/emfoco\/wp-json\/wp\/v2\/users\/11"}],"replies":[{"embeddable":true,"href":"https:\/\/www.em.com.br\/emfoco\/wp-json\/wp\/v2\/comments?post=79681"}],"version-history":[{"count":4,"href":"https:\/\/www.em.com.br\/emfoco\/wp-json\/wp\/v2\/posts\/79681\/revisions"}],"predecessor-version":[{"id":79760,"href":"https:\/\/www.em.com.br\/emfoco\/wp-json\/wp\/v2\/posts\/79681\/revisions\/79760"}],"wp:featuredmedia":[{"embeddable":true,"href":"https:\/\/www.em.com.br\/emfoco\/wp-json\/wp\/v2\/media\/48927"}],"wp:attachment":[{"href":"https:\/\/www.em.com.br\/emfoco\/wp-json\/wp\/v2\/media?parent=79681"}],"wp:term":[{"taxonomy":"category","embeddable":true,"href":"https:\/\/www.em.com.br\/emfoco\/wp-json\/wp\/v2\/categories?post=79681"},{"taxonomy":"post_tag","embeddable":true,"href":"https:\/\/www.em.com.br\/emfoco\/wp-json\/wp\/v2\/tags?post=79681"}],"curies":[{"name":"wp","href":"https:\/\/api.w.org\/{rel}","templated":true}]}}