{"id":79677,"date":"2025-07-23T11:18:58","date_gmt":"2025-07-23T14:18:58","guid":{"rendered":"https:\/\/www.em.com.br\/emfoco\/?p=79677"},"modified":"2025-07-22T19:10:50","modified_gmt":"2025-07-22T22:10:50","slug":"psicologia-revela-a-cor-que-atrai-mentes-geniais","status":"publish","type":"post","link":"https:\/\/www.em.com.br\/emfoco\/2025\/07\/23\/psicologia-revela-a-cor-que-atrai-mentes-geniais\/","title":{"rendered":"Psicologia revela a cor que atrai pessoas inteligentes"},"content":{"rendered":"\n<p><strong>Qual cor as pessoas mais inteligentes escolhem<\/strong>&nbsp;\u00e9 um tema que desperta curiosidade, principalmente por envolver percep\u00e7\u00f5es psicol\u00f3gicas e a influ\u00eancia das cores nas escolhas di\u00e1rias. Pesquisas recentes apontam padr\u00f5es interessantes sobre como a prefer\u00eancia por determinada tonalidade pode estar associada ao perfil cognitivo e emocional de uma pessoa.<\/p>\n\n\n\n<p>A rela\u00e7\u00e3o entre a cor favorita e caracter\u00edsticas como intelig\u00eancia vai al\u00e9m do gosto pessoal. H\u00e1 fatores cient\u00edficos e culturais envolvidos nesse processo, trazendo novas perspectivas sobre como as cores afetam o comportamento e o ambiente ao redor.<\/p>\n\n\n\n<ul class=\"wp-block-list\">\n<li>A psicologia das cores explica como alguns tons refletem tra\u00e7os intelectuais e de personalidade<\/li>\n\n\n\n<li>Estudos indicam qual tonalidade costuma ser preferida por quem apresenta habilidades cognitivas elevadas<\/li>\n\n\n\n<li>Fatores como contexto social e experi\u00eancias de vida influenciam essas escolhas, com varia\u00e7\u00f5es ao redor do mundo<\/li>\n<\/ul>\n\n\n\n<h2 class=\"wp-block-heading\">O que a psicologia das cores revela sobre intelig\u00eancia?<\/h2>\n\n\n\n<p>A an\u00e1lise do comportamento mostra que&nbsp;<strong>a cor azul<\/strong>&nbsp;tem destaque entre as pessoas que se identificam com perfis anal\u00edticos e com maior desenvolvimento intelectual. Varia\u00e7\u00f5es de azul s\u00e3o frequentemente associadas \u00e0 serenidade, concentra\u00e7\u00e3o e equil\u00edbrio\u2014elementos que facilitam atividades mentais complexas.<\/p>\n\n\n\n<p>Psic\u00f3logos identificam que a influ\u00eancia dessas tonalidades remete \u00e0 promo\u00e7\u00e3o de ambientes calmos e prop\u00edcios ao racioc\u00ednio l\u00f3gico. Indiv\u00edduos com aptid\u00e3o para resolver problemas tendem a preferir atmosferas em que o azul predomina, pois isso estimula criatividade e foco sem gerar est\u00edmulos excessivos.<\/p>\n\n\n\n<p>Essa prefer\u00eancia n\u00e3o indica que a escolha da cor sozinha determina os n\u00edveis de intelig\u00eancia, mas serve como um indicativo de ambientes e est\u00edmulos sensoriais favor\u00e1veis ao pensamento cr\u00edtico.<\/p>\n\n\n<div class=\"wp-block-image\">\n<figure class=\"aligncenter size-large\"><img loading=\"lazy\" decoding=\"async\" width=\"1024\" height=\"576\" src=\"https:\/\/www.em.com.br\/emfoco\/wp-content\/uploads\/2025\/07\/A-cor-preferida-1024x576.jpg\" alt=\"A cor preferida\" class=\"wp-image-79693\" srcset=\"https:\/\/www.em.com.br\/emfoco\/wp-content\/uploads\/2025\/07\/A-cor-preferida-1024x576.jpg 1024w, https:\/\/www.em.com.br\/emfoco\/wp-content\/uploads\/2025\/07\/A-cor-preferida-300x169.jpg 300w, https:\/\/www.em.com.br\/emfoco\/wp-content\/uploads\/2025\/07\/A-cor-preferida-768x432.jpg 768w, https:\/\/www.em.com.br\/emfoco\/wp-content\/uploads\/2025\/07\/A-cor-preferida-750x422.jpg 750w, https:\/\/www.em.com.br\/emfoco\/wp-content\/uploads\/2025\/07\/A-cor-preferida-1140x641.jpg 1140w, https:\/\/www.em.com.br\/emfoco\/wp-content\/uploads\/2025\/07\/A-cor-preferida.jpg 1280w\" sizes=\"auto, (max-width: 1024px) 100vw, 1024px\" \/><figcaption class=\"wp-element-caption\">A cor preferida &#8211; Cr\u00e9ditos: depositphotos.com \/ feedough &#8211; Cr\u00e9ditos: depositphotos.com \/ ArturVerkhovetskiy<\/figcaption><\/figure><\/div>\n\n\n<p>Leia tamb\u00e9m: <a href=\"https:\/\/www.em.com.br\/emfoco\/2025\/07\/10\/por-que-uma-frase-nao-sai-da-sua-cabeca-a-psicologia-explica\/\" target=\"_blank\" rel=\"noreferrer noopener\">Por que uma frase n\u00e3o sai da sua cabe\u00e7a? A psicologia explica<\/a><\/p>\n\n\n\n<h2 class=\"wp-block-heading\">Por que o azul \u00e9 associado \u00e0 intelig\u00eancia?<\/h2>\n\n\n\n<p>Estudos em psicologia afirmam que o azul desperta sensa\u00e7\u00f5es de tranquilidade e controle emocional, aspectos cruciais para tarefas cognitivamente exigentes. Pessoas atra\u00eddas por esse tom apresentam, com frequ\u00eancia, maior capacidade de concentra\u00e7\u00e3o e resili\u00eancia em situa\u00e7\u00f5es de press\u00e3o.<\/p>\n\n\n\n<p>Segundo especialistas, ambientes decorados com&nbsp;<strong>azul<\/strong>&nbsp;contribuem para o aumento da efici\u00eancia mental e incentivam comportamentos colaborativos. Empresas e institui\u00e7\u00f5es de ensino utilizam elementos azulados na arquitetura e nos uniformes para estimular produtividade e evitar distra\u00e7\u00f5es.<\/p>\n\n\n\n<p>Al\u00e9m disso, o azul \u00e9 percebido como uma cor universalmente aceita, e isso favorece intera\u00e7\u00f5es como empatia e facilidade em lidar com diferentes pontos de vista\u2014caracter\u00edsticas presentes em pessoas emocionalmente inteligentes.<\/p>\n\n\n\n<p><em>Aten\u00e7\u00e3o:<\/em>&nbsp;Nem todas as culturas compartilham a mesma associa\u00e7\u00e3o, e fatores regionais podem alterar o significado das cores.<\/p>\n\n\n\n<h2 class=\"wp-block-heading\">Outras cores e prefer\u00eancias: existem exce\u00e7\u00f5es?<\/h2>\n\n\n\n<p>Embora a predomin\u00e2ncia do azul seja observada, varia\u00e7\u00f5es como&nbsp;<strong>verde<\/strong>&nbsp;e&nbsp;<strong>cinza<\/strong>&nbsp;tamb\u00e9m aparecem entre prefer\u00eancias de pessoas com perfis reflexivos e racionais. O verde \u00e9 relacionado ao equil\u00edbrio e ao pensamento l\u00f3gico, enquanto o cinza transmite objetividade e discri\u00e7\u00e3o.<\/p>\n\n\n\n<p>Pessoas que escolhem o vermelho, por exemplo, podem apresentar perfis mais extrovertidos e focados em a\u00e7\u00e3o, sem necessariamente vincular essa escolha a tra\u00e7os intelectuais elevados. J\u00e1 tons como o amarelo, frequentemente ligados \u00e0 criatividade, tamb\u00e9m surgem em contextos de inova\u00e7\u00e3o e pensamento diferenciado, compondo um quadro mais amplo sobre perfis cognitivos.<\/p>\n\n\n\n<ul class=\"wp-block-list\">\n<li>Azul favorece processos anal\u00edticos e foco<\/li>\n\n\n\n<li>Verde refor\u00e7a l\u00f3gica e harmonia<\/li>\n\n\n\n<li>Cinza destaca racionalidade e discri\u00e7\u00e3o<\/li>\n<\/ul>\n\n\n\n<p>Importante observar que o conceito de intelig\u00eancia \u00e9 <a href=\"https:\/\/oglobo.globo.com\/ela\/noticia\/2025\/05\/08\/saiba-as-tres-cores-que-as-pessoas-inteligentes-mais-usam-segundo-a-ia.ghtml\" target=\"_blank\" rel=\"noreferrer noopener\">multidimensional <\/a>e pode se manifestar de diferentes maneiras, influenciando escolhas para al\u00e9m das cores tradicionais.<\/p>\n\n\n\n<h2 class=\"wp-block-heading\">Cores e intelig\u00eancia: rela\u00e7\u00f5es identificadas em 2025<\/h2>\n\n\n\n<p>Com base em estudos atuais, pesquisas identificam tend\u00eancias de associa\u00e7\u00e3o entre intelig\u00eancia e a escolha do azul, especialmente em contextos de solu\u00e7\u00e3o de problemas ou atividades intelectuais. Em 2025, no entanto, especialistas ressaltam que o contexto, experi\u00eancias anteriores e at\u00e9 mem\u00f3rias de inf\u00e2ncia podem influenciar fortemente as prefer\u00eancias individuais.<\/p>\n\n\n\n<p>Mini-pesquisas demonstram que a presen\u00e7a de tons azuis em ambientes de estudo e trabalho \u00e9 capaz de estimular a criatividade e o pensamento l\u00f3gico, confirmando hip\u00f3teses levantadas pela psicologia nos \u00faltimos anos. Escolher uma cor, ent\u00e3o, \u00e9 resultado de m\u00faltiplos fatores, indo desde refer\u00eancias pessoais at\u00e9 tend\u00eancias culturais do momento.<\/p>\n\n\n\n<p>Os ind\u00edcios sugerem que intelig\u00eancia e escolha de cor compartilham uma conex\u00e3o relevante, mas sempre alinhada com o contexto de quem faz a escolha e das experi\u00eancias \u00fanicas daquela pessoa.<\/p>\n\n\n\n<h2 class=\"wp-block-heading\">Principais insights sobre cor e intelig\u00eancia<\/h2>\n\n\n\n<ul class=\"wp-block-list\">\n<li>A prefer\u00eancia pelo azul est\u00e1 ligada ao est\u00edmulo de ambientes favor\u00e1veis \u00e0 concentra\u00e7\u00e3o e \u00e0 criatividade.<\/li>\n\n\n\n<li>Aspectos emocionais e culturais influenciam diretamente a escolha de cores por pessoas consideradas inteligentes.<\/li>\n\n\n\n<li>A rela\u00e7\u00e3o entre cor e intelig\u00eancia deve ser entendida de forma ampla, respeitando contextos e individualidades.<\/li>\n<\/ul>\n","protected":false},"excerpt":{"rendered":"<p>Qual cor as pessoas mais inteligentes escolhem&nbsp;\u00e9 um tema que desperta curiosidade, principalmente por envolver percep\u00e7\u00f5es psicol\u00f3gicas e a influ\u00eancia das cores nas escolhas di\u00e1rias. Pesquisas recentes apontam padr\u00f5es interessantes sobre como a prefer\u00eancia por determinada tonalidade pode estar associada ao perfil cognitivo e emocional de uma pessoa. A rela\u00e7\u00e3o entre a cor favorita e [&hellip;]<\/p>\n","protected":false},"author":15,"featured_media":79687,"comment_status":"open","ping_status":"open","sticky":false,"template":"","format":"standard","meta":{"jnews-multi-image_gallery":[],"jnews_single_post":{"format":"standard"},"jnews_primary_category":[],"jnews_social_meta":[],"jnews_override_counter":[],"footnotes":""},"categories":[8819,1],"tags":[12614,4983,1110,6830,5155],"class_list":["post-79677","post","type-post","status-publish","format-standard","has-post-thumbnail","hentry","category-curiosidades","category-noticias","tag-azuis","tag-comportamento","tag-cores","tag-inteligencia","tag-psicologia"],"yoast_head":"<!-- This site is optimized with the Yoast SEO plugin v23.8 - https:\/\/yoast.com\/wordpress\/plugins\/seo\/ -->\n<title>Psicologia revela a cor que atrai pessoas inteligentes - Estado de Minas - Em foco<\/title>\n<meta name=\"description\" content=\"A psicologia investigou as prefer\u00eancias de cor e revelou qual \u00e9 a favorita das pessoas com intelig\u00eancia acima da m\u00e9dia. Adivinha qual \u00e9?\" \/>\n<meta name=\"robots\" content=\"index, follow, max-snippet:-1, max-image-preview:large, max-video-preview:-1\" \/>\n<link rel=\"canonical\" href=\"https:\/\/www.em.com.br\/emfoco\/2025\/07\/23\/psicologia-revela-a-cor-que-atrai-mentes-geniais\/\" \/>\n<meta property=\"og:locale\" content=\"pt_BR\" \/>\n<meta property=\"og:type\" content=\"article\" \/>\n<meta property=\"og:title\" content=\"Psicologia revela a cor que atrai pessoas inteligentes - Estado de Minas - Em foco\" \/>\n<meta property=\"og:description\" content=\"A psicologia investigou as prefer\u00eancias de cor e revelou qual \u00e9 a favorita das pessoas com intelig\u00eancia acima da m\u00e9dia. Adivinha qual \u00e9?\" \/>\n<meta property=\"og:url\" content=\"https:\/\/www.em.com.br\/emfoco\/2025\/07\/23\/psicologia-revela-a-cor-que-atrai-mentes-geniais\/\" \/>\n<meta property=\"og:site_name\" content=\"Estado de Minas - Em foco\" \/>\n<meta property=\"article:published_time\" content=\"2025-07-23T14:18:58+00:00\" \/>\n<meta property=\"article:modified_time\" content=\"2025-07-22T22:10:50+00:00\" \/>\n<meta property=\"og:image\" content=\"https:\/\/www.em.com.br\/emfoco\/wp-content\/uploads\/2025\/07\/pensar_1753190783945.jpg\" \/>\n\t<meta property=\"og:image:width\" content=\"1280\" \/>\n\t<meta property=\"og:image:height\" content=\"720\" \/>\n\t<meta property=\"og:image:type\" content=\"image\/jpeg\" \/>\n<meta name=\"author\" content=\"Douglas Myth\" \/>\n<meta name=\"twitter:card\" content=\"summary_large_image\" \/>\n<meta name=\"twitter:label1\" content=\"Escrito por\" \/>\n\t<meta name=\"twitter:data1\" content=\"Douglas Myth\" \/>\n\t<meta name=\"twitter:label2\" content=\"Est. tempo de leitura\" \/>\n\t<meta name=\"twitter:data2\" content=\"5 minutos\" \/>\n<!-- \/ Yoast SEO plugin. -->","yoast_head_json":{"title":"Psicologia revela a cor que atrai pessoas inteligentes - Estado de Minas - Em foco","description":"A psicologia investigou as prefer\u00eancias de cor e revelou qual \u00e9 a favorita das pessoas com intelig\u00eancia acima da m\u00e9dia. Adivinha qual \u00e9?","robots":{"index":"index","follow":"follow","max-snippet":"max-snippet:-1","max-image-preview":"max-image-preview:large","max-video-preview":"max-video-preview:-1"},"canonical":"https:\/\/www.em.com.br\/emfoco\/2025\/07\/23\/psicologia-revela-a-cor-que-atrai-mentes-geniais\/","og_locale":"pt_BR","og_type":"article","og_title":"Psicologia revela a cor que atrai pessoas inteligentes - Estado de Minas - Em foco","og_description":"A psicologia investigou as prefer\u00eancias de cor e revelou qual \u00e9 a favorita das pessoas com intelig\u00eancia acima da m\u00e9dia. Adivinha qual \u00e9?","og_url":"https:\/\/www.em.com.br\/emfoco\/2025\/07\/23\/psicologia-revela-a-cor-que-atrai-mentes-geniais\/","og_site_name":"Estado de Minas - Em foco","article_published_time":"2025-07-23T14:18:58+00:00","article_modified_time":"2025-07-22T22:10:50+00:00","og_image":[{"width":1280,"height":720,"url":"https:\/\/www.em.com.br\/emfoco\/wp-content\/uploads\/2025\/07\/pensar_1753190783945.jpg","type":"image\/jpeg"}],"author":"Douglas Myth","twitter_card":"summary_large_image","twitter_misc":{"Escrito por":"Douglas Myth","Est. tempo de leitura":"5 minutos"},"schema":{"@context":"https:\/\/schema.org","@graph":[{"@type":"WebPage","@id":"https:\/\/www.em.com.br\/emfoco\/2025\/07\/23\/psicologia-revela-a-cor-que-atrai-mentes-geniais\/","url":"https:\/\/www.em.com.br\/emfoco\/2025\/07\/23\/psicologia-revela-a-cor-que-atrai-mentes-geniais\/","name":"Psicologia revela a cor que atrai pessoas inteligentes - Estado de Minas - Em foco","isPartOf":{"@id":"https:\/\/www.em.com.br\/emfoco\/#website"},"primaryImageOfPage":{"@id":"https:\/\/www.em.com.br\/emfoco\/2025\/07\/23\/psicologia-revela-a-cor-que-atrai-mentes-geniais\/#primaryimage"},"image":{"@id":"https:\/\/www.em.com.br\/emfoco\/2025\/07\/23\/psicologia-revela-a-cor-que-atrai-mentes-geniais\/#primaryimage"},"thumbnailUrl":"https:\/\/www.em.com.br\/emfoco\/wp-content\/uploads\/2025\/07\/pensar_1753190783945.jpg","datePublished":"2025-07-23T14:18:58+00:00","dateModified":"2025-07-22T22:10:50+00:00","author":{"@id":"https:\/\/www.em.com.br\/emfoco\/#\/schema\/person\/bba594b7eebe9b9885fec3a5c7837089"},"description":"A psicologia investigou as prefer\u00eancias de cor e revelou qual \u00e9 a favorita das pessoas com intelig\u00eancia acima da m\u00e9dia. Adivinha qual \u00e9?","breadcrumb":{"@id":"https:\/\/www.em.com.br\/emfoco\/2025\/07\/23\/psicologia-revela-a-cor-que-atrai-mentes-geniais\/#breadcrumb"},"inLanguage":"pt-BR","potentialAction":[{"@type":"ReadAction","target":["https:\/\/www.em.com.br\/emfoco\/2025\/07\/23\/psicologia-revela-a-cor-que-atrai-mentes-geniais\/"]}]},{"@type":"ImageObject","inLanguage":"pt-BR","@id":"https:\/\/www.em.com.br\/emfoco\/2025\/07\/23\/psicologia-revela-a-cor-que-atrai-mentes-geniais\/#primaryimage","url":"https:\/\/www.em.com.br\/emfoco\/wp-content\/uploads\/2025\/07\/pensar_1753190783945.jpg","contentUrl":"https:\/\/www.em.com.br\/emfoco\/wp-content\/uploads\/2025\/07\/pensar_1753190783945.jpg","width":1280,"height":720,"caption":"A cor preferida - Cr\u00e9ditos: depositphotos.com \/ IgorTishenko"},{"@type":"BreadcrumbList","@id":"https:\/\/www.em.com.br\/emfoco\/2025\/07\/23\/psicologia-revela-a-cor-que-atrai-mentes-geniais\/#breadcrumb","itemListElement":[{"@type":"ListItem","position":1,"name":"In\u00edcio","item":"https:\/\/www.em.com.br\/emfoco\/"},{"@type":"ListItem","position":2,"name":"Psicologia revela a cor que atrai pessoas inteligentes"}]},{"@type":"WebSite","@id":"https:\/\/www.em.com.br\/emfoco\/#website","url":"https:\/\/www.em.com.br\/emfoco\/","name":"Estado de Minas - Em foco","description":"Acompanhe as \u00faltimas not\u00edcias e fique bem informado sobre tudo o que acontece em Minas Gerais, Brasil e no mundo.","potentialAction":[{"@type":"SearchAction","target":{"@type":"EntryPoint","urlTemplate":"https:\/\/www.em.com.br\/emfoco\/?s={search_term_string}"},"query-input":{"@type":"PropertyValueSpecification","valueRequired":true,"valueName":"search_term_string"}}],"inLanguage":"pt-BR"},{"@type":"Person","@id":"https:\/\/www.em.com.br\/emfoco\/#\/schema\/person\/bba594b7eebe9b9885fec3a5c7837089","name":"Douglas Myth","image":{"@type":"ImageObject","inLanguage":"pt-BR","@id":"https:\/\/www.em.com.br\/emfoco\/#\/schema\/person\/image\/","url":"https:\/\/secure.gravatar.com\/avatar\/1ac3cf50d0e68642c697dc0c960c802f?s=96&d=mm&r=g","contentUrl":"https:\/\/secure.gravatar.com\/avatar\/1ac3cf50d0e68642c697dc0c960c802f?s=96&d=mm&r=g","caption":"Douglas Myth"},"url":"https:\/\/www.em.com.br\/emfoco\/author\/douglasmyth\/"}]}},"_links":{"self":[{"href":"https:\/\/www.em.com.br\/emfoco\/wp-json\/wp\/v2\/posts\/79677","targetHints":{"allow":["GET"]}}],"collection":[{"href":"https:\/\/www.em.com.br\/emfoco\/wp-json\/wp\/v2\/posts"}],"about":[{"href":"https:\/\/www.em.com.br\/emfoco\/wp-json\/wp\/v2\/types\/post"}],"author":[{"embeddable":true,"href":"https:\/\/www.em.com.br\/emfoco\/wp-json\/wp\/v2\/users\/15"}],"replies":[{"embeddable":true,"href":"https:\/\/www.em.com.br\/emfoco\/wp-json\/wp\/v2\/comments?post=79677"}],"version-history":[{"count":4,"href":"https:\/\/www.em.com.br\/emfoco\/wp-json\/wp\/v2\/posts\/79677\/revisions"}],"predecessor-version":[{"id":80080,"href":"https:\/\/www.em.com.br\/emfoco\/wp-json\/wp\/v2\/posts\/79677\/revisions\/80080"}],"wp:featuredmedia":[{"embeddable":true,"href":"https:\/\/www.em.com.br\/emfoco\/wp-json\/wp\/v2\/media\/79687"}],"wp:attachment":[{"href":"https:\/\/www.em.com.br\/emfoco\/wp-json\/wp\/v2\/media?parent=79677"}],"wp:term":[{"taxonomy":"category","embeddable":true,"href":"https:\/\/www.em.com.br\/emfoco\/wp-json\/wp\/v2\/categories?post=79677"},{"taxonomy":"post_tag","embeddable":true,"href":"https:\/\/www.em.com.br\/emfoco\/wp-json\/wp\/v2\/tags?post=79677"}],"curies":[{"name":"wp","href":"https:\/\/api.w.org\/{rel}","templated":true}]}}