{"id":79428,"date":"2025-07-22T19:38:00","date_gmt":"2025-07-22T22:38:00","guid":{"rendered":"https:\/\/www.em.com.br\/emfoco\/?p=79428"},"modified":"2025-07-21T19:26:37","modified_gmt":"2025-07-21T22:26:37","slug":"realize-o-sonho-da-casa-propria-antes-dos-30-com-esse-programa","status":"publish","type":"post","link":"https:\/\/www.em.com.br\/emfoco\/2025\/07\/22\/realize-o-sonho-da-casa-propria-antes-dos-30-com-esse-programa\/","title":{"rendered":"Realize o sonho da casa pr\u00f3pria antes dos 30 com esse programa!"},"content":{"rendered":"\n<p>Nos \u00faltimos anos, o programa habitacional <strong><a href=\"https:\/\/www.em.com.br\/emfoco\/2025\/07\/19\/5-impactos-positivos-do-minha-casa-minha-vida-que-vao-alem-da-moradia\/\" target=\"_blank\" rel=\"noreferrer noopener\">Minha Casa, Minha Vida<\/a><\/strong> passou por uma transforma\u00e7\u00e3o significativa em rela\u00e7\u00e3o ao perfil dos seus benefici\u00e1rios. Entre 2020 e 2025, o grupo et\u00e1rio de 18 a 30 anos emergiu como o principal contratante, superando a faixa tradicional de 40 a 60 anos. Esse fen\u00f4meno \u00e9 ilustrado por mais de 1,2 milh\u00e3o de contratos assinados por jovens, o que representa 51% dos financiamentos apoiados pelo <strong>Fundo de Garantia do Tempo de Servi\u00e7o<\/strong> (<a href=\"http:\/\/www.caixa.gov.br\/beneficios-trabalhador\/fgts\/Paginas\/default.aspx\" target=\"_blank\" rel=\"noreferrer noopener\">FGTS<\/a>).<\/p>\n\n\n\n<p>Os dados fornecidos pela <strong>MRV&amp;CO<\/strong>, uma das l\u00edderes do setor de constru\u00e7\u00e3o no <strong>Brasil<\/strong>, refor\u00e7am essa tend\u00eancia. Em 2020, apenas 28,5% dos contratos de jovens estavam vinculados \u00e0 empresa, n\u00famero que saltou para 61,4% at\u00e9 maio de 2025. Esse aumento significativo destaca o papel fundamental dos jovens no mercado habitacional e no crescimento do programa.<\/p>\n\n\n\n<h2 class=\"wp-block-heading\">Por que os jovens est\u00e3o mais interessados em comprar casas?<\/h2>\n\n\n<div class=\"wp-block-image\">\n<figure class=\"aligncenter size-large\"><img loading=\"lazy\" decoding=\"async\" width=\"1024\" height=\"576\" src=\"https:\/\/www.em.com.br\/emfoco\/wp-content\/uploads\/2025\/06\/trabalho_1748978792702-1024x576.jpg\" alt=\"Saque do FGTS ganha nova regra e trabalhadores se dividem\" class=\"wp-image-55054\" srcset=\"https:\/\/www.em.com.br\/emfoco\/wp-content\/uploads\/2025\/06\/trabalho_1748978792702-1024x576.jpg 1024w, https:\/\/www.em.com.br\/emfoco\/wp-content\/uploads\/2025\/06\/trabalho_1748978792702-300x169.jpg 300w, https:\/\/www.em.com.br\/emfoco\/wp-content\/uploads\/2025\/06\/trabalho_1748978792702-768x432.jpg 768w, https:\/\/www.em.com.br\/emfoco\/wp-content\/uploads\/2025\/06\/trabalho_1748978792702-750x422.jpg 750w, https:\/\/www.em.com.br\/emfoco\/wp-content\/uploads\/2025\/06\/trabalho_1748978792702-1140x641.jpg 1140w, https:\/\/www.em.com.br\/emfoco\/wp-content\/uploads\/2025\/06\/trabalho_1748978792702.jpg 1280w\" sizes=\"auto, (max-width: 1024px) 100vw, 1024px\" \/><figcaption class=\"wp-element-caption\">Trabalhadores &#8211; Cr\u00e9ditos: depositphotos.com \/ Krakenimages.com<\/figcaption><\/figure><\/div>\n\n\n<p>A crescente participa\u00e7\u00e3o dos jovens no programa <strong>Minha Casa, Minha Vida<\/strong> pode ser atribu\u00edda a uma s\u00e9rie de fatores. Primeiramente, as condi\u00e7\u00f5es econ\u00f4micas facilitadas, como juros mais baixos e prazos maiores oferecidos pelo programa, tornaram a compra de um im\u00f3vel uma meta mais ating\u00edvel para esse p\u00fablico.<\/p>\n\n\n\n<p>Al\u00e9m disso, observa-se uma mudan\u00e7a cultural, em que cresce o valor atribu\u00eddo \u00e0 estabilidade proporcionada por uma casa pr\u00f3pria. Muitos jovens tamb\u00e9m enxergam a aquisi\u00e7\u00e3o imobili\u00e1ria como uma maneira de investir no futuro, construir patrim\u00f4nio e garantir seguran\u00e7a financeira, fugindo do aluguel e dos riscos da instabilidade econ\u00f4mica.<\/p>\n\n\n\n<h2 class=\"wp-block-heading\">O papel da tecnologia na decis\u00e3o dos jovens<\/h2>\n\n\n\n<p>A tecnologia desempenha um papel importante no acesso \u00e0 informa\u00e7\u00e3o, tornando a busca por im\u00f3veis cada vez mais din\u00e2mica. Ferramentas online, aplicativos e plataformas de compara\u00e7\u00e3o de financiamentos t\u00eam facilitado a jornada de compra para o p\u00fablico jovem, tornando o processo mais transparente e acess\u00edvel.<\/p>\n\n\n\n<p>Al\u00e9m disso, as construtoras e agentes financeiros v\u00eam investindo em atendimento digital, visitas virtuais e simula\u00e7\u00f5es online, atendendo ao perfil conectado dessa nova gera\u00e7\u00e3o de compradores. Esse movimento contribui para a amplia\u00e7\u00e3o do interesse e o aumento do n\u00famero de contratos realizados por jovens no <strong>Minha Casa, Minha Vida<\/strong>.<\/p>\n\n\n\n<h2 class=\"wp-block-heading\">Como o programa se adaptou \u00e0s novas demandas?<\/h2>\n\n\n\n<p>O <strong>Minha Casa, Minha Vida<\/strong> se adaptou \u00e0s necessidades do p\u00fablico jovem ao ampliar o acesso ao cr\u00e9dito e ajustar suas pol\u00edticas. Entre as principais mudan\u00e7as est\u00e3o a flexibiliza\u00e7\u00e3o de limites de renda, atualiza\u00e7\u00e3o de subs\u00eddios e facilita\u00e7\u00e3o da entrada com <strong>FGTS<\/strong>, tornando o programa mais inclusivo.<\/p>\n\n\n\n<p>Al\u00e9m disso, o governo tem promovido cursos de educa\u00e7\u00e3o financeira e orienta\u00e7\u00e3o jur\u00eddica para orientar os novos compradores. Essas medidas buscam n\u00e3o apenas facilitar a aquisi\u00e7\u00e3o do im\u00f3vel, mas tamb\u00e9m criar uma base sustent\u00e1vel para a perman\u00eancia dos jovens no mercado imobili\u00e1rio.<\/p>\n\n\n\n<h2 class=\"wp-block-heading\">Caracter\u00edsticas dos im\u00f3veis mais procurados pelos jovens<\/h2>\n\n\n\n<p>As construtoras perceberam a import\u00e2ncia de oferecer im\u00f3veis alinhados ao estilo de vida moderno dos jovens. Por isso, apartamentos compactos, localizados pr\u00f3ximos a centros urbanos, com op\u00e7\u00f5es de lazer e coworking, t\u00eam ganhado destaque nas novas entregas.<\/p>\n\n\n\n<p>Essas ofertas se ajustam \u00e0 prefer\u00eancia por praticidade, mobilidade urbana e conex\u00e3o com \u00e1reas comerciais e educacionais. O design moderno e a possibilidade de personaliza\u00e7\u00e3o dos ambientes tamb\u00e9m s\u00e3o valorizados por esse p\u00fablico.<\/p>\n\n\n\n<h2 class=\"wp-block-heading\">O impacto da mudan\u00e7a et\u00e1ria no mercado imobili\u00e1rio<\/h2>\n\n\n\n<p>A entrada de mais jovens no mercado habitacional alavanca uma s\u00e9rie de mudan\u00e7as no setor. N\u00e3o s\u00f3 sustenta o crescimento do programa, mas tamb\u00e9m influencia a forma como as incorporadoras e construtoras pensam seus projetos e estrat\u00e9gias de marketing.<\/p>\n\n\n\n<p>Esse novo perfil de comprador tem estimulado a inova\u00e7\u00e3o em produtos imobili\u00e1rios, como o uso de tecnologias sustent\u00e1veis, o desenvolvimento de \u00e1reas compartilhadas e a \u00eanfase em servi\u00e7os condominiais, al\u00e9m de impulsionar estrat\u00e9gias digitais de venda.<\/p>\n\n\n\n<h2 class=\"wp-block-heading\">Desafios e oportunidades para jovens compradores<\/h2>\n\n\n\n<p>Apesar das facilidades recentes, muitos jovens ainda enfrentam barreiras, como a necessidade de comprovar renda est\u00e1vel e a dificuldade em arcar com custos iniciais. O cen\u00e1rio econ\u00f4mico tamb\u00e9m pode apresentar desafios, especialmente em per\u00edodos de incerteza e infla\u00e7\u00e3o.<\/p>\n\n\n\n<p>No entanto, o programa <strong>Minha Casa, Minha Vida<\/strong> criou oportunidades in\u00e9ditas para esse p\u00fablico, promovendo maior inclus\u00e3o social e permitindo que milh\u00f5es de jovens realizem o sonho do im\u00f3vel pr\u00f3prio. Com suporte governamental, h\u00e1 perspectivas de que essas oportunidades se ampliem cada vez mais.<\/p>\n\n\n\n<h2 class=\"wp-block-heading\">Proje\u00e7\u00f5es futuras para o Minha Casa, Minha Vida<\/h2>\n\n\n\n<p>Com base nas tend\u00eancias atuais e na adapta\u00e7\u00e3o cont\u00ednua \u00e0s necessidades dos benefici\u00e1rios, o governo federal estima que at\u00e9 2026 mais de 2,5 milh\u00f5es de unidades sejam entregues. Esse crescimento responde tanto \u00e0 demanda reprimida quanto ao interesse crescente da nova gera\u00e7\u00e3o em adquirir im\u00f3veis.<\/p>\n\n\n\n<p>Al\u00e9m de atender a essas demandas, o programa consolida sua import\u00e2ncia no cen\u00e1rio social e econ\u00f4mico do pa\u00eds, estimulando a cidadania, o desenvolvimento urbano e a seguran\u00e7a habitacional entre jovens adultos. O papel dos jovens tende a ser cada vez mais determinante para o futuro do mercado imobili\u00e1rio brasileiro.<\/p>\n","protected":false},"excerpt":{"rendered":"<p>Nos \u00faltimos anos, o programa habitacional Minha Casa, Minha Vida passou por uma transforma\u00e7\u00e3o significativa em rela\u00e7\u00e3o ao perfil dos seus benefici\u00e1rios. Entre 2020 e 2025, o grupo et\u00e1rio de 18 a 30 anos emergiu como o principal contratante, superando a faixa tradicional de 40 a 60 anos. Esse fen\u00f4meno \u00e9 ilustrado por mais de [&hellip;]<\/p>\n","protected":false},"author":20,"featured_media":75928,"comment_status":"open","ping_status":"open","sticky":false,"template":"","format":"standard","meta":{"jnews-multi-image_gallery":[],"jnews_single_post":{"format":"standard"},"jnews_primary_category":[],"jnews_social_meta":[],"jnews_override_counter":[],"footnotes":""},"categories":[28,1],"tags":[1631,1036,2204],"class_list":["post-79428","post","type-post","status-publish","format-standard","has-post-thumbnail","hentry","category-economia","category-noticias","tag-caixa-economica-federal","tag-fgts","tag-minha-casa-minha-vida"],"yoast_head":"<!-- This site is optimized with the Yoast SEO plugin v23.8 - https:\/\/yoast.com\/wordpress\/plugins\/seo\/ -->\n<title>Realize o sonho da casa pr\u00f3pria antes dos 30 com esse programa! - Estado de Minas - Em foco<\/title>\n<meta name=\"description\" content=\"Com juros baixos e novas regras, jovens est\u00e3o liderando os financiamentos habitacionais no Brasil. Veja como o programa foi redesenhado.\" \/>\n<meta name=\"robots\" content=\"index, follow, max-snippet:-1, max-image-preview:large, max-video-preview:-1\" \/>\n<link rel=\"canonical\" href=\"https:\/\/www.em.com.br\/emfoco\/2025\/07\/22\/realize-o-sonho-da-casa-propria-antes-dos-30-com-esse-programa\/\" \/>\n<meta property=\"og:locale\" content=\"pt_BR\" \/>\n<meta property=\"og:type\" content=\"article\" \/>\n<meta property=\"og:title\" content=\"Realize o sonho da casa pr\u00f3pria antes dos 30 com esse programa! - Estado de Minas - Em foco\" \/>\n<meta property=\"og:description\" content=\"Com juros baixos e novas regras, jovens est\u00e3o liderando os financiamentos habitacionais no Brasil. Veja como o programa foi redesenhado.\" \/>\n<meta property=\"og:url\" content=\"https:\/\/www.em.com.br\/emfoco\/2025\/07\/22\/realize-o-sonho-da-casa-propria-antes-dos-30-com-esse-programa\/\" \/>\n<meta property=\"og:site_name\" content=\"Estado de Minas - Em foco\" \/>\n<meta property=\"article:published_time\" content=\"2025-07-22T22:38:00+00:00\" \/>\n<meta property=\"article:modified_time\" content=\"2025-07-21T22:26:37+00:00\" \/>\n<meta property=\"og:image\" content=\"https:\/\/www.em.com.br\/emfoco\/wp-content\/uploads\/2025\/07\/mae-solo_1752532734542.jpg\" \/>\n\t<meta property=\"og:image:width\" content=\"1280\" \/>\n\t<meta property=\"og:image:height\" content=\"720\" \/>\n\t<meta property=\"og:image:type\" content=\"image\/jpeg\" \/>\n<meta name=\"author\" content=\"Ingrid Diniz\" \/>\n<meta name=\"twitter:card\" content=\"summary_large_image\" \/>\n<meta name=\"twitter:label1\" content=\"Escrito por\" \/>\n\t<meta name=\"twitter:data1\" content=\"Ingrid Diniz\" \/>\n\t<meta name=\"twitter:label2\" content=\"Est. tempo de leitura\" \/>\n\t<meta name=\"twitter:data2\" content=\"5 minutos\" \/>\n<!-- \/ Yoast SEO plugin. -->","yoast_head_json":{"title":"Realize o sonho da casa pr\u00f3pria antes dos 30 com esse programa! - Estado de Minas - Em foco","description":"Com juros baixos e novas regras, jovens est\u00e3o liderando os financiamentos habitacionais no Brasil. Veja como o programa foi redesenhado.","robots":{"index":"index","follow":"follow","max-snippet":"max-snippet:-1","max-image-preview":"max-image-preview:large","max-video-preview":"max-video-preview:-1"},"canonical":"https:\/\/www.em.com.br\/emfoco\/2025\/07\/22\/realize-o-sonho-da-casa-propria-antes-dos-30-com-esse-programa\/","og_locale":"pt_BR","og_type":"article","og_title":"Realize o sonho da casa pr\u00f3pria antes dos 30 com esse programa! - Estado de Minas - Em foco","og_description":"Com juros baixos e novas regras, jovens est\u00e3o liderando os financiamentos habitacionais no Brasil. Veja como o programa foi redesenhado.","og_url":"https:\/\/www.em.com.br\/emfoco\/2025\/07\/22\/realize-o-sonho-da-casa-propria-antes-dos-30-com-esse-programa\/","og_site_name":"Estado de Minas - Em foco","article_published_time":"2025-07-22T22:38:00+00:00","article_modified_time":"2025-07-21T22:26:37+00:00","og_image":[{"width":1280,"height":720,"url":"https:\/\/www.em.com.br\/emfoco\/wp-content\/uploads\/2025\/07\/mae-solo_1752532734542.jpg","type":"image\/jpeg"}],"author":"Ingrid Diniz","twitter_card":"summary_large_image","twitter_misc":{"Escrito por":"Ingrid Diniz","Est. tempo de leitura":"5 minutos"},"schema":{"@context":"https:\/\/schema.org","@graph":[{"@type":"WebPage","@id":"https:\/\/www.em.com.br\/emfoco\/2025\/07\/22\/realize-o-sonho-da-casa-propria-antes-dos-30-com-esse-programa\/","url":"https:\/\/www.em.com.br\/emfoco\/2025\/07\/22\/realize-o-sonho-da-casa-propria-antes-dos-30-com-esse-programa\/","name":"Realize o sonho da casa pr\u00f3pria antes dos 30 com esse programa! - Estado de Minas - Em foco","isPartOf":{"@id":"https:\/\/www.em.com.br\/emfoco\/#website"},"primaryImageOfPage":{"@id":"https:\/\/www.em.com.br\/emfoco\/2025\/07\/22\/realize-o-sonho-da-casa-propria-antes-dos-30-com-esse-programa\/#primaryimage"},"image":{"@id":"https:\/\/www.em.com.br\/emfoco\/2025\/07\/22\/realize-o-sonho-da-casa-propria-antes-dos-30-com-esse-programa\/#primaryimage"},"thumbnailUrl":"https:\/\/www.em.com.br\/emfoco\/wp-content\/uploads\/2025\/07\/mae-solo_1752532734542.jpg","datePublished":"2025-07-22T22:38:00+00:00","dateModified":"2025-07-21T22:26:37+00:00","author":{"@id":"https:\/\/www.em.com.br\/emfoco\/#\/schema\/person\/649e610b4eb8fff87ff394e54fe17b2b"},"description":"Com juros baixos e novas regras, jovens est\u00e3o liderando os financiamentos habitacionais no Brasil. Veja como o programa foi redesenhado.","breadcrumb":{"@id":"https:\/\/www.em.com.br\/emfoco\/2025\/07\/22\/realize-o-sonho-da-casa-propria-antes-dos-30-com-esse-programa\/#breadcrumb"},"inLanguage":"pt-BR","potentialAction":[{"@type":"ReadAction","target":["https:\/\/www.em.com.br\/emfoco\/2025\/07\/22\/realize-o-sonho-da-casa-propria-antes-dos-30-com-esse-programa\/"]}]},{"@type":"ImageObject","inLanguage":"pt-BR","@id":"https:\/\/www.em.com.br\/emfoco\/2025\/07\/22\/realize-o-sonho-da-casa-propria-antes-dos-30-com-esse-programa\/#primaryimage","url":"https:\/\/www.em.com.br\/emfoco\/wp-content\/uploads\/2025\/07\/mae-solo_1752532734542.jpg","contentUrl":"https:\/\/www.em.com.br\/emfoco\/wp-content\/uploads\/2025\/07\/mae-solo_1752532734542.jpg","width":1280,"height":720,"caption":"Como funciona a recarga gratuita do botij\u00e3o pelo programa G\u00e1s do Povo - Cr\u00e9ditos: depositphotos.com \/ Rawpixel"},{"@type":"BreadcrumbList","@id":"https:\/\/www.em.com.br\/emfoco\/2025\/07\/22\/realize-o-sonho-da-casa-propria-antes-dos-30-com-esse-programa\/#breadcrumb","itemListElement":[{"@type":"ListItem","position":1,"name":"In\u00edcio","item":"https:\/\/www.em.com.br\/emfoco\/"},{"@type":"ListItem","position":2,"name":"Realize o sonho da casa pr\u00f3pria antes dos 30 com esse programa!"}]},{"@type":"WebSite","@id":"https:\/\/www.em.com.br\/emfoco\/#website","url":"https:\/\/www.em.com.br\/emfoco\/","name":"Estado de Minas - Em foco","description":"Acompanhe as \u00faltimas not\u00edcias e fique bem informado sobre tudo o que acontece em Minas Gerais, Brasil e no mundo.","potentialAction":[{"@type":"SearchAction","target":{"@type":"EntryPoint","urlTemplate":"https:\/\/www.em.com.br\/emfoco\/?s={search_term_string}"},"query-input":{"@type":"PropertyValueSpecification","valueRequired":true,"valueName":"search_term_string"}}],"inLanguage":"pt-BR"},{"@type":"Person","@id":"https:\/\/www.em.com.br\/emfoco\/#\/schema\/person\/649e610b4eb8fff87ff394e54fe17b2b","name":"Ingrid Diniz","image":{"@type":"ImageObject","inLanguage":"pt-BR","@id":"https:\/\/www.em.com.br\/emfoco\/#\/schema\/person\/image\/","url":"https:\/\/secure.gravatar.com\/avatar\/a3baa1449ec5c39b4c42babc9d4f3951?s=96&d=mm&r=g","contentUrl":"https:\/\/secure.gravatar.com\/avatar\/a3baa1449ec5c39b4c42babc9d4f3951?s=96&d=mm&r=g","caption":"Ingrid Diniz"},"sameAs":["https:\/\/www.em.com.br\/"],"url":"https:\/\/www.em.com.br\/emfoco\/author\/ingridmyth\/"}]}},"_links":{"self":[{"href":"https:\/\/www.em.com.br\/emfoco\/wp-json\/wp\/v2\/posts\/79428","targetHints":{"allow":["GET"]}}],"collection":[{"href":"https:\/\/www.em.com.br\/emfoco\/wp-json\/wp\/v2\/posts"}],"about":[{"href":"https:\/\/www.em.com.br\/emfoco\/wp-json\/wp\/v2\/types\/post"}],"author":[{"embeddable":true,"href":"https:\/\/www.em.com.br\/emfoco\/wp-json\/wp\/v2\/users\/20"}],"replies":[{"embeddable":true,"href":"https:\/\/www.em.com.br\/emfoco\/wp-json\/wp\/v2\/comments?post=79428"}],"version-history":[{"count":1,"href":"https:\/\/www.em.com.br\/emfoco\/wp-json\/wp\/v2\/posts\/79428\/revisions"}],"predecessor-version":[{"id":79454,"href":"https:\/\/www.em.com.br\/emfoco\/wp-json\/wp\/v2\/posts\/79428\/revisions\/79454"}],"wp:featuredmedia":[{"embeddable":true,"href":"https:\/\/www.em.com.br\/emfoco\/wp-json\/wp\/v2\/media\/75928"}],"wp:attachment":[{"href":"https:\/\/www.em.com.br\/emfoco\/wp-json\/wp\/v2\/media?parent=79428"}],"wp:term":[{"taxonomy":"category","embeddable":true,"href":"https:\/\/www.em.com.br\/emfoco\/wp-json\/wp\/v2\/categories?post=79428"},{"taxonomy":"post_tag","embeddable":true,"href":"https:\/\/www.em.com.br\/emfoco\/wp-json\/wp\/v2\/tags?post=79428"}],"curies":[{"name":"wp","href":"https:\/\/api.w.org\/{rel}","templated":true}]}}