{"id":79358,"date":"2025-07-22T08:18:00","date_gmt":"2025-07-22T11:18:00","guid":{"rendered":"https:\/\/www.em.com.br\/emfoco\/?p=79358"},"modified":"2025-07-21T17:39:06","modified_gmt":"2025-07-21T20:39:06","slug":"veja-todas-as-datas-do-bolsa-familia-de-julho-e-quem-recebe-o-auxilio-gas","status":"publish","type":"post","link":"https:\/\/www.em.com.br\/emfoco\/2025\/07\/22\/veja-todas-as-datas-do-bolsa-familia-de-julho-e-quem-recebe-o-auxilio-gas\/","title":{"rendered":"Caixa paga Bolsa Fam\u00edlia a benefici\u00e1rios com NIS de final 3"},"content":{"rendered":"\n<p>O novo ciclo de pagamentos do <strong><a href=\"https:\/\/www.em.com.br\/emfoco\/2025\/07\/21\/novo-cruzamento-de-dados-tira-milhoes-familias-do-bolsa-familia-silenciosamente-em-julho\/\" target=\"_blank\" rel=\"noreferrer noopener\">Bolsa Fam\u00edlia<\/a><\/strong> para o m\u00eas de julho de 2025 trouxe uma s\u00e9rie de expectativas para os benefici\u00e1rios do programa. Iniciado em 18 de julho, o calend\u00e1rio contempla os pagamentos de acordo com o <strong>N\u00famero de Identifica\u00e7\u00e3o Social<\/strong> (NIS), come\u00e7ando com aqueles cujo <strong>NIS <\/strong>termina em 1. At\u00e9 o final do m\u00eas, especificamente no dia 30, o governo pretende completar a distribui\u00e7\u00e3o dos benef\u00edcios, alcan\u00e7ando tamb\u00e9m os usu\u00e1rios com <strong>NIS <\/strong>final 0. Al\u00e9m disso, uma parcela dos benefici\u00e1rios receber\u00e1 o aux\u00edlio-g\u00e1s, uma ajuda adicional pensada para aliviar os custos do g\u00e1s de cozinha.<\/p>\n\n\n\n<p>A gest\u00e3o do <strong>Bolsa Fam\u00edlia<\/strong>, em 2025, planejou um cronograma que facilita a organiza\u00e7\u00e3o financeira das fam\u00edlias beneficiadas. Este m\u00eas destaca-se n\u00e3o apenas pela continua\u00e7\u00e3o dos pagamentos regulares, mas tamb\u00e9m pela inclus\u00e3o do aux\u00edlio-g\u00e1s, que segue uma rotina de pagamento bimestral, nos meses pares. O aux\u00edlio \u00e9 calculado com base no pre\u00e7o m\u00e9dio do botij\u00e3o de 13kg de g\u00e1s de cozinha, conforme dados da <strong>Ag\u00eancia Nacional do Petr\u00f3leo, G\u00e1s Natural e Biocombust\u00edveis<\/strong> (ANP), cobrindo integralmente esse custo, o que representa um alento significativo para as fam\u00edlias de baixa renda.<\/p>\n\n\n\n<h2 class=\"wp-block-heading\">Como funcionam os pagamentos do Bolsa Fam\u00edlia?<\/h2>\n\n\n<div class=\"wp-block-image\">\n<figure class=\"aligncenter size-large\"><img loading=\"lazy\" decoding=\"async\" width=\"1024\" height=\"576\" src=\"https:\/\/www.em.com.br\/emfoco\/wp-content\/uploads\/2025\/06\/idoso-com-dinheiro-reais_1743473065115-1024x576.jpg\" alt=\"INSS confirma pagamento corrigido para mais de 582 mil benefici\u00e1rios\" class=\"wp-image-54991\" srcset=\"https:\/\/www.em.com.br\/emfoco\/wp-content\/uploads\/2025\/06\/idoso-com-dinheiro-reais_1743473065115-1024x576.jpg 1024w, https:\/\/www.em.com.br\/emfoco\/wp-content\/uploads\/2025\/06\/idoso-com-dinheiro-reais_1743473065115-300x169.jpg 300w, https:\/\/www.em.com.br\/emfoco\/wp-content\/uploads\/2025\/06\/idoso-com-dinheiro-reais_1743473065115-768x432.jpg 768w, https:\/\/www.em.com.br\/emfoco\/wp-content\/uploads\/2025\/06\/idoso-com-dinheiro-reais_1743473065115-750x422.jpg 750w, https:\/\/www.em.com.br\/emfoco\/wp-content\/uploads\/2025\/06\/idoso-com-dinheiro-reais_1743473065115-1140x641.jpg 1140w, https:\/\/www.em.com.br\/emfoco\/wp-content\/uploads\/2025\/06\/idoso-com-dinheiro-reais_1743473065115.jpg 1280w\" sizes=\"auto, (max-width: 1024px) 100vw, 1024px\" \/><figcaption class=\"wp-element-caption\">Pagamento &#8211; Cr\u00e9ditos: depositphotos.com \/ AngelaMacario<\/figcaption><\/figure><\/div>\n\n\n<p>Os pagamentos do <strong>Bolsa Fam\u00edlia<\/strong> s\u00e3o organizados de acordo com o \u00faltimo d\u00edgito do <strong>N\u00famero de Identifica\u00e7\u00e3o Social<\/strong> (NIS), o que facilita uma distribui\u00e7\u00e3o ordenada dos recursos. Em julho de 2025, o calend\u00e1rio tem in\u00edcio no dia 18 para <strong>NIS <\/strong>final 1 e se encerra no dia 30 para aqueles com <strong>NIS <\/strong>final 0, garantindo previsibilidade e organiza\u00e7\u00e3o aos benefici\u00e1rios.<\/p>\n\n\n\n<p>Essa din\u00e2mica permite que cada fam\u00edlia se programe para o recebimento do benef\u00edcio, evitando aglomera\u00e7\u00f5es e filas nos postos de saque. O governo, por sua vez, refor\u00e7a a import\u00e2ncia de acompanhar o calend\u00e1rio oficial e manter as informa\u00e7\u00f5es cadastrais sempre atualizadas para n\u00e3o perder nenhum pagamento.<\/p>\n\n\n\n<h2 class=\"wp-block-heading\">Como s\u00e3o definidos os valores do Bolsa Fam\u00edlia?<\/h2>\n\n\n\n<p>Os valores recebidos no \u00e2mbito do <strong>Bolsa Fam\u00edlia<\/strong> variam conforme a composi\u00e7\u00e3o familiar e suas particularidades. Cada fam\u00edlia tem direito a um benef\u00edcio m\u00ednimo de R$ 600, com adicionais para n\u00facleos familiares que incluam gestantes e jovens at\u00e9 18 anos. Adicionalmente, \u00e9 previsto um <strong>Benef\u00edcio Vari\u00e1vel Familiar<\/strong> para m\u00e3es de beb\u00eas de at\u00e9 seis meses, com uma ajuda de R$ 50 em seis parcelas, garantindo a nutri\u00e7\u00e3o correta para a crian\u00e7a.<\/p>\n\n\n\n<p>Outro destaque \u00e9 o acr\u00e9scimo de R$ 150 para fam\u00edlias que cuidam de crian\u00e7as de at\u00e9 seis anos, refor\u00e7ando a assist\u00eancia na fase mais vulner\u00e1vel do desenvolvimento infantil. Com estes adicionais, o objetivo do programa \u00e9 oferecer um suporte mais completo, especialmente para fam\u00edlias com maiores demandas sociais e econ\u00f4micas.<\/p>\n\n\n\n<h2 class=\"wp-block-heading\">Quem tem direito ao Bolsa Fam\u00edlia?<\/h2>\n\n\n\n<p>A elegibilidade para o <strong>Bolsa Fam\u00edlia<\/strong> requer que a fam\u00edlia tenha uma renda per capita de at\u00e9 R$ 218. Para calcular, soma-se toda a renda da fam\u00edlia e divide-se pelo n\u00famero de integrantes. Por exemplo, se a \u00fanica fonte de renda \u00e9 um sal\u00e1rio m\u00ednimo, e a fam\u00edlia \u00e9 composta por sete pessoas, cada membro tem uma renda individual de R$ 216,85, o que enquadra a fam\u00edlia no programa.<\/p>\n\n\n\n<p>Al\u00e9m da crit\u00e9rio financeiro, \u00e9 fundamental cumprir as condicionalidades, como frequ\u00eancia escolar m\u00ednima para crian\u00e7as e adolescentes, acompanhamento de sa\u00fade, realiza\u00e7\u00e3o de pr\u00e9-natal para gestantes e atualiza\u00e7\u00e3o das carteiras de vacina\u00e7\u00e3o. O cumprimento desses requisitos visa promover o desenvolvimento social e garantir o acesso a direitos b\u00e1sicos.<\/p>\n\n\n\n<h2 class=\"wp-block-heading\">Como se inscrever no Bolsa Fam\u00edlia?<\/h2>\n\n\n\n<p>Para participar do <strong>Bolsa Fam\u00edlia<\/strong>, \u00e9 necess\u00e1rio estar inscrito no <strong>Cadastro \u00danico<\/strong> (<a href=\"https:\/\/www.gov.br\/pt-br\/servicos\/consultar-dados-do-cadastro-unico-cadunico\" target=\"_blank\" rel=\"noreferrer noopener\">Cad\u00danico<\/a>), que \u00e9 uma ferramenta central para acesso a diversos programas sociais federais. As inscri\u00e7\u00f5es no <strong>Cad\u00danico <\/strong>s\u00e3o realizadas nos <strong>Centros de Refer\u00eancia da Assist\u00eancia Social<\/strong> (<a href=\"https:\/\/www.gov.br\/pt-br\/servicos\/acessar-o-cras-centro-de-referencia-da-assistencia-social\" target=\"_blank\" rel=\"noreferrer noopener\">Cras<\/a>), presentes em cada munic\u00edpio.<\/p>\n\n\n\n<p>No entanto, estar cadastrado n\u00e3o assegura, por si s\u00f3, a participa\u00e7\u00e3o no <strong>Bolsa Fam\u00edlia<\/strong>. Ap\u00f3s a inscri\u00e7\u00e3o, ocorre uma avalia\u00e7\u00e3o criteriosa conforme as regras de elegibilidade atuais, o que pode resultar em inclus\u00e3o ou n\u00e3o no programa. A atualiza\u00e7\u00e3o regular dos dados cadastrais \u00e9 fundamental para manter o direito ao benef\u00edcio.<\/p>\n\n\n\n<h2 class=\"wp-block-heading\">Onde e como sacar o benef\u00edcio do Bolsa Fam\u00edlia?<\/h2>\n\n\n\n<p>Os benefici\u00e1rios t\u00eam a comodidade de acessar os valores pelo aplicativo <strong>Caixa Tem<\/strong>, desenvolvido para facilitar opera\u00e7\u00f5es financeiras sem a necessidade de deslocamento at\u00e9 ag\u00eancias banc\u00e1rias. Atrav\u00e9s do aplicativo, \u00e9 poss\u00edvel realizar pagamentos diretos em estabelecimentos comerciais, utilizando o cart\u00e3o virtual na fun\u00e7\u00e3o d\u00e9bito, e efetuar saques em terminais de autoatendimento, casas lot\u00e9ricas e correspondentes banc\u00e1rios.<\/p>\n\n\n\n<p>Al\u00e9m disso, os valores tamb\u00e9m podem ser sacados nas ag\u00eancias da <strong>Caixa Econ\u00f4mica Federal<\/strong>, bastando apresentar um documento de identifica\u00e7\u00e3o e o cart\u00e3o do programa. Para fam\u00edlias em regi\u00f5es afastadas, o uso do aplicativo tem sido essencial no acesso r\u00e1pido e seguro ao benef\u00edcio.<\/p>\n\n\n\n<h2 class=\"wp-block-heading\">B\u00f4nus do Aux\u00edlio-g\u00e1s em 2025<\/h2>\n\n\n\n<p>O pagamento do aux\u00edlio-g\u00e1s est\u00e1 previsto para julho de 2025, beneficiando fam\u00edlias que j\u00e1 recebem o <strong>Bolsa Fam\u00edlia<\/strong>. O valor, calculado com base no pre\u00e7o nacional m\u00e9dio do botij\u00e3o de 13kg, cobre integralmente o custo, aliviando as despesas dom\u00e9sticas dessas fam\u00edlias.<\/p>\n\n\n\n<p>O aux\u00edlio-g\u00e1s \u00e9 pago bimestralmente e prioriza fam\u00edlias em situa\u00e7\u00e3o de vulnerabilidade social, sobretudo aquelas com mulheres v\u00edtimas de viol\u00eancia dom\u00e9stica, segundo os crit\u00e9rios estabelecidos pelo governo federal. Assim, o aux\u00edlio se torna uma ferramenta potente de prote\u00e7\u00e3o social.<\/p>\n\n\n\n<h2 class=\"wp-block-heading\">Canais de informa\u00e7\u00e3o e consulta do Bolsa Fam\u00edlia<\/h2>\n\n\n\n<p>Os benefici\u00e1rios podem consultar informa\u00e7\u00f5es detalhadas sobre o programa por meio do aplicativo <strong>Bolsa Fam\u00edlia<\/strong>, dispon\u00edvel para smartphones, e tamb\u00e9m pelo telefone 111 da <strong>Caixa<\/strong>. Nos <strong>Centros de Refer\u00eancia da Assist\u00eancia Social<\/strong> (Cras), \u00e9 poss\u00edvel receber atendimento presencial e tirar d\u00favidas sobre o benef\u00edcio.<\/p>\n\n\n\n<p>O <strong>Minist\u00e9rio do Desenvolvimento Social<\/strong> tamb\u00e9m disponibiliza em seu site oficial orienta\u00e7\u00f5es sobre atualiza\u00e7\u00e3o cadastral, calend\u00e1rio de pagamentos e detalhamento dos benef\u00edcios, facilitando o acesso \u00e0 informa\u00e7\u00e3o e garantindo maior transpar\u00eancia aos benefici\u00e1rios do programa.<\/p>\n","protected":false},"excerpt":{"rendered":"<p>O novo ciclo de pagamentos do Bolsa Fam\u00edlia para o m\u00eas de julho de 2025 trouxe uma s\u00e9rie de expectativas para os benefici\u00e1rios do programa. Iniciado em 18 de julho, o calend\u00e1rio contempla os pagamentos de acordo com o N\u00famero de Identifica\u00e7\u00e3o Social (NIS), come\u00e7ando com aqueles cujo NIS termina em 1. At\u00e9 o final [&hellip;]<\/p>\n","protected":false},"author":20,"featured_media":55001,"comment_status":"open","ping_status":"open","sticky":false,"template":"","format":"standard","meta":{"jnews-multi-image_gallery":[],"jnews_single_post":{"format":"standard"},"jnews_primary_category":[],"jnews_social_meta":[],"jnews_override_counter":[],"footnotes":""},"categories":[28,1],"tags":[12582,209,345],"class_list":["post-79358","post","type-post","status-publish","format-standard","has-post-thumbnail","hentry","category-economia","category-noticias","tag-auxilio-gas-2","tag-bolsa-familia","tag-nis"],"yoast_head":"<!-- This site is optimized with the Yoast SEO plugin v23.8 - https:\/\/yoast.com\/wordpress\/plugins\/seo\/ -->\n<title>Caixa paga Bolsa Fam\u00edlia a benefici\u00e1rios com NIS de final 3 - Estado de Minas - Em foco<\/title>\n<meta name=\"description\" content=\"Bolsa Fam\u00edlia de julho j\u00e1 come\u00e7ou a ser pago com valores de R$ 600 e b\u00f4nus do aux\u00edlio-g\u00e1s. Veja quem recebe e como consultar pelo app.\" \/>\n<meta name=\"robots\" content=\"index, follow, max-snippet:-1, max-image-preview:large, max-video-preview:-1\" \/>\n<link rel=\"canonical\" href=\"https:\/\/www.em.com.br\/emfoco\/2025\/07\/22\/veja-todas-as-datas-do-bolsa-familia-de-julho-e-quem-recebe-o-auxilio-gas\/\" \/>\n<meta property=\"og:locale\" content=\"pt_BR\" \/>\n<meta property=\"og:type\" content=\"article\" \/>\n<meta property=\"og:title\" content=\"Caixa paga Bolsa Fam\u00edlia a benefici\u00e1rios com NIS de final 3 - Estado de Minas - Em foco\" \/>\n<meta property=\"og:description\" content=\"Bolsa Fam\u00edlia de julho j\u00e1 come\u00e7ou a ser pago com valores de R$ 600 e b\u00f4nus do aux\u00edlio-g\u00e1s. Veja quem recebe e como consultar pelo app.\" \/>\n<meta property=\"og:url\" content=\"https:\/\/www.em.com.br\/emfoco\/2025\/07\/22\/veja-todas-as-datas-do-bolsa-familia-de-julho-e-quem-recebe-o-auxilio-gas\/\" \/>\n<meta property=\"og:site_name\" content=\"Estado de Minas - Em foco\" \/>\n<meta property=\"article:published_time\" content=\"2025-07-22T11:18:00+00:00\" \/>\n<meta property=\"article:modified_time\" content=\"2025-07-21T20:39:06+00:00\" \/>\n<meta property=\"og:image\" content=\"https:\/\/www.em.com.br\/emfoco\/wp-content\/uploads\/2025\/06\/dinheiro-re_1748976514366.jpg\" \/>\n\t<meta property=\"og:image:width\" content=\"1280\" \/>\n\t<meta property=\"og:image:height\" content=\"720\" \/>\n\t<meta property=\"og:image:type\" content=\"image\/jpeg\" \/>\n<meta name=\"author\" content=\"Ingrid Diniz\" \/>\n<meta name=\"twitter:card\" content=\"summary_large_image\" \/>\n<meta name=\"twitter:label1\" content=\"Escrito por\" \/>\n\t<meta name=\"twitter:data1\" content=\"Ingrid Diniz\" \/>\n\t<meta name=\"twitter:label2\" content=\"Est. tempo de leitura\" \/>\n\t<meta name=\"twitter:data2\" content=\"6 minutos\" \/>\n<!-- \/ Yoast SEO plugin. -->","yoast_head_json":{"title":"Caixa paga Bolsa Fam\u00edlia a benefici\u00e1rios com NIS de final 3 - Estado de Minas - Em foco","description":"Bolsa Fam\u00edlia de julho j\u00e1 come\u00e7ou a ser pago com valores de R$ 600 e b\u00f4nus do aux\u00edlio-g\u00e1s. Veja quem recebe e como consultar pelo app.","robots":{"index":"index","follow":"follow","max-snippet":"max-snippet:-1","max-image-preview":"max-image-preview:large","max-video-preview":"max-video-preview:-1"},"canonical":"https:\/\/www.em.com.br\/emfoco\/2025\/07\/22\/veja-todas-as-datas-do-bolsa-familia-de-julho-e-quem-recebe-o-auxilio-gas\/","og_locale":"pt_BR","og_type":"article","og_title":"Caixa paga Bolsa Fam\u00edlia a benefici\u00e1rios com NIS de final 3 - Estado de Minas - Em foco","og_description":"Bolsa Fam\u00edlia de julho j\u00e1 come\u00e7ou a ser pago com valores de R$ 600 e b\u00f4nus do aux\u00edlio-g\u00e1s. Veja quem recebe e como consultar pelo app.","og_url":"https:\/\/www.em.com.br\/emfoco\/2025\/07\/22\/veja-todas-as-datas-do-bolsa-familia-de-julho-e-quem-recebe-o-auxilio-gas\/","og_site_name":"Estado de Minas - Em foco","article_published_time":"2025-07-22T11:18:00+00:00","article_modified_time":"2025-07-21T20:39:06+00:00","og_image":[{"width":1280,"height":720,"url":"https:\/\/www.em.com.br\/emfoco\/wp-content\/uploads\/2025\/06\/dinheiro-re_1748976514366.jpg","type":"image\/jpeg"}],"author":"Ingrid Diniz","twitter_card":"summary_large_image","twitter_misc":{"Escrito por":"Ingrid Diniz","Est. tempo de leitura":"6 minutos"},"schema":{"@context":"https:\/\/schema.org","@graph":[{"@type":"WebPage","@id":"https:\/\/www.em.com.br\/emfoco\/2025\/07\/22\/veja-todas-as-datas-do-bolsa-familia-de-julho-e-quem-recebe-o-auxilio-gas\/","url":"https:\/\/www.em.com.br\/emfoco\/2025\/07\/22\/veja-todas-as-datas-do-bolsa-familia-de-julho-e-quem-recebe-o-auxilio-gas\/","name":"Caixa paga Bolsa Fam\u00edlia a benefici\u00e1rios com NIS de final 3 - Estado de Minas - Em foco","isPartOf":{"@id":"https:\/\/www.em.com.br\/emfoco\/#website"},"primaryImageOfPage":{"@id":"https:\/\/www.em.com.br\/emfoco\/2025\/07\/22\/veja-todas-as-datas-do-bolsa-familia-de-julho-e-quem-recebe-o-auxilio-gas\/#primaryimage"},"image":{"@id":"https:\/\/www.em.com.br\/emfoco\/2025\/07\/22\/veja-todas-as-datas-do-bolsa-familia-de-julho-e-quem-recebe-o-auxilio-gas\/#primaryimage"},"thumbnailUrl":"https:\/\/www.em.com.br\/emfoco\/wp-content\/uploads\/2025\/06\/dinheiro-re_1748976514366.jpg","datePublished":"2025-07-22T11:18:00+00:00","dateModified":"2025-07-21T20:39:06+00:00","author":{"@id":"https:\/\/www.em.com.br\/emfoco\/#\/schema\/person\/649e610b4eb8fff87ff394e54fe17b2b"},"description":"Bolsa Fam\u00edlia de julho j\u00e1 come\u00e7ou a ser pago com valores de R$ 600 e b\u00f4nus do aux\u00edlio-g\u00e1s. Veja quem recebe e como consultar pelo app.","breadcrumb":{"@id":"https:\/\/www.em.com.br\/emfoco\/2025\/07\/22\/veja-todas-as-datas-do-bolsa-familia-de-julho-e-quem-recebe-o-auxilio-gas\/#breadcrumb"},"inLanguage":"pt-BR","potentialAction":[{"@type":"ReadAction","target":["https:\/\/www.em.com.br\/emfoco\/2025\/07\/22\/veja-todas-as-datas-do-bolsa-familia-de-julho-e-quem-recebe-o-auxilio-gas\/"]}]},{"@type":"ImageObject","inLanguage":"pt-BR","@id":"https:\/\/www.em.com.br\/emfoco\/2025\/07\/22\/veja-todas-as-datas-do-bolsa-familia-de-julho-e-quem-recebe-o-auxilio-gas\/#primaryimage","url":"https:\/\/www.em.com.br\/emfoco\/wp-content\/uploads\/2025\/06\/dinheiro-re_1748976514366.jpg","contentUrl":"https:\/\/www.em.com.br\/emfoco\/wp-content\/uploads\/2025\/06\/dinheiro-re_1748976514366.jpg","width":1280,"height":720,"caption":"Direito ao 13\u00ba sal\u00e1rio e como calcular o valor - Cr\u00e9ditos: depositphotos.com \/ vectorlab"},{"@type":"BreadcrumbList","@id":"https:\/\/www.em.com.br\/emfoco\/2025\/07\/22\/veja-todas-as-datas-do-bolsa-familia-de-julho-e-quem-recebe-o-auxilio-gas\/#breadcrumb","itemListElement":[{"@type":"ListItem","position":1,"name":"In\u00edcio","item":"https:\/\/www.em.com.br\/emfoco\/"},{"@type":"ListItem","position":2,"name":"Caixa paga Bolsa Fam\u00edlia a benefici\u00e1rios com NIS de final 3"}]},{"@type":"WebSite","@id":"https:\/\/www.em.com.br\/emfoco\/#website","url":"https:\/\/www.em.com.br\/emfoco\/","name":"Estado de Minas - Em foco","description":"Acompanhe as \u00faltimas not\u00edcias e fique bem informado sobre tudo o que acontece em Minas Gerais, Brasil e no mundo.","potentialAction":[{"@type":"SearchAction","target":{"@type":"EntryPoint","urlTemplate":"https:\/\/www.em.com.br\/emfoco\/?s={search_term_string}"},"query-input":{"@type":"PropertyValueSpecification","valueRequired":true,"valueName":"search_term_string"}}],"inLanguage":"pt-BR"},{"@type":"Person","@id":"https:\/\/www.em.com.br\/emfoco\/#\/schema\/person\/649e610b4eb8fff87ff394e54fe17b2b","name":"Ingrid Diniz","image":{"@type":"ImageObject","inLanguage":"pt-BR","@id":"https:\/\/www.em.com.br\/emfoco\/#\/schema\/person\/image\/","url":"https:\/\/secure.gravatar.com\/avatar\/a3baa1449ec5c39b4c42babc9d4f3951?s=96&d=mm&r=g","contentUrl":"https:\/\/secure.gravatar.com\/avatar\/a3baa1449ec5c39b4c42babc9d4f3951?s=96&d=mm&r=g","caption":"Ingrid Diniz"},"sameAs":["https:\/\/www.em.com.br\/"],"url":"https:\/\/www.em.com.br\/emfoco\/author\/ingridmyth\/"}]}},"_links":{"self":[{"href":"https:\/\/www.em.com.br\/emfoco\/wp-json\/wp\/v2\/posts\/79358","targetHints":{"allow":["GET"]}}],"collection":[{"href":"https:\/\/www.em.com.br\/emfoco\/wp-json\/wp\/v2\/posts"}],"about":[{"href":"https:\/\/www.em.com.br\/emfoco\/wp-json\/wp\/v2\/types\/post"}],"author":[{"embeddable":true,"href":"https:\/\/www.em.com.br\/emfoco\/wp-json\/wp\/v2\/users\/20"}],"replies":[{"embeddable":true,"href":"https:\/\/www.em.com.br\/emfoco\/wp-json\/wp\/v2\/comments?post=79358"}],"version-history":[{"count":2,"href":"https:\/\/www.em.com.br\/emfoco\/wp-json\/wp\/v2\/posts\/79358\/revisions"}],"predecessor-version":[{"id":79383,"href":"https:\/\/www.em.com.br\/emfoco\/wp-json\/wp\/v2\/posts\/79358\/revisions\/79383"}],"wp:featuredmedia":[{"embeddable":true,"href":"https:\/\/www.em.com.br\/emfoco\/wp-json\/wp\/v2\/media\/55001"}],"wp:attachment":[{"href":"https:\/\/www.em.com.br\/emfoco\/wp-json\/wp\/v2\/media?parent=79358"}],"wp:term":[{"taxonomy":"category","embeddable":true,"href":"https:\/\/www.em.com.br\/emfoco\/wp-json\/wp\/v2\/categories?post=79358"},{"taxonomy":"post_tag","embeddable":true,"href":"https:\/\/www.em.com.br\/emfoco\/wp-json\/wp\/v2\/tags?post=79358"}],"curies":[{"name":"wp","href":"https:\/\/api.w.org\/{rel}","templated":true}]}}