{"id":79353,"date":"2025-07-22T11:20:00","date_gmt":"2025-07-22T14:20:00","guid":{"rendered":"https:\/\/www.em.com.br\/emfoco\/?p=79353"},"modified":"2025-07-22T10:13:34","modified_gmt":"2025-07-22T13:13:34","slug":"as-flores-que-amam-o-inverno-e-enchem-a-casa-de-cor-segundo-jardineiros","status":"publish","type":"post","link":"https:\/\/www.em.com.br\/emfoco\/2025\/07\/22\/as-flores-que-amam-o-inverno-e-enchem-a-casa-de-cor-segundo-jardineiros\/","title":{"rendered":"As flores que amam o inverno e enchem a casa de cor, segundo jardineiros"},"content":{"rendered":"\n<p>Algumas <strong>plantas de inverno<\/strong> n\u00e3o apenas resistem ao frio como florescem em sua plenitude nessa esta\u00e7\u00e3o. Esp\u00e9cies como ciclame, cam\u00e9lia, tulipa e flor-de-maio trazem cor e leveza aos espa\u00e7os mesmo com as temperaturas mais baixas.<\/p>\n\n\n\n<p>Essas flores s\u00e3o adaptadas a climas amenos e exigem locais bem iluminados, longe do sol intenso. Muitas s\u00e3o nativas de regi\u00f5es frias, o que explica sua beleza fora de \u00e9poca.<\/p>\n\n\n\n<h2 class=\"wp-block-heading\">Quais s\u00e3o as principais esp\u00e9cies que florescem no frio?<\/h2>\n\n\n\n<p>O <strong>ciclame<\/strong> prefere sombra parcial e solo \u00famido, sendo ideal para locais frescos. A <strong>flor-de-maio<\/strong> se destaca pela flora\u00e7\u00e3o em pleno inverno e exige regas moderadas, semelhante \u00e0s orqu\u00eddeas.<\/p>\n\n\n\n<ul class=\"wp-block-list\">\n<li><strong>Tulipas:<\/strong> cores vibrantes e eleg\u00e2ncia mesmo em dias frios.<\/li>\n\n\n\n<li><strong>Azaleias:<\/strong> florescem bem com sol suave e clima ameno.<\/li>\n\n\n\n<li><strong>Cam\u00e9lias:<\/strong> flores exuberantes entre 10\u00b0C e 20\u00b0C, com prefer\u00eancia por sombra parcial e solo \u00e1cido.<\/li>\n\n\n\n<li><strong>Gard\u00eanias:<\/strong> flores perfumadas que encantam tanto em vasos quanto em canteiros.<\/li>\n<\/ul>\n\n\n\n<h2 class=\"wp-block-heading\">Quais cuidados manter com flores de inverno?<\/h2>\n\n\n\n<p>Cada esp\u00e9cie tem necessidades espec\u00edficas. A <strong>hort\u00eansia<\/strong> exige luz indireta, idealmente o sol da manh\u00e3. J\u00e1 o <strong>amor-perfeito<\/strong> n\u00e3o tolera calor e precisa de locais \u00famidos e sombreados.<\/p>\n\n\n\n<p>A <strong>lumina cada serra<\/strong> muda de cor com o tempo, encantando jardins. Ela pede regas frequentes e solo com boa drenagem. A gard\u00eania exige solo \u00e1cido e umidade equilibrada \u2014 sem excesso.<\/p>\n\n\n\n<figure class=\"wp-block-image\"><img decoding=\"async\" src=\"https:\/\/www.em.com.br\/emfoco\/wp-content\/uploads\/2025\/05\/96366748_fb86a58172_b-1024x576.jpg\" alt=\"\"\/><figcaption class=\"wp-element-caption\">Flor-de-maio &#8211; Cr\u00e9ditos: Divulga\u00e7\u00e3o\/Flickr<\/figcaption><\/figure>\n\n\n\n<h2 class=\"wp-block-heading\">Como escolher o melhor local para cada planta?<\/h2>\n\n\n\n<p>Esp\u00e9cies como <strong>ciclame e flor-de-maio<\/strong> s\u00e3o \u00f3timas para ambientes internos arejados. J\u00e1 as <strong>azaleias, hort\u00eansias, amor-perfeito e cam\u00e9lia<\/strong> preferem \u00e1reas externas com sol suave.<\/p>\n\n\n\n<p>A gard\u00eania \u00e9 vers\u00e1til e pode florir tanto em vasos internos bem iluminados quanto em canteiros protegidos do vento, sendo ideal para varandas e salas bem ventiladas.<\/p>\n\n\n\n<h2 class=\"wp-block-heading\">Quais dicas pr\u00e1ticas ajudam a manter as flores vi\u00e7osas no frio?<\/h2>\n\n\n\n<p>Pequenos cuidados fazem a diferen\u00e7a. Use vasos com furos para evitar encharcar as ra\u00edzes e prefira substratos leves e arejados. Evite aduba\u00e7\u00e3o excessiva durante o inverno.<\/p>\n\n\n\n<ol class=\"wp-block-list\">\n<li>Regue com modera\u00e7\u00e3o, adaptando \u00e0 esp\u00e9cie.<\/li>\n\n\n\n<li>Mantenha a planta longe de correntes de ar gelado.<\/li>\n\n\n\n<li>Posicione vasos pr\u00f3ximos a janelas com luz suave.<\/li>\n<\/ol>\n\n\n\n<p>Plantas de inverno precisam de menos \u00e1gua, mas mais aten\u00e7\u00e3o ao ambiente.<\/p>\n\n\n\n<p>Leia tamb\u00e9m: <a href=\"https:\/\/www.em.com.br\/emfoco\/2025\/07\/17\/conheca-as-flores-ideais-para-jardins-ensolarados-e-coloridos\/\" target=\"_blank\" rel=\"noreferrer noopener\">Conhe\u00e7a as flores ideais para jardins ensolarados e coloridos<\/a><\/p>\n\n\n\n<h2 class=\"wp-block-heading\">Como criar um ambiente acolhedor com flores durante o inverno?<\/h2>\n\n\n\n<p>Com as esp\u00e9cies certas, \u00e9 poss\u00edvel manter a casa florida mesmo no frio. <strong>Ciclame, tulipa, cam\u00e9lia, azaleia e gard\u00eania<\/strong> s\u00e3o escolhas certeiras para quem busca aconchego e cor nessa esta\u00e7\u00e3o.<\/p>\n\n\n\n<p>Al\u00e9m da beleza, essas flores transformam o clima da casa, elevam o bem-estar e s\u00e3o um convite ao cuidado. Varandas, salas e jardins ganham vida com pequenos toques de natureza \u2014 mesmo em dias cinzentos.<\/p>\n","protected":false},"excerpt":{"rendered":"<p>Algumas plantas de inverno n\u00e3o apenas resistem ao frio como florescem em sua plenitude nessa esta\u00e7\u00e3o. Esp\u00e9cies como ciclame, cam\u00e9lia, tulipa e flor-de-maio trazem cor e leveza aos espa\u00e7os mesmo com as temperaturas mais baixas. Essas flores s\u00e3o adaptadas a climas amenos e exigem locais bem iluminados, longe do sol intenso. Muitas s\u00e3o nativas de [&hellip;]<\/p>\n","protected":false},"author":11,"featured_media":60254,"comment_status":"open","ping_status":"open","sticky":false,"template":"","format":"standard","meta":{"jnews-multi-image_gallery":[],"jnews_single_post":{"format":"standard"},"jnews_primary_category":[],"jnews_social_meta":[],"jnews_override_counter":[],"footnotes":""},"categories":[8819,1],"tags":[5466,3357,1221,3324],"class_list":["post-79353","post","type-post","status-publish","format-standard","has-post-thumbnail","hentry","category-curiosidades","category-noticias","tag-cuidados-com-flores","tag-flores","tag-inverno","tag-plantas"],"yoast_head":"<!-- This site is optimized with the Yoast SEO plugin v23.8 - https:\/\/yoast.com\/wordpress\/plugins\/seo\/ -->\n<title>As flores que amam o inverno e enchem a casa de cor, segundo jardineiros - Estado de Minas - Em foco<\/title>\n<meta name=\"description\" content=\"Mesmo no frio, seu lar pode florescer com essas esp\u00e9cies encantadoras. Veja as flores que brilham no inverno e como cuidar delas.\" \/>\n<meta name=\"robots\" content=\"index, follow, max-snippet:-1, max-image-preview:large, max-video-preview:-1\" \/>\n<link rel=\"canonical\" href=\"https:\/\/www.em.com.br\/emfoco\/2025\/07\/22\/as-flores-que-amam-o-inverno-e-enchem-a-casa-de-cor-segundo-jardineiros\/\" \/>\n<meta property=\"og:locale\" content=\"pt_BR\" \/>\n<meta property=\"og:type\" content=\"article\" \/>\n<meta property=\"og:title\" content=\"As flores que amam o inverno e enchem a casa de cor, segundo jardineiros - Estado de Minas - Em foco\" \/>\n<meta property=\"og:description\" content=\"Mesmo no frio, seu lar pode florescer com essas esp\u00e9cies encantadoras. Veja as flores que brilham no inverno e como cuidar delas.\" \/>\n<meta property=\"og:url\" content=\"https:\/\/www.em.com.br\/emfoco\/2025\/07\/22\/as-flores-que-amam-o-inverno-e-enchem-a-casa-de-cor-segundo-jardineiros\/\" \/>\n<meta property=\"og:site_name\" content=\"Estado de Minas - Em foco\" \/>\n<meta property=\"article:published_time\" content=\"2025-07-22T14:20:00+00:00\" \/>\n<meta property=\"article:modified_time\" content=\"2025-07-22T13:13:34+00:00\" \/>\n<meta property=\"og:image\" content=\"https:\/\/www.em.com.br\/emfoco\/wp-content\/uploads\/2025\/06\/hortensias_1749851262161.jpg\" \/>\n\t<meta property=\"og:image:width\" content=\"1280\" \/>\n\t<meta property=\"og:image:height\" content=\"720\" \/>\n\t<meta property=\"og:image:type\" content=\"image\/jpeg\" \/>\n<meta name=\"author\" content=\"Andre\u0301 Rangel\u00a0\" \/>\n<meta name=\"twitter:card\" content=\"summary_large_image\" \/>\n<meta name=\"twitter:label1\" content=\"Escrito por\" \/>\n\t<meta name=\"twitter:data1\" content=\"Andre\u0301 Rangel\u00a0\" \/>\n\t<meta name=\"twitter:label2\" content=\"Est. tempo de leitura\" \/>\n\t<meta name=\"twitter:data2\" content=\"3 minutos\" \/>\n<!-- \/ Yoast SEO plugin. -->","yoast_head_json":{"title":"As flores que amam o inverno e enchem a casa de cor, segundo jardineiros - Estado de Minas - Em foco","description":"Mesmo no frio, seu lar pode florescer com essas esp\u00e9cies encantadoras. Veja as flores que brilham no inverno e como cuidar delas.","robots":{"index":"index","follow":"follow","max-snippet":"max-snippet:-1","max-image-preview":"max-image-preview:large","max-video-preview":"max-video-preview:-1"},"canonical":"https:\/\/www.em.com.br\/emfoco\/2025\/07\/22\/as-flores-que-amam-o-inverno-e-enchem-a-casa-de-cor-segundo-jardineiros\/","og_locale":"pt_BR","og_type":"article","og_title":"As flores que amam o inverno e enchem a casa de cor, segundo jardineiros - Estado de Minas - Em foco","og_description":"Mesmo no frio, seu lar pode florescer com essas esp\u00e9cies encantadoras. Veja as flores que brilham no inverno e como cuidar delas.","og_url":"https:\/\/www.em.com.br\/emfoco\/2025\/07\/22\/as-flores-que-amam-o-inverno-e-enchem-a-casa-de-cor-segundo-jardineiros\/","og_site_name":"Estado de Minas - Em foco","article_published_time":"2025-07-22T14:20:00+00:00","article_modified_time":"2025-07-22T13:13:34+00:00","og_image":[{"width":1280,"height":720,"url":"https:\/\/www.em.com.br\/emfoco\/wp-content\/uploads\/2025\/06\/hortensias_1749851262161.jpg","type":"image\/jpeg"}],"author":"Andre\u0301 Rangel\u00a0","twitter_card":"summary_large_image","twitter_misc":{"Escrito por":"Andre\u0301 Rangel\u00a0","Est. tempo de leitura":"3 minutos"},"schema":{"@context":"https:\/\/schema.org","@graph":[{"@type":"WebPage","@id":"https:\/\/www.em.com.br\/emfoco\/2025\/07\/22\/as-flores-que-amam-o-inverno-e-enchem-a-casa-de-cor-segundo-jardineiros\/","url":"https:\/\/www.em.com.br\/emfoco\/2025\/07\/22\/as-flores-que-amam-o-inverno-e-enchem-a-casa-de-cor-segundo-jardineiros\/","name":"As flores que amam o inverno e enchem a casa de cor, segundo jardineiros - Estado de Minas - Em foco","isPartOf":{"@id":"https:\/\/www.em.com.br\/emfoco\/#website"},"primaryImageOfPage":{"@id":"https:\/\/www.em.com.br\/emfoco\/2025\/07\/22\/as-flores-que-amam-o-inverno-e-enchem-a-casa-de-cor-segundo-jardineiros\/#primaryimage"},"image":{"@id":"https:\/\/www.em.com.br\/emfoco\/2025\/07\/22\/as-flores-que-amam-o-inverno-e-enchem-a-casa-de-cor-segundo-jardineiros\/#primaryimage"},"thumbnailUrl":"https:\/\/www.em.com.br\/emfoco\/wp-content\/uploads\/2025\/06\/hortensias_1749851262161.jpg","datePublished":"2025-07-22T14:20:00+00:00","dateModified":"2025-07-22T13:13:34+00:00","author":{"@id":"https:\/\/www.em.com.br\/emfoco\/#\/schema\/person\/60eda09c1fedf0d6891f4cef4b60b8b8"},"description":"Mesmo no frio, seu lar pode florescer com essas esp\u00e9cies encantadoras. Veja as flores que brilham no inverno e como cuidar delas.","breadcrumb":{"@id":"https:\/\/www.em.com.br\/emfoco\/2025\/07\/22\/as-flores-que-amam-o-inverno-e-enchem-a-casa-de-cor-segundo-jardineiros\/#breadcrumb"},"inLanguage":"pt-BR","potentialAction":[{"@type":"ReadAction","target":["https:\/\/www.em.com.br\/emfoco\/2025\/07\/22\/as-flores-que-amam-o-inverno-e-enchem-a-casa-de-cor-segundo-jardineiros\/"]}]},{"@type":"ImageObject","inLanguage":"pt-BR","@id":"https:\/\/www.em.com.br\/emfoco\/2025\/07\/22\/as-flores-que-amam-o-inverno-e-enchem-a-casa-de-cor-segundo-jardineiros\/#primaryimage","url":"https:\/\/www.em.com.br\/emfoco\/wp-content\/uploads\/2025\/06\/hortensias_1749851262161.jpg","contentUrl":"https:\/\/www.em.com.br\/emfoco\/wp-content\/uploads\/2025\/06\/hortensias_1749851262161.jpg","width":1280,"height":720,"caption":"Mulher cheirando flores - Cr\u00e9ditos: depositphotos.com \/ HayDmitriy"},{"@type":"BreadcrumbList","@id":"https:\/\/www.em.com.br\/emfoco\/2025\/07\/22\/as-flores-que-amam-o-inverno-e-enchem-a-casa-de-cor-segundo-jardineiros\/#breadcrumb","itemListElement":[{"@type":"ListItem","position":1,"name":"In\u00edcio","item":"https:\/\/www.em.com.br\/emfoco\/"},{"@type":"ListItem","position":2,"name":"As flores que amam o inverno e enchem a casa de cor, segundo jardineiros"}]},{"@type":"WebSite","@id":"https:\/\/www.em.com.br\/emfoco\/#website","url":"https:\/\/www.em.com.br\/emfoco\/","name":"Estado de Minas - Em foco","description":"Acompanhe as \u00faltimas not\u00edcias e fique bem informado sobre tudo o que acontece em Minas Gerais, Brasil e no mundo.","potentialAction":[{"@type":"SearchAction","target":{"@type":"EntryPoint","urlTemplate":"https:\/\/www.em.com.br\/emfoco\/?s={search_term_string}"},"query-input":{"@type":"PropertyValueSpecification","valueRequired":true,"valueName":"search_term_string"}}],"inLanguage":"pt-BR"},{"@type":"Person","@id":"https:\/\/www.em.com.br\/emfoco\/#\/schema\/person\/60eda09c1fedf0d6891f4cef4b60b8b8","name":"Andre\u0301 Rangel\u00a0","image":{"@type":"ImageObject","inLanguage":"pt-BR","@id":"https:\/\/www.em.com.br\/emfoco\/#\/schema\/person\/image\/","url":"https:\/\/secure.gravatar.com\/avatar\/6234dc814c77c8ef6d8bba622c787efc?s=96&d=mm&r=g","contentUrl":"https:\/\/secure.gravatar.com\/avatar\/6234dc814c77c8ef6d8bba622c787efc?s=96&d=mm&r=g","caption":"Andre\u0301 Rangel\u00a0"},"url":"https:\/\/www.em.com.br\/emfoco\/author\/luizmyth\/"}]}},"_links":{"self":[{"href":"https:\/\/www.em.com.br\/emfoco\/wp-json\/wp\/v2\/posts\/79353","targetHints":{"allow":["GET"]}}],"collection":[{"href":"https:\/\/www.em.com.br\/emfoco\/wp-json\/wp\/v2\/posts"}],"about":[{"href":"https:\/\/www.em.com.br\/emfoco\/wp-json\/wp\/v2\/types\/post"}],"author":[{"embeddable":true,"href":"https:\/\/www.em.com.br\/emfoco\/wp-json\/wp\/v2\/users\/11"}],"replies":[{"embeddable":true,"href":"https:\/\/www.em.com.br\/emfoco\/wp-json\/wp\/v2\/comments?post=79353"}],"version-history":[{"count":3,"href":"https:\/\/www.em.com.br\/emfoco\/wp-json\/wp\/v2\/posts\/79353\/revisions"}],"predecessor-version":[{"id":79663,"href":"https:\/\/www.em.com.br\/emfoco\/wp-json\/wp\/v2\/posts\/79353\/revisions\/79663"}],"wp:featuredmedia":[{"embeddable":true,"href":"https:\/\/www.em.com.br\/emfoco\/wp-json\/wp\/v2\/media\/60254"}],"wp:attachment":[{"href":"https:\/\/www.em.com.br\/emfoco\/wp-json\/wp\/v2\/media?parent=79353"}],"wp:term":[{"taxonomy":"category","embeddable":true,"href":"https:\/\/www.em.com.br\/emfoco\/wp-json\/wp\/v2\/categories?post=79353"},{"taxonomy":"post_tag","embeddable":true,"href":"https:\/\/www.em.com.br\/emfoco\/wp-json\/wp\/v2\/tags?post=79353"}],"curies":[{"name":"wp","href":"https:\/\/api.w.org\/{rel}","templated":true}]}}