{"id":79252,"date":"2025-07-21T18:50:00","date_gmt":"2025-07-21T21:50:00","guid":{"rendered":"https:\/\/www.em.com.br\/emfoco\/?p=79252"},"modified":"2025-07-21T12:39:42","modified_gmt":"2025-07-21T15:39:42","slug":"4-plantas-para-muros-que-transformam-seu-jardim-em-um-espetaculo","status":"publish","type":"post","link":"https:\/\/www.em.com.br\/emfoco\/2025\/07\/21\/4-plantas-para-muros-que-transformam-seu-jardim-em-um-espetaculo\/","title":{"rendered":"4 plantas para muros que transformam seu jardim em um espet\u00e1culo"},"content":{"rendered":"\n<p>Utilizar plantas ornamentais junto aos muros tem se mostrado uma alternativa estrat\u00e9gica para lidar com imperfei\u00e7\u00f5es e real\u00e7ar a est\u00e9tica do ambiente externo. Essa escolha vai al\u00e9m do visual, j\u00e1 que determinadas esp\u00e9cies desenvolvem fun\u00e7\u00f5es complementares que beneficiam tanto o espa\u00e7o quanto quem o frequenta. Ao transformar o entorno residencial, as plantas para muros contribuem para a cria\u00e7\u00e3o de \u00e1reas mais agrad\u00e1veis, frescas e harm\u00f4nicas, como mostra o site <a href=\"https:\/\/terrabrasilnoticias.com\/2025\/07\/4-plantas-que-vao-transformar-seu-muro-feio-em-um-jardim-de-filme\/\" target=\"_blank\" rel=\"noreferrer noopener\">Terra Brasil Not\u00edcias.<\/a><\/p>\n\n\n\n<p>Tais esp\u00e9cies s\u00e3o procuradas principalmente por sua robustez e facilidade no manejo. Na rotina corrida das cidades, plantas como moreia, f\u00f3rmio rubro, mini f\u00f3rmio rubro e falsa \u00edris aparecem entre as op\u00e7\u00f5es preferidas por paisagistas. Isso se deve \u00e0 combina\u00e7\u00e3o entre baixa necessidade de manuten\u00e7\u00e3o e capacidade de disfar\u00e7ar manchas ou sujeiras recorrentes nas paredes externas, agregando valor ao projeto paisag\u00edstico.<\/p>\n\n\n\n<h2 class=\"wp-block-heading\">Por que escolher plantas ornamentais para proteger muros?<\/h2>\n\n\n\n<p>A decis\u00e3o de investir em vegeta\u00e7\u00e3o ao redor de muros traz ganhos pr\u00e1ticos e ambientais. Esp\u00e9cies adaptadas funcionam como barreiras naturais, abafando imperfei\u00e7\u00f5es visuais e reduzindo o desconforto causado pelo calor refletido nos muros, principalmente durante os meses mais quentes. Outro aspecto relevante \u00e9 a melhoria no microclima local, j\u00e1 que as plantas mant\u00eam a umidade do solo e minimizam a exposi\u00e7\u00e3o \u00e0 poeira e \u00e0 polui\u00e7\u00e3o.<\/p>\n\n\n\n<p>Al\u00e9m disso, ao optar por plantas flor\u00edferas, como a moreia, \u00e9 poss\u00edvel atrair polinizadores, fortalecendo a biodiversidade em regi\u00f5es urbanizadas. O conjunto dessas vantagens faz com que o investimento em plantas para muros seja uma escolha inteligente para quem busca unir praticidade e sustentabilidade no paisagismo.<\/p>\n\n\n\n<h2 class=\"wp-block-heading\">Quais caracter\u00edsticas s\u00e3o ideais em plantas para muros?<\/h2>\n\n\n\n<p>\u00c9 importante analisar alguns atributos ao selecionar as melhores esp\u00e9cies para muros. Resist\u00eancia ao sol pleno, folhas densas e porte variado s\u00e3o caracter\u00edsticas que se destacam nas op\u00e7\u00f5es mais eficientes. A <strong>moreia<\/strong> apresenta folhas lineares e flores delicadas que surgem em climas mais quentes, adaptando-se bem \u00e0 luminosidade intensa. J\u00e1 o <strong>mini f\u00f3rmio rubro<\/strong> possui colora\u00e7\u00e3o avermelhada nas folhas e porte compacto, sendo ideal para compor bordaduras.<\/p>\n\n\n\n<ul class=\"wp-block-list\">\n<li><strong>F\u00f3rmio rubro:<\/strong> Porte elevado e folhas longas que criam uma barreira natural eficiente.<\/li>\n\n\n\n<li><strong>Falsa \u00edris:<\/strong> Folhagem arqueada e r\u00e1pida expans\u00e3o, oferecendo textura e volume ao jardim.<\/li>\n<\/ul>\n\n\n\n<p>Outro diferencial est\u00e1 na versatilidade dessas plantas. O f\u00f3rmio rubro, por exemplo, suporta per\u00edodos de estiagem ap\u00f3s o enraizamento, enquanto a falsa \u00edris se adapta a diferentes n\u00edveis de luz e tolera podas frequentes. Tais <a href=\"https:\/\/www.em.com.br\/emfoco\/2025\/07\/19\/decoracao-de-sala-com-artesanato-e-a-tendencia-mais-charmosa-do-ano\/\" target=\"_blank\" rel=\"noreferrer noopener\">caracter\u00edsticas<\/a> garantem a uniformidade e o efeito paisag\u00edstico desejado ao longo do tempo.<\/p>\n\n\n\n<h2 class=\"wp-block-heading\">Como realizar o plantio e cuidar das esp\u00e9cies ao longo do muro?<\/h2>\n\n\n\n<p>Para que o paisagismo se desenvolva de maneira saud\u00e1vel, a prepara\u00e7\u00e3o do solo \u00e9 essencial. Recomenda-se o uso de substrato enriquecido com mat\u00e9ria org\u00e2nica e boa drenagem para evitar o ac\u00famulo de \u00e1gua. Nos primeiros meses, a irriga\u00e7\u00e3o moderada \u00e9 necess\u00e1ria para facilitar a adapta\u00e7\u00e3o das mudas. Alternar esp\u00e9cies de alturas diferentes potencializa o efeito visual e cria sensa\u00e7\u00e3o de profundidade.<\/p>\n\n\n\n<p>Pr\u00e1ticas como utiliza\u00e7\u00e3o de <em>pedriscos<\/em> ou casca de pinus sobre a terra ajudam a preservar a umidade e impedem o surgimento de plantas daninhas. Podas regulares s\u00e3o fundamentais, principalmente na falsa \u00edris e no f\u00f3rmio, estimulando novas brota\u00e7\u00f5es e mantendo o formato desejado. Al\u00e9m disso, fazer aduba\u00e7\u00f5es sazonais favorece o crescimento e fortalece as plantas diante de poss\u00edveis per\u00edodos de stress h\u00eddrico ou ataque de pragas.<\/p>\n\n\n<div class=\"wp-block-image\">\n<figure class=\"aligncenter size-large\"><img loading=\"lazy\" decoding=\"async\" width=\"1024\" height=\"576\" src=\"https:\/\/www.em.com.br\/emfoco\/wp-content\/uploads\/2025\/07\/Falsa-Iris-planta_1753112310241-1024x576.jpg\" alt=\"4 plantas para muros que transformam seu jardim em um espet\u00e1culo\" class=\"wp-image-79259\" srcset=\"https:\/\/www.em.com.br\/emfoco\/wp-content\/uploads\/2025\/07\/Falsa-Iris-planta_1753112310241-1024x576.jpg 1024w, https:\/\/www.em.com.br\/emfoco\/wp-content\/uploads\/2025\/07\/Falsa-Iris-planta_1753112310241-300x169.jpg 300w, https:\/\/www.em.com.br\/emfoco\/wp-content\/uploads\/2025\/07\/Falsa-Iris-planta_1753112310241-768x432.jpg 768w, https:\/\/www.em.com.br\/emfoco\/wp-content\/uploads\/2025\/07\/Falsa-Iris-planta_1753112310241-750x422.jpg 750w, https:\/\/www.em.com.br\/emfoco\/wp-content\/uploads\/2025\/07\/Falsa-Iris-planta_1753112310241-1140x641.jpg 1140w, https:\/\/www.em.com.br\/emfoco\/wp-content\/uploads\/2025\/07\/Falsa-Iris-planta_1753112310241.jpg 1280w\" sizes=\"auto, (max-width: 1024px) 100vw, 1024px\" \/><figcaption class=\"wp-element-caption\">Falsa \u00edris (Cr\u00e9ditos: depositphotos.com \/ brunomartins246)<\/figcaption><\/figure><\/div>\n\n\n<h2 class=\"wp-block-heading\">Quais cuidados espec\u00edficos cada esp\u00e9cie demanda?<\/h2>\n\n\n\n<ul class=\"wp-block-list\">\n<li><strong>Moreia:<\/strong> Recomenda-se sol pleno ou meia-sombra e solos f\u00e9rteis com rega controlada.<\/li>\n\n\n\n<li><strong>Mini F\u00f3rmio Rubro:<\/strong> Necessita irriga\u00e7\u00e3o frequente e \u00e9 indicado para bordaduras.<\/li>\n\n\n\n<li><strong>F\u00f3rmio Rubro:<\/strong> Destaca-se pela resist\u00eancia ap\u00f3s o processo de enraizamento, dispensando muitas manuten\u00e7\u00f5es posteriores.<\/li>\n\n\n\n<li><strong>Falsa \u00cdris:<\/strong> Tolera podas e manipula\u00e7\u00e3o da luminosidade, adaptando-se bem a diferentes ambientes.<\/li>\n<\/ul>\n\n\n\n<p>Monitorar pragas e manter a limpeza do canteiro auxilia no sucesso duradouro do paisagismo. A diversidade de formas, cores e tamanhos entre as esp\u00e9cies permite um resultado personalizado, que harmoniza com o restante do jardim e valoriza o im\u00f3vel.<\/p>\n\n\n\n<h2 class=\"wp-block-heading\">Quais pr\u00e1ticas ajudam na efici\u00eancia do paisagismo em muros?<\/h2>\n\n\n\n<p>Algumas recomenda\u00e7\u00f5es tornam o projeto mais eficiente e de f\u00e1cil manuten\u00e7\u00e3o. Entre elas:<\/p>\n\n\n\n<ol class=\"wp-block-list\">\n<li>Selecionar esp\u00e9cies que toleram o clima da regi\u00e3o.<\/li>\n\n\n\n<li>Preparar o solo corretamente antes do plantio.<\/li>\n\n\n\n<li>Distribuir as plantas em intervalos adequados, alternando alturas e texturas.<\/li>\n\n\n\n<li>Aplicar cobertura de solo com materiais org\u00e2nicos ou minerais.<\/li>\n\n\n\n<li>Realizar inspe\u00e7\u00f5es peri\u00f3dicas para detec\u00e7\u00e3o precoce de pragas.<\/li>\n<\/ol>\n\n\n\n<p>Essas estrat\u00e9gias, quando combinadas, promovem um ambiente mais atraente, sombreado e confort\u00e1vel. Plantas ornamentais junto a muros mostram que \u00e9 poss\u00edvel aliar beleza, funcionalidade e bem-estar em \u00e1reas externas, mesmo com recursos simples e manuten\u00e7\u00e3o descomplicada.<\/p>\n","protected":false},"excerpt":{"rendered":"<p>Utilizar plantas ornamentais junto aos muros tem se mostrado uma alternativa estrat\u00e9gica para lidar com imperfei\u00e7\u00f5es e real\u00e7ar a est\u00e9tica do ambiente externo. Essa escolha vai al\u00e9m do visual, j\u00e1 que determinadas esp\u00e9cies desenvolvem fun\u00e7\u00f5es complementares que beneficiam tanto o espa\u00e7o quanto quem o frequenta. Ao transformar o entorno residencial, as plantas para muros contribuem [&hellip;]<\/p>\n","protected":false},"author":10,"featured_media":79257,"comment_status":"open","ping_status":"open","sticky":false,"template":"","format":"standard","meta":{"jnews-multi-image_gallery":[],"jnews_single_post":{"format":"standard"},"jnews_primary_category":[],"jnews_social_meta":[],"jnews_override_counter":[],"footnotes":""},"categories":[29],"tags":[4687,3325,12571,3324],"class_list":["post-79252","post","type-post","status-publish","format-standard","has-post-thumbnail","hentry","category-entretenimento","tag-decoracao","tag-jardim","tag-muro","tag-plantas"],"yoast_head":"<!-- This site is optimized with the Yoast SEO plugin v23.8 - https:\/\/yoast.com\/wordpress\/plugins\/seo\/ -->\n<title>4 plantas para muros que transformam seu jardim em um espet\u00e1culo - Estado de Minas - Em foco<\/title>\n<meta name=\"description\" content=\"Seu muro pode ganhar vida com plantas resistentes e de baixa manuten\u00e7\u00e3o. Aprenda dicas para um paisagismo bonito, eficiente e econ\u00f4mico.\" \/>\n<meta name=\"robots\" content=\"index, follow, max-snippet:-1, max-image-preview:large, max-video-preview:-1\" \/>\n<link rel=\"canonical\" href=\"https:\/\/www.em.com.br\/emfoco\/2025\/07\/21\/4-plantas-para-muros-que-transformam-seu-jardim-em-um-espetaculo\/\" \/>\n<meta property=\"og:locale\" content=\"pt_BR\" \/>\n<meta property=\"og:type\" content=\"article\" \/>\n<meta property=\"og:title\" content=\"4 plantas para muros que transformam seu jardim em um espet\u00e1culo - Estado de Minas - Em foco\" \/>\n<meta property=\"og:description\" content=\"Seu muro pode ganhar vida com plantas resistentes e de baixa manuten\u00e7\u00e3o. Aprenda dicas para um paisagismo bonito, eficiente e econ\u00f4mico.\" \/>\n<meta property=\"og:url\" content=\"https:\/\/www.em.com.br\/emfoco\/2025\/07\/21\/4-plantas-para-muros-que-transformam-seu-jardim-em-um-espetaculo\/\" \/>\n<meta property=\"og:site_name\" content=\"Estado de Minas - Em foco\" \/>\n<meta property=\"article:published_time\" content=\"2025-07-21T21:50:00+00:00\" \/>\n<meta property=\"article:modified_time\" content=\"2025-07-21T15:39:42+00:00\" \/>\n<meta property=\"og:image\" content=\"https:\/\/www.em.com.br\/emfoco\/wp-content\/uploads\/2025\/07\/Phormium-tenax_1753112209014.jpg\" \/>\n\t<meta property=\"og:image:width\" content=\"1280\" \/>\n\t<meta property=\"og:image:height\" content=\"720\" \/>\n\t<meta property=\"og:image:type\" content=\"image\/jpeg\" \/>\n<meta name=\"author\" content=\"Patryck Reinehr\" \/>\n<meta name=\"twitter:card\" content=\"summary_large_image\" \/>\n<meta name=\"twitter:label1\" content=\"Escrito por\" \/>\n\t<meta name=\"twitter:data1\" content=\"Patryck Reinehr\" \/>\n\t<meta name=\"twitter:label2\" content=\"Est. tempo de leitura\" \/>\n\t<meta name=\"twitter:data2\" content=\"5 minutos\" \/>\n<!-- \/ Yoast SEO plugin. -->","yoast_head_json":{"title":"4 plantas para muros que transformam seu jardim em um espet\u00e1culo - Estado de Minas - Em foco","description":"Seu muro pode ganhar vida com plantas resistentes e de baixa manuten\u00e7\u00e3o. Aprenda dicas para um paisagismo bonito, eficiente e econ\u00f4mico.","robots":{"index":"index","follow":"follow","max-snippet":"max-snippet:-1","max-image-preview":"max-image-preview:large","max-video-preview":"max-video-preview:-1"},"canonical":"https:\/\/www.em.com.br\/emfoco\/2025\/07\/21\/4-plantas-para-muros-que-transformam-seu-jardim-em-um-espetaculo\/","og_locale":"pt_BR","og_type":"article","og_title":"4 plantas para muros que transformam seu jardim em um espet\u00e1culo - Estado de Minas - Em foco","og_description":"Seu muro pode ganhar vida com plantas resistentes e de baixa manuten\u00e7\u00e3o. Aprenda dicas para um paisagismo bonito, eficiente e econ\u00f4mico.","og_url":"https:\/\/www.em.com.br\/emfoco\/2025\/07\/21\/4-plantas-para-muros-que-transformam-seu-jardim-em-um-espetaculo\/","og_site_name":"Estado de Minas - Em foco","article_published_time":"2025-07-21T21:50:00+00:00","article_modified_time":"2025-07-21T15:39:42+00:00","og_image":[{"width":1280,"height":720,"url":"https:\/\/www.em.com.br\/emfoco\/wp-content\/uploads\/2025\/07\/Phormium-tenax_1753112209014.jpg","type":"image\/jpeg"}],"author":"Patryck Reinehr","twitter_card":"summary_large_image","twitter_misc":{"Escrito por":"Patryck Reinehr","Est. tempo de leitura":"5 minutos"},"schema":{"@context":"https:\/\/schema.org","@graph":[{"@type":"WebPage","@id":"https:\/\/www.em.com.br\/emfoco\/2025\/07\/21\/4-plantas-para-muros-que-transformam-seu-jardim-em-um-espetaculo\/","url":"https:\/\/www.em.com.br\/emfoco\/2025\/07\/21\/4-plantas-para-muros-que-transformam-seu-jardim-em-um-espetaculo\/","name":"4 plantas para muros que transformam seu jardim em um espet\u00e1culo - Estado de Minas - Em foco","isPartOf":{"@id":"https:\/\/www.em.com.br\/emfoco\/#website"},"primaryImageOfPage":{"@id":"https:\/\/www.em.com.br\/emfoco\/2025\/07\/21\/4-plantas-para-muros-que-transformam-seu-jardim-em-um-espetaculo\/#primaryimage"},"image":{"@id":"https:\/\/www.em.com.br\/emfoco\/2025\/07\/21\/4-plantas-para-muros-que-transformam-seu-jardim-em-um-espetaculo\/#primaryimage"},"thumbnailUrl":"https:\/\/www.em.com.br\/emfoco\/wp-content\/uploads\/2025\/07\/Phormium-tenax_1753112209014.jpg","datePublished":"2025-07-21T21:50:00+00:00","dateModified":"2025-07-21T15:39:42+00:00","author":{"@id":"https:\/\/www.em.com.br\/emfoco\/#\/schema\/person\/43407752bebcbbb4d0ec79deedc0d7ce"},"description":"Seu muro pode ganhar vida com plantas resistentes e de baixa manuten\u00e7\u00e3o. Aprenda dicas para um paisagismo bonito, eficiente e econ\u00f4mico.","breadcrumb":{"@id":"https:\/\/www.em.com.br\/emfoco\/2025\/07\/21\/4-plantas-para-muros-que-transformam-seu-jardim-em-um-espetaculo\/#breadcrumb"},"inLanguage":"pt-BR","potentialAction":[{"@type":"ReadAction","target":["https:\/\/www.em.com.br\/emfoco\/2025\/07\/21\/4-plantas-para-muros-que-transformam-seu-jardim-em-um-espetaculo\/"]}]},{"@type":"ImageObject","inLanguage":"pt-BR","@id":"https:\/\/www.em.com.br\/emfoco\/2025\/07\/21\/4-plantas-para-muros-que-transformam-seu-jardim-em-um-espetaculo\/#primaryimage","url":"https:\/\/www.em.com.br\/emfoco\/wp-content\/uploads\/2025\/07\/Phormium-tenax_1753112209014.jpg","contentUrl":"https:\/\/www.em.com.br\/emfoco\/wp-content\/uploads\/2025\/07\/Phormium-tenax_1753112209014.jpg","width":1280,"height":720,"caption":"F\u00f3rmio Rubro (Cr\u00e9ditos: depositphotos.com \/ photohampster)"},{"@type":"BreadcrumbList","@id":"https:\/\/www.em.com.br\/emfoco\/2025\/07\/21\/4-plantas-para-muros-que-transformam-seu-jardim-em-um-espetaculo\/#breadcrumb","itemListElement":[{"@type":"ListItem","position":1,"name":"In\u00edcio","item":"https:\/\/www.em.com.br\/emfoco\/"},{"@type":"ListItem","position":2,"name":"4 plantas para muros que transformam seu jardim em um espet\u00e1culo"}]},{"@type":"WebSite","@id":"https:\/\/www.em.com.br\/emfoco\/#website","url":"https:\/\/www.em.com.br\/emfoco\/","name":"Estado de Minas - Em foco","description":"Acompanhe as \u00faltimas not\u00edcias e fique bem informado sobre tudo o que acontece em Minas Gerais, Brasil e no mundo.","potentialAction":[{"@type":"SearchAction","target":{"@type":"EntryPoint","urlTemplate":"https:\/\/www.em.com.br\/emfoco\/?s={search_term_string}"},"query-input":{"@type":"PropertyValueSpecification","valueRequired":true,"valueName":"search_term_string"}}],"inLanguage":"pt-BR"},{"@type":"Person","@id":"https:\/\/www.em.com.br\/emfoco\/#\/schema\/person\/43407752bebcbbb4d0ec79deedc0d7ce","name":"Patryck Reinehr","image":{"@type":"ImageObject","inLanguage":"pt-BR","@id":"https:\/\/www.em.com.br\/emfoco\/#\/schema\/person\/image\/","url":"https:\/\/secure.gravatar.com\/avatar\/570c7fb2898c0e2df0823196891bea88?s=96&d=mm&r=g","contentUrl":"https:\/\/secure.gravatar.com\/avatar\/570c7fb2898c0e2df0823196891bea88?s=96&d=mm&r=g","caption":"Patryck Reinehr"},"url":"https:\/\/www.em.com.br\/emfoco\/author\/patryckmyth\/"}]}},"_links":{"self":[{"href":"https:\/\/www.em.com.br\/emfoco\/wp-json\/wp\/v2\/posts\/79252","targetHints":{"allow":["GET"]}}],"collection":[{"href":"https:\/\/www.em.com.br\/emfoco\/wp-json\/wp\/v2\/posts"}],"about":[{"href":"https:\/\/www.em.com.br\/emfoco\/wp-json\/wp\/v2\/types\/post"}],"author":[{"embeddable":true,"href":"https:\/\/www.em.com.br\/emfoco\/wp-json\/wp\/v2\/users\/10"}],"replies":[{"embeddable":true,"href":"https:\/\/www.em.com.br\/emfoco\/wp-json\/wp\/v2\/comments?post=79252"}],"version-history":[{"count":1,"href":"https:\/\/www.em.com.br\/emfoco\/wp-json\/wp\/v2\/posts\/79252\/revisions"}],"predecessor-version":[{"id":79261,"href":"https:\/\/www.em.com.br\/emfoco\/wp-json\/wp\/v2\/posts\/79252\/revisions\/79261"}],"wp:featuredmedia":[{"embeddable":true,"href":"https:\/\/www.em.com.br\/emfoco\/wp-json\/wp\/v2\/media\/79257"}],"wp:attachment":[{"href":"https:\/\/www.em.com.br\/emfoco\/wp-json\/wp\/v2\/media?parent=79252"}],"wp:term":[{"taxonomy":"category","embeddable":true,"href":"https:\/\/www.em.com.br\/emfoco\/wp-json\/wp\/v2\/categories?post=79252"},{"taxonomy":"post_tag","embeddable":true,"href":"https:\/\/www.em.com.br\/emfoco\/wp-json\/wp\/v2\/tags?post=79252"}],"curies":[{"name":"wp","href":"https:\/\/api.w.org\/{rel}","templated":true}]}}