{"id":79066,"date":"2025-07-22T22:28:00","date_gmt":"2025-07-23T01:28:00","guid":{"rendered":"https:\/\/www.em.com.br\/emfoco\/?p=79066"},"modified":"2025-07-21T20:04:05","modified_gmt":"2025-07-21T23:04:05","slug":"entenda-como-as-cores-do-ambiente-podem-afetar-suas-decisoes-sem-voce-perceber","status":"publish","type":"post","link":"https:\/\/www.em.com.br\/emfoco\/2025\/07\/22\/entenda-como-as-cores-do-ambiente-podem-afetar-suas-decisoes-sem-voce-perceber\/","title":{"rendered":"Entenda como as cores do ambiente podem afetar suas decis\u00f5es sem voc\u00ea perceber"},"content":{"rendered":"\n<p>A influ\u00eancia da cor do ambiente em nossas decis\u00f5es \u00e9 um tema que vem despertando o interesse de pesquisadores e designers. As cores ao redor podem afetar n\u00e3o apenas nossas emo\u00e7\u00f5es, mas tamb\u00e9m nossos comportamentos e decis\u00f5es di\u00e1rias. Entender como cada cor pode impactar nosso estado mental e comportamental \u00e9 essencial, principalmente em contextos como trabalho, lazer e at\u00e9 mesmo em ambientes comerciais.<\/p>\n\n\n\n<p>Essas influ\u00eancias ocorrem de forma sutil e muitas vezes inconsciente. Desde a escolha de um restaurante at\u00e9 a sele\u00e7\u00e3o de um produto numa prateleira, as cores desempenham um papel crucial. Diferentes culturas e experi\u00eancias pessoais tamb\u00e9m moldam a forma como percebemos e reagimos a elas. Este artigo busca explorar como as cores podem nos guiar em v\u00e1rias esferas da vida.<\/p>\n\n\n\n<h2 class=\"wp-block-heading\">O azul do ambiente pode realmente acalmar suas decis\u00f5es?<\/h2>\n\n\n\n<p>No contexto das cores, o azul \u00e9 frequentemente associado a calma, serenidade e confian\u00e7a. <strong>\u00c9 uma das cores mais recomendadas para ambientes de trabalho, pois pode ajudar a aumentar a produtividade e diminuir os n\u00edveis de <a href=\"https:\/\/www.em.com.br\/emfoco\/2025\/07\/21\/conheca-a-pratica-da-jardinagem-e-entenda-como-ela-pode-atuar-como-um-dos-melhores-metodos-antiestresse\/\" target=\"_blank\" rel=\"noreferrer noopener\">estresse<\/a>.<\/strong> Empresas muitas vezes escolhem tons de azul para suas salas de reuni\u00e3o ou \u00e1reas de descanso, na tentativa de promover um sentimento de confian\u00e7a e tranquilidade entre seus funcion\u00e1rios. Inclusive, pesquisas recentes mostram que ambientes com predomin\u00e2ncia azul podem aprimorar a clareza mental e a capacidade de an\u00e1lise para determinadas tarefas mentais.<\/p>\n\n\n\n<p>No entanto, a influ\u00eancia do azul n\u00e3o se limita apenas ao ambiente laboral. Em ambientes dom\u00e9sticos, optar por paredes ou decora\u00e7\u00f5es em azul pode criar um espa\u00e7o relaxante e acolhedor. <strong>Durante tomadas de decis\u00f5es importantes, a presen\u00e7a dessa cor pode ajudar a manter a mente tranquila e focada, reduzindo a press\u00e3o e promovendo escolhas mais ponderadas.<\/strong> Estudos apontam que ambientes com tons frios, especialmente o azul, tendem a diminuir batimentos card\u00edacos, facilitando ainda mais a sensa\u00e7\u00e3o de tranquilidade.<\/p>\n\n\n\n<figure class=\"wp-block-image size-large\"><img loading=\"lazy\" decoding=\"async\" width=\"1024\" height=\"576\" src=\"https:\/\/www.em.com.br\/emfoco\/wp-content\/uploads\/2025\/07\/casa-cores_1753142595427-1024x576.jpg\" alt=\"\" class=\"wp-image-79469\" srcset=\"https:\/\/www.em.com.br\/emfoco\/wp-content\/uploads\/2025\/07\/casa-cores_1753142595427-1024x576.jpg 1024w, https:\/\/www.em.com.br\/emfoco\/wp-content\/uploads\/2025\/07\/casa-cores_1753142595427-300x169.jpg 300w, https:\/\/www.em.com.br\/emfoco\/wp-content\/uploads\/2025\/07\/casa-cores_1753142595427-768x432.jpg 768w, https:\/\/www.em.com.br\/emfoco\/wp-content\/uploads\/2025\/07\/casa-cores_1753142595427-750x422.jpg 750w, https:\/\/www.em.com.br\/emfoco\/wp-content\/uploads\/2025\/07\/casa-cores_1753142595427-1140x641.jpg 1140w, https:\/\/www.em.com.br\/emfoco\/wp-content\/uploads\/2025\/07\/casa-cores_1753142595427.jpg 1280w\" sizes=\"auto, (max-width: 1024px) 100vw, 1024px\" \/><figcaption class=\"wp-element-caption\">Casal escolhendo a cor  &#8211; Cr\u00e9ditos: depositphotos.com \/ AllaSerebrina<\/figcaption><\/figure>\n\n\n\n<h2 class=\"wp-block-heading\">Como o vermelho pode influenciar suas escolhas impulsivas?<\/h2>\n\n\n\n<p>O vermelho \u00e9 uma cor poderosa que pode ter um impacto significativo nas decis\u00f5es de uma pessoa, muitas vezes estimulando a\u00e7\u00f5es r\u00e1pidas e impulsivas. <strong>\u00c9 uma cor associada com paix\u00e3o, urg\u00eancia, e at\u00e9 mesmo perigo.<\/strong> Em ambientes comerciais, o vermelho \u00e9 estrategicamente usado para chamar aten\u00e7\u00e3o e estimular compras r\u00e1pidas, em especial durante promo\u00e7\u00f5es ou liquida\u00e7\u00f5es.<\/p>\n\n\n\n<p>Al\u00e9m do consumo, o vermelho pode afetar decis\u00f5es em outras \u00e1reas da vida. <strong>Em situa\u00e7\u00f5es de alta press\u00e3o, como durante uma negocia\u00e7\u00e3o ou um jogo competitivo, o ambiente com predomin\u00e2ncia dessa cor pode aumentar a <a href=\"https:\/\/mundoeducacao.uol.com.br\/biologia\/adrenalina.htm\" target=\"_blank\" rel=\"noreferrer noopener\">adrenalina <\/a>e incentivar decis\u00f5es mais impulsivas ou emocionais.<\/strong> A chave est\u00e1 em equilibrar a intensidade do vermelho com outras cores para n\u00e3o sobrecarregar o ambiente e os sentimentos individuais.<\/p>\n\n\n\n<h2 class=\"wp-block-heading\">O verde pode realmente equilibrar suas decis\u00f5es financeiras?<\/h2>\n\n\n\n<p>O verde, frequentemente associado \u00e0 natureza e sa\u00fade, \u00e9 uma cor que promove equil\u00edbrio e harmonia. <strong>Quando se trata de decis\u00f5es financeiras, o verde pode ter um efeito calmante, incentivando uma abordagem mais equilibrada e ponderada para o manejo do dinheiro.<\/strong> \u00c9 uma escolha comum para escrit\u00f3rios e espa\u00e7os de planejamento financeiro por suas propriedades tranquilizadoras.<\/p>\n\n\n\n<p>Al\u00e9m disso, o uso do verde em ambientes onde s\u00e3o realizadas transa\u00e7\u00f5es financeiras pode estimular um olhar mais detalhado e anal\u00edtico, reduzindo a pressa e favorecendo decis\u00f5es conscientes. <strong>A presen\u00e7a desta cor no ambiente pode ajudar a manter o foco, garantindo que sejam considerados todos os aspectos antes de tomar decis\u00f5es econ\u00f4micas importantes.<\/strong> Existem tamb\u00e9m ind\u00edcios de que o contato frequente com o verde est\u00e1 relacionado a menores n\u00edveis de ansiedade em decis\u00f5es sobre investimentos pessoais.<\/p>\n\n\n\n<h2 class=\"wp-block-heading\">E se o ambiente pudesse ser personalizado para otimizar suas escolhas?<\/h2>\n\n\n\n<p>A personaliza\u00e7\u00e3o do ambiente com cores espec\u00edficas pode ser uma estrat\u00e9gia eficaz para otimizar escolhas e comportamento. <strong>Imagine adaptar a cor do seu espa\u00e7o de acordo com as atividades que ser\u00e3o realizadas; isso poderia potencializar o efeito desejado, seja para estudar, relaxar ou trabalhar.<\/strong> O conhecimento sobre a psicologia das cores possibilita criar atmosferas que ajudam a atingir metas pessoais ou profissionais.<\/p>\n\n\n\n<p>Em casas ou escrit\u00f3rios, conhecer o impacto das cores pode ser um diferencial na busca por um ambiente mais funcional e agrad\u00e1vel. <strong>Personalizar o ambiente considerando as necessidades e prefer\u00eancias pode, de fato, ser uma ferramenta poderosa para estabelecer um estado de esp\u00edrito ideal, facilitando as tomadas de decis\u00e3o de forma consciente e alinhada aos seus objetivos.<\/strong> Essa abordagem \u00e9 cada vez mais utilizada por arquitetos e decoradores para proporcionar bem-estar e melhorar o desempenho das pessoas nos mais diversos ambientes.<\/p>\n","protected":false},"excerpt":{"rendered":"<p>A influ\u00eancia da cor do ambiente em nossas decis\u00f5es \u00e9 um tema que vem despertando o interesse de pesquisadores e designers. As cores ao redor podem afetar n\u00e3o apenas nossas emo\u00e7\u00f5es, mas tamb\u00e9m nossos comportamentos e decis\u00f5es di\u00e1rias. Entender como cada cor pode impactar nosso estado mental e comportamental \u00e9 essencial, principalmente em contextos como [&hellip;]<\/p>\n","protected":false},"author":13,"featured_media":79073,"comment_status":"open","ping_status":"open","sticky":false,"template":"","format":"standard","meta":{"jnews-multi-image_gallery":[],"jnews_single_post":{"format":"standard"},"jnews_primary_category":[],"jnews_social_meta":[],"jnews_override_counter":[],"footnotes":""},"categories":[8819,1],"tags":[4983,1110,821,1060],"class_list":["post-79066","post","type-post","status-publish","format-standard","has-post-thumbnail","hentry","category-curiosidades","category-noticias","tag-comportamento","tag-cores","tag-design","tag-emocoes"],"yoast_head":"<!-- This site is optimized with the Yoast SEO plugin v23.8 - https:\/\/yoast.com\/wordpress\/plugins\/seo\/ -->\n<title>Entenda como as cores do ambiente podem afetar suas decis\u00f5es sem voc\u00ea perceber - Estado de Minas - Em foco<\/title>\n<meta name=\"description\" content=\"As cores do ambiente impactam suas emo\u00e7\u00f5es e escolhas de forma sutil. Entenda como elas moldam suas decis\u00f5es no dia a dia.\" \/>\n<meta name=\"robots\" content=\"index, follow, max-snippet:-1, max-image-preview:large, max-video-preview:-1\" \/>\n<link rel=\"canonical\" href=\"https:\/\/www.em.com.br\/emfoco\/2025\/07\/22\/entenda-como-as-cores-do-ambiente-podem-afetar-suas-decisoes-sem-voce-perceber\/\" \/>\n<meta property=\"og:locale\" content=\"pt_BR\" \/>\n<meta property=\"og:type\" content=\"article\" \/>\n<meta property=\"og:title\" content=\"Entenda como as cores do ambiente podem afetar suas decis\u00f5es sem voc\u00ea perceber - Estado de Minas - Em foco\" \/>\n<meta property=\"og:description\" content=\"As cores do ambiente impactam suas emo\u00e7\u00f5es e escolhas de forma sutil. Entenda como elas moldam suas decis\u00f5es no dia a dia.\" \/>\n<meta property=\"og:url\" content=\"https:\/\/www.em.com.br\/emfoco\/2025\/07\/22\/entenda-como-as-cores-do-ambiente-podem-afetar-suas-decisoes-sem-voce-perceber\/\" \/>\n<meta property=\"og:site_name\" content=\"Estado de Minas - Em foco\" \/>\n<meta property=\"article:published_time\" content=\"2025-07-23T01:28:00+00:00\" \/>\n<meta property=\"article:modified_time\" content=\"2025-07-21T23:04:05+00:00\" \/>\n<meta property=\"og:image\" content=\"https:\/\/www.em.com.br\/emfoco\/wp-content\/uploads\/2025\/07\/Colorido_1753105141863.jpg\" \/>\n\t<meta property=\"og:image:width\" content=\"1280\" \/>\n\t<meta property=\"og:image:height\" content=\"720\" \/>\n\t<meta property=\"og:image:type\" content=\"image\/jpeg\" \/>\n<meta name=\"author\" content=\"Gabriel Martins\" \/>\n<meta name=\"twitter:card\" content=\"summary_large_image\" \/>\n<meta name=\"twitter:label1\" content=\"Escrito por\" \/>\n\t<meta name=\"twitter:data1\" content=\"Gabriel Martins\" \/>\n\t<meta name=\"twitter:label2\" content=\"Est. tempo de leitura\" \/>\n\t<meta name=\"twitter:data2\" content=\"5 minutos\" \/>\n<!-- \/ Yoast SEO plugin. -->","yoast_head_json":{"title":"Entenda como as cores do ambiente podem afetar suas decis\u00f5es sem voc\u00ea perceber - Estado de Minas - Em foco","description":"As cores do ambiente impactam suas emo\u00e7\u00f5es e escolhas de forma sutil. Entenda como elas moldam suas decis\u00f5es no dia a dia.","robots":{"index":"index","follow":"follow","max-snippet":"max-snippet:-1","max-image-preview":"max-image-preview:large","max-video-preview":"max-video-preview:-1"},"canonical":"https:\/\/www.em.com.br\/emfoco\/2025\/07\/22\/entenda-como-as-cores-do-ambiente-podem-afetar-suas-decisoes-sem-voce-perceber\/","og_locale":"pt_BR","og_type":"article","og_title":"Entenda como as cores do ambiente podem afetar suas decis\u00f5es sem voc\u00ea perceber - Estado de Minas - Em foco","og_description":"As cores do ambiente impactam suas emo\u00e7\u00f5es e escolhas de forma sutil. Entenda como elas moldam suas decis\u00f5es no dia a dia.","og_url":"https:\/\/www.em.com.br\/emfoco\/2025\/07\/22\/entenda-como-as-cores-do-ambiente-podem-afetar-suas-decisoes-sem-voce-perceber\/","og_site_name":"Estado de Minas - Em foco","article_published_time":"2025-07-23T01:28:00+00:00","article_modified_time":"2025-07-21T23:04:05+00:00","og_image":[{"width":1280,"height":720,"url":"https:\/\/www.em.com.br\/emfoco\/wp-content\/uploads\/2025\/07\/Colorido_1753105141863.jpg","type":"image\/jpeg"}],"author":"Gabriel Martins","twitter_card":"summary_large_image","twitter_misc":{"Escrito por":"Gabriel Martins","Est. tempo de leitura":"5 minutos"},"schema":{"@context":"https:\/\/schema.org","@graph":[{"@type":"WebPage","@id":"https:\/\/www.em.com.br\/emfoco\/2025\/07\/22\/entenda-como-as-cores-do-ambiente-podem-afetar-suas-decisoes-sem-voce-perceber\/","url":"https:\/\/www.em.com.br\/emfoco\/2025\/07\/22\/entenda-como-as-cores-do-ambiente-podem-afetar-suas-decisoes-sem-voce-perceber\/","name":"Entenda como as cores do ambiente podem afetar suas decis\u00f5es sem voc\u00ea perceber - Estado de Minas - Em foco","isPartOf":{"@id":"https:\/\/www.em.com.br\/emfoco\/#website"},"primaryImageOfPage":{"@id":"https:\/\/www.em.com.br\/emfoco\/2025\/07\/22\/entenda-como-as-cores-do-ambiente-podem-afetar-suas-decisoes-sem-voce-perceber\/#primaryimage"},"image":{"@id":"https:\/\/www.em.com.br\/emfoco\/2025\/07\/22\/entenda-como-as-cores-do-ambiente-podem-afetar-suas-decisoes-sem-voce-perceber\/#primaryimage"},"thumbnailUrl":"https:\/\/www.em.com.br\/emfoco\/wp-content\/uploads\/2025\/07\/Colorido_1753105141863.jpg","datePublished":"2025-07-23T01:28:00+00:00","dateModified":"2025-07-21T23:04:05+00:00","author":{"@id":"https:\/\/www.em.com.br\/emfoco\/#\/schema\/person\/1c9ddeab18b98abeffef834667bcf08a"},"description":"As cores do ambiente impactam suas emo\u00e7\u00f5es e escolhas de forma sutil. Entenda como elas moldam suas decis\u00f5es no dia a dia.","breadcrumb":{"@id":"https:\/\/www.em.com.br\/emfoco\/2025\/07\/22\/entenda-como-as-cores-do-ambiente-podem-afetar-suas-decisoes-sem-voce-perceber\/#breadcrumb"},"inLanguage":"pt-BR","potentialAction":[{"@type":"ReadAction","target":["https:\/\/www.em.com.br\/emfoco\/2025\/07\/22\/entenda-como-as-cores-do-ambiente-podem-afetar-suas-decisoes-sem-voce-perceber\/"]}]},{"@type":"ImageObject","inLanguage":"pt-BR","@id":"https:\/\/www.em.com.br\/emfoco\/2025\/07\/22\/entenda-como-as-cores-do-ambiente-podem-afetar-suas-decisoes-sem-voce-perceber\/#primaryimage","url":"https:\/\/www.em.com.br\/emfoco\/wp-content\/uploads\/2025\/07\/Colorido_1753105141863.jpg","contentUrl":"https:\/\/www.em.com.br\/emfoco\/wp-content\/uploads\/2025\/07\/Colorido_1753105141863.jpg","width":1280,"height":720,"caption":"Casa colorida - Cr\u00e9ditos: depositphotos.com \/ AntonMatyukha"},{"@type":"BreadcrumbList","@id":"https:\/\/www.em.com.br\/emfoco\/2025\/07\/22\/entenda-como-as-cores-do-ambiente-podem-afetar-suas-decisoes-sem-voce-perceber\/#breadcrumb","itemListElement":[{"@type":"ListItem","position":1,"name":"In\u00edcio","item":"https:\/\/www.em.com.br\/emfoco\/"},{"@type":"ListItem","position":2,"name":"Entenda como as cores do ambiente podem afetar suas decis\u00f5es sem voc\u00ea perceber"}]},{"@type":"WebSite","@id":"https:\/\/www.em.com.br\/emfoco\/#website","url":"https:\/\/www.em.com.br\/emfoco\/","name":"Estado de Minas - Em foco","description":"Acompanhe as \u00faltimas not\u00edcias e fique bem informado sobre tudo o que acontece em Minas Gerais, Brasil e no mundo.","potentialAction":[{"@type":"SearchAction","target":{"@type":"EntryPoint","urlTemplate":"https:\/\/www.em.com.br\/emfoco\/?s={search_term_string}"},"query-input":{"@type":"PropertyValueSpecification","valueRequired":true,"valueName":"search_term_string"}}],"inLanguage":"pt-BR"},{"@type":"Person","@id":"https:\/\/www.em.com.br\/emfoco\/#\/schema\/person\/1c9ddeab18b98abeffef834667bcf08a","name":"Gabriel Martins","image":{"@type":"ImageObject","inLanguage":"pt-BR","@id":"https:\/\/www.em.com.br\/emfoco\/#\/schema\/person\/image\/","url":"https:\/\/secure.gravatar.com\/avatar\/f0f1e2efdfd88f1ad2cb08c5c2731e50?s=96&d=mm&r=g","contentUrl":"https:\/\/secure.gravatar.com\/avatar\/f0f1e2efdfd88f1ad2cb08c5c2731e50?s=96&d=mm&r=g","caption":"Gabriel Martins"},"sameAs":["https:\/\/www.em.com.br\/emfoco\/"],"url":"https:\/\/www.em.com.br\/emfoco\/author\/gabrielmartinsmyth\/"}]}},"_links":{"self":[{"href":"https:\/\/www.em.com.br\/emfoco\/wp-json\/wp\/v2\/posts\/79066","targetHints":{"allow":["GET"]}}],"collection":[{"href":"https:\/\/www.em.com.br\/emfoco\/wp-json\/wp\/v2\/posts"}],"about":[{"href":"https:\/\/www.em.com.br\/emfoco\/wp-json\/wp\/v2\/types\/post"}],"author":[{"embeddable":true,"href":"https:\/\/www.em.com.br\/emfoco\/wp-json\/wp\/v2\/users\/13"}],"replies":[{"embeddable":true,"href":"https:\/\/www.em.com.br\/emfoco\/wp-json\/wp\/v2\/comments?post=79066"}],"version-history":[{"count":4,"href":"https:\/\/www.em.com.br\/emfoco\/wp-json\/wp\/v2\/posts\/79066\/revisions"}],"predecessor-version":[{"id":79470,"href":"https:\/\/www.em.com.br\/emfoco\/wp-json\/wp\/v2\/posts\/79066\/revisions\/79470"}],"wp:featuredmedia":[{"embeddable":true,"href":"https:\/\/www.em.com.br\/emfoco\/wp-json\/wp\/v2\/media\/79073"}],"wp:attachment":[{"href":"https:\/\/www.em.com.br\/emfoco\/wp-json\/wp\/v2\/media?parent=79066"}],"wp:term":[{"taxonomy":"category","embeddable":true,"href":"https:\/\/www.em.com.br\/emfoco\/wp-json\/wp\/v2\/categories?post=79066"},{"taxonomy":"post_tag","embeddable":true,"href":"https:\/\/www.em.com.br\/emfoco\/wp-json\/wp\/v2\/tags?post=79066"}],"curies":[{"name":"wp","href":"https:\/\/api.w.org\/{rel}","templated":true}]}}