{"id":79025,"date":"2025-07-22T21:18:00","date_gmt":"2025-07-23T00:18:00","guid":{"rendered":"https:\/\/www.em.com.br\/emfoco\/?p=79025"},"modified":"2025-07-21T19:45:54","modified_gmt":"2025-07-21T22:45:54","slug":"5-plantas-que-afastam-insetos-e-mantem-sua-casa-livre-de-pragas","status":"publish","type":"post","link":"https:\/\/www.em.com.br\/emfoco\/2025\/07\/22\/5-plantas-que-afastam-insetos-e-mantem-sua-casa-livre-de-pragas\/","title":{"rendered":"5 plantas que afastam insetos e mant\u00eam sua casa livre de pragas"},"content":{"rendered":"\n<p>Manter um jardim livre de insetos indesejados \u00e9 um desafio constante para muitos jardineiros. Contudo, a natureza oferece algumas solu\u00e7\u00f5es surpreendentes. Plantas que afastam insetos naturalmente s\u00e3o uma excelente op\u00e7\u00e3o para quem busca um ambiente mais ecol\u00f3gico e menos dependente de produtos qu\u00edmicos. Essas plantas n\u00e3o s\u00f3 ajudam a proteger outras esp\u00e9cies do jardim, mas tamb\u00e9m promovem a biodiversidade e a <a href=\"https:\/\/atuaagro.com.br\/saude-do-solo-tudo-o-que-voce-precisa-saber\/\" target=\"_blank\" rel=\"noreferrer noopener\">sa\u00fade do solo<\/a>. Inclusive, em cidades grandes como <strong>S\u00e3o Paulo<\/strong>, onde o uso de inseticidas \u00e9 cada vez mais desencorajado por organiza\u00e7\u00f5es ambientais, o cultivo dessas plantas tem crescido em popularidade.<\/p>\n\n\n\n<h2 class=\"wp-block-heading\">Como algumas plantas repelem insetos?<\/h2>\n\n\n\n<p>As plantas que repelem insetos o fazem atrav\u00e9s de uma variedade de mecanismos naturais. Muitas vezes, elas produzem \u00f3leos essenciais ou compostos qu\u00edmicos que s\u00e3o desagrad\u00e1veis para determinadas pragas. Por exemplo, a <strong>citronela<\/strong> \u00e9 amplamente reconhecida por seu aroma forte, que afasta mosquitos. J\u00e1 a <strong>lavanda<\/strong> \u00e9 eficaz contra mosquitos, gra\u00e7as ao seu perfume intenso, que, curiosamente, agrada aos humanos, mas \u00e9 intoler\u00e1vel para os mosquitos.<\/p>\n\n\n\n<p>Outra estrat\u00e9gia dessas <a href=\"https:\/\/www.em.com.br\/emfoco\/2025\/07\/21\/4-plantas-para-muros-que-transformam-seu-jardim-em-um-espetaculo\/\" target=\"_blank\" rel=\"noreferrer noopener\">plantas <\/a>\u00e9 a simula\u00e7\u00e3o de seu habitat natural. Quando agrupadas corretamente, estas plantas podem criar uma barreira natural que impede a entrada de insetos, tornando o meio ambiente menos acolhedor para as pragas. Al\u00e9m disso, oferecer abrigo para predadores naturais de insetos, como as joaninhas, tamb\u00e9m \u00e9 um benef\u00edcio adicional destas plantas em um jardim saud\u00e1vel.<\/p>\n\n\n\n<h2 class=\"wp-block-heading\">Quais s\u00e3o as plantas mais eficazes para afastar insetos?<\/h2>\n\n\n\n<p>Existem v\u00e1rias op\u00e7\u00f5es de plantas que podem ser incorporadas para afastar insetos do jardim. A citronela, conhecida amplamente no combate ao mosquito transmissor da dengue, pode ser cultivada facilmente e atua como um repelente energ\u00e9tico. Outra planta a se considerar \u00e9 a <strong>hortel\u00e3<\/strong>, que al\u00e9m de proporcionar um toque refrescante \u00e0 culin\u00e1ria, afasta formigas devido ao seu aroma forte. Contudo, \u00e9 recomend\u00e1vel cultiv\u00e1-la em vasos para controlar seu crescimento, pois pode se tornar invasiva.<\/p>\n\n\n\n<p>A <strong>manjeric\u00e3o<\/strong> \u00e9 outra adi\u00e7\u00e3o valiosa por seu efeito repelente sobre moscas e mosquitos. Esta planta pode ser convenientemente cultivada em vasos ou diretamente no solo, perto de outras plantas que necessitam de prote\u00e7\u00e3o. O <strong>alecrim<\/strong> \u00e9 uma erva que, al\u00e9m de ser usada em diversas receitas, atua repelindo mosquitos, moscas e tamb\u00e9m formigas. Pode ser plantada em torno de \u00e1reas de lazer para maior efic\u00e1cia. Outro destaque importante \u00e9 a utiliza\u00e7\u00e3o do <strong>cravo-da-\u00edndia<\/strong>, muito popular em jardins da <strong>Europa<\/strong> e do <strong>Brasil<\/strong>, devido \u00e0 sua pot\u00eancia para afastar insetos.<\/p>\n\n\n\n<figure class=\"wp-block-image size-large\"><img loading=\"lazy\" decoding=\"async\" width=\"1024\" height=\"576\" src=\"https:\/\/www.em.com.br\/emfoco\/wp-content\/uploads\/2025\/07\/manjericao-planta_1753102268602-1024x576.jpg\" alt=\"5 plantas que afastam insetos e mant\u00eam sua casa livre de pragas\" class=\"wp-image-79033\" srcset=\"https:\/\/www.em.com.br\/emfoco\/wp-content\/uploads\/2025\/07\/manjericao-planta_1753102268602-1024x576.jpg 1024w, https:\/\/www.em.com.br\/emfoco\/wp-content\/uploads\/2025\/07\/manjericao-planta_1753102268602-300x169.jpg 300w, https:\/\/www.em.com.br\/emfoco\/wp-content\/uploads\/2025\/07\/manjericao-planta_1753102268602-768x432.jpg 768w, https:\/\/www.em.com.br\/emfoco\/wp-content\/uploads\/2025\/07\/manjericao-planta_1753102268602-750x422.jpg 750w, https:\/\/www.em.com.br\/emfoco\/wp-content\/uploads\/2025\/07\/manjericao-planta_1753102268602-1140x641.jpg 1140w, https:\/\/www.em.com.br\/emfoco\/wp-content\/uploads\/2025\/07\/manjericao-planta_1753102268602.jpg 1280w\" sizes=\"auto, (max-width: 1024px) 100vw, 1024px\" \/><figcaption class=\"wp-element-caption\">Vasos de manjeric\u00e3o &#8211; Cr\u00e9ditos: depositphotos.com \/ Mahara<\/figcaption><\/figure>\n\n\n\n<h2 class=\"wp-block-heading\">Como planejar um jardim com plantas repelentes?<\/h2>\n\n\n\n<p>Planejar um jardim com plantas repelentes requer algum conhecimento sobre as esp\u00e9cies e suas intera\u00e7\u00f5es. \u00c9 fundamental conhecer o tipo de solo e as condi\u00e7\u00f5es clim\u00e1ticas necess\u00e1rias para cada esp\u00e9cie que se deseja cultivar. Algumas plantas, como a lavanda e a citronela, preferem solo bem drenado e exposi\u00e7\u00e3o solar plena. Em contrapartida, a hortel\u00e3 pode crescer bem em locais semi-sombreados, se mantida em recipientes ou espa\u00e7os controlados para evitar seu crescimento desordenado.<\/p>\n\n\n\n<p>Al\u00e9m disso, deve-se considerar a complementaridade das plantas em termos de sua altura e h\u00e1bito de crescimento, garantindo que n\u00e3o existam competi\u00e7\u00f5es por recursos como luz e \u00e1gua. Essa coexist\u00eancia harm\u00f4nica favorece o crescimento saud\u00e1vel das plantas e maximiza seus efeitos repelentes sobre os insetos. No clima de <strong>Minas Gerais<\/strong>, por exemplo, recomenda-se adaptar as combina\u00e7\u00f5es de esp\u00e9cies conforme o regime de chuvas e a intensidade solar de cada esta\u00e7\u00e3o.<\/p>\n\n\n\n<h2 class=\"wp-block-heading\">Benef\u00edcios adicionais das plantas repelentes<\/h2>\n\n\n\n<p>Al\u00e9m da funcionalidade prim\u00e1ria de repelir insetos, essas plantas oferecem benef\u00edcios variados ao ecossistema do lar. Elas costumam atrair polinizadores, como abelhas e borboletas, que s\u00e3o essenciais para a reprodu\u00e7\u00e3o vegetativa. Esse fator, por si s\u00f3, j\u00e1 \u00e9 suficiente para justificar a integra\u00e7\u00e3o dessas plantas no jardim, mesmo que o controle de pragas n\u00e3o seja uma preocupa\u00e7\u00e3o primordial.<\/p>\n\n\n\n<p>Al\u00e9m de contribu\u00edrem para a biodiversidade, estas plantas podem ser utilizadas na culin\u00e1ria, na fabrica\u00e7\u00e3o de \u00f3leos essenciais e em pr\u00e1ticas de bem-estar. Por exemplo, o alecrim e o manjeric\u00e3o s\u00e3o apreciados tanto por suas propriedades arom\u00e1ticas quanto culin\u00e1rias, enriquecendo o repert\u00f3rio de qualquer cozinheiro entusiasta. Em workshops promovidos por empresas como a <strong>Embrapa<\/strong>, \u00e9 poss\u00edvel aprender mais sobre o uso sustent\u00e1vel dessas plantas.<\/p>\n\n\n\n<h2 class=\"wp-block-heading\">Perguntas e respostas<\/h2>\n\n\n\n<ol class=\"wp-block-list\">\n<li><strong>O que \u00e9 a citronela?<\/strong> <br>Citronela \u00e9 uma planta comumente usada como repelente natural de mosquitos por seu forte aroma.<\/li>\n\n\n\n<li><strong>Como a hortel\u00e3 ajuda a afastar insetos?<\/strong> <br>O aroma forte da hortel\u00e3 \u00e9 desagrad\u00e1vel para muitas pragas, incluindo formigas, afastando-as naturalmente.<\/li>\n\n\n\n<li><strong>Quais insetos o manjeric\u00e3o repele?<\/strong> <br>O manjeric\u00e3o \u00e9 eficaz contra moscas e mosquitos, podendo contribuir para um ambiente mais agrad\u00e1vel.<\/li>\n\n\n\n<li><strong>As plantas repelentes s\u00e3o seguras para animais de estima\u00e7\u00e3o?<\/strong> <br>A maioria das plantas repelentes \u00e9 segura, por\u00e9m \u00e9 sempre importante verificar se alguma esp\u00e9cie espec\u00edfica pode ser t\u00f3xica para determinados animais.<\/li>\n\n\n\n<li><strong>Posso usar plantas repelentes em espa\u00e7os internos?<\/strong> <br>Sim, muitas dessas plantas s\u00e3o adequadas para cultivo em vasos dentro de casa, beneficiando o ambiente com seu poder repelente e aroma agrad\u00e1vel.<\/li>\n<\/ol>\n","protected":false},"excerpt":{"rendered":"<p>Manter um jardim livre de insetos indesejados \u00e9 um desafio constante para muitos jardineiros. Contudo, a natureza oferece algumas solu\u00e7\u00f5es surpreendentes. Plantas que afastam insetos naturalmente s\u00e3o uma excelente op\u00e7\u00e3o para quem busca um ambiente mais ecol\u00f3gico e menos dependente de produtos qu\u00edmicos. Essas plantas n\u00e3o s\u00f3 ajudam a proteger outras esp\u00e9cies do jardim, mas [&hellip;]<\/p>\n","protected":false},"author":18,"featured_media":79032,"comment_status":"open","ping_status":"open","sticky":false,"template":"","format":"standard","meta":{"jnews-multi-image_gallery":[],"jnews_single_post":{"format":"standard"},"jnews_primary_category":[],"jnews_social_meta":[],"jnews_override_counter":[],"footnotes":""},"categories":[8819],"tags":[4898,3324,12538],"class_list":["post-79025","post","type-post","status-publish","format-standard","has-post-thumbnail","hentry","category-curiosidades","tag-insetos","tag-plantas","tag-plantas-repelentes-2"],"yoast_head":"<!-- This site is optimized with the Yoast SEO plugin v23.8 - https:\/\/yoast.com\/wordpress\/plugins\/seo\/ -->\n<title>5 plantas que afastam insetos e mant\u00eam sua casa livre de pragas - Estado de Minas - Em foco<\/title>\n<meta name=\"description\" content=\"Quer se livrar de pragas e deixar mais cheirtoso? Algumas plantas que afastam insetos fazem tudo isso e ainda ajudam a atrair polinizadores.\" \/>\n<meta name=\"robots\" content=\"index, follow, max-snippet:-1, max-image-preview:large, max-video-preview:-1\" \/>\n<link rel=\"canonical\" href=\"https:\/\/www.em.com.br\/emfoco\/2025\/07\/22\/5-plantas-que-afastam-insetos-e-mantem-sua-casa-livre-de-pragas\/\" \/>\n<meta property=\"og:locale\" content=\"pt_BR\" \/>\n<meta property=\"og:type\" content=\"article\" \/>\n<meta property=\"og:title\" content=\"5 plantas que afastam insetos e mant\u00eam sua casa livre de pragas - Estado de Minas - Em foco\" \/>\n<meta property=\"og:description\" content=\"Quer se livrar de pragas e deixar mais cheirtoso? Algumas plantas que afastam insetos fazem tudo isso e ainda ajudam a atrair polinizadores.\" \/>\n<meta property=\"og:url\" content=\"https:\/\/www.em.com.br\/emfoco\/2025\/07\/22\/5-plantas-que-afastam-insetos-e-mantem-sua-casa-livre-de-pragas\/\" \/>\n<meta property=\"og:site_name\" content=\"Estado de Minas - Em foco\" \/>\n<meta property=\"article:published_time\" content=\"2025-07-23T00:18:00+00:00\" \/>\n<meta property=\"article:modified_time\" content=\"2025-07-21T22:45:54+00:00\" \/>\n<meta property=\"og:image\" content=\"https:\/\/www.em.com.br\/emfoco\/wp-content\/uploads\/2025\/07\/jardim-casa_1753102213460.jpg\" \/>\n\t<meta property=\"og:image:width\" content=\"1280\" \/>\n\t<meta property=\"og:image:height\" content=\"720\" \/>\n\t<meta property=\"og:image:type\" content=\"image\/jpeg\" \/>\n<meta name=\"author\" content=\"Julio Cesar\" \/>\n<meta name=\"twitter:card\" content=\"summary_large_image\" \/>\n<meta name=\"twitter:label1\" content=\"Escrito por\" \/>\n\t<meta name=\"twitter:data1\" content=\"Julio Cesar\" \/>\n\t<meta name=\"twitter:label2\" content=\"Est. tempo de leitura\" \/>\n\t<meta name=\"twitter:data2\" content=\"5 minutos\" \/>\n<!-- \/ Yoast SEO plugin. -->","yoast_head_json":{"title":"5 plantas que afastam insetos e mant\u00eam sua casa livre de pragas - Estado de Minas - Em foco","description":"Quer se livrar de pragas e deixar mais cheirtoso? Algumas plantas que afastam insetos fazem tudo isso e ainda ajudam a atrair polinizadores.","robots":{"index":"index","follow":"follow","max-snippet":"max-snippet:-1","max-image-preview":"max-image-preview:large","max-video-preview":"max-video-preview:-1"},"canonical":"https:\/\/www.em.com.br\/emfoco\/2025\/07\/22\/5-plantas-que-afastam-insetos-e-mantem-sua-casa-livre-de-pragas\/","og_locale":"pt_BR","og_type":"article","og_title":"5 plantas que afastam insetos e mant\u00eam sua casa livre de pragas - Estado de Minas - Em foco","og_description":"Quer se livrar de pragas e deixar mais cheirtoso? Algumas plantas que afastam insetos fazem tudo isso e ainda ajudam a atrair polinizadores.","og_url":"https:\/\/www.em.com.br\/emfoco\/2025\/07\/22\/5-plantas-que-afastam-insetos-e-mantem-sua-casa-livre-de-pragas\/","og_site_name":"Estado de Minas - Em foco","article_published_time":"2025-07-23T00:18:00+00:00","article_modified_time":"2025-07-21T22:45:54+00:00","og_image":[{"width":1280,"height":720,"url":"https:\/\/www.em.com.br\/emfoco\/wp-content\/uploads\/2025\/07\/jardim-casa_1753102213460.jpg","type":"image\/jpeg"}],"author":"Julio Cesar","twitter_card":"summary_large_image","twitter_misc":{"Escrito por":"Julio Cesar","Est. tempo de leitura":"5 minutos"},"schema":{"@context":"https:\/\/schema.org","@graph":[{"@type":"WebPage","@id":"https:\/\/www.em.com.br\/emfoco\/2025\/07\/22\/5-plantas-que-afastam-insetos-e-mantem-sua-casa-livre-de-pragas\/","url":"https:\/\/www.em.com.br\/emfoco\/2025\/07\/22\/5-plantas-que-afastam-insetos-e-mantem-sua-casa-livre-de-pragas\/","name":"5 plantas que afastam insetos e mant\u00eam sua casa livre de pragas - Estado de Minas - Em foco","isPartOf":{"@id":"https:\/\/www.em.com.br\/emfoco\/#website"},"primaryImageOfPage":{"@id":"https:\/\/www.em.com.br\/emfoco\/2025\/07\/22\/5-plantas-que-afastam-insetos-e-mantem-sua-casa-livre-de-pragas\/#primaryimage"},"image":{"@id":"https:\/\/www.em.com.br\/emfoco\/2025\/07\/22\/5-plantas-que-afastam-insetos-e-mantem-sua-casa-livre-de-pragas\/#primaryimage"},"thumbnailUrl":"https:\/\/www.em.com.br\/emfoco\/wp-content\/uploads\/2025\/07\/jardim-casa_1753102213460.jpg","datePublished":"2025-07-23T00:18:00+00:00","dateModified":"2025-07-21T22:45:54+00:00","author":{"@id":"https:\/\/www.em.com.br\/emfoco\/#\/schema\/person\/08c4a03e38018bbab9038d5f788321fc"},"description":"Quer se livrar de pragas e deixar mais cheirtoso? Algumas plantas que afastam insetos fazem tudo isso e ainda ajudam a atrair polinizadores.","breadcrumb":{"@id":"https:\/\/www.em.com.br\/emfoco\/2025\/07\/22\/5-plantas-que-afastam-insetos-e-mantem-sua-casa-livre-de-pragas\/#breadcrumb"},"inLanguage":"pt-BR","potentialAction":[{"@type":"ReadAction","target":["https:\/\/www.em.com.br\/emfoco\/2025\/07\/22\/5-plantas-que-afastam-insetos-e-mantem-sua-casa-livre-de-pragas\/"]}]},{"@type":"ImageObject","inLanguage":"pt-BR","@id":"https:\/\/www.em.com.br\/emfoco\/2025\/07\/22\/5-plantas-que-afastam-insetos-e-mantem-sua-casa-livre-de-pragas\/#primaryimage","url":"https:\/\/www.em.com.br\/emfoco\/wp-content\/uploads\/2025\/07\/jardim-casa_1753102213460.jpg","contentUrl":"https:\/\/www.em.com.br\/emfoco\/wp-content\/uploads\/2025\/07\/jardim-casa_1753102213460.jpg","width":1280,"height":720,"caption":"Plantas em vaso - Cr\u00e9ditos: depositphotos.com \/ sexlim"},{"@type":"BreadcrumbList","@id":"https:\/\/www.em.com.br\/emfoco\/2025\/07\/22\/5-plantas-que-afastam-insetos-e-mantem-sua-casa-livre-de-pragas\/#breadcrumb","itemListElement":[{"@type":"ListItem","position":1,"name":"In\u00edcio","item":"https:\/\/www.em.com.br\/emfoco\/"},{"@type":"ListItem","position":2,"name":"5 plantas que afastam insetos e mant\u00eam sua casa livre de pragas"}]},{"@type":"WebSite","@id":"https:\/\/www.em.com.br\/emfoco\/#website","url":"https:\/\/www.em.com.br\/emfoco\/","name":"Estado de Minas - Em foco","description":"Acompanhe as \u00faltimas not\u00edcias e fique bem informado sobre tudo o que acontece em Minas Gerais, Brasil e no mundo.","potentialAction":[{"@type":"SearchAction","target":{"@type":"EntryPoint","urlTemplate":"https:\/\/www.em.com.br\/emfoco\/?s={search_term_string}"},"query-input":{"@type":"PropertyValueSpecification","valueRequired":true,"valueName":"search_term_string"}}],"inLanguage":"pt-BR"},{"@type":"Person","@id":"https:\/\/www.em.com.br\/emfoco\/#\/schema\/person\/08c4a03e38018bbab9038d5f788321fc","name":"Julio Cesar","image":{"@type":"ImageObject","inLanguage":"pt-BR","@id":"https:\/\/www.em.com.br\/emfoco\/#\/schema\/person\/image\/","url":"https:\/\/secure.gravatar.com\/avatar\/ab1ea64f0d4f4c1385f8ef10d5a6e758?s=96&d=mm&r=g","contentUrl":"https:\/\/secure.gravatar.com\/avatar\/ab1ea64f0d4f4c1385f8ef10d5a6e758?s=96&d=mm&r=g","caption":"Julio Cesar"},"url":"https:\/\/www.em.com.br\/emfoco\/author\/juliomyth\/"}]}},"_links":{"self":[{"href":"https:\/\/www.em.com.br\/emfoco\/wp-json\/wp\/v2\/posts\/79025","targetHints":{"allow":["GET"]}}],"collection":[{"href":"https:\/\/www.em.com.br\/emfoco\/wp-json\/wp\/v2\/posts"}],"about":[{"href":"https:\/\/www.em.com.br\/emfoco\/wp-json\/wp\/v2\/types\/post"}],"author":[{"embeddable":true,"href":"https:\/\/www.em.com.br\/emfoco\/wp-json\/wp\/v2\/users\/18"}],"replies":[{"embeddable":true,"href":"https:\/\/www.em.com.br\/emfoco\/wp-json\/wp\/v2\/comments?post=79025"}],"version-history":[{"count":2,"href":"https:\/\/www.em.com.br\/emfoco\/wp-json\/wp\/v2\/posts\/79025\/revisions"}],"predecessor-version":[{"id":79463,"href":"https:\/\/www.em.com.br\/emfoco\/wp-json\/wp\/v2\/posts\/79025\/revisions\/79463"}],"wp:featuredmedia":[{"embeddable":true,"href":"https:\/\/www.em.com.br\/emfoco\/wp-json\/wp\/v2\/media\/79032"}],"wp:attachment":[{"href":"https:\/\/www.em.com.br\/emfoco\/wp-json\/wp\/v2\/media?parent=79025"}],"wp:term":[{"taxonomy":"category","embeddable":true,"href":"https:\/\/www.em.com.br\/emfoco\/wp-json\/wp\/v2\/categories?post=79025"},{"taxonomy":"post_tag","embeddable":true,"href":"https:\/\/www.em.com.br\/emfoco\/wp-json\/wp\/v2\/tags?post=79025"}],"curies":[{"name":"wp","href":"https:\/\/api.w.org\/{rel}","templated":true}]}}