{"id":78923,"date":"2025-07-20T21:38:17","date_gmt":"2025-07-21T00:38:17","guid":{"rendered":"https:\/\/www.em.com.br\/emfoco\/?p=78923"},"modified":"2025-07-20T21:38:18","modified_gmt":"2025-07-21T00:38:18","slug":"carnes-para-quem-treina-na-academia-se-voce-quer-recuperacao-muscular-comece-com-proteina-de-alta-qualidade","status":"publish","type":"post","link":"https:\/\/www.em.com.br\/emfoco\/2025\/07\/20\/carnes-para-quem-treina-na-academia-se-voce-quer-recuperacao-muscular-comece-com-proteina-de-alta-qualidade\/","title":{"rendered":"Carnes para quem treina na academia: se voc\u00ea quer recupera\u00e7\u00e3o muscular, comece com prote\u00edna de alta qualidade"},"content":{"rendered":"\n<p>O tema recupera\u00e7\u00e3o muscular ganhou destaque nos \u00faltimos anos, n\u00e3o s\u00f3 entre atletas, mas tamb\u00e9m para quem busca qualidade de vida, bem-estar e envelhecimento saud\u00e1vel. Isso porque m\u00fasculos bem recuperados significam menos fadiga, menos risco de les\u00f5es e mais disposi\u00e7\u00e3o para as atividades do dia a dia. N\u00e3o por acaso, muita gente passou a olhar para a alimenta\u00e7\u00e3o como parte fundamental desse processo \u2014 e as carnes, em suas diferentes vers\u00f5es, surgem como aliadas importantes na reposi\u00e7\u00e3o de nutrientes e prote\u00ednas.<\/p>\n\n\n\n<p>Neste artigo, voc\u00ea vai descobrir quais carnes t\u00eam maior respaldo cient\u00edfico quando o assunto \u00e9 recupera\u00e7\u00e3o muscular, entender por que elas fazem diferen\u00e7a e aprender como inclu\u00ed-las na rotina para potencializar os resultados dos treinos ou simplesmente para se sentir melhor fisicamente. O objetivo \u00e9 te mostrar como pequenas escolhas podem gerar grandes benef\u00edcios para a sa\u00fade muscular, sempre de forma pr\u00e1tica e baseada em pesquisas atuais.<\/p>\n\n\n\n<h2 class=\"wp-block-heading\">Por que a carne \u00e9 t\u00e3o importante na recupera\u00e7\u00e3o muscular?<\/h2>\n\n\n\n<p>A recupera\u00e7\u00e3o dos m\u00fasculos depende basicamente de dois fatores: o est\u00edmulo (treino, atividade f\u00edsica, esfor\u00e7o) e a reposi\u00e7\u00e3o adequada de nutrientes, principalmente prote\u00ednas. As carnes s\u00e3o fontes privilegiadas de prote\u00ednas de alto valor biol\u00f3gico, o que significa que oferecem todos os amino\u00e1cidos essenciais para o corpo construir e reparar fibras musculares. Al\u00e9m disso, s\u00e3o ricas em micronutrientes que participam do metabolismo muscular, como ferro, zinco, vitamina B12 e creatina.<\/p>\n\n\n\n<p>Diversos estudos cient\u00edficos, como os publicados no <a href=\"https:\/\/www.ncbi.nlm.nih.gov\/pmc\/articles\/PMC3905294\/\" target=\"_blank\" rel=\"noreferrer noopener\">Journal of the International Society of Sports Nutrition<\/a>, confirmam que dietas com aporte adequado de prote\u00edna animal favorecem a s\u00edntese proteica muscular, aceleram a recupera\u00e7\u00e3o p\u00f3s-exerc\u00edcio e ajudam at\u00e9 na preven\u00e7\u00e3o de perda muscular em idosos.<\/p>\n\n\n\n<h2 class=\"wp-block-heading\">Carnes que mais se destacam na recupera\u00e7\u00e3o muscular<\/h2>\n\n\n\n<ul class=\"wp-block-list\">\n<li><strong>Carne bovina magra:<\/strong> Rica em prote\u00ednas, ferro, creatina e vitamina B12 \u2014 elementos essenciais para a forma\u00e7\u00e3o, recupera\u00e7\u00e3o e manuten\u00e7\u00e3o muscular. Cortes como patinho, cox\u00e3o mole e alcatra s\u00e3o boas op\u00e7\u00f5es por terem menos gordura.<\/li>\n\n\n\n<li><strong>Frango (peito):<\/strong> Uma das carnes mais consumidas por praticantes de atividade f\u00edsica, fornece prote\u00edna de alta qualidade e \u00e9 de f\u00e1cil digest\u00e3o, o que agiliza o processo de recupera\u00e7\u00e3o.<\/li>\n\n\n\n<li><strong>Peixes (salm\u00e3o, atum, sardinha):<\/strong> Al\u00e9m das prote\u00ednas, entregam \u00f4mega-3, que tem a\u00e7\u00e3o anti-inflamat\u00f3ria, reduzindo dores e acelerando a regenera\u00e7\u00e3o muscular.<\/li>\n\n\n\n<li><strong>Carne su\u00edna magra:<\/strong> O lombo e o fil\u00e9 mignon su\u00edno s\u00e3o fontes de prote\u00ednas, vitaminas do complexo B e minerais importantes como f\u00f3sforo e zinco.<\/li>\n\n\n\n<li><strong>Ovos:<\/strong> N\u00e3o s\u00e3o carne, mas vale citar por serem refer\u00eancia em valor biol\u00f3gico de prote\u00edna, ajudando na regenera\u00e7\u00e3o muscular.<\/li>\n<\/ul>\n\n\n\n<h2 class=\"wp-block-heading\">Como funcionam os nutrientes da carne no processo de recupera\u00e7\u00e3o<\/h2>\n\n\n\n<p>A prote\u00edna presente nas carnes \u00e9 composta por cadeias de amino\u00e1cidos, especialmente os chamados BCAAs (leucina, isoleucina e valina), que s\u00e3o rapidamente absorvidos pelo organismo e fundamentais para estimular a s\u00edntese de novas fibras musculares. A creatina, naturalmente encontrada em carnes vermelhas, \u00e9 outro nutriente relevante: ela atua como fonte de energia para atividades de explos\u00e3o e contribui para a hidrata\u00e7\u00e3o das c\u00e9lulas musculares, favorecendo o crescimento e a recupera\u00e7\u00e3o.<\/p>\n\n\n<div class=\"wp-block-image\">\n<figure class=\"aligncenter size-large\"><img loading=\"lazy\" decoding=\"async\" width=\"1024\" height=\"576\" src=\"https:\/\/www.em.com.br\/emfoco\/wp-content\/uploads\/2025\/07\/proteina_1751570163194-1024x576.jpg\" alt=\"\" class=\"wp-image-70963\" srcset=\"https:\/\/www.em.com.br\/emfoco\/wp-content\/uploads\/2025\/07\/proteina_1751570163194-1024x576.jpg 1024w, https:\/\/www.em.com.br\/emfoco\/wp-content\/uploads\/2025\/07\/proteina_1751570163194-300x169.jpg 300w, https:\/\/www.em.com.br\/emfoco\/wp-content\/uploads\/2025\/07\/proteina_1751570163194-768x432.jpg 768w, https:\/\/www.em.com.br\/emfoco\/wp-content\/uploads\/2025\/07\/proteina_1751570163194-750x422.jpg 750w, https:\/\/www.em.com.br\/emfoco\/wp-content\/uploads\/2025\/07\/proteina_1751570163194-1140x642.jpg 1140w, https:\/\/www.em.com.br\/emfoco\/wp-content\/uploads\/2025\/07\/proteina_1751570163194.jpg 1279w\" sizes=\"auto, (max-width: 1024px) 100vw, 1024px\" \/><figcaption class=\"wp-element-caption\">Alimentos com alta quantidade de prote\u00edna &#8211; Cr\u00e9ditos: depositphotos.com \/ alex9500<\/figcaption><\/figure><\/div>\n\n\n<p>O ferro das carnes (especialmente o da carne vermelha) \u00e9 o tipo mais biodispon\u00edvel para o corpo, auxiliando no transporte de oxig\u00eanio para os m\u00fasculos e reduzindo a fadiga p\u00f3s-exerc\u00edcio. O zinco e a vitamina B12 completam o quadro, participando da produ\u00e7\u00e3o de energia e da forma\u00e7\u00e3o das c\u00e9lulas do sangue.<\/p>\n\n\n\n<h2 class=\"wp-block-heading\">Dicas pr\u00e1ticas para incluir carnes na rotina de recupera\u00e7\u00e3o muscular<\/h2>\n\n\n\n<p>Para obter os melhores resultados, o ideal \u00e9 consumir uma por\u00e7\u00e3o de carne magra logo ap\u00f3s o treino ou durante as principais refei\u00e7\u00f5es do dia, associada a uma fonte de carboidrato (como arroz, batata ou legumes) para otimizar a absor\u00e7\u00e3o dos amino\u00e1cidos. Varie os tipos de carne ao longo da semana para garantir uma oferta diversificada de nutrientes. Prefira sempre m\u00e9todos de preparo mais saud\u00e1veis, como grelhar, assar ou cozinhar, evitando frituras e excesso de gorduras saturadas.<\/p>\n\n\n\n<p>Pessoas que t\u00eam restri\u00e7\u00e3o ao consumo de carnes devem buscar orienta\u00e7\u00e3o com um nutricionista para ajustar a dieta e n\u00e3o comprometer a recupera\u00e7\u00e3o muscular, j\u00e1 que h\u00e1 alternativas em prote\u00ednas vegetais e suplementos, mas a absor\u00e7\u00e3o pode variar.<\/p>\n\n\n\n<h2 class=\"wp-block-heading\">Fontes e refer\u00eancias<\/h2>\n\n\n\n<ul class=\"wp-block-list\">\n<li><a href=\"https:\/\/www.ncbi.nlm.nih.gov\/pmc\/articles\/PMC3905294\/\" target=\"_blank\" rel=\"noreferrer noopener\">Journal of the International Society of Sports Nutrition<\/a><\/li>\n\n\n\n<li><a href=\"https:\/\/www.gov.br\/saude\/pt-br\/assuntos\/saude-brasil\/publicacoes-para-promocao-a-saude\/guia_alimentar_populacao_brasileira_2ed.pdf\/view\" target=\"_blank\" rel=\"noreferrer noopener\">Minist\u00e9rio da Sa\u00fade \u2013 Guia Alimentar para a Popula\u00e7\u00e3o Brasileira<\/a><\/li>\n\n\n\n<li><a href=\"https:\/\/www.hsph.harvard.edu\/nutritionsource\/what-should-you-eat\/protein\/\" target=\"_blank\" rel=\"noreferrer noopener\">Harvard T.H. Chan School of Public Health \u2013 Protein<\/a><\/li>\n<\/ul>\n\n\n\n<p><\/p>\n","protected":false},"excerpt":{"rendered":"<p>O tema recupera\u00e7\u00e3o muscular ganhou destaque nos \u00faltimos anos, n\u00e3o s\u00f3 entre atletas, mas tamb\u00e9m para quem busca qualidade de vida, bem-estar e envelhecimento saud\u00e1vel. Isso porque m\u00fasculos bem recuperados significam menos fadiga, menos risco de les\u00f5es e mais disposi\u00e7\u00e3o para as atividades do dia a dia. N\u00e3o por acaso, muita gente passou a olhar [&hellip;]<\/p>\n","protected":false},"author":17,"featured_media":78928,"comment_status":"open","ping_status":"open","sticky":false,"template":"","format":"standard","meta":{"jnews-multi-image_gallery":[],"jnews_single_post":{"format":"standard"},"jnews_primary_category":[],"jnews_social_meta":[],"jnews_override_counter":[],"footnotes":""},"categories":[9053],"tags":[4582,3509,415],"class_list":["post-78923","post","type-post","status-publish","format-standard","has-post-thumbnail","hentry","category-saude","tag-carnes","tag-nutricao","tag-saude"],"yoast_head":"<!-- This site is optimized with the Yoast SEO plugin v23.8 - https:\/\/yoast.com\/wordpress\/plugins\/seo\/ -->\n<title>Carnes para quem treina na academia: se voc\u00ea quer recupera\u00e7\u00e3o muscular, comece com prote\u00edna de alta qualidade - Estado de Minas - Em foco<\/title>\n<meta name=\"description\" content=\"Carnes magras e ricas em prote\u00edna s\u00e3o essenciais para m\u00fasculos fortes. Veja quais s\u00e3o as melhores op\u00e7\u00f5es para a sua dieta.\" \/>\n<meta name=\"robots\" content=\"index, follow, max-snippet:-1, max-image-preview:large, max-video-preview:-1\" \/>\n<link rel=\"canonical\" href=\"https:\/\/www.em.com.br\/emfoco\/2025\/07\/20\/carnes-para-quem-treina-na-academia-se-voce-quer-recuperacao-muscular-comece-com-proteina-de-alta-qualidade\/\" \/>\n<meta property=\"og:locale\" content=\"pt_BR\" \/>\n<meta property=\"og:type\" content=\"article\" \/>\n<meta property=\"og:title\" content=\"Carnes para quem treina na academia: se voc\u00ea quer recupera\u00e7\u00e3o muscular, comece com prote\u00edna de alta qualidade - Estado de Minas - Em foco\" \/>\n<meta property=\"og:description\" content=\"Carnes magras e ricas em prote\u00edna s\u00e3o essenciais para m\u00fasculos fortes. Veja quais s\u00e3o as melhores op\u00e7\u00f5es para a sua dieta.\" \/>\n<meta property=\"og:url\" content=\"https:\/\/www.em.com.br\/emfoco\/2025\/07\/20\/carnes-para-quem-treina-na-academia-se-voce-quer-recuperacao-muscular-comece-com-proteina-de-alta-qualidade\/\" \/>\n<meta property=\"og:site_name\" content=\"Estado de Minas - Em foco\" \/>\n<meta property=\"article:published_time\" content=\"2025-07-21T00:38:17+00:00\" \/>\n<meta property=\"article:modified_time\" content=\"2025-07-21T00:38:18+00:00\" \/>\n<meta property=\"og:image\" content=\"https:\/\/www.em.com.br\/emfoco\/wp-content\/uploads\/2025\/07\/mosaico_1753058125921.jpg\" \/>\n\t<meta property=\"og:image:width\" content=\"1280\" \/>\n\t<meta property=\"og:image:height\" content=\"720\" \/>\n\t<meta property=\"og:image:type\" content=\"image\/jpeg\" \/>\n<meta name=\"author\" content=\"Lucas Sampaio\" \/>\n<meta name=\"twitter:card\" content=\"summary_large_image\" \/>\n<meta name=\"twitter:label1\" content=\"Escrito por\" \/>\n\t<meta name=\"twitter:data1\" content=\"Lucas Sampaio\" \/>\n\t<meta name=\"twitter:label2\" content=\"Est. tempo de leitura\" \/>\n\t<meta name=\"twitter:data2\" content=\"5 minutos\" \/>\n<!-- \/ Yoast SEO plugin. -->","yoast_head_json":{"title":"Carnes para quem treina na academia: se voc\u00ea quer recupera\u00e7\u00e3o muscular, comece com prote\u00edna de alta qualidade - Estado de Minas - Em foco","description":"Carnes magras e ricas em prote\u00edna s\u00e3o essenciais para m\u00fasculos fortes. Veja quais s\u00e3o as melhores op\u00e7\u00f5es para a sua dieta.","robots":{"index":"index","follow":"follow","max-snippet":"max-snippet:-1","max-image-preview":"max-image-preview:large","max-video-preview":"max-video-preview:-1"},"canonical":"https:\/\/www.em.com.br\/emfoco\/2025\/07\/20\/carnes-para-quem-treina-na-academia-se-voce-quer-recuperacao-muscular-comece-com-proteina-de-alta-qualidade\/","og_locale":"pt_BR","og_type":"article","og_title":"Carnes para quem treina na academia: se voc\u00ea quer recupera\u00e7\u00e3o muscular, comece com prote\u00edna de alta qualidade - Estado de Minas - Em foco","og_description":"Carnes magras e ricas em prote\u00edna s\u00e3o essenciais para m\u00fasculos fortes. Veja quais s\u00e3o as melhores op\u00e7\u00f5es para a sua dieta.","og_url":"https:\/\/www.em.com.br\/emfoco\/2025\/07\/20\/carnes-para-quem-treina-na-academia-se-voce-quer-recuperacao-muscular-comece-com-proteina-de-alta-qualidade\/","og_site_name":"Estado de Minas - Em foco","article_published_time":"2025-07-21T00:38:17+00:00","article_modified_time":"2025-07-21T00:38:18+00:00","og_image":[{"width":1280,"height":720,"url":"https:\/\/www.em.com.br\/emfoco\/wp-content\/uploads\/2025\/07\/mosaico_1753058125921.jpg","type":"image\/jpeg"}],"author":"Lucas Sampaio","twitter_card":"summary_large_image","twitter_misc":{"Escrito por":"Lucas Sampaio","Est. tempo de leitura":"5 minutos"},"schema":{"@context":"https:\/\/schema.org","@graph":[{"@type":"WebPage","@id":"https:\/\/www.em.com.br\/emfoco\/2025\/07\/20\/carnes-para-quem-treina-na-academia-se-voce-quer-recuperacao-muscular-comece-com-proteina-de-alta-qualidade\/","url":"https:\/\/www.em.com.br\/emfoco\/2025\/07\/20\/carnes-para-quem-treina-na-academia-se-voce-quer-recuperacao-muscular-comece-com-proteina-de-alta-qualidade\/","name":"Carnes para quem treina na academia: se voc\u00ea quer recupera\u00e7\u00e3o muscular, comece com prote\u00edna de alta qualidade - Estado de Minas - Em foco","isPartOf":{"@id":"https:\/\/www.em.com.br\/emfoco\/#website"},"primaryImageOfPage":{"@id":"https:\/\/www.em.com.br\/emfoco\/2025\/07\/20\/carnes-para-quem-treina-na-academia-se-voce-quer-recuperacao-muscular-comece-com-proteina-de-alta-qualidade\/#primaryimage"},"image":{"@id":"https:\/\/www.em.com.br\/emfoco\/2025\/07\/20\/carnes-para-quem-treina-na-academia-se-voce-quer-recuperacao-muscular-comece-com-proteina-de-alta-qualidade\/#primaryimage"},"thumbnailUrl":"https:\/\/www.em.com.br\/emfoco\/wp-content\/uploads\/2025\/07\/mosaico_1753058125921.jpg","datePublished":"2025-07-21T00:38:17+00:00","dateModified":"2025-07-21T00:38:18+00:00","author":{"@id":"https:\/\/www.em.com.br\/emfoco\/#\/schema\/person\/9ad4c536bd87f5bb8006420332b99aef"},"description":"Carnes magras e ricas em prote\u00edna s\u00e3o essenciais para m\u00fasculos fortes. Veja quais s\u00e3o as melhores op\u00e7\u00f5es para a sua dieta.","breadcrumb":{"@id":"https:\/\/www.em.com.br\/emfoco\/2025\/07\/20\/carnes-para-quem-treina-na-academia-se-voce-quer-recuperacao-muscular-comece-com-proteina-de-alta-qualidade\/#breadcrumb"},"inLanguage":"pt-BR","potentialAction":[{"@type":"ReadAction","target":["https:\/\/www.em.com.br\/emfoco\/2025\/07\/20\/carnes-para-quem-treina-na-academia-se-voce-quer-recuperacao-muscular-comece-com-proteina-de-alta-qualidade\/"]}]},{"@type":"ImageObject","inLanguage":"pt-BR","@id":"https:\/\/www.em.com.br\/emfoco\/2025\/07\/20\/carnes-para-quem-treina-na-academia-se-voce-quer-recuperacao-muscular-comece-com-proteina-de-alta-qualidade\/#primaryimage","url":"https:\/\/www.em.com.br\/emfoco\/wp-content\/uploads\/2025\/07\/mosaico_1753058125921.jpg","contentUrl":"https:\/\/www.em.com.br\/emfoco\/wp-content\/uploads\/2025\/07\/mosaico_1753058125921.jpg","width":1280,"height":720,"caption":"Homem na academia levantando peso com barra e imagem de carnes vermelhas magras - Cr\u00e9ditos: depositphotos.com \/ ArturVerkhovetskiy \/ Cr\u00e9ditos: depositphotos.com \/ PHOTOLOGY1971"},{"@type":"BreadcrumbList","@id":"https:\/\/www.em.com.br\/emfoco\/2025\/07\/20\/carnes-para-quem-treina-na-academia-se-voce-quer-recuperacao-muscular-comece-com-proteina-de-alta-qualidade\/#breadcrumb","itemListElement":[{"@type":"ListItem","position":1,"name":"In\u00edcio","item":"https:\/\/www.em.com.br\/emfoco\/"},{"@type":"ListItem","position":2,"name":"Carnes para quem treina na academia: se voc\u00ea quer recupera\u00e7\u00e3o muscular, comece com prote\u00edna de alta qualidade"}]},{"@type":"WebSite","@id":"https:\/\/www.em.com.br\/emfoco\/#website","url":"https:\/\/www.em.com.br\/emfoco\/","name":"Estado de Minas - Em foco","description":"Acompanhe as \u00faltimas not\u00edcias e fique bem informado sobre tudo o que acontece em Minas Gerais, Brasil e no mundo.","potentialAction":[{"@type":"SearchAction","target":{"@type":"EntryPoint","urlTemplate":"https:\/\/www.em.com.br\/emfoco\/?s={search_term_string}"},"query-input":{"@type":"PropertyValueSpecification","valueRequired":true,"valueName":"search_term_string"}}],"inLanguage":"pt-BR"},{"@type":"Person","@id":"https:\/\/www.em.com.br\/emfoco\/#\/schema\/person\/9ad4c536bd87f5bb8006420332b99aef","name":"Lucas Sampaio","image":{"@type":"ImageObject","inLanguage":"pt-BR","@id":"https:\/\/www.em.com.br\/emfoco\/#\/schema\/person\/image\/","url":"https:\/\/secure.gravatar.com\/avatar\/2696b9676ad143cd7135b717faf6f79f?s=96&d=mm&r=g","contentUrl":"https:\/\/secure.gravatar.com\/avatar\/2696b9676ad143cd7135b717faf6f79f?s=96&d=mm&r=g","caption":"Lucas Sampaio"},"sameAs":["https:\/\/www.em.com.br\/emfoco\/"],"url":"https:\/\/www.em.com.br\/emfoco\/author\/lucasmyth\/"}]}},"_links":{"self":[{"href":"https:\/\/www.em.com.br\/emfoco\/wp-json\/wp\/v2\/posts\/78923","targetHints":{"allow":["GET"]}}],"collection":[{"href":"https:\/\/www.em.com.br\/emfoco\/wp-json\/wp\/v2\/posts"}],"about":[{"href":"https:\/\/www.em.com.br\/emfoco\/wp-json\/wp\/v2\/types\/post"}],"author":[{"embeddable":true,"href":"https:\/\/www.em.com.br\/emfoco\/wp-json\/wp\/v2\/users\/17"}],"replies":[{"embeddable":true,"href":"https:\/\/www.em.com.br\/emfoco\/wp-json\/wp\/v2\/comments?post=78923"}],"version-history":[{"count":1,"href":"https:\/\/www.em.com.br\/emfoco\/wp-json\/wp\/v2\/posts\/78923\/revisions"}],"predecessor-version":[{"id":78929,"href":"https:\/\/www.em.com.br\/emfoco\/wp-json\/wp\/v2\/posts\/78923\/revisions\/78929"}],"wp:featuredmedia":[{"embeddable":true,"href":"https:\/\/www.em.com.br\/emfoco\/wp-json\/wp\/v2\/media\/78928"}],"wp:attachment":[{"href":"https:\/\/www.em.com.br\/emfoco\/wp-json\/wp\/v2\/media?parent=78923"}],"wp:term":[{"taxonomy":"category","embeddable":true,"href":"https:\/\/www.em.com.br\/emfoco\/wp-json\/wp\/v2\/categories?post=78923"},{"taxonomy":"post_tag","embeddable":true,"href":"https:\/\/www.em.com.br\/emfoco\/wp-json\/wp\/v2\/tags?post=78923"}],"curies":[{"name":"wp","href":"https:\/\/api.w.org\/{rel}","templated":true}]}}