{"id":78895,"date":"2025-07-22T07:38:00","date_gmt":"2025-07-22T10:38:00","guid":{"rendered":"https:\/\/www.em.com.br\/emfoco\/?p=78895"},"modified":"2025-07-21T19:42:51","modified_gmt":"2025-07-21T22:42:51","slug":"5-beneficios-do-ciclismo-para-quem-vive-com-parkinson","status":"publish","type":"post","link":"https:\/\/www.em.com.br\/emfoco\/2025\/07\/22\/5-beneficios-do-ciclismo-para-quem-vive-com-parkinson\/","title":{"rendered":"5 benef\u00edcios do ciclismo para quem vive com Parkinson"},"content":{"rendered":"\n<p>Pedalar \u00e9 uma atividade simples que pode transformar a qualidade de vida de quem vive com <strong><a href=\"https:\/\/oglobo.globo.com\/saude\/noticia\/2025\/07\/20\/cheiro-do-parkinson-inspira-novo-exame-que-detecta-a-doenca-ate-7-anos-antes.ghtml\" target=\"_blank\" rel=\"noreferrer noopener\">Parkinson<\/a><\/strong>. Mais do que uma forma de exerc\u00edcio, o ciclismo desempenha um papel crucial na promo\u00e7\u00e3o do bem-estar f\u00edsico e mental dos portadores dessa condi\u00e7\u00e3o. Os benef\u00edcios v\u00e3o al\u00e9m da sa\u00fade cardiovascular, refletindo tamb\u00e9m na melhoria dos sintomas motores e na qualidade de vida.<\/p>\n\n\n\n<ul class=\"wp-block-list\">\n<li><strong>Est\u00edmulo ao sistema motor:<\/strong> Pedalar ajuda na sincroniza\u00e7\u00e3o dos movimentos.<\/li>\n\n\n\n<li><strong>Benef\u00edcios psicol\u00f3gicos:<\/strong> Aumenta a libera\u00e7\u00e3o de endorfinas, melhorando o bem-estar.<\/li>\n\n\n\n<li><strong>Integra\u00e7\u00e3o social:<\/strong> Atividades em grupo promovem socializa\u00e7\u00e3o e suporte emocional.<\/li>\n<\/ul>\n\n\n\n<h2 class=\"wp-block-heading\">Por que o ciclismo \u00e9 ben\u00e9fico para pessoas com Parkinson?<\/h2>\n\n\n\n<p>O ciclismo oferece uma alternativa de baixo impacto que pode ser ajustada conforme as necessidades de cada indiv\u00edduo. A pr\u00e1tica regular ajuda a fortalecer m\u00fasculos, melhorar a mobilidade e aumentar a resist\u00eancia. Estudos indicam que os movimentos r\u00edtmicos realizados ao pedalar favorecem a coordena\u00e7\u00e3o motora, essencial para pessoas com Parkinson que podem ter dificuldades com rigidez e tremores.<\/p>\n\n\n\n<p>Al\u00e9m disso, a pr\u00e1tica do ciclismo propicia um ambiente ao ar livre, o que por si s\u00f3 possui efeitos positivos na sa\u00fade <a href=\"https:\/\/www.em.com.br\/emfoco\/2025\/06\/06\/dr-alexandre-duarte-fisiologista-alerta-para-risco-grave-ao-estimular-demais-o-cerebro\/\">mental<\/a>. O simples contato com a natureza e a exposi\u00e7\u00e3o \u00e0 luz solar podem elevar o humor e proporcionar uma perspectiva mais otimista em rela\u00e7\u00e3o ao tratamento da doen\u00e7a. Em alguns centros m\u00e9dicos, como o <strong>Hospital das Cl\u00ednicas de S\u00e3o Paulo<\/strong>, pesquisadores v\u00eam estudando os efeitos da bicicleta adaptada para diferentes faixas et\u00e1rias de pacientes, observando avan\u00e7os motores e aumento de bem-estar.<\/p>\n\n\n\n<h2 class=\"wp-block-heading\">Como o ciclismo afeta a sa\u00fade mental dos portadores?<\/h2>\n\n\n\n<p>A atividade f\u00edsica tem um impacto significativo na sa\u00fade mental. Para quem vive com Parkinson, pedalar pode se manifestar como uma forma de medita\u00e7\u00e3o ativa. A concentra\u00e7\u00e3o requerida para manter o equil\u00edbrio e o foco ao pedalar contribui para a redu\u00e7\u00e3o da ansiedade e do estresse.<\/p>\n\n\n\n<p>O aumento na produ\u00e7\u00e3o de endorfinas, horm\u00f4nios respons\u00e1veis pela sensa\u00e7\u00e3o de bem-estar, \u00e9 um dos principais al\u00edvios que o ciclismo proporciona. Esse fluxo de endorfinas eleva o humor, diminui a percep\u00e7\u00e3o de dor e d\u00e1 aos praticantes uma sensa\u00e7\u00e3o de realiza\u00e7\u00e3o, important\u00edssima para combater a apatia comum em doen\u00e7as neurodegenerativas. Experi\u00eancias compartilhadas em grupos de apoio como o <strong>Parkinson Brasil<\/strong> tamb\u00e9m mostram relatos de significativa supera\u00e7\u00e3o emocional gra\u00e7as ao conv\u00edvio e \u00e0 pr\u00e1tica esportiva.<\/p>\n\n\n\n<figure class=\"wp-block-image size-large\"><img loading=\"lazy\" decoding=\"async\" width=\"1024\" height=\"576\" src=\"https:\/\/www.em.com.br\/emfoco\/wp-content\/uploads\/2025\/07\/idoso-ciclismo_1753051879636-1024x576.jpg\" alt=\"5 benef\u00edcios do ciclismo para quem vive com parkinson\" class=\"wp-image-78898\" srcset=\"https:\/\/www.em.com.br\/emfoco\/wp-content\/uploads\/2025\/07\/idoso-ciclismo_1753051879636-1024x576.jpg 1024w, https:\/\/www.em.com.br\/emfoco\/wp-content\/uploads\/2025\/07\/idoso-ciclismo_1753051879636-300x169.jpg 300w, https:\/\/www.em.com.br\/emfoco\/wp-content\/uploads\/2025\/07\/idoso-ciclismo_1753051879636-768x432.jpg 768w, https:\/\/www.em.com.br\/emfoco\/wp-content\/uploads\/2025\/07\/idoso-ciclismo_1753051879636-750x422.jpg 750w, https:\/\/www.em.com.br\/emfoco\/wp-content\/uploads\/2025\/07\/idoso-ciclismo_1753051879636-1140x641.jpg 1140w, https:\/\/www.em.com.br\/emfoco\/wp-content\/uploads\/2025\/07\/idoso-ciclismo_1753051879636.jpg 1280w\" sizes=\"auto, (max-width: 1024px) 100vw, 1024px\" \/><figcaption class=\"wp-element-caption\">Idosos pedalando em meio a natureza &#8211; Cr\u00e9ditos: depositphotos.com \/ pressmaster<\/figcaption><\/figure>\n\n\n\n<h2 class=\"wp-block-heading\">Quais s\u00e3o os cuidados necess\u00e1rios ao adotar o ciclismo como exerc\u00edcio?<\/h2>\n\n\n\n<p>\u00c9 crucial que pessoas com Parkinson consultem seus m\u00e9dicos antes de iniciar qualquer novo regime de exerc\u00edcio. Isso garante que todas as precau\u00e7\u00f5es necess\u00e1rias sejam tomadas e que qualquer ajuste espec\u00edfico possa ser feito para atender \u00e0s condi\u00e7\u00f5es individuais.<\/p>\n\n\n\n<p>A utiliza\u00e7\u00e3o de equipamentos de seguran\u00e7a, como capacetes e joelheiras, \u00e9 fundamental. Al\u00e9m disso, optar por rotas mais planas e menos congestionadas pode ajudar a minimizar riscos de quedas e oferecer um trajeto mais seguro e agrad\u00e1vel. Existem tamb\u00e9m dispositivos como a <strong>Bicicleta Ergom\u00e9trica<\/strong>, que podem ser usadas em ambientes fechados, permitindo maior controle do ritmo e da intensidade para cada caso.<\/p>\n\n\n\n<h2 class=\"wp-block-heading\">O que esperar com a pr\u00e1tica regular do ciclismo?<\/h2>\n\n\n\n<p>A pr\u00e1tica consistente desse exerc\u00edcio pode levar a melhorias not\u00e1veis em diversos aspectos da vida de quem tem Parkinson. Primeiramente, h\u00e1 uma melhoria na coordena\u00e7\u00e3o motora e na for\u00e7a muscular, crucial para tarefas cotidianas.<\/p>\n\n\n\n<p>Tamb\u00e9m ocorre uma progressiva melhora na disposi\u00e7\u00e3o e no vigor f\u00edsico, permitindo maior engajamento em atividades di\u00e1rias e sociais. Al\u00e9m disso, o fortalecimento do sistema cardiovascular derivado de atividades como o ciclismo \u00e9 um benef\u00edcio extra que se estende al\u00e9m da condi\u00e7\u00e3o espec\u00edfica de sa\u00fade. Relatos de praticantes de cidades como <strong>Curitiba<\/strong> e <strong>Belo Horizonte<\/strong> destacam a import\u00e2ncia de trajetos acess\u00edveis e programas voltados \u00e0 mobilidade urbana para incentivar ainda mais a ades\u00e3o ao h\u00e1bito.<\/p>\n\n\n\n<h2 class=\"wp-block-heading\">Os benef\u00edcios do ciclismo para pessoas com Parkinson<\/h2>\n\n\n\n<ol class=\"wp-block-list\">\n<li><strong>Melhoria na coordena\u00e7\u00e3o motora:<\/strong> Movimentos r\u00edtmicos ajudam na sincroniza\u00e7\u00e3o.<\/li>\n\n\n\n<li><strong>Aumento do bem-estar mental:<\/strong> Libera\u00e7\u00e3o de endorfinas eleva o humor e reduz a ansiedade.<\/li>\n\n\n\n<li><strong>Maior integra\u00e7\u00e3o social e suporte:<\/strong> Pedalar em grupos promove intera\u00e7\u00e3o e apoio emocional.<\/li>\n<\/ol>\n","protected":false},"excerpt":{"rendered":"<p>Pedalar \u00e9 uma atividade simples que pode transformar a qualidade de vida de quem vive com Parkinson. Mais do que uma forma de exerc\u00edcio, o ciclismo desempenha um papel crucial na promo\u00e7\u00e3o do bem-estar f\u00edsico e mental dos portadores dessa condi\u00e7\u00e3o. Os benef\u00edcios v\u00e3o al\u00e9m da sa\u00fade cardiovascular, refletindo tamb\u00e9m na melhoria dos sintomas motores [&hellip;]<\/p>\n","protected":false},"author":18,"featured_media":78897,"comment_status":"open","ping_status":"open","sticky":false,"template":"","format":"standard","meta":{"jnews-multi-image_gallery":[],"jnews_single_post":{"format":"standard"},"jnews_primary_category":[],"jnews_social_meta":[],"jnews_override_counter":[],"footnotes":""},"categories":[9053],"tags":[260,12520,12521,415],"class_list":["post-78895","post","type-post","status-publish","format-standard","has-post-thumbnail","hentry","category-saude","tag-idosos","tag-parkinson","tag-pedalar","tag-saude"],"yoast_head":"<!-- This site is optimized with the Yoast SEO plugin v23.8 - https:\/\/yoast.com\/wordpress\/plugins\/seo\/ -->\n<title>5 benef\u00edcios do ciclismo para quem vive com Parkinson - Estado de Minas - Em foco<\/title>\n<meta name=\"description\" content=\"Estudos mostram que pedalar pode aliviar sintomas do Parkinson e promover bem-estar emocional. Os resultados t\u00eam chamado aten\u00e7\u00e3o da medicina moderna.\" \/>\n<meta name=\"robots\" content=\"index, follow, max-snippet:-1, max-image-preview:large, max-video-preview:-1\" \/>\n<link rel=\"canonical\" href=\"https:\/\/www.em.com.br\/emfoco\/2025\/07\/22\/5-beneficios-do-ciclismo-para-quem-vive-com-parkinson\/\" \/>\n<meta property=\"og:locale\" content=\"pt_BR\" \/>\n<meta property=\"og:type\" content=\"article\" \/>\n<meta property=\"og:title\" content=\"5 benef\u00edcios do ciclismo para quem vive com Parkinson - Estado de Minas - Em foco\" \/>\n<meta property=\"og:description\" content=\"Estudos mostram que pedalar pode aliviar sintomas do Parkinson e promover bem-estar emocional. Os resultados t\u00eam chamado aten\u00e7\u00e3o da medicina moderna.\" \/>\n<meta property=\"og:url\" content=\"https:\/\/www.em.com.br\/emfoco\/2025\/07\/22\/5-beneficios-do-ciclismo-para-quem-vive-com-parkinson\/\" \/>\n<meta property=\"og:site_name\" content=\"Estado de Minas - Em foco\" \/>\n<meta property=\"article:published_time\" content=\"2025-07-22T10:38:00+00:00\" \/>\n<meta property=\"article:modified_time\" content=\"2025-07-21T22:42:51+00:00\" \/>\n<meta property=\"og:image\" content=\"https:\/\/www.em.com.br\/emfoco\/wp-content\/uploads\/2025\/07\/parkinson_1753051795298.jpg\" \/>\n\t<meta property=\"og:image:width\" content=\"1280\" \/>\n\t<meta property=\"og:image:height\" content=\"720\" \/>\n\t<meta property=\"og:image:type\" content=\"image\/jpeg\" \/>\n<meta name=\"author\" content=\"Julio Cesar\" \/>\n<meta name=\"twitter:card\" content=\"summary_large_image\" \/>\n<meta name=\"twitter:label1\" content=\"Escrito por\" \/>\n\t<meta name=\"twitter:data1\" content=\"Julio Cesar\" \/>\n\t<meta name=\"twitter:label2\" content=\"Est. tempo de leitura\" \/>\n\t<meta name=\"twitter:data2\" content=\"5 minutos\" \/>\n<!-- \/ Yoast SEO plugin. -->","yoast_head_json":{"title":"5 benef\u00edcios do ciclismo para quem vive com Parkinson - Estado de Minas - Em foco","description":"Estudos mostram que pedalar pode aliviar sintomas do Parkinson e promover bem-estar emocional. Os resultados t\u00eam chamado aten\u00e7\u00e3o da medicina moderna.","robots":{"index":"index","follow":"follow","max-snippet":"max-snippet:-1","max-image-preview":"max-image-preview:large","max-video-preview":"max-video-preview:-1"},"canonical":"https:\/\/www.em.com.br\/emfoco\/2025\/07\/22\/5-beneficios-do-ciclismo-para-quem-vive-com-parkinson\/","og_locale":"pt_BR","og_type":"article","og_title":"5 benef\u00edcios do ciclismo para quem vive com Parkinson - Estado de Minas - Em foco","og_description":"Estudos mostram que pedalar pode aliviar sintomas do Parkinson e promover bem-estar emocional. Os resultados t\u00eam chamado aten\u00e7\u00e3o da medicina moderna.","og_url":"https:\/\/www.em.com.br\/emfoco\/2025\/07\/22\/5-beneficios-do-ciclismo-para-quem-vive-com-parkinson\/","og_site_name":"Estado de Minas - Em foco","article_published_time":"2025-07-22T10:38:00+00:00","article_modified_time":"2025-07-21T22:42:51+00:00","og_image":[{"width":1280,"height":720,"url":"https:\/\/www.em.com.br\/emfoco\/wp-content\/uploads\/2025\/07\/parkinson_1753051795298.jpg","type":"image\/jpeg"}],"author":"Julio Cesar","twitter_card":"summary_large_image","twitter_misc":{"Escrito por":"Julio Cesar","Est. tempo de leitura":"5 minutos"},"schema":{"@context":"https:\/\/schema.org","@graph":[{"@type":"WebPage","@id":"https:\/\/www.em.com.br\/emfoco\/2025\/07\/22\/5-beneficios-do-ciclismo-para-quem-vive-com-parkinson\/","url":"https:\/\/www.em.com.br\/emfoco\/2025\/07\/22\/5-beneficios-do-ciclismo-para-quem-vive-com-parkinson\/","name":"5 benef\u00edcios do ciclismo para quem vive com Parkinson - Estado de Minas - Em foco","isPartOf":{"@id":"https:\/\/www.em.com.br\/emfoco\/#website"},"primaryImageOfPage":{"@id":"https:\/\/www.em.com.br\/emfoco\/2025\/07\/22\/5-beneficios-do-ciclismo-para-quem-vive-com-parkinson\/#primaryimage"},"image":{"@id":"https:\/\/www.em.com.br\/emfoco\/2025\/07\/22\/5-beneficios-do-ciclismo-para-quem-vive-com-parkinson\/#primaryimage"},"thumbnailUrl":"https:\/\/www.em.com.br\/emfoco\/wp-content\/uploads\/2025\/07\/parkinson_1753051795298.jpg","datePublished":"2025-07-22T10:38:00+00:00","dateModified":"2025-07-21T22:42:51+00:00","author":{"@id":"https:\/\/www.em.com.br\/emfoco\/#\/schema\/person\/08c4a03e38018bbab9038d5f788321fc"},"description":"Estudos mostram que pedalar pode aliviar sintomas do Parkinson e promover bem-estar emocional. Os resultados t\u00eam chamado aten\u00e7\u00e3o da medicina moderna.","breadcrumb":{"@id":"https:\/\/www.em.com.br\/emfoco\/2025\/07\/22\/5-beneficios-do-ciclismo-para-quem-vive-com-parkinson\/#breadcrumb"},"inLanguage":"pt-BR","potentialAction":[{"@type":"ReadAction","target":["https:\/\/www.em.com.br\/emfoco\/2025\/07\/22\/5-beneficios-do-ciclismo-para-quem-vive-com-parkinson\/"]}]},{"@type":"ImageObject","inLanguage":"pt-BR","@id":"https:\/\/www.em.com.br\/emfoco\/2025\/07\/22\/5-beneficios-do-ciclismo-para-quem-vive-com-parkinson\/#primaryimage","url":"https:\/\/www.em.com.br\/emfoco\/wp-content\/uploads\/2025\/07\/parkinson_1753051795298.jpg","contentUrl":"https:\/\/www.em.com.br\/emfoco\/wp-content\/uploads\/2025\/07\/parkinson_1753051795298.jpg","width":1280,"height":720,"caption":"Idoso com parkinson comendo - Cr\u00e9ditos: depositphotos.com \/ HayDmitriy"},{"@type":"BreadcrumbList","@id":"https:\/\/www.em.com.br\/emfoco\/2025\/07\/22\/5-beneficios-do-ciclismo-para-quem-vive-com-parkinson\/#breadcrumb","itemListElement":[{"@type":"ListItem","position":1,"name":"In\u00edcio","item":"https:\/\/www.em.com.br\/emfoco\/"},{"@type":"ListItem","position":2,"name":"5 benef\u00edcios do ciclismo para quem vive com Parkinson"}]},{"@type":"WebSite","@id":"https:\/\/www.em.com.br\/emfoco\/#website","url":"https:\/\/www.em.com.br\/emfoco\/","name":"Estado de Minas - Em foco","description":"Acompanhe as \u00faltimas not\u00edcias e fique bem informado sobre tudo o que acontece em Minas Gerais, Brasil e no mundo.","potentialAction":[{"@type":"SearchAction","target":{"@type":"EntryPoint","urlTemplate":"https:\/\/www.em.com.br\/emfoco\/?s={search_term_string}"},"query-input":{"@type":"PropertyValueSpecification","valueRequired":true,"valueName":"search_term_string"}}],"inLanguage":"pt-BR"},{"@type":"Person","@id":"https:\/\/www.em.com.br\/emfoco\/#\/schema\/person\/08c4a03e38018bbab9038d5f788321fc","name":"Julio Cesar","image":{"@type":"ImageObject","inLanguage":"pt-BR","@id":"https:\/\/www.em.com.br\/emfoco\/#\/schema\/person\/image\/","url":"https:\/\/secure.gravatar.com\/avatar\/ab1ea64f0d4f4c1385f8ef10d5a6e758?s=96&d=mm&r=g","contentUrl":"https:\/\/secure.gravatar.com\/avatar\/ab1ea64f0d4f4c1385f8ef10d5a6e758?s=96&d=mm&r=g","caption":"Julio Cesar"},"url":"https:\/\/www.em.com.br\/emfoco\/author\/juliomyth\/"}]}},"_links":{"self":[{"href":"https:\/\/www.em.com.br\/emfoco\/wp-json\/wp\/v2\/posts\/78895","targetHints":{"allow":["GET"]}}],"collection":[{"href":"https:\/\/www.em.com.br\/emfoco\/wp-json\/wp\/v2\/posts"}],"about":[{"href":"https:\/\/www.em.com.br\/emfoco\/wp-json\/wp\/v2\/types\/post"}],"author":[{"embeddable":true,"href":"https:\/\/www.em.com.br\/emfoco\/wp-json\/wp\/v2\/users\/18"}],"replies":[{"embeddable":true,"href":"https:\/\/www.em.com.br\/emfoco\/wp-json\/wp\/v2\/comments?post=78895"}],"version-history":[{"count":3,"href":"https:\/\/www.em.com.br\/emfoco\/wp-json\/wp\/v2\/posts\/78895\/revisions"}],"predecessor-version":[{"id":79461,"href":"https:\/\/www.em.com.br\/emfoco\/wp-json\/wp\/v2\/posts\/78895\/revisions\/79461"}],"wp:featuredmedia":[{"embeddable":true,"href":"https:\/\/www.em.com.br\/emfoco\/wp-json\/wp\/v2\/media\/78897"}],"wp:attachment":[{"href":"https:\/\/www.em.com.br\/emfoco\/wp-json\/wp\/v2\/media?parent=78895"}],"wp:term":[{"taxonomy":"category","embeddable":true,"href":"https:\/\/www.em.com.br\/emfoco\/wp-json\/wp\/v2\/categories?post=78895"},{"taxonomy":"post_tag","embeddable":true,"href":"https:\/\/www.em.com.br\/emfoco\/wp-json\/wp\/v2\/tags?post=78895"}],"curies":[{"name":"wp","href":"https:\/\/api.w.org\/{rel}","templated":true}]}}