{"id":78847,"date":"2025-07-21T08:20:00","date_gmt":"2025-07-21T11:20:00","guid":{"rendered":"https:\/\/www.em.com.br\/emfoco\/?p=78847"},"modified":"2025-07-21T00:01:37","modified_gmt":"2025-07-21T03:01:37","slug":"novo-cruzamento-de-dados-tira-milhoes-familias-do-bolsa-familia-silenciosamente-em-julho","status":"publish","type":"post","link":"https:\/\/www.em.com.br\/emfoco\/2025\/07\/21\/novo-cruzamento-de-dados-tira-milhoes-familias-do-bolsa-familia-silenciosamente-em-julho\/","title":{"rendered":"Novo cruzamento de dados tira milh\u00f5es de fam\u00edlias do Bolsa Fam\u00edlia silenciosamente em julho"},"content":{"rendered":"\n<p>Em <strong>julho de 2025<\/strong>, aproximadamente 1 milh\u00e3o de domic\u00edlios foram desligados do Bolsa Fam\u00edlia ap\u00f3s apresentarem aumento na renda familiar. Desse total, 536 mil fam\u00edlias encerraram o prazo m\u00e1ximo de 24 meses previsto na <strong>Regra de Prote\u00e7\u00e3o<\/strong>.<\/p>\n\n\n\n<p>Essa medida permite que fam\u00edlias com renda per capita entre R$ 218 e meio sal\u00e1rio-m\u00ednimo continuem recebendo 50% do benef\u00edcio, at\u00e9 alcan\u00e7arem estabilidade financeira. Ap\u00f3s esse per\u00edodo, s\u00e3o desligadas automaticamente.<\/p>\n\n\n\n<h2 class=\"wp-block-heading\">O que \u00e9 a Regra de Prote\u00e7\u00e3o e como ela funciona?<\/h2>\n\n\n\n<p>A <strong>Regra de Prote\u00e7\u00e3o<\/strong> \u00e9 um mecanismo que garante uma transi\u00e7\u00e3o gradual para fam\u00edlias que melhoraram a renda, mas ainda precisam de apoio. Ela permite o recebimento parcial do benef\u00edcio por at\u00e9 dois anos.<\/p>\n\n\n\n<p>Ap\u00f3s esse prazo, o desligamento \u00e9 autom\u00e1tico, mas o programa oferece o <em>Retorno Garantido<\/em> para casos em que a renda volte a cair, assegurando prioridade para reingresso no programa.<\/p>\n\n\n\n<h2 class=\"wp-block-heading\">Quantas fam\u00edlias superaram o limite de renda e por isso perderam o benef\u00edcio?<\/h2>\n\n\n\n<p>Al\u00e9m das 536 mil fam\u00edlias que esgotaram o tempo na Regra de Prote\u00e7\u00e3o, outras <strong>385 mil ultrapassaram R$ 759<\/strong> per capita e tamb\u00e9m deixaram o programa em julho. Esse valor \u00e9 acima do limite previsto para perman\u00eancia.<\/p>\n\n\n\n<p>Esse grupo teve ganhos mais expressivos, ficando fora dos crit\u00e9rios de renda do programa, o que evidencia um avan\u00e7o na autonomia econ\u00f4mica dessas fam\u00edlias.<\/p>\n\n\n\n<figure class=\"wp-block-image\"><img decoding=\"async\" src=\"https:\/\/www.em.com.br\/emfoco\/wp-content\/uploads\/2025\/04\/beneficios-brasil_1745256264052-1024x576.jpg\" alt=\"\"\/><figcaption class=\"wp-element-caption\">Bolsa Fam\u00edlia &#8211; Cr\u00e9ditos: depositphotos.com \/ rafapress<\/figcaption><\/figure>\n\n\n\n<h2 class=\"wp-block-heading\">Como a atualiza\u00e7\u00e3o do Cadastro \u00danico impacta o Bolsa Fam\u00edlia?<\/h2>\n\n\n\n<p>Com a <strong>moderniza\u00e7\u00e3o do Cadastro \u00danico<\/strong> em mar\u00e7o de 2025, o cruzamento de dados com sistemas como o CNIS passou a ser autom\u00e1tico. Isso trouxe mais precis\u00e3o nas informa\u00e7\u00f5es sobre renda.<\/p>\n\n\n\n<p>Gra\u00e7as a essa integra\u00e7\u00e3o, cerca de 8,6 milh\u00f5es de fam\u00edlias j\u00e1 sa\u00edram do Bolsa Fam\u00edlia desde o in\u00edcio do processo de qualifica\u00e7\u00e3o, otimizando a gest\u00e3o do programa e evitando fraudes.<\/p>\n\n\n\n<h2 class=\"wp-block-heading\">Qual \u00e9 o impacto social e econ\u00f4mico da nova fase do Bolsa Fam\u00edlia?<\/h2>\n\n\n\n<p>Em 2023, o programa contribuiu para a <strong>redu\u00e7\u00e3o da inseguran\u00e7a alimentar grave de 24,4 milh\u00f5es de pessoas<\/strong>. A meta do governo \u00e9 tirar o Brasil novamente do Mapa da Fome at\u00e9 2026.<\/p>\n\n\n\n<p>Al\u00e9m disso, 98,87% das vagas formais de emprego geradas em 2024 foram ocupadas por pessoas do Cad\u00danico, e 75,5% por benefici\u00e1rios do Bolsa Fam\u00edlia, refor\u00e7ando a efetividade da pol\u00edtica social.<\/p>\n\n\n\n<h2 class=\"wp-block-heading\">Quais s\u00e3o as novas regras de transi\u00e7\u00e3o do Bolsa Fam\u00edlia em 2025?<\/h2>\n\n\n\n<p>Com o avan\u00e7o da economia, as <strong>regras de transi\u00e7\u00e3o foram ajustadas<\/strong>. Fam\u00edlias com renda entre R$ 218 e R$ 706 per capita passam a integrar a Regra de Prote\u00e7\u00e3o por 12 meses, com recebimento de 50% do benef\u00edcio.<\/p>\n\n\n\n<p>J\u00e1 fam\u00edlias com renda est\u00e1vel, como aposentados ou quem recebe o BPC, podem permanecer por at\u00e9 dois meses. No caso de pessoas com defici\u00eancia, o tempo pode chegar a 12 meses, considerando revis\u00f5es do benef\u00edcio.<\/p>\n","protected":false},"excerpt":{"rendered":"<p>Em julho de 2025, aproximadamente 1 milh\u00e3o de domic\u00edlios foram desligados do Bolsa Fam\u00edlia ap\u00f3s apresentarem aumento na renda familiar. Desse total, 536 mil fam\u00edlias encerraram o prazo m\u00e1ximo de 24 meses previsto na Regra de Prote\u00e7\u00e3o. Essa medida permite que fam\u00edlias com renda per capita entre R$ 218 e meio sal\u00e1rio-m\u00ednimo continuem recebendo 50% [&hellip;]<\/p>\n","protected":false},"author":11,"featured_media":29615,"comment_status":"open","ping_status":"open","sticky":false,"template":"","format":"standard","meta":{"jnews-multi-image_gallery":[],"jnews_single_post":{"format":"standard"},"jnews_primary_category":[],"jnews_social_meta":[],"jnews_override_counter":[],"footnotes":""},"categories":[28,1],"tags":[259,209,261],"class_list":["post-78847","post","type-post","status-publish","format-standard","has-post-thumbnail","hentry","category-economia","category-noticias","tag-beneficio","tag-bolsa-familia","tag-renda"],"yoast_head":"<!-- This site is optimized with the Yoast SEO plugin v23.8 - https:\/\/yoast.com\/wordpress\/plugins\/seo\/ -->\n<title>Novo cruzamento de dados tira milh\u00f5es de fam\u00edlias do Bolsa Fam\u00edlia silenciosamente em julho - Estado de Minas - Em foco<\/title>\n<meta name=\"description\" content=\"Mais de 1 milh\u00e3o de fam\u00edlias perderam o Bolsa Fam\u00edlia em julho ap\u00f3s novas regras de prote\u00e7\u00e3o e cruzamento de dados.\" \/>\n<meta name=\"robots\" content=\"index, follow, max-snippet:-1, max-image-preview:large, max-video-preview:-1\" \/>\n<link rel=\"canonical\" href=\"https:\/\/www.em.com.br\/emfoco\/2025\/07\/21\/novo-cruzamento-de-dados-tira-milhoes-familias-do-bolsa-familia-silenciosamente-em-julho\/\" \/>\n<meta property=\"og:locale\" content=\"pt_BR\" \/>\n<meta property=\"og:type\" content=\"article\" \/>\n<meta property=\"og:title\" content=\"Novo cruzamento de dados tira milh\u00f5es de fam\u00edlias do Bolsa Fam\u00edlia silenciosamente em julho - Estado de Minas - Em foco\" \/>\n<meta property=\"og:description\" content=\"Mais de 1 milh\u00e3o de fam\u00edlias perderam o Bolsa Fam\u00edlia em julho ap\u00f3s novas regras de prote\u00e7\u00e3o e cruzamento de dados.\" \/>\n<meta property=\"og:url\" content=\"https:\/\/www.em.com.br\/emfoco\/2025\/07\/21\/novo-cruzamento-de-dados-tira-milhoes-familias-do-bolsa-familia-silenciosamente-em-julho\/\" \/>\n<meta property=\"og:site_name\" content=\"Estado de Minas - Em foco\" \/>\n<meta property=\"article:published_time\" content=\"2025-07-21T11:20:00+00:00\" \/>\n<meta property=\"article:modified_time\" content=\"2025-07-21T03:01:37+00:00\" \/>\n<meta property=\"og:image\" content=\"https:\/\/www.em.com.br\/emfoco\/wp-content\/uploads\/2025\/03\/bolsa-familia-brasil_1742258508803.jpg\" \/>\n\t<meta property=\"og:image:width\" content=\"1280\" \/>\n\t<meta property=\"og:image:height\" content=\"720\" \/>\n\t<meta property=\"og:image:type\" content=\"image\/jpeg\" \/>\n<meta name=\"author\" content=\"Andre\u0301 Rangel\u00a0\" \/>\n<meta name=\"twitter:card\" content=\"summary_large_image\" \/>\n<meta name=\"twitter:label1\" content=\"Escrito por\" \/>\n\t<meta name=\"twitter:data1\" content=\"Andre\u0301 Rangel\u00a0\" \/>\n\t<meta name=\"twitter:label2\" content=\"Est. tempo de leitura\" \/>\n\t<meta name=\"twitter:data2\" content=\"3 minutos\" \/>\n<!-- \/ Yoast SEO plugin. -->","yoast_head_json":{"title":"Novo cruzamento de dados tira milh\u00f5es de fam\u00edlias do Bolsa Fam\u00edlia silenciosamente em julho - Estado de Minas - Em foco","description":"Mais de 1 milh\u00e3o de fam\u00edlias perderam o Bolsa Fam\u00edlia em julho ap\u00f3s novas regras de prote\u00e7\u00e3o e cruzamento de dados.","robots":{"index":"index","follow":"follow","max-snippet":"max-snippet:-1","max-image-preview":"max-image-preview:large","max-video-preview":"max-video-preview:-1"},"canonical":"https:\/\/www.em.com.br\/emfoco\/2025\/07\/21\/novo-cruzamento-de-dados-tira-milhoes-familias-do-bolsa-familia-silenciosamente-em-julho\/","og_locale":"pt_BR","og_type":"article","og_title":"Novo cruzamento de dados tira milh\u00f5es de fam\u00edlias do Bolsa Fam\u00edlia silenciosamente em julho - Estado de Minas - Em foco","og_description":"Mais de 1 milh\u00e3o de fam\u00edlias perderam o Bolsa Fam\u00edlia em julho ap\u00f3s novas regras de prote\u00e7\u00e3o e cruzamento de dados.","og_url":"https:\/\/www.em.com.br\/emfoco\/2025\/07\/21\/novo-cruzamento-de-dados-tira-milhoes-familias-do-bolsa-familia-silenciosamente-em-julho\/","og_site_name":"Estado de Minas - Em foco","article_published_time":"2025-07-21T11:20:00+00:00","article_modified_time":"2025-07-21T03:01:37+00:00","og_image":[{"width":1280,"height":720,"url":"https:\/\/www.em.com.br\/emfoco\/wp-content\/uploads\/2025\/03\/bolsa-familia-brasil_1742258508803.jpg","type":"image\/jpeg"}],"author":"Andre\u0301 Rangel\u00a0","twitter_card":"summary_large_image","twitter_misc":{"Escrito por":"Andre\u0301 Rangel\u00a0","Est. tempo de leitura":"3 minutos"},"schema":{"@context":"https:\/\/schema.org","@graph":[{"@type":"WebPage","@id":"https:\/\/www.em.com.br\/emfoco\/2025\/07\/21\/novo-cruzamento-de-dados-tira-milhoes-familias-do-bolsa-familia-silenciosamente-em-julho\/","url":"https:\/\/www.em.com.br\/emfoco\/2025\/07\/21\/novo-cruzamento-de-dados-tira-milhoes-familias-do-bolsa-familia-silenciosamente-em-julho\/","name":"Novo cruzamento de dados tira milh\u00f5es de fam\u00edlias do Bolsa Fam\u00edlia silenciosamente em julho - Estado de Minas - Em foco","isPartOf":{"@id":"https:\/\/www.em.com.br\/emfoco\/#website"},"primaryImageOfPage":{"@id":"https:\/\/www.em.com.br\/emfoco\/2025\/07\/21\/novo-cruzamento-de-dados-tira-milhoes-familias-do-bolsa-familia-silenciosamente-em-julho\/#primaryimage"},"image":{"@id":"https:\/\/www.em.com.br\/emfoco\/2025\/07\/21\/novo-cruzamento-de-dados-tira-milhoes-familias-do-bolsa-familia-silenciosamente-em-julho\/#primaryimage"},"thumbnailUrl":"https:\/\/www.em.com.br\/emfoco\/wp-content\/uploads\/2025\/03\/bolsa-familia-brasil_1742258508803.jpg","datePublished":"2025-07-21T11:20:00+00:00","dateModified":"2025-07-21T03:01:37+00:00","author":{"@id":"https:\/\/www.em.com.br\/emfoco\/#\/schema\/person\/60eda09c1fedf0d6891f4cef4b60b8b8"},"description":"Mais de 1 milh\u00e3o de fam\u00edlias perderam o Bolsa Fam\u00edlia em julho ap\u00f3s novas regras de prote\u00e7\u00e3o e cruzamento de dados.","breadcrumb":{"@id":"https:\/\/www.em.com.br\/emfoco\/2025\/07\/21\/novo-cruzamento-de-dados-tira-milhoes-familias-do-bolsa-familia-silenciosamente-em-julho\/#breadcrumb"},"inLanguage":"pt-BR","potentialAction":[{"@type":"ReadAction","target":["https:\/\/www.em.com.br\/emfoco\/2025\/07\/21\/novo-cruzamento-de-dados-tira-milhoes-familias-do-bolsa-familia-silenciosamente-em-julho\/"]}]},{"@type":"ImageObject","inLanguage":"pt-BR","@id":"https:\/\/www.em.com.br\/emfoco\/2025\/07\/21\/novo-cruzamento-de-dados-tira-milhoes-familias-do-bolsa-familia-silenciosamente-em-julho\/#primaryimage","url":"https:\/\/www.em.com.br\/emfoco\/wp-content\/uploads\/2025\/03\/bolsa-familia-brasil_1742258508803.jpg","contentUrl":"https:\/\/www.em.com.br\/emfoco\/wp-content\/uploads\/2025\/03\/bolsa-familia-brasil_1742258508803.jpg","width":1280,"height":720,"caption":"Bolsa Fam\u00edlia antecipa pagamento em cidades afetadas - Cr\u00e9ditos: depositphotos.com \/ joasouza"},{"@type":"BreadcrumbList","@id":"https:\/\/www.em.com.br\/emfoco\/2025\/07\/21\/novo-cruzamento-de-dados-tira-milhoes-familias-do-bolsa-familia-silenciosamente-em-julho\/#breadcrumb","itemListElement":[{"@type":"ListItem","position":1,"name":"In\u00edcio","item":"https:\/\/www.em.com.br\/emfoco\/"},{"@type":"ListItem","position":2,"name":"Novo cruzamento de dados tira milh\u00f5es de fam\u00edlias do Bolsa Fam\u00edlia silenciosamente em julho"}]},{"@type":"WebSite","@id":"https:\/\/www.em.com.br\/emfoco\/#website","url":"https:\/\/www.em.com.br\/emfoco\/","name":"Estado de Minas - Em foco","description":"Acompanhe as \u00faltimas not\u00edcias e fique bem informado sobre tudo o que acontece em Minas Gerais, Brasil e no mundo.","potentialAction":[{"@type":"SearchAction","target":{"@type":"EntryPoint","urlTemplate":"https:\/\/www.em.com.br\/emfoco\/?s={search_term_string}"},"query-input":{"@type":"PropertyValueSpecification","valueRequired":true,"valueName":"search_term_string"}}],"inLanguage":"pt-BR"},{"@type":"Person","@id":"https:\/\/www.em.com.br\/emfoco\/#\/schema\/person\/60eda09c1fedf0d6891f4cef4b60b8b8","name":"Andre\u0301 Rangel\u00a0","image":{"@type":"ImageObject","inLanguage":"pt-BR","@id":"https:\/\/www.em.com.br\/emfoco\/#\/schema\/person\/image\/","url":"https:\/\/secure.gravatar.com\/avatar\/6234dc814c77c8ef6d8bba622c787efc?s=96&d=mm&r=g","contentUrl":"https:\/\/secure.gravatar.com\/avatar\/6234dc814c77c8ef6d8bba622c787efc?s=96&d=mm&r=g","caption":"Andre\u0301 Rangel\u00a0"},"url":"https:\/\/www.em.com.br\/emfoco\/author\/luizmyth\/"}]}},"_links":{"self":[{"href":"https:\/\/www.em.com.br\/emfoco\/wp-json\/wp\/v2\/posts\/78847","targetHints":{"allow":["GET"]}}],"collection":[{"href":"https:\/\/www.em.com.br\/emfoco\/wp-json\/wp\/v2\/posts"}],"about":[{"href":"https:\/\/www.em.com.br\/emfoco\/wp-json\/wp\/v2\/types\/post"}],"author":[{"embeddable":true,"href":"https:\/\/www.em.com.br\/emfoco\/wp-json\/wp\/v2\/users\/11"}],"replies":[{"embeddable":true,"href":"https:\/\/www.em.com.br\/emfoco\/wp-json\/wp\/v2\/comments?post=78847"}],"version-history":[{"count":2,"href":"https:\/\/www.em.com.br\/emfoco\/wp-json\/wp\/v2\/posts\/78847\/revisions"}],"predecessor-version":[{"id":78930,"href":"https:\/\/www.em.com.br\/emfoco\/wp-json\/wp\/v2\/posts\/78847\/revisions\/78930"}],"wp:featuredmedia":[{"embeddable":true,"href":"https:\/\/www.em.com.br\/emfoco\/wp-json\/wp\/v2\/media\/29615"}],"wp:attachment":[{"href":"https:\/\/www.em.com.br\/emfoco\/wp-json\/wp\/v2\/media?parent=78847"}],"wp:term":[{"taxonomy":"category","embeddable":true,"href":"https:\/\/www.em.com.br\/emfoco\/wp-json\/wp\/v2\/categories?post=78847"},{"taxonomy":"post_tag","embeddable":true,"href":"https:\/\/www.em.com.br\/emfoco\/wp-json\/wp\/v2\/tags?post=78847"}],"curies":[{"name":"wp","href":"https:\/\/api.w.org\/{rel}","templated":true}]}}