{"id":78744,"date":"2025-07-19T16:47:00","date_gmt":"2025-07-19T19:47:00","guid":{"rendered":"https:\/\/www.em.com.br\/emfoco\/?p=78744"},"modified":"2025-07-19T16:39:08","modified_gmt":"2025-07-19T19:39:08","slug":"o-tipo-de-refluxo-que-muita-gente-tem-e-confunde-com-dor-de-garganta","status":"publish","type":"post","link":"https:\/\/www.em.com.br\/emfoco\/2025\/07\/19\/o-tipo-de-refluxo-que-muita-gente-tem-e-confunde-com-dor-de-garganta\/","title":{"rendered":"O tipo de refluxo que muita gente tem e confunde com dor de garganta"},"content":{"rendered":"\n<p>O refluxo <strong>laringofar\u00edngeo<\/strong>, frequentemente apelidado de &#8220;<strong>refluxo silencioso<\/strong>&#8220;, \u00e9 uma condi\u00e7\u00e3o em que os sucos g\u00e1stricos do est\u00f4mago alcan\u00e7am a faringe e a laringe. Ao contr\u00e1rio do refluxo gastroesof\u00e1gico tradicional, esse refluxo n\u00e3o apresenta necessariamente a t\u00edpica azia. Como resultado, pode desencadear sintomas inesperados, como rouquid\u00e3o, tosse persistente e a sensa\u00e7\u00e3o de algo preso na garganta.<\/p>\n\n\n\n<p>Embora a identifica\u00e7\u00e3o dos sintomas do refluxo laringofar\u00edngeo possa ser desafiadora, frequentemente eles s\u00e3o confundidos com outros problemas de sa\u00fade, como alergias ou infec\u00e7\u00f5es respirat\u00f3rias. No entanto, os sintomas persistentes como voz rouca ou tosse seca podem indicar a presen\u00e7a desse tipo de refluxo, que muitas vezes fica sem diagn\u00f3stico por per\u00edodos prolongados.<\/p>\n\n\n\n<h2 class=\"wp-block-heading\">Quais s\u00e3o as causas do refluxo <strong>laringofar\u00edngeo<\/strong>?<\/h2>\n\n\n\n<p>A origem do refluxo laringofar\u00edngeo envolve o enfraquecimento ou relaxamento dos esf\u00edncteres esof\u00e1gicos, localizados entre o est\u00f4mago e a faringe. O esf\u00edncter esof\u00e1gico inferior e o superior agem como v\u00e1lvulas que previnem a subida do conte\u00fado g\u00e1strico. Diversos fatores podem contribuir para o mal funcionamento dessas v\u00e1lvulas, desde a ingest\u00e3o de certos medicamentos at\u00e9 h\u00e1bitos alimentares inadequados, como grandes refei\u00e7\u00f5es ou consumo de alimentos que relaxam os esf\u00edncteres, como chocolate e bebidas alco\u00f3licas.<\/p>\n\n\n\n<h2 class=\"wp-block-heading\">Como identificar e diagnosticar o refluxo laringofar\u00edngeo?<\/h2>\n\n\n\n<p>A identifica\u00e7\u00e3o do refluxo laringofar\u00edngeo pode requerer consultas com um otorrinolaringologista, que poder\u00e1 solicitar exames espec\u00edficos como laringoscopia ou pH-metria esof\u00e1gica para avaliar a presen\u00e7a de acidez. A endoscopia digestiva alta tamb\u00e9m pode ser usada para verificar poss\u00edveis danos no trato digestivo superior. A resposta positiva a terapias anti-refluxo pode confirmar a suspeita do refluxo laringofar\u00edngeo.<\/p>\n\n\n\n<figure class=\"wp-block-image size-large\"><img loading=\"lazy\" decoding=\"async\" width=\"1024\" height=\"576\" src=\"https:\/\/www.em.com.br\/emfoco\/wp-content\/uploads\/2025\/07\/refluxo_1752953871953-1024x576.jpg\" alt=\"\" class=\"wp-image-78746\" srcset=\"https:\/\/www.em.com.br\/emfoco\/wp-content\/uploads\/2025\/07\/refluxo_1752953871953-1024x576.jpg 1024w, https:\/\/www.em.com.br\/emfoco\/wp-content\/uploads\/2025\/07\/refluxo_1752953871953-300x169.jpg 300w, https:\/\/www.em.com.br\/emfoco\/wp-content\/uploads\/2025\/07\/refluxo_1752953871953-768x432.jpg 768w, https:\/\/www.em.com.br\/emfoco\/wp-content\/uploads\/2025\/07\/refluxo_1752953871953-750x422.jpg 750w, https:\/\/www.em.com.br\/emfoco\/wp-content\/uploads\/2025\/07\/refluxo_1752953871953-1140x641.jpg 1140w, https:\/\/www.em.com.br\/emfoco\/wp-content\/uploads\/2025\/07\/refluxo_1752953871953.jpg 1280w\" sizes=\"auto, (max-width: 1024px) 100vw, 1024px\" \/><figcaption class=\"wp-element-caption\">Refluxo (Cr\u00e9ditos: depositphotos.com \/ Tharakorn)<\/figcaption><\/figure>\n\n\n\n<h2 class=\"wp-block-heading\">Como se d\u00e1 o tratamento do refluxo laringofar\u00edngeo?<\/h2>\n\n\n\n<p>O tratamento do refluxo laringofar\u00edngeo foca na redu\u00e7\u00e3o da acidez g\u00e1strica e na prote\u00e7\u00e3o das mucosas da faringe e laringe. Altera\u00e7\u00f5es no estilo de vida s\u00e3o fundamentais. Incluem evitar refei\u00e7\u00f5es pesadas e alimentos gordurosos ou \u00e1cidos, adotar uma dieta mais saud\u00e1vel e manter uma postura ereta ap\u00f3s as refei\u00e7\u00f5es. Parar de fumar e moderar o consumo de \u00e1lcool tamb\u00e9m s\u00e3o medidas importantes.<\/p>\n\n\n\n<ul class=\"wp-block-list\">\n<li>Ingest\u00e3o de medicamentos como inibidores da bomba de pr\u00f3tons, que diminuem a produ\u00e7\u00e3o de \u00e1cido g\u00e1strico, \u00e9 comum.<\/li>\n\n\n\n<li>Uso de alginatos para criar uma barreira f\u00edsica que impede a subida dos \u00e1cidos.<\/li>\n\n\n\n<li>Adapta\u00e7\u00f5es no estilo de vida e h\u00e1bitos alimentares para prevenir agravamentos.<\/li>\n<\/ul>\n\n\n\n<h2 class=\"wp-block-heading\">Altera\u00e7\u00f5es no estilo de vida: por onde come\u00e7ar?<\/h2>\n\n\n\n<p>Mudar certos comportamentos pode aliviar os sintomas do refluxo laringofar\u00edngeo. Primeiramente, evitar deitar-se logo ap\u00f3s comer \u00e9 crucial, assim como elevar a cabeceira da cama. Alimentar-se em por\u00e7\u00f5es menores e evitar o uso de roupas apertadas s\u00e3o pr\u00e1ticas \u00fateis. Manter a hidrata\u00e7\u00e3o adequada, reduzir o consumo de cafe\u00edna e adotar uma rotina de exerc\u00edcios f\u00edsicos moderados tamb\u00e9m podem melhorar os sintomas significativamente.<\/p>\n\n\n\n<p>O refluxo laringofar\u00edngeo pode impactar a qualidade de vida e sa\u00fade das vias a\u00e9reas, mas uma abordagem informada e mudan\u00e7as no cotidiano contribuem para o manejo eficaz dos sintomas. Consultas regulares com profissionais de sa\u00fade permitem ajustar tratamentos conforme necess\u00e1rio, permitindo uma conviv\u00eancia mais harmoniosa com essa condi\u00e7\u00e3o m\u00e9dica.<\/p>\n","protected":false},"excerpt":{"rendered":"<p>O refluxo laringofar\u00edngeo, frequentemente apelidado de &#8220;refluxo silencioso&#8220;, \u00e9 uma condi\u00e7\u00e3o em que os sucos g\u00e1stricos do est\u00f4mago alcan\u00e7am a faringe e a laringe. Ao contr\u00e1rio do refluxo gastroesof\u00e1gico tradicional, esse refluxo n\u00e3o apresenta necessariamente a t\u00edpica azia. Como resultado, pode desencadear sintomas inesperados, como rouquid\u00e3o, tosse persistente e a sensa\u00e7\u00e3o de algo preso na [&hellip;]<\/p>\n","protected":false},"author":19,"featured_media":78745,"comment_status":"open","ping_status":"open","sticky":false,"template":"","format":"standard","meta":{"jnews-multi-image_gallery":[],"jnews_single_post":{"format":"standard"},"jnews_primary_category":[],"jnews_social_meta":[],"jnews_override_counter":[],"footnotes":""},"categories":[9053],"tags":[12508,12507,12506,9723,415],"class_list":["post-78744","post","type-post","status-publish","format-standard","has-post-thumbnail","hentry","category-saude","tag-faringe","tag-gastrico","tag-laringe","tag-refluxo","tag-saude"],"yoast_head":"<!-- This site is optimized with the Yoast SEO plugin v23.8 - https:\/\/yoast.com\/wordpress\/plugins\/seo\/ -->\n<title>O tipo de refluxo que muita gente tem e confunde com dor de garganta - Estado de Minas - Em foco<\/title>\n<meta name=\"description\" content=\"Entenda os sintomas e causas do refluxo laringofar\u00edngeo, um problema silencioso que afeta a laringe e pode ser confundido com outras doen\u00e7as.\" \/>\n<meta name=\"robots\" content=\"index, follow, max-snippet:-1, max-image-preview:large, max-video-preview:-1\" \/>\n<link rel=\"canonical\" href=\"https:\/\/www.em.com.br\/emfoco\/2025\/07\/19\/o-tipo-de-refluxo-que-muita-gente-tem-e-confunde-com-dor-de-garganta\/\" \/>\n<meta property=\"og:locale\" content=\"pt_BR\" \/>\n<meta property=\"og:type\" content=\"article\" \/>\n<meta property=\"og:title\" content=\"O tipo de refluxo que muita gente tem e confunde com dor de garganta - Estado de Minas - Em foco\" \/>\n<meta property=\"og:description\" content=\"Entenda os sintomas e causas do refluxo laringofar\u00edngeo, um problema silencioso que afeta a laringe e pode ser confundido com outras doen\u00e7as.\" \/>\n<meta property=\"og:url\" content=\"https:\/\/www.em.com.br\/emfoco\/2025\/07\/19\/o-tipo-de-refluxo-que-muita-gente-tem-e-confunde-com-dor-de-garganta\/\" \/>\n<meta property=\"og:site_name\" content=\"Estado de Minas - Em foco\" \/>\n<meta property=\"article:published_time\" content=\"2025-07-19T19:47:00+00:00\" \/>\n<meta property=\"article:modified_time\" content=\"2025-07-19T19:39:08+00:00\" \/>\n<meta property=\"og:image\" content=\"https:\/\/www.em.com.br\/emfoco\/wp-content\/uploads\/2025\/07\/refluxo_1752953861324.jpg\" \/>\n\t<meta property=\"og:image:width\" content=\"1280\" \/>\n\t<meta property=\"og:image:height\" content=\"720\" \/>\n\t<meta property=\"og:image:type\" content=\"image\/jpeg\" \/>\n<meta name=\"author\" content=\"Vanessa Tavares\" \/>\n<meta name=\"twitter:card\" content=\"summary_large_image\" \/>\n<meta name=\"twitter:label1\" content=\"Escrito por\" \/>\n\t<meta name=\"twitter:data1\" content=\"Vanessa Tavares\" \/>\n\t<meta name=\"twitter:label2\" content=\"Est. tempo de leitura\" \/>\n\t<meta name=\"twitter:data2\" content=\"4 minutos\" \/>\n<!-- \/ Yoast SEO plugin. -->","yoast_head_json":{"title":"O tipo de refluxo que muita gente tem e confunde com dor de garganta - Estado de Minas - Em foco","description":"Entenda os sintomas e causas do refluxo laringofar\u00edngeo, um problema silencioso que afeta a laringe e pode ser confundido com outras doen\u00e7as.","robots":{"index":"index","follow":"follow","max-snippet":"max-snippet:-1","max-image-preview":"max-image-preview:large","max-video-preview":"max-video-preview:-1"},"canonical":"https:\/\/www.em.com.br\/emfoco\/2025\/07\/19\/o-tipo-de-refluxo-que-muita-gente-tem-e-confunde-com-dor-de-garganta\/","og_locale":"pt_BR","og_type":"article","og_title":"O tipo de refluxo que muita gente tem e confunde com dor de garganta - Estado de Minas - Em foco","og_description":"Entenda os sintomas e causas do refluxo laringofar\u00edngeo, um problema silencioso que afeta a laringe e pode ser confundido com outras doen\u00e7as.","og_url":"https:\/\/www.em.com.br\/emfoco\/2025\/07\/19\/o-tipo-de-refluxo-que-muita-gente-tem-e-confunde-com-dor-de-garganta\/","og_site_name":"Estado de Minas - Em foco","article_published_time":"2025-07-19T19:47:00+00:00","article_modified_time":"2025-07-19T19:39:08+00:00","og_image":[{"width":1280,"height":720,"url":"https:\/\/www.em.com.br\/emfoco\/wp-content\/uploads\/2025\/07\/refluxo_1752953861324.jpg","type":"image\/jpeg"}],"author":"Vanessa Tavares","twitter_card":"summary_large_image","twitter_misc":{"Escrito por":"Vanessa Tavares","Est. tempo de leitura":"4 minutos"},"schema":{"@context":"https:\/\/schema.org","@graph":[{"@type":"WebPage","@id":"https:\/\/www.em.com.br\/emfoco\/2025\/07\/19\/o-tipo-de-refluxo-que-muita-gente-tem-e-confunde-com-dor-de-garganta\/","url":"https:\/\/www.em.com.br\/emfoco\/2025\/07\/19\/o-tipo-de-refluxo-que-muita-gente-tem-e-confunde-com-dor-de-garganta\/","name":"O tipo de refluxo que muita gente tem e confunde com dor de garganta - Estado de Minas - Em foco","isPartOf":{"@id":"https:\/\/www.em.com.br\/emfoco\/#website"},"primaryImageOfPage":{"@id":"https:\/\/www.em.com.br\/emfoco\/2025\/07\/19\/o-tipo-de-refluxo-que-muita-gente-tem-e-confunde-com-dor-de-garganta\/#primaryimage"},"image":{"@id":"https:\/\/www.em.com.br\/emfoco\/2025\/07\/19\/o-tipo-de-refluxo-que-muita-gente-tem-e-confunde-com-dor-de-garganta\/#primaryimage"},"thumbnailUrl":"https:\/\/www.em.com.br\/emfoco\/wp-content\/uploads\/2025\/07\/refluxo_1752953861324.jpg","datePublished":"2025-07-19T19:47:00+00:00","dateModified":"2025-07-19T19:39:08+00:00","author":{"@id":"https:\/\/www.em.com.br\/emfoco\/#\/schema\/person\/4a7a157aac450b98edc86f15a7434f0b"},"description":"Entenda os sintomas e causas do refluxo laringofar\u00edngeo, um problema silencioso que afeta a laringe e pode ser confundido com outras doen\u00e7as.","breadcrumb":{"@id":"https:\/\/www.em.com.br\/emfoco\/2025\/07\/19\/o-tipo-de-refluxo-que-muita-gente-tem-e-confunde-com-dor-de-garganta\/#breadcrumb"},"inLanguage":"pt-BR","potentialAction":[{"@type":"ReadAction","target":["https:\/\/www.em.com.br\/emfoco\/2025\/07\/19\/o-tipo-de-refluxo-que-muita-gente-tem-e-confunde-com-dor-de-garganta\/"]}]},{"@type":"ImageObject","inLanguage":"pt-BR","@id":"https:\/\/www.em.com.br\/emfoco\/2025\/07\/19\/o-tipo-de-refluxo-que-muita-gente-tem-e-confunde-com-dor-de-garganta\/#primaryimage","url":"https:\/\/www.em.com.br\/emfoco\/wp-content\/uploads\/2025\/07\/refluxo_1752953861324.jpg","contentUrl":"https:\/\/www.em.com.br\/emfoco\/wp-content\/uploads\/2025\/07\/refluxo_1752953861324.jpg","width":1280,"height":720,"caption":"Refluxo silencioso (Cr\u00e9ditos: depositphotos.com \/ Tharakorn)"},{"@type":"BreadcrumbList","@id":"https:\/\/www.em.com.br\/emfoco\/2025\/07\/19\/o-tipo-de-refluxo-que-muita-gente-tem-e-confunde-com-dor-de-garganta\/#breadcrumb","itemListElement":[{"@type":"ListItem","position":1,"name":"In\u00edcio","item":"https:\/\/www.em.com.br\/emfoco\/"},{"@type":"ListItem","position":2,"name":"O tipo de refluxo que muita gente tem e confunde com dor de garganta"}]},{"@type":"WebSite","@id":"https:\/\/www.em.com.br\/emfoco\/#website","url":"https:\/\/www.em.com.br\/emfoco\/","name":"Estado de Minas - Em foco","description":"Acompanhe as \u00faltimas not\u00edcias e fique bem informado sobre tudo o que acontece em Minas Gerais, Brasil e no mundo.","potentialAction":[{"@type":"SearchAction","target":{"@type":"EntryPoint","urlTemplate":"https:\/\/www.em.com.br\/emfoco\/?s={search_term_string}"},"query-input":{"@type":"PropertyValueSpecification","valueRequired":true,"valueName":"search_term_string"}}],"inLanguage":"pt-BR"},{"@type":"Person","@id":"https:\/\/www.em.com.br\/emfoco\/#\/schema\/person\/4a7a157aac450b98edc86f15a7434f0b","name":"Vanessa Tavares","image":{"@type":"ImageObject","inLanguage":"pt-BR","@id":"https:\/\/www.em.com.br\/emfoco\/#\/schema\/person\/image\/","url":"https:\/\/secure.gravatar.com\/avatar\/088c9372da58da00f00f8e508f13d635?s=96&d=mm&r=g","contentUrl":"https:\/\/secure.gravatar.com\/avatar\/088c9372da58da00f00f8e508f13d635?s=96&d=mm&r=g","caption":"Vanessa Tavares"},"sameAs":["https:\/\/www.em.com.br\/emfoco"],"url":"https:\/\/www.em.com.br\/emfoco\/author\/vanessamyth\/"}]}},"_links":{"self":[{"href":"https:\/\/www.em.com.br\/emfoco\/wp-json\/wp\/v2\/posts\/78744","targetHints":{"allow":["GET"]}}],"collection":[{"href":"https:\/\/www.em.com.br\/emfoco\/wp-json\/wp\/v2\/posts"}],"about":[{"href":"https:\/\/www.em.com.br\/emfoco\/wp-json\/wp\/v2\/types\/post"}],"author":[{"embeddable":true,"href":"https:\/\/www.em.com.br\/emfoco\/wp-json\/wp\/v2\/users\/19"}],"replies":[{"embeddable":true,"href":"https:\/\/www.em.com.br\/emfoco\/wp-json\/wp\/v2\/comments?post=78744"}],"version-history":[{"count":1,"href":"https:\/\/www.em.com.br\/emfoco\/wp-json\/wp\/v2\/posts\/78744\/revisions"}],"predecessor-version":[{"id":78747,"href":"https:\/\/www.em.com.br\/emfoco\/wp-json\/wp\/v2\/posts\/78744\/revisions\/78747"}],"wp:featuredmedia":[{"embeddable":true,"href":"https:\/\/www.em.com.br\/emfoco\/wp-json\/wp\/v2\/media\/78745"}],"wp:attachment":[{"href":"https:\/\/www.em.com.br\/emfoco\/wp-json\/wp\/v2\/media?parent=78744"}],"wp:term":[{"taxonomy":"category","embeddable":true,"href":"https:\/\/www.em.com.br\/emfoco\/wp-json\/wp\/v2\/categories?post=78744"},{"taxonomy":"post_tag","embeddable":true,"href":"https:\/\/www.em.com.br\/emfoco\/wp-json\/wp\/v2\/tags?post=78744"}],"curies":[{"name":"wp","href":"https:\/\/api.w.org\/{rel}","templated":true}]}}