{"id":78637,"date":"2025-07-20T19:18:05","date_gmt":"2025-07-20T22:18:05","guid":{"rendered":"https:\/\/www.em.com.br\/emfoco\/?p=78637"},"modified":"2025-07-19T19:15:20","modified_gmt":"2025-07-19T22:15:20","slug":"esse-comportamento-comum-a-noite-tem-raizes-emocionais-profundas","status":"publish","type":"post","link":"https:\/\/www.em.com.br\/emfoco\/2025\/07\/20\/esse-comportamento-comum-a-noite-tem-raizes-emocionais-profundas\/","title":{"rendered":"Esse comportamento comum \u00e0 noite tem ra\u00edzes emocionais profundas"},"content":{"rendered":"\n<p>O&nbsp;<strong>desejo por doces depois do jantar<\/strong>&nbsp;intriga quem busca entender melhor suas escolhas alimentares, principalmente \u00e0 noite. Segundo a&nbsp;<strong>psicologia<\/strong>, esse comportamento pode estar ligado a diversos fatores al\u00e9m da for\u00e7a do h\u00e1bito, como quest\u00f5es emocionais e mecanismos de recompensa do c\u00e9rebro.<\/p>\n\n\n\n<ul class=\"wp-block-list\">\n<li>Impulsos alimentares noturnos costumam estar atrelados a padr\u00f5es emocionais e aprendizados pr\u00e9vios.<\/li>\n\n\n\n<li>Fatores biol\u00f3gicos e culturais contribuem para o aumento da vontade de consumir a\u00e7\u00facar ap\u00f3s as refei\u00e7\u00f5es.<\/li>\n\n\n\n<li>T\u00e9cnicas psicol\u00f3gicas podem ajudar a lidar com o desejo por doces e promover mais equil\u00edbrio no dia a dia.<\/li>\n<\/ul>\n\n\n\n<h2 class=\"wp-block-heading\">Por que as pessoas sentem mais vontade de doces ap\u00f3s o jantar?<\/h2>\n\n\n\n<p>Muitos notam que o&nbsp;<strong>desejo de comer doces \u00e0 noite<\/strong>&nbsp;se intensifica comparado a outros per\u00edodos do dia. De acordo com especialistas, durante a noite ocorre uma combina\u00e7\u00e3o de fatores fisiol\u00f3gicos, emocionais e comportamentais que favorecem essa vontade.<\/p>\n\n\n\n<p>No per\u00edodo noturno, o corpo passa por uma queda natural nos n\u00edveis de energia, levando ao aumento do apetite por alimentos altamente cal\u00f3ricos, como sobremesas a\u00e7ucaradas. Al\u00e9m disso, o ato de finalizar uma refei\u00e7\u00e3o com doce pode estar culturalmente associado a uma sensa\u00e7\u00e3o de recompensa e conforto.<\/p>\n\n\n<div class=\"wp-block-image\">\n<figure class=\"aligncenter size-large\"><img loading=\"lazy\" decoding=\"async\" width=\"1024\" height=\"576\" src=\"https:\/\/www.em.com.br\/emfoco\/wp-content\/uploads\/2025\/07\/A-vontade-de-doces-1024x576.jpg\" alt=\"A vontade de doces\" class=\"wp-image-78643\" srcset=\"https:\/\/www.em.com.br\/emfoco\/wp-content\/uploads\/2025\/07\/A-vontade-de-doces-1024x576.jpg 1024w, https:\/\/www.em.com.br\/emfoco\/wp-content\/uploads\/2025\/07\/A-vontade-de-doces-300x169.jpg 300w, https:\/\/www.em.com.br\/emfoco\/wp-content\/uploads\/2025\/07\/A-vontade-de-doces-768x432.jpg 768w, https:\/\/www.em.com.br\/emfoco\/wp-content\/uploads\/2025\/07\/A-vontade-de-doces-750x422.jpg 750w, https:\/\/www.em.com.br\/emfoco\/wp-content\/uploads\/2025\/07\/A-vontade-de-doces-1140x641.jpg 1140w, https:\/\/www.em.com.br\/emfoco\/wp-content\/uploads\/2025\/07\/A-vontade-de-doces.jpg 1280w\" sizes=\"auto, (max-width: 1024px) 100vw, 1024px\" \/><figcaption class=\"wp-element-caption\">A vontade de doces &#8211; Cr\u00e9ditos: depositphotos.com \/ focuspocusltd &#8211; Cr\u00e9ditos: depositphotos.com \/ Krakenimages.com<\/figcaption><\/figure><\/div>\n\n\n<h2 class=\"wp-block-heading\">O que a psicologia aponta como causa desse comportamento?<\/h2>\n\n\n\n<p>Segundo a&nbsp;<strong>psicologia<\/strong>, o&nbsp;<strong>h\u00e1bito de consumir a\u00e7\u00facar ap\u00f3s o jantar<\/strong>&nbsp;pode ser entendido como uma forma de autossatisfa\u00e7\u00e3o imediata. Muitas pessoas recorrem aos doces como estrat\u00e9gia para aliviar tens\u00f5es acumuladas ao longo do dia ou para preencher pequenos vazios emocionais.<\/p>\n\n\n\n<p>Outro ponto abordado por psic\u00f3logos \u00e9 o papel do aprendizado ao longo da vida: desde a inf\u00e2ncia \u00e9 comum que sobremesas sejam associadas a celebra\u00e7\u00f5es e conquistas, o que ajuda a refor\u00e7ar o padr\u00e3o de buscar doces em momentos espec\u00edficos, como ap\u00f3s uma refei\u00e7\u00e3o principal.<\/p>\n\n\n\n<p>Leia tamb\u00e9m: <a href=\"https:\/\/www.em.com.br\/emfoco\/2025\/07\/19\/como-os-sons-da-natureza-afetam-o-bem-estar-fisico-e-emocional\/\" target=\"_blank\" rel=\"noreferrer noopener\">Como os sons da natureza afetam o bem-estar f\u00edsico e emocional<\/a><\/p>\n\n\n\n<h2 class=\"wp-block-heading\">Desejo por doces depois do jantar significa compuls\u00e3o alimentar?<\/h2>\n\n\n\n<p>Uma d\u00favida frequente \u00e9 se o&nbsp;<strong>desejo de doce noturno<\/strong>&nbsp;indica algum dist\u00farbio alimentar. De forma geral, sentir vontade de a\u00e7\u00facar ocasionalmente \u00e9 normal. No entanto, quando o consumo se torna excessivo, recorrente e sem controle, pode caracterizar epis\u00f3dios de compuls\u00e3o alimentar.<\/p>\n\n\n\n<ul class=\"wp-block-list\">\n<li>Pessoas que relatam ansiedade ou irrita\u00e7\u00e3o caso n\u00e3o consigam comer um doce ap\u00f3s o jantar devem ficar atentas.<\/li>\n\n\n\n<li>Procurar um profissional qualificado \u00e9 importante quando a vontade passa a prejudicar a rotina ou a sa\u00fade emocional.<\/li>\n<\/ul>\n\n\n\n<p>\u00c9 v\u00e1lido notar que a compuls\u00e3o alimentar, segundo os manuais diagn\u00f3sticos em psicologia, envolve padr\u00f5es repetitivos que causam sofrimento ou impacto significativo na vida do indiv\u00edduo, n\u00e3o se restringindo apenas a eventuais desejos.<\/p>\n\n\n\n<h2 class=\"wp-block-heading\">Como controlar o desejo por doces sem sofrimento?<\/h2>\n\n\n\n<p>Estrat\u00e9gias simples podem ajudar a regular a vontade de a\u00e7\u00facar \u00e0 noite sem que seja necess\u00e1rio cortar totalmente o doce. T\u00e9cnicas de aten\u00e7\u00e3o plena, como consumir o alimento lentamente e sem <a href=\"https:\/\/www.estadao.com.br\/emais\/comida-de-verdade\/desejo-exagerado-por-doces-tem-explicacao\/?srsltid=AfmBOoqWWQPEqMJjfbi4hQ6_ivbORyqpvlXYYFOD2n1bXDTENK-XIhHU\" target=\"_blank\" rel=\"noreferrer noopener\">distra\u00e7\u00f5es<\/a>, contribuem para uma melhor percep\u00e7\u00e3o da saciedade e do verdadeiro desejo.<\/p>\n\n\n\n<p>Planejar pequenas sobremesas ao longo da semana com por\u00e7\u00f5es equilibradas costuma trazer sensa\u00e7\u00e3o de autonomia e prazer, reduzindo o risco de epis\u00f3dios de exagero. Al\u00e9m disso, entender as causas emocionais e aprender a lidar com elas com o apoio de um psic\u00f3logo pode ser um passo essencial para mais equil\u00edbrio.<\/p>\n\n\n\n<h2 class=\"wp-block-heading\">Entender o desejo de doces depois do jantar traz equil\u00edbrio<\/h2>\n\n\n\n<ul class=\"wp-block-list\">\n<li>O desejo por doces ap\u00f3s o jantar pode estar ligado a fatores emocionais, h\u00e1bitos e recompensas aprendidas na inf\u00e2ncia.<\/li>\n\n\n\n<li>Quando o impulso passa a causar desconforto ou sofrimento, pode ser sinal de compuls\u00e3o alimentar e merece aten\u00e7\u00e3o profissional.<\/li>\n\n\n\n<li>Pr\u00e1ticas de autoconhecimento e estrat\u00e9gias de organiza\u00e7\u00e3o alimentar ajudam a ter mais controle e bem-estar no dia a dia.<\/li>\n<\/ul>\n","protected":false},"excerpt":{"rendered":"<p>O&nbsp;desejo por doces depois do jantar&nbsp;intriga quem busca entender melhor suas escolhas alimentares, principalmente \u00e0 noite. Segundo a&nbsp;psicologia, esse comportamento pode estar ligado a diversos fatores al\u00e9m da for\u00e7a do h\u00e1bito, como quest\u00f5es emocionais e mecanismos de recompensa do c\u00e9rebro. Por que as pessoas sentem mais vontade de doces ap\u00f3s o jantar? Muitos notam que [&hellip;]<\/p>\n","protected":false},"author":15,"featured_media":78641,"comment_status":"open","ping_status":"open","sticky":false,"template":"","format":"standard","meta":{"jnews-multi-image_gallery":[],"jnews_single_post":{"format":"standard"},"jnews_primary_category":[],"jnews_social_meta":[],"jnews_override_counter":[],"footnotes":""},"categories":[8819,1],"tags":[9013,9697,10433,5155],"class_list":["post-78637","post","type-post","status-publish","format-standard","has-post-thumbnail","hentry","category-curiosidades","category-noticias","tag-comportamento-alimentar","tag-doces","tag-habito-alimentar","tag-psicologia"],"yoast_head":"<!-- This site is optimized with the Yoast SEO plugin v23.8 - https:\/\/yoast.com\/wordpress\/plugins\/seo\/ -->\n<title>Esse comportamento comum \u00e0 noite tem ra\u00edzes emocionais profundas - Estado de Minas - Em foco<\/title>\n<meta name=\"description\" content=\"Desejar doces depois do jantar pode ter causas emocionais e a psicologia ajuda a entender o que esse h\u00e1bito realmente significa\" \/>\n<meta name=\"robots\" content=\"index, follow, max-snippet:-1, max-image-preview:large, max-video-preview:-1\" \/>\n<link rel=\"canonical\" href=\"https:\/\/www.em.com.br\/emfoco\/2025\/07\/20\/esse-comportamento-comum-a-noite-tem-raizes-emocionais-profundas\/\" \/>\n<meta property=\"og:locale\" content=\"pt_BR\" \/>\n<meta property=\"og:type\" content=\"article\" \/>\n<meta property=\"og:title\" content=\"Esse comportamento comum \u00e0 noite tem ra\u00edzes emocionais profundas - Estado de Minas - Em foco\" \/>\n<meta property=\"og:description\" content=\"Desejar doces depois do jantar pode ter causas emocionais e a psicologia ajuda a entender o que esse h\u00e1bito realmente significa\" \/>\n<meta property=\"og:url\" content=\"https:\/\/www.em.com.br\/emfoco\/2025\/07\/20\/esse-comportamento-comum-a-noite-tem-raizes-emocionais-profundas\/\" \/>\n<meta property=\"og:site_name\" content=\"Estado de Minas - Em foco\" \/>\n<meta property=\"article:published_time\" content=\"2025-07-20T22:18:05+00:00\" \/>\n<meta property=\"article:modified_time\" content=\"2025-07-19T22:15:20+00:00\" \/>\n<meta property=\"og:image\" content=\"https:\/\/www.em.com.br\/emfoco\/wp-content\/uploads\/2025\/07\/comer-doce_1752934738561.jpg\" \/>\n\t<meta property=\"og:image:width\" content=\"1280\" \/>\n\t<meta property=\"og:image:height\" content=\"720\" \/>\n\t<meta property=\"og:image:type\" content=\"image\/jpeg\" \/>\n<meta name=\"author\" content=\"Douglas Myth\" \/>\n<meta name=\"twitter:card\" content=\"summary_large_image\" \/>\n<meta name=\"twitter:label1\" content=\"Escrito por\" \/>\n\t<meta name=\"twitter:data1\" content=\"Douglas Myth\" \/>\n\t<meta name=\"twitter:label2\" content=\"Est. tempo de leitura\" \/>\n\t<meta name=\"twitter:data2\" content=\"4 minutos\" \/>\n<!-- \/ Yoast SEO plugin. -->","yoast_head_json":{"title":"Esse comportamento comum \u00e0 noite tem ra\u00edzes emocionais profundas - Estado de Minas - Em foco","description":"Desejar doces depois do jantar pode ter causas emocionais e a psicologia ajuda a entender o que esse h\u00e1bito realmente significa","robots":{"index":"index","follow":"follow","max-snippet":"max-snippet:-1","max-image-preview":"max-image-preview:large","max-video-preview":"max-video-preview:-1"},"canonical":"https:\/\/www.em.com.br\/emfoco\/2025\/07\/20\/esse-comportamento-comum-a-noite-tem-raizes-emocionais-profundas\/","og_locale":"pt_BR","og_type":"article","og_title":"Esse comportamento comum \u00e0 noite tem ra\u00edzes emocionais profundas - Estado de Minas - Em foco","og_description":"Desejar doces depois do jantar pode ter causas emocionais e a psicologia ajuda a entender o que esse h\u00e1bito realmente significa","og_url":"https:\/\/www.em.com.br\/emfoco\/2025\/07\/20\/esse-comportamento-comum-a-noite-tem-raizes-emocionais-profundas\/","og_site_name":"Estado de Minas - Em foco","article_published_time":"2025-07-20T22:18:05+00:00","article_modified_time":"2025-07-19T22:15:20+00:00","og_image":[{"width":1280,"height":720,"url":"https:\/\/www.em.com.br\/emfoco\/wp-content\/uploads\/2025\/07\/comer-doce_1752934738561.jpg","type":"image\/jpeg"}],"author":"Douglas Myth","twitter_card":"summary_large_image","twitter_misc":{"Escrito por":"Douglas Myth","Est. tempo de leitura":"4 minutos"},"schema":{"@context":"https:\/\/schema.org","@graph":[{"@type":"WebPage","@id":"https:\/\/www.em.com.br\/emfoco\/2025\/07\/20\/esse-comportamento-comum-a-noite-tem-raizes-emocionais-profundas\/","url":"https:\/\/www.em.com.br\/emfoco\/2025\/07\/20\/esse-comportamento-comum-a-noite-tem-raizes-emocionais-profundas\/","name":"Esse comportamento comum \u00e0 noite tem ra\u00edzes emocionais profundas - Estado de Minas - Em foco","isPartOf":{"@id":"https:\/\/www.em.com.br\/emfoco\/#website"},"primaryImageOfPage":{"@id":"https:\/\/www.em.com.br\/emfoco\/2025\/07\/20\/esse-comportamento-comum-a-noite-tem-raizes-emocionais-profundas\/#primaryimage"},"image":{"@id":"https:\/\/www.em.com.br\/emfoco\/2025\/07\/20\/esse-comportamento-comum-a-noite-tem-raizes-emocionais-profundas\/#primaryimage"},"thumbnailUrl":"https:\/\/www.em.com.br\/emfoco\/wp-content\/uploads\/2025\/07\/comer-doce_1752934738561.jpg","datePublished":"2025-07-20T22:18:05+00:00","dateModified":"2025-07-19T22:15:20+00:00","author":{"@id":"https:\/\/www.em.com.br\/emfoco\/#\/schema\/person\/bba594b7eebe9b9885fec3a5c7837089"},"description":"Desejar doces depois do jantar pode ter causas emocionais e a psicologia ajuda a entender o que esse h\u00e1bito realmente significa","breadcrumb":{"@id":"https:\/\/www.em.com.br\/emfoco\/2025\/07\/20\/esse-comportamento-comum-a-noite-tem-raizes-emocionais-profundas\/#breadcrumb"},"inLanguage":"pt-BR","potentialAction":[{"@type":"ReadAction","target":["https:\/\/www.em.com.br\/emfoco\/2025\/07\/20\/esse-comportamento-comum-a-noite-tem-raizes-emocionais-profundas\/"]}]},{"@type":"ImageObject","inLanguage":"pt-BR","@id":"https:\/\/www.em.com.br\/emfoco\/2025\/07\/20\/esse-comportamento-comum-a-noite-tem-raizes-emocionais-profundas\/#primaryimage","url":"https:\/\/www.em.com.br\/emfoco\/wp-content\/uploads\/2025\/07\/comer-doce_1752934738561.jpg","contentUrl":"https:\/\/www.em.com.br\/emfoco\/wp-content\/uploads\/2025\/07\/comer-doce_1752934738561.jpg","width":1280,"height":720,"caption":"A vontade de doces - Cr\u00e9ditos: depositphotos.com \/ IgorVetushko"},{"@type":"BreadcrumbList","@id":"https:\/\/www.em.com.br\/emfoco\/2025\/07\/20\/esse-comportamento-comum-a-noite-tem-raizes-emocionais-profundas\/#breadcrumb","itemListElement":[{"@type":"ListItem","position":1,"name":"In\u00edcio","item":"https:\/\/www.em.com.br\/emfoco\/"},{"@type":"ListItem","position":2,"name":"Esse comportamento comum \u00e0 noite tem ra\u00edzes emocionais profundas"}]},{"@type":"WebSite","@id":"https:\/\/www.em.com.br\/emfoco\/#website","url":"https:\/\/www.em.com.br\/emfoco\/","name":"Estado de Minas - Em foco","description":"Acompanhe as \u00faltimas not\u00edcias e fique bem informado sobre tudo o que acontece em Minas Gerais, Brasil e no mundo.","potentialAction":[{"@type":"SearchAction","target":{"@type":"EntryPoint","urlTemplate":"https:\/\/www.em.com.br\/emfoco\/?s={search_term_string}"},"query-input":{"@type":"PropertyValueSpecification","valueRequired":true,"valueName":"search_term_string"}}],"inLanguage":"pt-BR"},{"@type":"Person","@id":"https:\/\/www.em.com.br\/emfoco\/#\/schema\/person\/bba594b7eebe9b9885fec3a5c7837089","name":"Douglas Myth","image":{"@type":"ImageObject","inLanguage":"pt-BR","@id":"https:\/\/www.em.com.br\/emfoco\/#\/schema\/person\/image\/","url":"https:\/\/secure.gravatar.com\/avatar\/1ac3cf50d0e68642c697dc0c960c802f?s=96&d=mm&r=g","contentUrl":"https:\/\/secure.gravatar.com\/avatar\/1ac3cf50d0e68642c697dc0c960c802f?s=96&d=mm&r=g","caption":"Douglas Myth"},"url":"https:\/\/www.em.com.br\/emfoco\/author\/douglasmyth\/"}]}},"_links":{"self":[{"href":"https:\/\/www.em.com.br\/emfoco\/wp-json\/wp\/v2\/posts\/78637","targetHints":{"allow":["GET"]}}],"collection":[{"href":"https:\/\/www.em.com.br\/emfoco\/wp-json\/wp\/v2\/posts"}],"about":[{"href":"https:\/\/www.em.com.br\/emfoco\/wp-json\/wp\/v2\/types\/post"}],"author":[{"embeddable":true,"href":"https:\/\/www.em.com.br\/emfoco\/wp-json\/wp\/v2\/users\/15"}],"replies":[{"embeddable":true,"href":"https:\/\/www.em.com.br\/emfoco\/wp-json\/wp\/v2\/comments?post=78637"}],"version-history":[{"count":3,"href":"https:\/\/www.em.com.br\/emfoco\/wp-json\/wp\/v2\/posts\/78637\/revisions"}],"predecessor-version":[{"id":78644,"href":"https:\/\/www.em.com.br\/emfoco\/wp-json\/wp\/v2\/posts\/78637\/revisions\/78644"}],"wp:featuredmedia":[{"embeddable":true,"href":"https:\/\/www.em.com.br\/emfoco\/wp-json\/wp\/v2\/media\/78641"}],"wp:attachment":[{"href":"https:\/\/www.em.com.br\/emfoco\/wp-json\/wp\/v2\/media?parent=78637"}],"wp:term":[{"taxonomy":"category","embeddable":true,"href":"https:\/\/www.em.com.br\/emfoco\/wp-json\/wp\/v2\/categories?post=78637"},{"taxonomy":"post_tag","embeddable":true,"href":"https:\/\/www.em.com.br\/emfoco\/wp-json\/wp\/v2\/tags?post=78637"}],"curies":[{"name":"wp","href":"https:\/\/api.w.org\/{rel}","templated":true}]}}