{"id":78572,"date":"2025-07-20T22:38:00","date_gmt":"2025-07-21T01:38:00","guid":{"rendered":"https:\/\/www.em.com.br\/emfoco\/?p=78572"},"modified":"2025-07-19T19:37:13","modified_gmt":"2025-07-19T22:37:13","slug":"cadunico-libera-renda-casa-e-ate-conta-de-energia-barata","status":"publish","type":"post","link":"https:\/\/www.em.com.br\/emfoco\/2025\/07\/20\/cadunico-libera-renda-casa-e-ate-conta-de-energia-barata\/","title":{"rendered":"Cad\u00danico libera renda, casa e at\u00e9 conta de energia barata!"},"content":{"rendered":"\n<p>O <strong>Cadastro \u00danico<\/strong> (<a href=\"https:\/\/www.em.com.br\/emfoco\/2025\/06\/21\/veja-5-beneficios-que-voce-so-recebe-se-estiver-cadastrado-no-cadunico\/\" target=\"_blank\" rel=\"noreferrer noopener\">Cad\u00danico<\/a>) \u00e9 uma ferramenta primordial no <strong>Brasil <\/strong>para a identifica\u00e7\u00e3o e inclus\u00e3o de fam\u00edlias de baixa renda em programas sociais do governo. Criado com o intuito de reunir informa\u00e7\u00f5es socioecon\u00f4micas dessas fam\u00edlias, o <strong>Cad\u00danico <\/strong>serve como porta de entrada para diversas iniciativas de assist\u00eancia no pa\u00eds. Cada fam\u00edlia cadastrada pode, assim, acessar benef\u00edcios e participar de programas sociais que visam \u00e0 melhoria de suas condi\u00e7\u00f5es de vida.<\/p>\n\n\n\n<p>Alguns dos principais programas assistenciais acess\u00edveis atrav\u00e9s do <strong>Cad\u00danico <\/strong>incluem o <strong>Bolsa Fam\u00edlia<\/strong>, <strong>Benef\u00edcio de Presta\u00e7\u00e3o Continuada<\/strong> (BPC), e o <strong>Minha Casa Minha Vida<\/strong>. Esses programas buscam promover a redu\u00e7\u00e3o das desigualdades sociais, oferecendo suporte financeiro direto ou acesso a servi\u00e7os essenciais, como moradia e alimenta\u00e7\u00e3o, contribuindo significativamente para a redu\u00e7\u00e3o da pobreza no pa\u00eds.<\/p>\n\n\n\n<h2 class=\"wp-block-heading\">O que \u00e9 o Cadastro \u00danico e como funciona?<\/h2>\n\n\n<div class=\"wp-block-image\">\n<figure class=\"aligncenter size-large\"><img loading=\"lazy\" decoding=\"async\" width=\"1024\" height=\"576\" src=\"https:\/\/www.em.com.br\/emfoco\/wp-content\/uploads\/2025\/06\/trabalho_1748978792702-1024x576.jpg\" alt=\"Saque do FGTS ganha nova regra e trabalhadores se dividem\" class=\"wp-image-55054\" srcset=\"https:\/\/www.em.com.br\/emfoco\/wp-content\/uploads\/2025\/06\/trabalho_1748978792702-1024x576.jpg 1024w, https:\/\/www.em.com.br\/emfoco\/wp-content\/uploads\/2025\/06\/trabalho_1748978792702-300x169.jpg 300w, https:\/\/www.em.com.br\/emfoco\/wp-content\/uploads\/2025\/06\/trabalho_1748978792702-768x432.jpg 768w, https:\/\/www.em.com.br\/emfoco\/wp-content\/uploads\/2025\/06\/trabalho_1748978792702-750x422.jpg 750w, https:\/\/www.em.com.br\/emfoco\/wp-content\/uploads\/2025\/06\/trabalho_1748978792702-1140x641.jpg 1140w, https:\/\/www.em.com.br\/emfoco\/wp-content\/uploads\/2025\/06\/trabalho_1748978792702.jpg 1280w\" sizes=\"auto, (max-width: 1024px) 100vw, 1024px\" \/><figcaption class=\"wp-element-caption\">Trabalhadores &#8211; Cr\u00e9ditos: depositphotos.com \/ Krakenimages.com<\/figcaption><\/figure><\/div>\n\n\n<p>O <strong>Cad\u00danico <\/strong>\u00e9 um banco de dados oficial utilizado pelo governo brasileiro para coletar, organizar e analisar informa\u00e7\u00f5es de fam\u00edlias em situa\u00e7\u00e3o de vulnerabilidade social. Ele centraliza dados socioecon\u00f4micos das fam\u00edlias que possuem renda mensal per capita de at\u00e9 meio sal\u00e1rio m\u00ednimo ou renda familiar total de at\u00e9 tr\u00eas sal\u00e1rios m\u00ednimos, sendo fundamental para direcionar pol\u00edticas p\u00fablicas de forma mais eficaz.<\/p>\n\n\n\n<p>A inscri\u00e7\u00e3o no <strong>Cad\u00danico <\/strong>\u00e9 realizada nos <strong>Centros de Refer\u00eancia da Assist\u00eancia Social<\/strong> (<a href=\"https:\/\/www.gov.br\/pt-br\/servicos\/acessar-o-cras-centro-de-referencia-da-assistencia-social\" target=\"_blank\" rel=\"noreferrer noopener\">CRAS<\/a>) ou em \u00f3rg\u00e3os municipais autorizados. O processo exige apresenta\u00e7\u00e3o de documentos pessoais como RG, CPF, comprovante de resid\u00eancia e documentos dos demais membros familiares. A partir desses dados, as fam\u00edlias passam a compor o banco nacional, facilitando a inclus\u00e3o em diferentes benef\u00edcios sociais.<\/p>\n\n\n\n<h2 class=\"wp-block-heading\">Quem pode se inscrever no Cad\u00danico?<\/h2>\n\n\n\n<p>Podem se inscrever no <strong>Cad\u00danico <\/strong>todas as fam\u00edlias brasileiras que se enquadram nos crit\u00e9rios de baixa renda estabelecidos pelo governo. De modo geral, isso abrange fam\u00edlias com renda mensal de at\u00e9 meio sal\u00e1rio m\u00ednimo por pessoa, ou renda familiar total de at\u00e9 tr\u00eas sal\u00e1rios m\u00ednimos. Pessoas em situa\u00e7\u00e3o de rua, mesmo sozinhas, tamb\u00e9m t\u00eam direito ao cadastro.<\/p>\n\n\n\n<p>As condi\u00e7\u00f5es para inclus\u00e3o podem variar conforme a atualiza\u00e7\u00e3o das normas pelos \u00f3rg\u00e3os federais, mas o objetivo principal permanece: identificar e amparar cidad\u00e3os em situa\u00e7\u00e3o de vulnerabilidade. Al\u00e9m disso, determinados programas sociais podem adotar regras pr\u00f3prias para elegibilidade, refor\u00e7ando a import\u00e2ncia do cadastro atualizado.<\/p>\n\n\n\n<h2 class=\"wp-block-heading\">Como acessar os benef\u00edcios do Cad\u00danico?<\/h2>\n\n\n\n<p>A inscri\u00e7\u00e3o no <strong>Cad\u00danico <\/strong>\u00e9 essencial para fam\u00edlias que desejam acessar benef\u00edcios sociais, como o <strong>Bolsa Fam\u00edlia<\/strong> ou o <strong><a href=\"https:\/\/www.gov.br\/mds\/pt-br\/acoes-e-programas\/suas\/beneficios-assistenciais\/beneficio-assistencial-ao-idoso-e-a-pessoa-com-deficiencia-bpc\" target=\"_blank\" rel=\"noreferrer noopener\">BPC<\/a><\/strong>. Uma vez inclusas na base de dados, as informa\u00e7\u00f5es s\u00e3o analisadas por t\u00e9cnicos para verificar a elegibilidade em diversos programas. Cada benef\u00edcio possui crit\u00e9rios pr\u00f3prios que levam em considera\u00e7\u00e3o renda, composi\u00e7\u00e3o familiar, entre outros aspectos.<\/p>\n\n\n\n<p>\u00c9 fundamental que o <strong>Cadastro \u00danico<\/strong> seja atualizado a cada dois anos ou sempre que houver mudan\u00e7as na fam\u00edlia, como nascimento de crian\u00e7as, altera\u00e7\u00e3o de endere\u00e7o ou inser\u00e7\u00e3o de novos membros. A aus\u00eancia de atualiza\u00e7\u00e3o pode resultar no bloqueio ou na suspens\u00e3o dos benef\u00edcios sociais j\u00e1 em andamento.<\/p>\n\n\n\n<h2 class=\"wp-block-heading\">Quais programas est\u00e3o dispon\u00edveis atrav\u00e9s do Cad\u00danico?<\/h2>\n\n\n\n<p>O <strong>Cadastro \u00danico<\/strong> possibilita o acesso a diversos programas sociais, essenciais para a popula\u00e7\u00e3o mais vulner\u00e1vel. Entre os principais est\u00e3o o <strong>Bolsa Fam\u00edlia<\/strong>, destinado a combater a pobreza e promover o desenvolvimento social, o <strong>Benef\u00edcio de Presta\u00e7\u00e3o Continuada<\/strong> (BPC), voltado para idosos e pessoas com defici\u00eancia, e o <strong>Minha Casa Minha Vida<\/strong>, que facilita o acesso \u00e0 moradia pr\u00f3pria.<\/p>\n\n\n\n<p>Al\u00e9m destes, h\u00e1 outros programas, como a <strong>Tarifa Social de Energia El\u00e9trica, Carteira do Idoso, Isen\u00e7\u00e3o de Taxas em Concursos P\u00fablicos, e aux\u00edlio na aquisi\u00e7\u00e3o de alimentos<\/strong>. Ter o <strong>NIS <\/strong>v\u00e1lido amplia as possibilidades de apoio, garantindo ao cidad\u00e3o maior prote\u00e7\u00e3o e melhores oportunidades de vida.<\/p>\n\n\n\n<h2 class=\"wp-block-heading\">Como fazer para se cadastrar no Cad\u00danico?<\/h2>\n\n\n\n<p>O processo de cadastramento \u00e9 simples, mas exige aten\u00e7\u00e3o e documenta\u00e7\u00e3o correta. Para iniciar, \u00e9 preciso procurar o <strong>CRAS <\/strong>ou outro posto autorizado no munic\u00edpio de resid\u00eancia. O respons\u00e1vel pela fam\u00edlia (maior de 16 anos, preferencialmente mulher) deve apresentar documentos de todos os membros do n\u00facleo familiar.<\/p>\n\n\n\n<p>Ao final do processo, \u00e9 gerado o <strong>N\u00famero de Identifica\u00e7\u00e3o Social<\/strong> (NIS), fundamental para acessar todos os benef\u00edcios sociais. A atualiza\u00e7\u00e3o frequente dos dados \u00e9 indispens\u00e1vel, pois mudan\u00e7as n\u00e3o informadas podem impedir o recebimento de aux\u00edlios e gerar inconsist\u00eancias na base de dados nacional.<\/p>\n\n\n\n<h2 class=\"wp-block-heading\">Import\u00e2ncia do Cad\u00danico para a Pol\u00edtica Social<\/h2>\n\n\n\n<p>O <strong>Cad\u00danico <\/strong>\u00e9 a principal ponte entre o governo e as fam\u00edlias de baixa renda do <strong>Brasil<\/strong>, viabilizando pol\u00edticas p\u00fablicas mais assertivas. Com informa\u00e7\u00f5es precisas e atualizadas, o poder p\u00fablico consegue identificar demandas, direcionar recursos e avaliar a efetividade dos programas sociais.<\/p>\n\n\n\n<p>Al\u00e9m disso, o <strong>Cad\u00danico <\/strong>serve como base para pesquisas e planejamentos, contribuindo para o desenvolvimento econ\u00f4mico e social do pa\u00eds. Ele proporciona uma gest\u00e3o mais transparente e integrada dos benef\u00edcios, tornando o combate \u00e0 desigualdade uma meta mais pr\u00f3xima de ser alcan\u00e7ada.<\/p>\n\n\n\n<h2 class=\"wp-block-heading\">Desafios e perspectivas para o futuro<\/h2>\n\n\n\n<p>Apesar dos avan\u00e7os promovidos pelo <strong>Cad\u00danico<\/strong>, ainda existem desafios relacionados \u00e0 atualiza\u00e7\u00e3o cadastral, acesso digital e divulga\u00e7\u00e3o de informa\u00e7\u00f5es. Muitas fam\u00edlias, sobretudo em \u00e1reas remotas, enfrentam dificuldades para manter o cadastro atualizado, o que pode comprometer o acesso a benef\u00edcios.<\/p>\n\n\n\n<p>Para o futuro, espera-se investir em tecnologia, aprimorar os sistemas de informa\u00e7\u00e3o e ampliar campanhas de conscientiza\u00e7\u00e3o. Assim, o <strong>Cad\u00danico <\/strong>continuar\u00e1 cumprindo seu papel fundamental na inclus\u00e3o social e na promo\u00e7\u00e3o de direitos essenciais para os brasileiros mais vulner\u00e1veis.<\/p>\n","protected":false},"excerpt":{"rendered":"<p>O Cadastro \u00danico (Cad\u00danico) \u00e9 uma ferramenta primordial no Brasil para a identifica\u00e7\u00e3o e inclus\u00e3o de fam\u00edlias de baixa renda em programas sociais do governo. Criado com o intuito de reunir informa\u00e7\u00f5es socioecon\u00f4micas dessas fam\u00edlias, o Cad\u00danico serve como porta de entrada para diversas iniciativas de assist\u00eancia no pa\u00eds. Cada fam\u00edlia cadastrada pode, assim, acessar [&hellip;]<\/p>\n","protected":false},"author":20,"featured_media":68389,"comment_status":"open","ping_status":"open","sticky":false,"template":"","format":"standard","meta":{"jnews-multi-image_gallery":[],"jnews_single_post":{"format":"standard"},"jnews_primary_category":[],"jnews_social_meta":[],"jnews_override_counter":[],"footnotes":""},"categories":[28,1],"tags":[986,12081,12480],"class_list":["post-78572","post","type-post","status-publish","format-standard","has-post-thumbnail","hentry","category-economia","category-noticias","tag-beneficios-sociais","tag-cadastro-unico-2","tag-programas-governamentais"],"yoast_head":"<!-- This site is optimized with the Yoast SEO plugin v23.8 - https:\/\/yoast.com\/wordpress\/plugins\/seo\/ -->\n<title>Cad\u00danico libera renda, casa e at\u00e9 conta de energia barata! - Estado de Minas - Em foco<\/title>\n<meta name=\"description\" content=\"Um cadastro gratuito pode garantir moradia, renda e isen\u00e7\u00e3o em concursos. Descubra tudo o que o Cad\u00danico pode fazer por voc\u00ea.\" \/>\n<meta name=\"robots\" content=\"index, follow, max-snippet:-1, max-image-preview:large, max-video-preview:-1\" \/>\n<link rel=\"canonical\" href=\"https:\/\/www.em.com.br\/emfoco\/2025\/07\/20\/cadunico-libera-renda-casa-e-ate-conta-de-energia-barata\/\" \/>\n<meta property=\"og:locale\" content=\"pt_BR\" \/>\n<meta property=\"og:type\" content=\"article\" \/>\n<meta property=\"og:title\" content=\"Cad\u00danico libera renda, casa e at\u00e9 conta de energia barata! - Estado de Minas - Em foco\" \/>\n<meta property=\"og:description\" content=\"Um cadastro gratuito pode garantir moradia, renda e isen\u00e7\u00e3o em concursos. Descubra tudo o que o Cad\u00danico pode fazer por voc\u00ea.\" \/>\n<meta property=\"og:url\" content=\"https:\/\/www.em.com.br\/emfoco\/2025\/07\/20\/cadunico-libera-renda-casa-e-ate-conta-de-energia-barata\/\" \/>\n<meta property=\"og:site_name\" content=\"Estado de Minas - Em foco\" \/>\n<meta property=\"article:published_time\" content=\"2025-07-21T01:38:00+00:00\" \/>\n<meta property=\"article:modified_time\" content=\"2025-07-19T22:37:13+00:00\" \/>\n<meta property=\"og:image\" content=\"https:\/\/www.em.com.br\/emfoco\/wp-content\/uploads\/2025\/06\/download-1-2.png\" \/>\n\t<meta property=\"og:image:width\" content=\"1280\" \/>\n\t<meta property=\"og:image:height\" content=\"720\" \/>\n\t<meta property=\"og:image:type\" content=\"image\/png\" \/>\n<meta name=\"author\" content=\"Ingrid Diniz\" \/>\n<meta name=\"twitter:card\" content=\"summary_large_image\" \/>\n<meta name=\"twitter:label1\" content=\"Escrito por\" \/>\n\t<meta name=\"twitter:data1\" content=\"Ingrid Diniz\" \/>\n\t<meta name=\"twitter:label2\" content=\"Est. tempo de leitura\" \/>\n\t<meta name=\"twitter:data2\" content=\"6 minutos\" \/>\n<!-- \/ Yoast SEO plugin. -->","yoast_head_json":{"title":"Cad\u00danico libera renda, casa e at\u00e9 conta de energia barata! - Estado de Minas - Em foco","description":"Um cadastro gratuito pode garantir moradia, renda e isen\u00e7\u00e3o em concursos. Descubra tudo o que o Cad\u00danico pode fazer por voc\u00ea.","robots":{"index":"index","follow":"follow","max-snippet":"max-snippet:-1","max-image-preview":"max-image-preview:large","max-video-preview":"max-video-preview:-1"},"canonical":"https:\/\/www.em.com.br\/emfoco\/2025\/07\/20\/cadunico-libera-renda-casa-e-ate-conta-de-energia-barata\/","og_locale":"pt_BR","og_type":"article","og_title":"Cad\u00danico libera renda, casa e at\u00e9 conta de energia barata! - Estado de Minas - Em foco","og_description":"Um cadastro gratuito pode garantir moradia, renda e isen\u00e7\u00e3o em concursos. Descubra tudo o que o Cad\u00danico pode fazer por voc\u00ea.","og_url":"https:\/\/www.em.com.br\/emfoco\/2025\/07\/20\/cadunico-libera-renda-casa-e-ate-conta-de-energia-barata\/","og_site_name":"Estado de Minas - Em foco","article_published_time":"2025-07-21T01:38:00+00:00","article_modified_time":"2025-07-19T22:37:13+00:00","og_image":[{"width":1280,"height":720,"url":"https:\/\/www.em.com.br\/emfoco\/wp-content\/uploads\/2025\/06\/download-1-2.png","type":"image\/png"}],"author":"Ingrid Diniz","twitter_card":"summary_large_image","twitter_misc":{"Escrito por":"Ingrid Diniz","Est. tempo de leitura":"6 minutos"},"schema":{"@context":"https:\/\/schema.org","@graph":[{"@type":"WebPage","@id":"https:\/\/www.em.com.br\/emfoco\/2025\/07\/20\/cadunico-libera-renda-casa-e-ate-conta-de-energia-barata\/","url":"https:\/\/www.em.com.br\/emfoco\/2025\/07\/20\/cadunico-libera-renda-casa-e-ate-conta-de-energia-barata\/","name":"Cad\u00danico libera renda, casa e at\u00e9 conta de energia barata! - Estado de Minas - Em foco","isPartOf":{"@id":"https:\/\/www.em.com.br\/emfoco\/#website"},"primaryImageOfPage":{"@id":"https:\/\/www.em.com.br\/emfoco\/2025\/07\/20\/cadunico-libera-renda-casa-e-ate-conta-de-energia-barata\/#primaryimage"},"image":{"@id":"https:\/\/www.em.com.br\/emfoco\/2025\/07\/20\/cadunico-libera-renda-casa-e-ate-conta-de-energia-barata\/#primaryimage"},"thumbnailUrl":"https:\/\/www.em.com.br\/emfoco\/wp-content\/uploads\/2025\/06\/download-1-2.png","datePublished":"2025-07-21T01:38:00+00:00","dateModified":"2025-07-19T22:37:13+00:00","author":{"@id":"https:\/\/www.em.com.br\/emfoco\/#\/schema\/person\/649e610b4eb8fff87ff394e54fe17b2b"},"description":"Um cadastro gratuito pode garantir moradia, renda e isen\u00e7\u00e3o em concursos. Descubra tudo o que o Cad\u00danico pode fazer por voc\u00ea.","breadcrumb":{"@id":"https:\/\/www.em.com.br\/emfoco\/2025\/07\/20\/cadunico-libera-renda-casa-e-ate-conta-de-energia-barata\/#breadcrumb"},"inLanguage":"pt-BR","potentialAction":[{"@type":"ReadAction","target":["https:\/\/www.em.com.br\/emfoco\/2025\/07\/20\/cadunico-libera-renda-casa-e-ate-conta-de-energia-barata\/"]}]},{"@type":"ImageObject","inLanguage":"pt-BR","@id":"https:\/\/www.em.com.br\/emfoco\/2025\/07\/20\/cadunico-libera-renda-casa-e-ate-conta-de-energia-barata\/#primaryimage","url":"https:\/\/www.em.com.br\/emfoco\/wp-content\/uploads\/2025\/06\/download-1-2.png","contentUrl":"https:\/\/www.em.com.br\/emfoco\/wp-content\/uploads\/2025\/06\/download-1-2.png","width":1280,"height":720,"caption":"Envelhecimento e juros moldando sua renda futura - Cr\u00e9ditos: depositphotos.com \/ EdZbarzhyvetsky e depositphotos.com \/ rodrigobellizzi"},{"@type":"BreadcrumbList","@id":"https:\/\/www.em.com.br\/emfoco\/2025\/07\/20\/cadunico-libera-renda-casa-e-ate-conta-de-energia-barata\/#breadcrumb","itemListElement":[{"@type":"ListItem","position":1,"name":"In\u00edcio","item":"https:\/\/www.em.com.br\/emfoco\/"},{"@type":"ListItem","position":2,"name":"Cad\u00danico libera renda, casa e at\u00e9 conta de energia barata!"}]},{"@type":"WebSite","@id":"https:\/\/www.em.com.br\/emfoco\/#website","url":"https:\/\/www.em.com.br\/emfoco\/","name":"Estado de Minas - Em foco","description":"Acompanhe as \u00faltimas not\u00edcias e fique bem informado sobre tudo o que acontece em Minas Gerais, Brasil e no mundo.","potentialAction":[{"@type":"SearchAction","target":{"@type":"EntryPoint","urlTemplate":"https:\/\/www.em.com.br\/emfoco\/?s={search_term_string}"},"query-input":{"@type":"PropertyValueSpecification","valueRequired":true,"valueName":"search_term_string"}}],"inLanguage":"pt-BR"},{"@type":"Person","@id":"https:\/\/www.em.com.br\/emfoco\/#\/schema\/person\/649e610b4eb8fff87ff394e54fe17b2b","name":"Ingrid Diniz","image":{"@type":"ImageObject","inLanguage":"pt-BR","@id":"https:\/\/www.em.com.br\/emfoco\/#\/schema\/person\/image\/","url":"https:\/\/secure.gravatar.com\/avatar\/a3baa1449ec5c39b4c42babc9d4f3951?s=96&d=mm&r=g","contentUrl":"https:\/\/secure.gravatar.com\/avatar\/a3baa1449ec5c39b4c42babc9d4f3951?s=96&d=mm&r=g","caption":"Ingrid Diniz"},"sameAs":["https:\/\/www.em.com.br\/"],"url":"https:\/\/www.em.com.br\/emfoco\/author\/ingridmyth\/"}]}},"_links":{"self":[{"href":"https:\/\/www.em.com.br\/emfoco\/wp-json\/wp\/v2\/posts\/78572","targetHints":{"allow":["GET"]}}],"collection":[{"href":"https:\/\/www.em.com.br\/emfoco\/wp-json\/wp\/v2\/posts"}],"about":[{"href":"https:\/\/www.em.com.br\/emfoco\/wp-json\/wp\/v2\/types\/post"}],"author":[{"embeddable":true,"href":"https:\/\/www.em.com.br\/emfoco\/wp-json\/wp\/v2\/users\/20"}],"replies":[{"embeddable":true,"href":"https:\/\/www.em.com.br\/emfoco\/wp-json\/wp\/v2\/comments?post=78572"}],"version-history":[{"count":1,"href":"https:\/\/www.em.com.br\/emfoco\/wp-json\/wp\/v2\/posts\/78572\/revisions"}],"predecessor-version":[{"id":78607,"href":"https:\/\/www.em.com.br\/emfoco\/wp-json\/wp\/v2\/posts\/78572\/revisions\/78607"}],"wp:featuredmedia":[{"embeddable":true,"href":"https:\/\/www.em.com.br\/emfoco\/wp-json\/wp\/v2\/media\/68389"}],"wp:attachment":[{"href":"https:\/\/www.em.com.br\/emfoco\/wp-json\/wp\/v2\/media?parent=78572"}],"wp:term":[{"taxonomy":"category","embeddable":true,"href":"https:\/\/www.em.com.br\/emfoco\/wp-json\/wp\/v2\/categories?post=78572"},{"taxonomy":"post_tag","embeddable":true,"href":"https:\/\/www.em.com.br\/emfoco\/wp-json\/wp\/v2\/tags?post=78572"}],"curies":[{"name":"wp","href":"https:\/\/api.w.org\/{rel}","templated":true}]}}