{"id":78476,"date":"2025-07-19T09:50:00","date_gmt":"2025-07-19T12:50:00","guid":{"rendered":"https:\/\/www.em.com.br\/emfoco\/?p=78476"},"modified":"2025-07-19T01:48:15","modified_gmt":"2025-07-19T04:48:15","slug":"relacionamento-solido-se-constroi-dia-a-dia-psicologa-ensina-como-recuperar-autoconfianca","status":"publish","type":"post","link":"https:\/\/www.em.com.br\/emfoco\/2025\/07\/19\/relacionamento-solido-se-constroi-dia-a-dia-psicologa-ensina-como-recuperar-autoconfianca\/","title":{"rendered":"Relacionamento s\u00f3lido se constr\u00f3i dia a dia: psic\u00f3loga ensina como recuperar autoconfian\u00e7a"},"content":{"rendered":"\n<p>A autoconfian\u00e7a \u00e9 muitas vezes interpretada como um sentimento, mas na verdade trata-se de uma constru\u00e7\u00e3o di\u00e1ria, baseada na consist\u00eancia entre aquilo que voc\u00ea diz e o que efetivamente faz. A psic\u00f3loga Ana Lazzari explica que confiar em si mesmo \u00e9 como fortalecer um v\u00ednculo interno: a cada meta cumprida, voc\u00ea envia ao c\u00e9rebro a mensagem de que \u00e9 capaz de realizar o que prometeu. Com isso, cria-se uma sensa\u00e7\u00e3o de compet\u00eancia que vai al\u00e9m da simples autoestima.<\/p>\n\n\n\n<p>Quando voc\u00ea posterga constantemente suas metas ou desiste diante de dificuldades, o c\u00e9rebro come\u00e7a a associar suas inten\u00e7\u00f5es a incerteza, enfraquecendo o senso de confian\u00e7a. Isso n\u00e3o tem rela\u00e7\u00e3o direta com pregui\u00e7a ou falta de for\u00e7a de vontade, mas com a aus\u00eancia de evid\u00eancias internas de que suas a\u00e7\u00f5es condizem com seus objetivos. Por isso, o desenvolvimento da autoconfian\u00e7a exige um passo de cada vez, repeti\u00e7\u00e3o di\u00e1ria e a valoriza\u00e7\u00e3o das pequenas conquistas.<\/p>\n\n\n\n<h3 class=\"wp-block-heading\">Por que a autoconfian\u00e7a \u00e9 constru\u00edda com a\u00e7\u00f5es?<\/h3>\n\n\n\n<p>Nosso c\u00e9rebro funciona com base em associa\u00e7\u00f5es entre comportamento e recompensa. Sempre que conclu\u00edmos uma tarefa, mesmo que pequena, h\u00e1 uma libera\u00e7\u00e3o de dopamina, refor\u00e7ando a sensa\u00e7\u00e3o de realiza\u00e7\u00e3o. Isso aumenta a probabilidade de repetirmos o comportamento, criando um ciclo positivo.<\/p>\n\n\n<div class=\"wp-block-image\">\n<figure class=\"aligncenter size-large\"><img loading=\"lazy\" decoding=\"async\" width=\"1024\" height=\"576\" src=\"https:\/\/www.em.com.br\/emfoco\/wp-content\/uploads\/2025\/07\/pessoa-confiante_1752894810128-1024x576.jpg\" alt=\"\" class=\"wp-image-78479\" srcset=\"https:\/\/www.em.com.br\/emfoco\/wp-content\/uploads\/2025\/07\/pessoa-confiante_1752894810128-1024x576.jpg 1024w, https:\/\/www.em.com.br\/emfoco\/wp-content\/uploads\/2025\/07\/pessoa-confiante_1752894810128-300x169.jpg 300w, https:\/\/www.em.com.br\/emfoco\/wp-content\/uploads\/2025\/07\/pessoa-confiante_1752894810128-768x432.jpg 768w, https:\/\/www.em.com.br\/emfoco\/wp-content\/uploads\/2025\/07\/pessoa-confiante_1752894810128-750x422.jpg 750w, https:\/\/www.em.com.br\/emfoco\/wp-content\/uploads\/2025\/07\/pessoa-confiante_1752894810128-1140x641.jpg 1140w, https:\/\/www.em.com.br\/emfoco\/wp-content\/uploads\/2025\/07\/pessoa-confiante_1752894810128.jpg 1280w\" sizes=\"auto, (max-width: 1024px) 100vw, 1024px\" \/><figcaption class=\"wp-element-caption\">Mulher confiante &#8211; Cr\u00e9ditos: depositphotos.com \/ DmitriyAnaniev<\/figcaption><\/figure><\/div>\n\n\n<p>Essa ideia est\u00e1 diretamente ligada ao conceito psicol\u00f3gico de autoefic\u00e1cia, que \u00e9 a cren\u00e7a de que voc\u00ea pode agir para influenciar os resultados da sua vida. Pessoas com alta autoefic\u00e1cia s\u00e3o mais persistentes, conseguem regular melhor as emo\u00e7\u00f5es e enfrentam desafios com mais resili\u00eancia. Por outro lado, quem n\u00e3o pratica pequenas a\u00e7\u00f5es que confirmem suas inten\u00e7\u00f5es tende a duvidar mais de si e a abandonar projetos com maior facilidade.<\/p>\n\n\n\n<h3 class=\"wp-block-heading\">Como come\u00e7ar a fortalecer a sua autoconfian\u00e7a?<\/h3>\n\n\n\n<ol class=\"wp-block-list\">\n<li><strong>Estabele\u00e7a metas pequenas e alcan\u00e7\u00e1veis<\/strong> \u2013 O c\u00e9rebro precisa de resultados tang\u00edveis para refor\u00e7ar o comportamento.<\/li>\n\n\n\n<li><strong>Seja consistente<\/strong> \u2013 Cumprir uma meta por alguns dias n\u00e3o \u00e9 suficiente. A repeti\u00e7\u00e3o constante \u00e9 o que cria confian\u00e7a real.<\/li>\n\n\n\n<li><strong>Celebre cada conquista<\/strong> \u2013 Reconhe\u00e7a at\u00e9 as menores vit\u00f3rias, pois isso envia um sinal positivo ao c\u00e9rebro.<\/li>\n\n\n\n<li><strong>Aprenda a lidar com falhas<\/strong> \u2013 Errar faz parte do processo, mas o importante \u00e9 retomar as a\u00e7\u00f5es sem se punir de forma excessiva.<\/li>\n\n\n\n<li><strong>Alinhe inten\u00e7\u00e3o e a\u00e7\u00e3o<\/strong> \u2013 Prometer algo a si mesmo e n\u00e3o cumprir prejudica o v\u00ednculo interno de confian\u00e7a.<\/li>\n<\/ol>\n\n\n\n<h3 class=\"wp-block-heading\">Por que come\u00e7ar pequeno \u00e9 t\u00e3o poderoso?<\/h3>\n\n\n\n<p>Muitas pessoas falham em criar autoconfian\u00e7a porque querem dar passos gigantescos logo no in\u00edcio. No entanto, \u00e9 a soma das pequenas a\u00e7\u00f5es di\u00e1rias que fortalece a cren\u00e7a de que voc\u00ea \u00e9 capaz. Quando voc\u00ea cumpre algo simples, como acordar no hor\u00e1rio ou terminar uma tarefa planejada, o c\u00e9rebro entende que suas palavras t\u00eam peso, e isso cria um ciclo positivo que vai se ampliando para objetivos maiores.<\/p>\n\n\n\n<h3 class=\"wp-block-heading\">Dado cient\u00edfico curioso<\/h3>\n\n\n\n<p>Estudos de neuroci\u00eancia mostram que a libera\u00e7\u00e3o de dopamina, o chamado \u201chorm\u00f4nio da recompensa\u201d, aumenta sempre que conclu\u00edmos algo planejado, por menor que seja. Essa resposta qu\u00edmica est\u00e1 diretamente associada \u00e0 motiva\u00e7\u00e3o e ao refor\u00e7o de h\u00e1bitos positivos.<\/p>\n\n\n\n<h3 class=\"wp-block-heading\">Fontes confi\u00e1veis para aprofundar o tema<\/h3>\n\n\n\n<ul class=\"wp-block-list\">\n<li><a href=\"https:\/\/www.sbponline.org.br\/\" target=\"_blank\" rel=\"noreferrer noopener\">Sociedade Brasileira de Psicologia<\/a><\/li>\n\n\n\n<li><a href=\"https:\/\/www.who.int\/health-topics\/mental-health#tab=tab_1\" target=\"_blank\" rel=\"noreferrer noopener\">Organiza\u00e7\u00e3o Mundial da Sa\u00fade \u2013 Sa\u00fade Mental<\/a><\/li>\n\n\n\n<li><a href=\"https:\/\/www.apa.org\" target=\"_blank\" rel=\"noreferrer noopener\">American Psychological Association \u2013 Autoefic\u00e1cia<\/a><\/li>\n<\/ul>\n","protected":false},"excerpt":{"rendered":"<p>A autoconfian\u00e7a \u00e9 muitas vezes interpretada como um sentimento, mas na verdade trata-se de uma constru\u00e7\u00e3o di\u00e1ria, baseada na consist\u00eancia entre aquilo que voc\u00ea diz e o que efetivamente faz. A psic\u00f3loga Ana Lazzari explica que confiar em si mesmo \u00e9 como fortalecer um v\u00ednculo interno: a cada meta cumprida, voc\u00ea envia ao c\u00e9rebro a [&hellip;]<\/p>\n","protected":false},"author":17,"featured_media":78482,"comment_status":"open","ping_status":"open","sticky":false,"template":"","format":"standard","meta":{"jnews-multi-image_gallery":[],"jnews_single_post":{"format":"standard"},"jnews_primary_category":[],"jnews_social_meta":[],"jnews_override_counter":[],"footnotes":""},"categories":[9053],"tags":[5742,5155,415],"class_list":["post-78476","post","type-post","status-publish","format-standard","has-post-thumbnail","hentry","category-saude","tag-autoconfianca","tag-psicologia","tag-saude"],"yoast_head":"<!-- This site is optimized with the Yoast SEO plugin v23.8 - https:\/\/yoast.com\/wordpress\/plugins\/seo\/ -->\n<title>Relacionamento s\u00f3lido se constr\u00f3i dia a dia: psic\u00f3loga ensina como recuperar autoconfian\u00e7a - Estado de Minas - Em foco<\/title>\n<meta name=\"description\" content=\"A confian\u00e7a pr\u00f3pria \u00e9 constru\u00edda na pr\u00e1tica, com pequenas vit\u00f3rias que liberam dopamina e motivam sua evolu\u00e7\u00e3o cont\u00ednua. Saiba mais!\" \/>\n<meta name=\"robots\" content=\"index, follow, max-snippet:-1, max-image-preview:large, max-video-preview:-1\" \/>\n<link rel=\"canonical\" href=\"https:\/\/www.em.com.br\/emfoco\/2025\/07\/19\/relacionamento-solido-se-constroi-dia-a-dia-psicologa-ensina-como-recuperar-autoconfianca\/\" \/>\n<meta property=\"og:locale\" content=\"pt_BR\" \/>\n<meta property=\"og:type\" content=\"article\" \/>\n<meta property=\"og:title\" content=\"Relacionamento s\u00f3lido se constr\u00f3i dia a dia: psic\u00f3loga ensina como recuperar autoconfian\u00e7a - Estado de Minas - Em foco\" \/>\n<meta property=\"og:description\" content=\"A confian\u00e7a pr\u00f3pria \u00e9 constru\u00edda na pr\u00e1tica, com pequenas vit\u00f3rias que liberam dopamina e motivam sua evolu\u00e7\u00e3o cont\u00ednua. Saiba mais!\" \/>\n<meta property=\"og:url\" content=\"https:\/\/www.em.com.br\/emfoco\/2025\/07\/19\/relacionamento-solido-se-constroi-dia-a-dia-psicologa-ensina-como-recuperar-autoconfianca\/\" \/>\n<meta property=\"og:site_name\" content=\"Estado de Minas - Em foco\" \/>\n<meta property=\"article:published_time\" content=\"2025-07-19T12:50:00+00:00\" \/>\n<meta property=\"article:modified_time\" content=\"2025-07-19T04:48:15+00:00\" \/>\n<meta property=\"og:image\" content=\"https:\/\/www.em.com.br\/emfoco\/wp-content\/uploads\/2025\/07\/mosaico_1752895272213.jpg\" \/>\n\t<meta property=\"og:image:width\" content=\"1280\" \/>\n\t<meta property=\"og:image:height\" content=\"720\" \/>\n\t<meta property=\"og:image:type\" content=\"image\/jpeg\" \/>\n<meta name=\"author\" content=\"Lucas Sampaio\" \/>\n<meta name=\"twitter:card\" content=\"summary_large_image\" \/>\n<meta name=\"twitter:label1\" content=\"Escrito por\" \/>\n\t<meta name=\"twitter:data1\" content=\"Lucas Sampaio\" \/>\n\t<meta name=\"twitter:label2\" content=\"Est. tempo de leitura\" \/>\n\t<meta name=\"twitter:data2\" content=\"4 minutos\" \/>\n<!-- \/ Yoast SEO plugin. -->","yoast_head_json":{"title":"Relacionamento s\u00f3lido se constr\u00f3i dia a dia: psic\u00f3loga ensina como recuperar autoconfian\u00e7a - Estado de Minas - Em foco","description":"A confian\u00e7a pr\u00f3pria \u00e9 constru\u00edda na pr\u00e1tica, com pequenas vit\u00f3rias que liberam dopamina e motivam sua evolu\u00e7\u00e3o cont\u00ednua. Saiba mais!","robots":{"index":"index","follow":"follow","max-snippet":"max-snippet:-1","max-image-preview":"max-image-preview:large","max-video-preview":"max-video-preview:-1"},"canonical":"https:\/\/www.em.com.br\/emfoco\/2025\/07\/19\/relacionamento-solido-se-constroi-dia-a-dia-psicologa-ensina-como-recuperar-autoconfianca\/","og_locale":"pt_BR","og_type":"article","og_title":"Relacionamento s\u00f3lido se constr\u00f3i dia a dia: psic\u00f3loga ensina como recuperar autoconfian\u00e7a - Estado de Minas - Em foco","og_description":"A confian\u00e7a pr\u00f3pria \u00e9 constru\u00edda na pr\u00e1tica, com pequenas vit\u00f3rias que liberam dopamina e motivam sua evolu\u00e7\u00e3o cont\u00ednua. Saiba mais!","og_url":"https:\/\/www.em.com.br\/emfoco\/2025\/07\/19\/relacionamento-solido-se-constroi-dia-a-dia-psicologa-ensina-como-recuperar-autoconfianca\/","og_site_name":"Estado de Minas - Em foco","article_published_time":"2025-07-19T12:50:00+00:00","article_modified_time":"2025-07-19T04:48:15+00:00","og_image":[{"width":1280,"height":720,"url":"https:\/\/www.em.com.br\/emfoco\/wp-content\/uploads\/2025\/07\/mosaico_1752895272213.jpg","type":"image\/jpeg"}],"author":"Lucas Sampaio","twitter_card":"summary_large_image","twitter_misc":{"Escrito por":"Lucas Sampaio","Est. tempo de leitura":"4 minutos"},"schema":{"@context":"https:\/\/schema.org","@graph":[{"@type":"WebPage","@id":"https:\/\/www.em.com.br\/emfoco\/2025\/07\/19\/relacionamento-solido-se-constroi-dia-a-dia-psicologa-ensina-como-recuperar-autoconfianca\/","url":"https:\/\/www.em.com.br\/emfoco\/2025\/07\/19\/relacionamento-solido-se-constroi-dia-a-dia-psicologa-ensina-como-recuperar-autoconfianca\/","name":"Relacionamento s\u00f3lido se constr\u00f3i dia a dia: psic\u00f3loga ensina como recuperar autoconfian\u00e7a - Estado de Minas - Em foco","isPartOf":{"@id":"https:\/\/www.em.com.br\/emfoco\/#website"},"primaryImageOfPage":{"@id":"https:\/\/www.em.com.br\/emfoco\/2025\/07\/19\/relacionamento-solido-se-constroi-dia-a-dia-psicologa-ensina-como-recuperar-autoconfianca\/#primaryimage"},"image":{"@id":"https:\/\/www.em.com.br\/emfoco\/2025\/07\/19\/relacionamento-solido-se-constroi-dia-a-dia-psicologa-ensina-como-recuperar-autoconfianca\/#primaryimage"},"thumbnailUrl":"https:\/\/www.em.com.br\/emfoco\/wp-content\/uploads\/2025\/07\/mosaico_1752895272213.jpg","datePublished":"2025-07-19T12:50:00+00:00","dateModified":"2025-07-19T04:48:15+00:00","author":{"@id":"https:\/\/www.em.com.br\/emfoco\/#\/schema\/person\/9ad4c536bd87f5bb8006420332b99aef"},"description":"A confian\u00e7a pr\u00f3pria \u00e9 constru\u00edda na pr\u00e1tica, com pequenas vit\u00f3rias que liberam dopamina e motivam sua evolu\u00e7\u00e3o cont\u00ednua. Saiba mais!","breadcrumb":{"@id":"https:\/\/www.em.com.br\/emfoco\/2025\/07\/19\/relacionamento-solido-se-constroi-dia-a-dia-psicologa-ensina-como-recuperar-autoconfianca\/#breadcrumb"},"inLanguage":"pt-BR","potentialAction":[{"@type":"ReadAction","target":["https:\/\/www.em.com.br\/emfoco\/2025\/07\/19\/relacionamento-solido-se-constroi-dia-a-dia-psicologa-ensina-como-recuperar-autoconfianca\/"]}]},{"@type":"ImageObject","inLanguage":"pt-BR","@id":"https:\/\/www.em.com.br\/emfoco\/2025\/07\/19\/relacionamento-solido-se-constroi-dia-a-dia-psicologa-ensina-como-recuperar-autoconfianca\/#primaryimage","url":"https:\/\/www.em.com.br\/emfoco\/wp-content\/uploads\/2025\/07\/mosaico_1752895272213.jpg","contentUrl":"https:\/\/www.em.com.br\/emfoco\/wp-content\/uploads\/2025\/07\/mosaico_1752895272213.jpg","width":1280,"height":720,"caption":"Reprodu\u00e7\u00e3o (TikTok: @psianalazzari)"},{"@type":"BreadcrumbList","@id":"https:\/\/www.em.com.br\/emfoco\/2025\/07\/19\/relacionamento-solido-se-constroi-dia-a-dia-psicologa-ensina-como-recuperar-autoconfianca\/#breadcrumb","itemListElement":[{"@type":"ListItem","position":1,"name":"In\u00edcio","item":"https:\/\/www.em.com.br\/emfoco\/"},{"@type":"ListItem","position":2,"name":"Relacionamento s\u00f3lido se constr\u00f3i dia a dia: psic\u00f3loga ensina como recuperar autoconfian\u00e7a"}]},{"@type":"WebSite","@id":"https:\/\/www.em.com.br\/emfoco\/#website","url":"https:\/\/www.em.com.br\/emfoco\/","name":"Estado de Minas - Em foco","description":"Acompanhe as \u00faltimas not\u00edcias e fique bem informado sobre tudo o que acontece em Minas Gerais, Brasil e no mundo.","potentialAction":[{"@type":"SearchAction","target":{"@type":"EntryPoint","urlTemplate":"https:\/\/www.em.com.br\/emfoco\/?s={search_term_string}"},"query-input":{"@type":"PropertyValueSpecification","valueRequired":true,"valueName":"search_term_string"}}],"inLanguage":"pt-BR"},{"@type":"Person","@id":"https:\/\/www.em.com.br\/emfoco\/#\/schema\/person\/9ad4c536bd87f5bb8006420332b99aef","name":"Lucas Sampaio","image":{"@type":"ImageObject","inLanguage":"pt-BR","@id":"https:\/\/www.em.com.br\/emfoco\/#\/schema\/person\/image\/","url":"https:\/\/secure.gravatar.com\/avatar\/2696b9676ad143cd7135b717faf6f79f?s=96&d=mm&r=g","contentUrl":"https:\/\/secure.gravatar.com\/avatar\/2696b9676ad143cd7135b717faf6f79f?s=96&d=mm&r=g","caption":"Lucas Sampaio"},"sameAs":["https:\/\/www.em.com.br\/emfoco\/"],"url":"https:\/\/www.em.com.br\/emfoco\/author\/lucasmyth\/"}]}},"_links":{"self":[{"href":"https:\/\/www.em.com.br\/emfoco\/wp-json\/wp\/v2\/posts\/78476","targetHints":{"allow":["GET"]}}],"collection":[{"href":"https:\/\/www.em.com.br\/emfoco\/wp-json\/wp\/v2\/posts"}],"about":[{"href":"https:\/\/www.em.com.br\/emfoco\/wp-json\/wp\/v2\/types\/post"}],"author":[{"embeddable":true,"href":"https:\/\/www.em.com.br\/emfoco\/wp-json\/wp\/v2\/users\/17"}],"replies":[{"embeddable":true,"href":"https:\/\/www.em.com.br\/emfoco\/wp-json\/wp\/v2\/comments?post=78476"}],"version-history":[{"count":3,"href":"https:\/\/www.em.com.br\/emfoco\/wp-json\/wp\/v2\/posts\/78476\/revisions"}],"predecessor-version":[{"id":78509,"href":"https:\/\/www.em.com.br\/emfoco\/wp-json\/wp\/v2\/posts\/78476\/revisions\/78509"}],"wp:featuredmedia":[{"embeddable":true,"href":"https:\/\/www.em.com.br\/emfoco\/wp-json\/wp\/v2\/media\/78482"}],"wp:attachment":[{"href":"https:\/\/www.em.com.br\/emfoco\/wp-json\/wp\/v2\/media?parent=78476"}],"wp:term":[{"taxonomy":"category","embeddable":true,"href":"https:\/\/www.em.com.br\/emfoco\/wp-json\/wp\/v2\/categories?post=78476"},{"taxonomy":"post_tag","embeddable":true,"href":"https:\/\/www.em.com.br\/emfoco\/wp-json\/wp\/v2\/tags?post=78476"}],"curies":[{"name":"wp","href":"https:\/\/api.w.org\/{rel}","templated":true}]}}