{"id":78462,"date":"2025-07-19T06:50:00","date_gmt":"2025-07-19T09:50:00","guid":{"rendered":"https:\/\/www.em.com.br\/emfoco\/?p=78462"},"modified":"2025-07-19T01:48:13","modified_gmt":"2025-07-19T04:48:13","slug":"infeccao-urinaria-recorrente-quando-e-preciso-investigar-mais-a-fundo","status":"publish","type":"post","link":"https:\/\/www.em.com.br\/emfoco\/2025\/07\/19\/infeccao-urinaria-recorrente-quando-e-preciso-investigar-mais-a-fundo\/","title":{"rendered":"Infec\u00e7\u00e3o urin\u00e1ria recorrente: quando \u00e9 preciso investigar mais a fundo?"},"content":{"rendered":"\n<p>A infec\u00e7\u00e3o urin\u00e1ria \u00e9 um problema comum, mas quando os epis\u00f3dios se repetem mesmo ap\u00f3s tratamento, \u00e9 um sinal de que pode haver algo por tr\u00e1s que precisa de investiga\u00e7\u00e3o. O nefrologista Dr. Roberto Galv\u00e3o (CRM-SP, especialista em sa\u00fade renal e preven\u00e7\u00e3o) explica que nem todo caso de dor ou ard\u00eancia ao urinar \u00e9, de fato, uma infec\u00e7\u00e3o simples. Muitas vezes, diagn\u00f3sticos equivocados levam a tratamentos ineficazes e ao uso desnecess\u00e1rio de antibi\u00f3ticos.<\/p>\n\n\n\n<p>Compreender as diferentes situa\u00e7\u00f5es que podem se apresentar com sintomas semelhantes \u00e9 essencial para receber o tratamento correto. A seguir, voc\u00ea conhecer\u00e1 as quatro situa\u00e7\u00f5es mais comuns que explicam as queixas frequentes e por que cada uma delas exige uma abordagem espec\u00edfica.<\/p>\n\n\n\n<h2 class=\"wp-block-heading\">Quais s\u00e3o os tipos de situa\u00e7\u00f5es que podem ser confundidas com infec\u00e7\u00e3o urin\u00e1ria?<\/h2>\n\n\n\n<p>Segundo o Dr. Roberto Galv\u00e3o, a primeira possibilidade \u00e9 realmente uma infec\u00e7\u00e3o urin\u00e1ria recorrente, diagnosticada quando h\u00e1 sintomas como dor e ard\u00eancia ao urinar, al\u00e9m da presen\u00e7a de leuc\u00f3citos e bact\u00e9rias identificadas na urocultura. Nestes casos, \u00e9 essencial investigar a causa da recorr\u00eancia, como m\u00e1 higieniza\u00e7\u00e3o, altera\u00e7\u00f5es anat\u00f4micas ou doen\u00e7as associadas, al\u00e9m de definir um tratamento direcionado.<\/p>\n\n\n\n<p>A segunda situa\u00e7\u00e3o ocorre quando os sintomas e a presen\u00e7a de leuc\u00f3citos existem, mas a urocultura n\u00e3o revela bact\u00e9rias comuns. Isso pode indicar a presen\u00e7a de agentes at\u00edpicos, como fungos, bacilos da tuberculose ou algumas infec\u00e7\u00f5es sexualmente transmiss\u00edveis. Nestes casos, o diagn\u00f3stico \u00e9 mais complexo e o tratamento precisa ser espec\u00edfico, geralmente realizado ap\u00f3s exames complementares.<\/p>\n\n\n\n<h2 class=\"wp-block-heading\">O que \u00e9 cistite intersticial e por que ela preocupa?<\/h2>\n\n\n\n<p>A terceira situa\u00e7\u00e3o destacada pelo especialista \u00e9 a cistite intersticial, tamb\u00e9m chamada de \u201cbexiga irritada\u201d. Ela provoca sintomas semelhantes aos da infec\u00e7\u00e3o urin\u00e1ria, como dor e vontade frequente de urinar, mas sem presen\u00e7a de leuc\u00f3citos ou bact\u00e9rias nos exames. \u00c9 uma condi\u00e7\u00e3o cr\u00f4nica e desafiadora, que exige diagn\u00f3stico preciso e acompanhamento especializado para evitar danos \u00e0 qualidade de vida.<\/p>\n\n\n<div class=\"wp-block-image\">\n<figure class=\"aligncenter size-large\"><img loading=\"lazy\" decoding=\"async\" width=\"1024\" height=\"576\" src=\"https:\/\/www.em.com.br\/emfoco\/wp-content\/uploads\/2025\/07\/bexiga-_1752893575537-1024x576.jpg\" alt=\"\" class=\"wp-image-78463\" srcset=\"https:\/\/www.em.com.br\/emfoco\/wp-content\/uploads\/2025\/07\/bexiga-_1752893575537-1024x576.jpg 1024w, https:\/\/www.em.com.br\/emfoco\/wp-content\/uploads\/2025\/07\/bexiga-_1752893575537-300x169.jpg 300w, https:\/\/www.em.com.br\/emfoco\/wp-content\/uploads\/2025\/07\/bexiga-_1752893575537-768x432.jpg 768w, https:\/\/www.em.com.br\/emfoco\/wp-content\/uploads\/2025\/07\/bexiga-_1752893575537-750x422.jpg 750w, https:\/\/www.em.com.br\/emfoco\/wp-content\/uploads\/2025\/07\/bexiga-_1752893575537-1140x641.jpg 1140w, https:\/\/www.em.com.br\/emfoco\/wp-content\/uploads\/2025\/07\/bexiga-_1752893575537.jpg 1280w\" sizes=\"auto, (max-width: 1024px) 100vw, 1024px\" \/><figcaption class=\"wp-element-caption\">Mulher segurando as m\u00e3os pr\u00f3ximas da bexiga &#8211; Cr\u00e9ditos: depositphotos.com \/ 9nong<\/figcaption><\/figure><\/div>\n\n\n<p>Al\u00e9m disso, existe a bacteri\u00faria assintom\u00e1tica, quarta situa\u00e7\u00e3o explicada pelo Dr. Galv\u00e3o. Nesse caso, a presen\u00e7a de bact\u00e9rias na urina n\u00e3o vem acompanhada de sintomas. Na maioria das vezes, n\u00e3o h\u00e1 necessidade de tratamento, pois a utiliza\u00e7\u00e3o de antibi\u00f3ticos pode gerar resist\u00eancia bacteriana. A exce\u00e7\u00e3o ocorre em situa\u00e7\u00f5es espec\u00edficas, como gestantes ou pacientes que ser\u00e3o submetidos a determinados procedimentos m\u00e9dicos.<\/p>\n\n\n\n<h2 class=\"wp-block-heading\">Como prevenir as infec\u00e7\u00f5es urin\u00e1rias e cuidar da sa\u00fade renal?<\/h2>\n\n\n\n<p>Medidas preventivas s\u00e3o fundamentais para reduzir o risco de infec\u00e7\u00e3o urin\u00e1ria. Hidratar-se adequadamente, manter h\u00e1bitos de higiene \u00edntima corretos e n\u00e3o segurar a urina por longos per\u00edodos s\u00e3o atitudes importantes. Al\u00e9m disso, mulheres est\u00e3o mais suscet\u00edveis a esse tipo de infec\u00e7\u00e3o devido \u00e0 anatomia do trato urin\u00e1rio, o que refor\u00e7a a necessidade de acompanhamento m\u00e9dico em casos de recorr\u00eancia.<\/p>\n\n\n\n<p>Evitar a automedica\u00e7\u00e3o \u00e9 outro ponto crucial. O uso frequente e sem orienta\u00e7\u00e3o de antibi\u00f3ticos n\u00e3o apenas falha em resolver a causa do problema, como pode contribuir para o desenvolvimento de bact\u00e9rias resistentes, tornando futuros tratamentos mais complicados.<\/p>\n\n\n\n<h2 class=\"wp-block-heading\">Quando procurar um especialista?<\/h2>\n\n\n\n<p>Se voc\u00ea apresenta epis\u00f3dios frequentes de dor ao urinar, ard\u00eancia, urg\u00eancia miccional ou qualquer altera\u00e7\u00e3o nos exames laboratoriais, \u00e9 essencial procurar um urologista ou nefrologista. O diagn\u00f3stico correto garante um tratamento eficaz, que pode envolver desde ajustes simples no estilo de vida at\u00e9 exames mais avan\u00e7ados para detectar poss\u00edveis causas estruturais ou inflamat\u00f3rias.<\/p>\n\n\n\n<blockquote class=\"tiktok-embed\" cite=\"https:\/\/www.tiktok.com\/@nefrologista\/video\/7520713683077467398\" data-video-id=\"7520713683077467398\" style=\"max-width: 605px;min-width: 325px;\" > <section> <a target=\"_blank\" title=\"@nefrologista\" href=\"https:\/\/www.tiktok.com\/@nefrologista?refer=embed\">@nefrologista<\/a> \ud83d\udd01 Infec\u00e7\u00e3o urin\u00e1ria que nunca melhora? \ud83d\udc8a J\u00e1 tentou de tudo e nada resolve? Talvez\u2026 n\u00e3o seja uma simples infec\u00e7\u00e3o! \u2800 \ud83d\udea8 3 diagn\u00f3sticos que se confundem com infec\u00e7\u00e3o urin\u00e1ria de repeti\u00e7\u00e3o: 1\ufe0f\u20e3 Infec\u00e7\u00f5es at\u00edpicas 2\ufe0f\u20e3 Bexiga irritada 3\ufe0f\u20e3 Bacteri\u00faria assintom\u00e1tica \u2800 \ud83c\udfaf O tratamento s\u00f3 funciona quando o diagn\u00f3stico \u00e9 certo. \u2800 <a title=\"infec\u00e7\u00e3ourin\u00e1ria\" target=\"_blank\" href=\"https:\/\/www.tiktok.com\/tag\/infec%C3%A7%C3%A3ourin%C3%A1ria?refer=embed\">#Infec\u00e7\u00e3oUrin\u00e1ria<\/a> <a title=\"bexigairritada\" target=\"_blank\" href=\"https:\/\/www.tiktok.com\/tag\/bexigairritada?refer=embed\">#BexigaIrritada<\/a> <a title=\"drc\" target=\"_blank\" href=\"https:\/\/www.tiktok.com\/tag\/drc?refer=embed\">#DRC<\/a> <a title=\"nefrologia\" target=\"_blank\" href=\"https:\/\/www.tiktok.com\/tag\/nefrologia?refer=embed\">#Nefrologia<\/a> <a title=\"sa\u00faderenal\" target=\"_blank\" href=\"https:\/\/www.tiktok.com\/tag\/sa%C3%BAderenal?refer=embed\">#Sa\u00fadeRenal<\/a> <a title=\"urologia\" target=\"_blank\" href=\"https:\/\/www.tiktok.com\/tag\/urologia?refer=embed\">#Urologia<\/a> <a title=\"reeleducativo\" target=\"_blank\" href=\"https:\/\/www.tiktok.com\/tag\/reeleducativo?refer=embed\">#ReelEducativo<\/a> <a title=\"infec\u00e7\u00e3oderepeti\u00e7\u00e3o\" target=\"_blank\" href=\"https:\/\/www.tiktok.com\/tag\/infec%C3%A7%C3%A3oderepeti%C3%A7%C3%A3o?refer=embed\">#Infec\u00e7\u00e3oDeRepeti\u00e7\u00e3o<\/a> <a title=\"bacteriuria\" target=\"_blank\" href=\"https:\/\/www.tiktok.com\/tag\/bacteriuria?refer=embed\">#Bacteriuria<\/a> <a title=\"sa\u00fadedamulher\" target=\"_blank\" href=\"https:\/\/www.tiktok.com\/tag\/sa%C3%BAdedamulher?refer=embed\">#Sa\u00fadeDaMulher<\/a> <a title=\"medicinaintegrada\" target=\"_blank\" href=\"https:\/\/www.tiktok.com\/tag\/medicinaintegrada?refer=embed\">#MedicinaIntegrada<\/a> <a title=\"drrobertogalv\u00e3o\" target=\"_blank\" href=\"https:\/\/www.tiktok.com\/tag\/drrobertogalv%C3%A3o?refer=embed\">#DrRobertoGalv\u00e3o<\/a> <a title=\"canalnefrologista\" target=\"_blank\" href=\"https:\/\/www.tiktok.com\/tag\/canalnefrologista?refer=embed\">#CanalNefrologista<\/a> <a title=\"doen\u00e7arenal\" target=\"_blank\" href=\"https:\/\/www.tiktok.com\/tag\/doen%C3%A7arenal?refer=embed\">#doen\u00e7arenal<\/a> <a title=\"nefrologista\" target=\"_blank\" href=\"https:\/\/www.tiktok.com\/tag\/nefrologista?refer=embed\">#nefrologista<\/a> <a target=\"_blank\" title=\"\u266c som original - Dr. Roberto Galv\u00e3o\" href=\"https:\/\/www.tiktok.com\/music\/som-original-7520713729145572101?refer=embed\">\u266c som original &#8211; Dr. Roberto Galv\u00e3o<\/a> <\/section> <\/blockquote> <script async src=\"https:\/\/www.tiktok.com\/embed.js\"><\/script>\n\n\n\n<p>A sa\u00fade urin\u00e1ria \u00e9 um reflexo direto de h\u00e1bitos saud\u00e1veis, hidrata\u00e7\u00e3o e preven\u00e7\u00e3o. Ao menor sinal de recorr\u00eancia, uma avalia\u00e7\u00e3o m\u00e9dica \u00e9 o caminho mais seguro para evitar complica\u00e7\u00f5es.<\/p>\n\n\n\n<h2 class=\"wp-block-heading\">Curiosidade cient\u00edfica<\/h2>\n\n\n\n<p>De acordo com a <strong>Sociedade Brasileira de Urologia (SBU)<\/strong>, cerca de 50% das mulheres ter\u00e3o ao menos um epis\u00f3dio de infec\u00e7\u00e3o urin\u00e1ria durante a vida, e aproximadamente 30% dessas mulheres podem apresentar recorr\u00eancias. Esse dado refor\u00e7a a import\u00e2ncia de identificar corretamente a causa da infec\u00e7\u00e3o, evitando tratamentos desnecess\u00e1rios.<\/p>\n\n\n\n<h2 class=\"wp-block-heading\">Fontes confi\u00e1veis para saber mais<\/h2>\n\n\n\n<ul class=\"wp-block-list\">\n<li><a href=\"https:\/\/portaldaurologia.org.br\/publico\/infecao-urinaria\/\" target=\"_blank\" rel=\"noreferrer noopener\">Sociedade Brasileira de Urologia \u2013 Infec\u00e7\u00e3o urin\u00e1ria<\/a><\/li>\n\n\n\n<li><a href=\"https:\/\/www.gov.br\/saude\/pt-br\/assuntos\/saude-de-a-a-z\/s\/saude-da-mulher\" target=\"_blank\" rel=\"noreferrer noopener\">Minist\u00e9rio da Sa\u00fade \u2013 Sa\u00fade da Mulher<\/a><\/li>\n\n\n\n<li><a href=\"https:\/\/www.who.int\/news-room\/fact-sheets\/detail\/antimicrobial-resistance\" target=\"_blank\" rel=\"noreferrer noopener\">Organiza\u00e7\u00e3o Mundial da Sa\u00fade \u2013 Antimicrobial resistance<\/a><\/li>\n<\/ul>\n","protected":false},"excerpt":{"rendered":"<p>A infec\u00e7\u00e3o urin\u00e1ria \u00e9 um problema comum, mas quando os epis\u00f3dios se repetem mesmo ap\u00f3s tratamento, \u00e9 um sinal de que pode haver algo por tr\u00e1s que precisa de investiga\u00e7\u00e3o. O nefrologista Dr. Roberto Galv\u00e3o (CRM-SP, especialista em sa\u00fade renal e preven\u00e7\u00e3o) explica que nem todo caso de dor ou ard\u00eancia ao urinar \u00e9, de [&hellip;]<\/p>\n","protected":false},"author":17,"featured_media":78464,"comment_status":"open","ping_status":"open","sticky":false,"template":"","format":"standard","meta":{"jnews-multi-image_gallery":[],"jnews_single_post":{"format":"standard"},"jnews_primary_category":[],"jnews_social_meta":[],"jnews_override_counter":[],"footnotes":""},"categories":[9053],"tags":[342,2410,915,415],"class_list":["post-78462","post","type-post","status-publish","format-standard","has-post-thumbnail","hentry","category-saude","tag-cuidados","tag-doenca","tag-exames","tag-saude"],"yoast_head":"<!-- This site is optimized with the Yoast SEO plugin v23.8 - https:\/\/yoast.com\/wordpress\/plugins\/seo\/ -->\n<title>Infec\u00e7\u00e3o urin\u00e1ria recorrente: quando \u00e9 preciso investigar mais a fundo? - Estado de Minas - Em foco<\/title>\n<meta name=\"description\" content=\"Nem toda ard\u00eancia ao urinar \u00e9 infec\u00e7\u00e3o. Descubra as causas ocultas e evite o uso desnecess\u00e1rio de antibi\u00f3ticos.\" \/>\n<meta name=\"robots\" content=\"index, follow, max-snippet:-1, max-image-preview:large, max-video-preview:-1\" \/>\n<link rel=\"canonical\" href=\"https:\/\/www.em.com.br\/emfoco\/2025\/07\/19\/infeccao-urinaria-recorrente-quando-e-preciso-investigar-mais-a-fundo\/\" \/>\n<meta property=\"og:locale\" content=\"pt_BR\" \/>\n<meta property=\"og:type\" content=\"article\" \/>\n<meta property=\"og:title\" content=\"Infec\u00e7\u00e3o urin\u00e1ria recorrente: quando \u00e9 preciso investigar mais a fundo? - Estado de Minas - Em foco\" \/>\n<meta property=\"og:description\" content=\"Nem toda ard\u00eancia ao urinar \u00e9 infec\u00e7\u00e3o. Descubra as causas ocultas e evite o uso desnecess\u00e1rio de antibi\u00f3ticos.\" \/>\n<meta property=\"og:url\" content=\"https:\/\/www.em.com.br\/emfoco\/2025\/07\/19\/infeccao-urinaria-recorrente-quando-e-preciso-investigar-mais-a-fundo\/\" \/>\n<meta property=\"og:site_name\" content=\"Estado de Minas - Em foco\" \/>\n<meta property=\"article:published_time\" content=\"2025-07-19T09:50:00+00:00\" \/>\n<meta property=\"article:modified_time\" content=\"2025-07-19T04:48:13+00:00\" \/>\n<meta property=\"og:image\" content=\"https:\/\/www.em.com.br\/emfoco\/wp-content\/uploads\/2025\/07\/mosaico_1752893793638.jpg\" \/>\n\t<meta property=\"og:image:width\" content=\"1280\" \/>\n\t<meta property=\"og:image:height\" content=\"720\" \/>\n\t<meta property=\"og:image:type\" content=\"image\/jpeg\" \/>\n<meta name=\"author\" content=\"Lucas Sampaio\" \/>\n<meta name=\"twitter:card\" content=\"summary_large_image\" \/>\n<meta name=\"twitter:label1\" content=\"Escrito por\" \/>\n\t<meta name=\"twitter:data1\" content=\"Lucas Sampaio\" \/>\n\t<meta name=\"twitter:label2\" content=\"Est. tempo de leitura\" \/>\n\t<meta name=\"twitter:data2\" content=\"4 minutos\" \/>\n<!-- \/ Yoast SEO plugin. -->","yoast_head_json":{"title":"Infec\u00e7\u00e3o urin\u00e1ria recorrente: quando \u00e9 preciso investigar mais a fundo? - Estado de Minas - Em foco","description":"Nem toda ard\u00eancia ao urinar \u00e9 infec\u00e7\u00e3o. Descubra as causas ocultas e evite o uso desnecess\u00e1rio de antibi\u00f3ticos.","robots":{"index":"index","follow":"follow","max-snippet":"max-snippet:-1","max-image-preview":"max-image-preview:large","max-video-preview":"max-video-preview:-1"},"canonical":"https:\/\/www.em.com.br\/emfoco\/2025\/07\/19\/infeccao-urinaria-recorrente-quando-e-preciso-investigar-mais-a-fundo\/","og_locale":"pt_BR","og_type":"article","og_title":"Infec\u00e7\u00e3o urin\u00e1ria recorrente: quando \u00e9 preciso investigar mais a fundo? - Estado de Minas - Em foco","og_description":"Nem toda ard\u00eancia ao urinar \u00e9 infec\u00e7\u00e3o. Descubra as causas ocultas e evite o uso desnecess\u00e1rio de antibi\u00f3ticos.","og_url":"https:\/\/www.em.com.br\/emfoco\/2025\/07\/19\/infeccao-urinaria-recorrente-quando-e-preciso-investigar-mais-a-fundo\/","og_site_name":"Estado de Minas - Em foco","article_published_time":"2025-07-19T09:50:00+00:00","article_modified_time":"2025-07-19T04:48:13+00:00","og_image":[{"width":1280,"height":720,"url":"https:\/\/www.em.com.br\/emfoco\/wp-content\/uploads\/2025\/07\/mosaico_1752893793638.jpg","type":"image\/jpeg"}],"author":"Lucas Sampaio","twitter_card":"summary_large_image","twitter_misc":{"Escrito por":"Lucas Sampaio","Est. tempo de leitura":"4 minutos"},"schema":{"@context":"https:\/\/schema.org","@graph":[{"@type":"WebPage","@id":"https:\/\/www.em.com.br\/emfoco\/2025\/07\/19\/infeccao-urinaria-recorrente-quando-e-preciso-investigar-mais-a-fundo\/","url":"https:\/\/www.em.com.br\/emfoco\/2025\/07\/19\/infeccao-urinaria-recorrente-quando-e-preciso-investigar-mais-a-fundo\/","name":"Infec\u00e7\u00e3o urin\u00e1ria recorrente: quando \u00e9 preciso investigar mais a fundo? - Estado de Minas - Em foco","isPartOf":{"@id":"https:\/\/www.em.com.br\/emfoco\/#website"},"primaryImageOfPage":{"@id":"https:\/\/www.em.com.br\/emfoco\/2025\/07\/19\/infeccao-urinaria-recorrente-quando-e-preciso-investigar-mais-a-fundo\/#primaryimage"},"image":{"@id":"https:\/\/www.em.com.br\/emfoco\/2025\/07\/19\/infeccao-urinaria-recorrente-quando-e-preciso-investigar-mais-a-fundo\/#primaryimage"},"thumbnailUrl":"https:\/\/www.em.com.br\/emfoco\/wp-content\/uploads\/2025\/07\/mosaico_1752893793638.jpg","datePublished":"2025-07-19T09:50:00+00:00","dateModified":"2025-07-19T04:48:13+00:00","author":{"@id":"https:\/\/www.em.com.br\/emfoco\/#\/schema\/person\/9ad4c536bd87f5bb8006420332b99aef"},"description":"Nem toda ard\u00eancia ao urinar \u00e9 infec\u00e7\u00e3o. Descubra as causas ocultas e evite o uso desnecess\u00e1rio de antibi\u00f3ticos.","breadcrumb":{"@id":"https:\/\/www.em.com.br\/emfoco\/2025\/07\/19\/infeccao-urinaria-recorrente-quando-e-preciso-investigar-mais-a-fundo\/#breadcrumb"},"inLanguage":"pt-BR","potentialAction":[{"@type":"ReadAction","target":["https:\/\/www.em.com.br\/emfoco\/2025\/07\/19\/infeccao-urinaria-recorrente-quando-e-preciso-investigar-mais-a-fundo\/"]}]},{"@type":"ImageObject","inLanguage":"pt-BR","@id":"https:\/\/www.em.com.br\/emfoco\/2025\/07\/19\/infeccao-urinaria-recorrente-quando-e-preciso-investigar-mais-a-fundo\/#primaryimage","url":"https:\/\/www.em.com.br\/emfoco\/wp-content\/uploads\/2025\/07\/mosaico_1752893793638.jpg","contentUrl":"https:\/\/www.em.com.br\/emfoco\/wp-content\/uploads\/2025\/07\/mosaico_1752893793638.jpg","width":1280,"height":720,"caption":"Reprodu\u00e7\u00e3o (TikTok: @nefrologista)\/Cr\u00e9ditos: depositphotos.com \/ Tharakorn"},{"@type":"BreadcrumbList","@id":"https:\/\/www.em.com.br\/emfoco\/2025\/07\/19\/infeccao-urinaria-recorrente-quando-e-preciso-investigar-mais-a-fundo\/#breadcrumb","itemListElement":[{"@type":"ListItem","position":1,"name":"In\u00edcio","item":"https:\/\/www.em.com.br\/emfoco\/"},{"@type":"ListItem","position":2,"name":"Infec\u00e7\u00e3o urin\u00e1ria recorrente: quando \u00e9 preciso investigar mais a fundo?"}]},{"@type":"WebSite","@id":"https:\/\/www.em.com.br\/emfoco\/#website","url":"https:\/\/www.em.com.br\/emfoco\/","name":"Estado de Minas - Em foco","description":"Acompanhe as \u00faltimas not\u00edcias e fique bem informado sobre tudo o que acontece em Minas Gerais, Brasil e no mundo.","potentialAction":[{"@type":"SearchAction","target":{"@type":"EntryPoint","urlTemplate":"https:\/\/www.em.com.br\/emfoco\/?s={search_term_string}"},"query-input":{"@type":"PropertyValueSpecification","valueRequired":true,"valueName":"search_term_string"}}],"inLanguage":"pt-BR"},{"@type":"Person","@id":"https:\/\/www.em.com.br\/emfoco\/#\/schema\/person\/9ad4c536bd87f5bb8006420332b99aef","name":"Lucas Sampaio","image":{"@type":"ImageObject","inLanguage":"pt-BR","@id":"https:\/\/www.em.com.br\/emfoco\/#\/schema\/person\/image\/","url":"https:\/\/secure.gravatar.com\/avatar\/2696b9676ad143cd7135b717faf6f79f?s=96&d=mm&r=g","contentUrl":"https:\/\/secure.gravatar.com\/avatar\/2696b9676ad143cd7135b717faf6f79f?s=96&d=mm&r=g","caption":"Lucas Sampaio"},"sameAs":["https:\/\/www.em.com.br\/emfoco\/"],"url":"https:\/\/www.em.com.br\/emfoco\/author\/lucasmyth\/"}]}},"_links":{"self":[{"href":"https:\/\/www.em.com.br\/emfoco\/wp-json\/wp\/v2\/posts\/78462","targetHints":{"allow":["GET"]}}],"collection":[{"href":"https:\/\/www.em.com.br\/emfoco\/wp-json\/wp\/v2\/posts"}],"about":[{"href":"https:\/\/www.em.com.br\/emfoco\/wp-json\/wp\/v2\/types\/post"}],"author":[{"embeddable":true,"href":"https:\/\/www.em.com.br\/emfoco\/wp-json\/wp\/v2\/users\/17"}],"replies":[{"embeddable":true,"href":"https:\/\/www.em.com.br\/emfoco\/wp-json\/wp\/v2\/comments?post=78462"}],"version-history":[{"count":1,"href":"https:\/\/www.em.com.br\/emfoco\/wp-json\/wp\/v2\/posts\/78462\/revisions"}],"predecessor-version":[{"id":78465,"href":"https:\/\/www.em.com.br\/emfoco\/wp-json\/wp\/v2\/posts\/78462\/revisions\/78465"}],"wp:featuredmedia":[{"embeddable":true,"href":"https:\/\/www.em.com.br\/emfoco\/wp-json\/wp\/v2\/media\/78464"}],"wp:attachment":[{"href":"https:\/\/www.em.com.br\/emfoco\/wp-json\/wp\/v2\/media?parent=78462"}],"wp:term":[{"taxonomy":"category","embeddable":true,"href":"https:\/\/www.em.com.br\/emfoco\/wp-json\/wp\/v2\/categories?post=78462"},{"taxonomy":"post_tag","embeddable":true,"href":"https:\/\/www.em.com.br\/emfoco\/wp-json\/wp\/v2\/tags?post=78462"}],"curies":[{"name":"wp","href":"https:\/\/api.w.org\/{rel}","templated":true}]}}