{"id":78441,"date":"2025-07-20T10:18:00","date_gmt":"2025-07-20T13:18:00","guid":{"rendered":"https:\/\/www.em.com.br\/emfoco\/?p=78441"},"modified":"2025-07-19T19:12:22","modified_gmt":"2025-07-19T22:12:22","slug":"como-os-probioticos-fortalecem-os-ossos-e-previnem-a-osteoporose","status":"publish","type":"post","link":"https:\/\/www.em.com.br\/emfoco\/2025\/07\/20\/como-os-probioticos-fortalecem-os-ossos-e-previnem-a-osteoporose\/","title":{"rendered":"Como os probi\u00f3ticos fortalecem os ossos e previnem a osteoporose"},"content":{"rendered":"\n<p>Com o avan\u00e7o da idade, o cuidado com a sa\u00fade \u00f3ssea se torna cada vez mais crucial. O papel dos <a href=\"https:\/\/www.uol.com.br\/vivabem\/noticias\/redacao\/2018\/07\/04\/probioticos-melhoram-saude-dos-ossos-em-mulheres.htm\" target=\"_blank\" rel=\"noreferrer noopener\"><strong>probi\u00f3ticos<\/strong> <\/a>nesse contexto tem atra\u00eddo aten\u00e7\u00e3o crescente. Esses organismos vivos, principalmente bact\u00e9rias ben\u00e9ficas, desempenham um papel significativo na manuten\u00e7\u00e3o da sa\u00fade intestinal e t\u00eam demonstrado influenciar positivamente a sa\u00fade \u00f3ssea. Estudos mostram que as intera\u00e7\u00f5es entre o intestino e os ossos s\u00e3o mediadas por uma variedade de mecanismos, incluindo a produ\u00e7\u00e3o de vitaminas essenciais como a <strong>Vitamina K<\/strong><\/p>\n\n\n\n<p>Al\u00e9m disso, os <a href=\"https:\/\/www.em.com.br\/emfoco\/2025\/06\/20\/alimentos-fermentados-naturais-estao-ganhando-espaco-como-probioticos-naturais\/\" target=\"_blank\" rel=\"noreferrer noopener\">probi\u00f3ticos <\/a>t\u00eam o potencial de melhorar a absor\u00e7\u00e3o de c\u00e1lcio, um mineral essencial para a densidade \u00f3ssea. As bact\u00e9rias intestinais ajudam na digest\u00e3o do alimento, contribuindo para a libera\u00e7\u00e3o de minerais como o <strong>c\u00e1lcio<\/strong>, o que \u00e9 essencial para a sa\u00fade \u00f3ssea. \u00c0 medida que a popula\u00e7\u00e3o envelhece, a compreens\u00e3o desse relacionamento \u00e9 vital para promover uma longevidade saud\u00e1vel.<\/p>\n\n\n\n<h2 class=\"wp-block-heading\">Como os probi\u00f3ticos influenciam a sa\u00fade \u00f3ssea e a densidade mineral<\/h2>\n\n\n\n<p>A rela\u00e7\u00e3o entre probi\u00f3ticos e sa\u00fade \u00f3ssea envolve uma intera\u00e7\u00e3o complexa que est\u00e1 apenas come\u00e7ando a ser entendida. Os probi\u00f3ticos podem influenciar a sa\u00fade \u00f3ssea por meio de altera\u00e7\u00f5es na composi\u00e7\u00e3o microbiana do intestino, o que impacta diretamente a absor\u00e7\u00e3o de nutrientes. Algumas cepas de probi\u00f3ticos mostraram-se eficazes em aumentar a densidade mineral \u00f3ssea em indiv\u00edduos mais velhos.<\/p>\n\n\n\n<p>Outro mecanismo \u00e9 a modula\u00e7\u00e3o do sistema imunol\u00f3gico. Os probi\u00f3ticos s\u00e3o conhecidos por reduzir a inflama\u00e7\u00e3o no corpo, um fator de risco para problemas \u00f3sseos como a osteoporose. A redu\u00e7\u00e3o da inflama\u00e7\u00e3o pode resultar em uma melhor sa\u00fade \u00f3ssea, minimizando o desgaste dos ossos que ocorre naturalmente com o envelhecimento.<\/p>\n\n\n\n<h2 class=\"wp-block-heading\">O papel da microbiota intestinal na sa\u00fade \u00f3ssea e na absor\u00e7\u00e3o de nutrientes<\/h2>\n\n\n\n<p>A composi\u00e7\u00e3o da microbiota intestinal desempenha um papel cr\u00edtico na absor\u00e7\u00e3o de nutrientes. Estudos indicam que uma microbiota equilibrada pode aumentar a biodisponibilidade de minerais essenciais como o c\u00e1lcio e o magn\u00e9sio. Al\u00e9m disso, a produ\u00e7\u00e3o de \u00e1cidos graxos de cadeia curta por bact\u00e9rias ben\u00e9ficas promove um ambiente intestinal saud\u00e1vel, o que \u00e9 crucial para a absor\u00e7\u00e3o desses minerais.<\/p>\n\n\n\n<p>Esses \u00e1cidos graxos tamb\u00e9m melhoram a barreira intestinal, o que pode escapar \u00e0 aten\u00e7\u00e3o de muitos ao pensar em sa\u00fade \u00f3ssea. Uma barreira intestinal forte impede a permeabilidade excessiva, prevenindo inflama\u00e7\u00f5es que poderiam comprometer a sa\u00fade dos ossos.<\/p>\n\n\n\n<figure class=\"wp-block-image size-large\"><img loading=\"lazy\" decoding=\"async\" width=\"1024\" height=\"576\" src=\"https:\/\/www.em.com.br\/emfoco\/wp-content\/uploads\/2025\/07\/probioticos-_1752890858130-1024x576.jpg\" alt=\"Como os probi\u00f3ticos fortalecem os ossos e previnem a osteoporose\" class=\"wp-image-78445\" srcset=\"https:\/\/www.em.com.br\/emfoco\/wp-content\/uploads\/2025\/07\/probioticos-_1752890858130-1024x576.jpg 1024w, https:\/\/www.em.com.br\/emfoco\/wp-content\/uploads\/2025\/07\/probioticos-_1752890858130-300x169.jpg 300w, https:\/\/www.em.com.br\/emfoco\/wp-content\/uploads\/2025\/07\/probioticos-_1752890858130-768x432.jpg 768w, https:\/\/www.em.com.br\/emfoco\/wp-content\/uploads\/2025\/07\/probioticos-_1752890858130-750x422.jpg 750w, https:\/\/www.em.com.br\/emfoco\/wp-content\/uploads\/2025\/07\/probioticos-_1752890858130-1140x641.jpg 1140w, https:\/\/www.em.com.br\/emfoco\/wp-content\/uploads\/2025\/07\/probioticos-_1752890858130.jpg 1280w\" sizes=\"auto, (max-width: 1024px) 100vw, 1024px\" \/><figcaption class=\"wp-element-caption\">Alimentos que fazem bem para o funcionamento intestinal &#8211; Cr\u00e9ditos: depositphotos.com \/ rossandhelen<\/figcaption><\/figure>\n\n\n\n<h2 class=\"wp-block-heading\">Probi\u00f3ticos, alimenta\u00e7\u00e3o saud\u00e1vel e estilo de vida: combinando fatores para ossos fortes<\/h2>\n\n\n\n<p>A incorpora\u00e7\u00e3o de probi\u00f3ticos em uma dieta equilibrada pode ser extremamente ben\u00e9fica para a sa\u00fade \u00f3ssea. Alimentos fermentados como iogurtes, kefir e chucrute s\u00e3o fontes naturais de probi\u00f3ticos e podem ser facilmente inclu\u00eddos na dieta di\u00e1ria.<\/p>\n\n\n\n<p>No entanto, al\u00e9m da dieta, outros fatores do estilo de vida tamb\u00e9m s\u00e3o importantes. Exerc\u00edcios regulares e a exposi\u00e7\u00e3o ao sol para a produ\u00e7\u00e3o de vitamina D s\u00e3o cruciais para a sa\u00fade dos ossos. A suplementa\u00e7\u00e3o com probi\u00f3ticos deve ser vista como parte de uma abordagem de vida saud\u00e1vel que considere todos esses aspectos.<\/p>\n\n\n\n<h2 class=\"wp-block-heading\">Probi\u00f3ticos para idosos: benef\u00edcios na sa\u00fade \u00f3ssea e preven\u00e7\u00e3o de osteoporose<\/h2>\n\n\n\n<p>O envelhecimento traz desafios espec\u00edficos para os ossos, como a diminui\u00e7\u00e3o da densidade \u00f3ssea e maior risco de fraturas. O uso de probi\u00f3ticos por idosos tem mostrado potencial para reduzir a perda \u00f3ssea e auxiliar na preven\u00e7\u00e3o da osteoporose, um problema comum nessa faixa et\u00e1ria. Al\u00e9m disso, os probi\u00f3ticos podem aprimorar a sa\u00fade digestiva, facilitando a absor\u00e7\u00e3o de minerais essenciais, como c\u00e1lcio, f\u00f3sforo e magn\u00e9sio, que s\u00e3o necess\u00e1rios para a manuten\u00e7\u00e3o da resist\u00eancia \u00f3ssea.<\/p>\n\n\n\n<p>Tamb\u00e9m \u00e9 importante lembrar que condi\u00e7\u00f5es inflamat\u00f3rias, mais frequentes em pessoas idosas, afetam negativamente o metabolismo \u00f3sseo. Probi\u00f3ticos ajudam a equilibrar a microbiota e a regular a resposta imunol\u00f3gica, contribuindo para um ambiente menos inflamat\u00f3rio, o que pode minimizar o avan\u00e7o de doen\u00e7as \u00f3sseas. Portadores de osteopenia, osteoporose ou hist\u00f3rico familiar dessas condi\u00e7\u00f5es podem se beneficiar ainda mais da inclus\u00e3o dos probi\u00f3ticos no dia a dia.<\/p>\n\n\n\n<h2 class=\"wp-block-heading\">Quest\u00f5es frequentes sobre probi\u00f3ticos e sa\u00fade \u00f3ssea<\/h2>\n\n\n\n<ol class=\"wp-block-list\">\n<li><strong>Os probi\u00f3ticos s\u00e3o seguros para todas as idades?<\/strong> <br>Sim, mas \u00e9 sempre recomend\u00e1vel consultar um m\u00e9dico antes de iniciar qualquer suplementa\u00e7\u00e3o.<\/li>\n\n\n\n<li><strong>\u00c9 poss\u00edvel obter probi\u00f3ticos apenas atrav\u00e9s da dieta?<\/strong> <br>Sim, muitos alimentos fermentados s\u00e3o ricos em probi\u00f3ticos. No entanto, suplementos podem ser necess\u00e1rios para atingir n\u00edveis terap\u00eauticos.<\/li>\n\n\n\n<li><strong>Quais fatores podem afetar negativamente a sa\u00fade \u00f3ssea, al\u00e9m da falta de probi\u00f3ticos?<\/strong> <br>Uma dieta pobre em c\u00e1lcio, pouca atividade f\u00edsica, consumo excessivo de \u00e1lcool e tabagismo.<\/li>\n\n\n\n<li><strong>Qual \u00e9 a melhor maneira de come\u00e7ar a incluir probi\u00f3ticos na dieta?<\/strong> <br>Come\u00e7ar com iogurte probi\u00f3tico \u00e9 uma op\u00e7\u00e3o simples e eficaz. Gradualmente, outros alimentos fermentados podem ser inclu\u00eddos.<\/li>\n<\/ol>\n","protected":false},"excerpt":{"rendered":"<p>Com o avan\u00e7o da idade, o cuidado com a sa\u00fade \u00f3ssea se torna cada vez mais crucial. O papel dos probi\u00f3ticos nesse contexto tem atra\u00eddo aten\u00e7\u00e3o crescente. Esses organismos vivos, principalmente bact\u00e9rias ben\u00e9ficas, desempenham um papel significativo na manuten\u00e7\u00e3o da sa\u00fade intestinal e t\u00eam demonstrado influenciar positivamente a sa\u00fade \u00f3ssea. Estudos mostram que as intera\u00e7\u00f5es [&hellip;]<\/p>\n","protected":false},"author":18,"featured_media":78444,"comment_status":"open","ping_status":"open","sticky":false,"template":"","format":"standard","meta":{"jnews-multi-image_gallery":[],"jnews_single_post":{"format":"standard"},"jnews_primary_category":[],"jnews_social_meta":[],"jnews_override_counter":[],"footnotes":""},"categories":[1],"tags":[260,10753,8432,5104],"class_list":["post-78441","post","type-post","status-publish","format-standard","has-post-thumbnail","hentry","category-noticias","tag-idosos","tag-osteoporose","tag-probioticos","tag-saude-ossea"],"yoast_head":"<!-- This site is optimized with the Yoast SEO plugin v23.8 - https:\/\/yoast.com\/wordpress\/plugins\/seo\/ -->\n<title>Como os probi\u00f3ticos fortalecem os ossos e previnem a osteoporose - Estado de Minas - Em foco<\/title>\n<meta name=\"description\" content=\"Probi\u00f3ticos podem ser a chave para ossos mais fortes na maturidade. Veja como eles atuam na absor\u00e7\u00e3o de c\u00e1lcio e no combate \u00e0 osteoporose.\" \/>\n<meta name=\"robots\" content=\"index, follow, max-snippet:-1, max-image-preview:large, max-video-preview:-1\" \/>\n<link rel=\"canonical\" href=\"https:\/\/www.em.com.br\/emfoco\/2025\/07\/20\/como-os-probioticos-fortalecem-os-ossos-e-previnem-a-osteoporose\/\" \/>\n<meta property=\"og:locale\" content=\"pt_BR\" \/>\n<meta property=\"og:type\" content=\"article\" \/>\n<meta property=\"og:title\" content=\"Como os probi\u00f3ticos fortalecem os ossos e previnem a osteoporose - Estado de Minas - Em foco\" \/>\n<meta property=\"og:description\" content=\"Probi\u00f3ticos podem ser a chave para ossos mais fortes na maturidade. Veja como eles atuam na absor\u00e7\u00e3o de c\u00e1lcio e no combate \u00e0 osteoporose.\" \/>\n<meta property=\"og:url\" content=\"https:\/\/www.em.com.br\/emfoco\/2025\/07\/20\/como-os-probioticos-fortalecem-os-ossos-e-previnem-a-osteoporose\/\" \/>\n<meta property=\"og:site_name\" content=\"Estado de Minas - Em foco\" \/>\n<meta property=\"article:published_time\" content=\"2025-07-20T13:18:00+00:00\" \/>\n<meta property=\"article:modified_time\" content=\"2025-07-19T22:12:22+00:00\" \/>\n<meta property=\"og:image\" content=\"https:\/\/www.em.com.br\/emfoco\/wp-content\/uploads\/2025\/07\/OSSOS-FORTES_1752890788760.jpg\" \/>\n\t<meta property=\"og:image:width\" content=\"1279\" \/>\n\t<meta property=\"og:image:height\" content=\"720\" \/>\n\t<meta property=\"og:image:type\" content=\"image\/jpeg\" \/>\n<meta name=\"author\" content=\"Julio Cesar\" \/>\n<meta name=\"twitter:card\" content=\"summary_large_image\" \/>\n<meta name=\"twitter:label1\" content=\"Escrito por\" \/>\n\t<meta name=\"twitter:data1\" content=\"Julio Cesar\" \/>\n\t<meta name=\"twitter:label2\" content=\"Est. tempo de leitura\" \/>\n\t<meta name=\"twitter:data2\" content=\"5 minutos\" \/>\n<!-- \/ Yoast SEO plugin. -->","yoast_head_json":{"title":"Como os probi\u00f3ticos fortalecem os ossos e previnem a osteoporose - Estado de Minas - Em foco","description":"Probi\u00f3ticos podem ser a chave para ossos mais fortes na maturidade. Veja como eles atuam na absor\u00e7\u00e3o de c\u00e1lcio e no combate \u00e0 osteoporose.","robots":{"index":"index","follow":"follow","max-snippet":"max-snippet:-1","max-image-preview":"max-image-preview:large","max-video-preview":"max-video-preview:-1"},"canonical":"https:\/\/www.em.com.br\/emfoco\/2025\/07\/20\/como-os-probioticos-fortalecem-os-ossos-e-previnem-a-osteoporose\/","og_locale":"pt_BR","og_type":"article","og_title":"Como os probi\u00f3ticos fortalecem os ossos e previnem a osteoporose - Estado de Minas - Em foco","og_description":"Probi\u00f3ticos podem ser a chave para ossos mais fortes na maturidade. Veja como eles atuam na absor\u00e7\u00e3o de c\u00e1lcio e no combate \u00e0 osteoporose.","og_url":"https:\/\/www.em.com.br\/emfoco\/2025\/07\/20\/como-os-probioticos-fortalecem-os-ossos-e-previnem-a-osteoporose\/","og_site_name":"Estado de Minas - Em foco","article_published_time":"2025-07-20T13:18:00+00:00","article_modified_time":"2025-07-19T22:12:22+00:00","og_image":[{"width":1279,"height":720,"url":"https:\/\/www.em.com.br\/emfoco\/wp-content\/uploads\/2025\/07\/OSSOS-FORTES_1752890788760.jpg","type":"image\/jpeg"}],"author":"Julio Cesar","twitter_card":"summary_large_image","twitter_misc":{"Escrito por":"Julio Cesar","Est. tempo de leitura":"5 minutos"},"schema":{"@context":"https:\/\/schema.org","@graph":[{"@type":"WebPage","@id":"https:\/\/www.em.com.br\/emfoco\/2025\/07\/20\/como-os-probioticos-fortalecem-os-ossos-e-previnem-a-osteoporose\/","url":"https:\/\/www.em.com.br\/emfoco\/2025\/07\/20\/como-os-probioticos-fortalecem-os-ossos-e-previnem-a-osteoporose\/","name":"Como os probi\u00f3ticos fortalecem os ossos e previnem a osteoporose - Estado de Minas - Em foco","isPartOf":{"@id":"https:\/\/www.em.com.br\/emfoco\/#website"},"primaryImageOfPage":{"@id":"https:\/\/www.em.com.br\/emfoco\/2025\/07\/20\/como-os-probioticos-fortalecem-os-ossos-e-previnem-a-osteoporose\/#primaryimage"},"image":{"@id":"https:\/\/www.em.com.br\/emfoco\/2025\/07\/20\/como-os-probioticos-fortalecem-os-ossos-e-previnem-a-osteoporose\/#primaryimage"},"thumbnailUrl":"https:\/\/www.em.com.br\/emfoco\/wp-content\/uploads\/2025\/07\/OSSOS-FORTES_1752890788760.jpg","datePublished":"2025-07-20T13:18:00+00:00","dateModified":"2025-07-19T22:12:22+00:00","author":{"@id":"https:\/\/www.em.com.br\/emfoco\/#\/schema\/person\/08c4a03e38018bbab9038d5f788321fc"},"description":"Probi\u00f3ticos podem ser a chave para ossos mais fortes na maturidade. Veja como eles atuam na absor\u00e7\u00e3o de c\u00e1lcio e no combate \u00e0 osteoporose.","breadcrumb":{"@id":"https:\/\/www.em.com.br\/emfoco\/2025\/07\/20\/como-os-probioticos-fortalecem-os-ossos-e-previnem-a-osteoporose\/#breadcrumb"},"inLanguage":"pt-BR","potentialAction":[{"@type":"ReadAction","target":["https:\/\/www.em.com.br\/emfoco\/2025\/07\/20\/como-os-probioticos-fortalecem-os-ossos-e-previnem-a-osteoporose\/"]}]},{"@type":"ImageObject","inLanguage":"pt-BR","@id":"https:\/\/www.em.com.br\/emfoco\/2025\/07\/20\/como-os-probioticos-fortalecem-os-ossos-e-previnem-a-osteoporose\/#primaryimage","url":"https:\/\/www.em.com.br\/emfoco\/wp-content\/uploads\/2025\/07\/OSSOS-FORTES_1752890788760.jpg","contentUrl":"https:\/\/www.em.com.br\/emfoco\/wp-content\/uploads\/2025\/07\/OSSOS-FORTES_1752890788760.jpg","width":1279,"height":720,"caption":"Idosa mostrando que \u00e9 forte - Cr\u00e9ditos: depositphotos.com \/ atholpady"},{"@type":"BreadcrumbList","@id":"https:\/\/www.em.com.br\/emfoco\/2025\/07\/20\/como-os-probioticos-fortalecem-os-ossos-e-previnem-a-osteoporose\/#breadcrumb","itemListElement":[{"@type":"ListItem","position":1,"name":"In\u00edcio","item":"https:\/\/www.em.com.br\/emfoco\/"},{"@type":"ListItem","position":2,"name":"Como os probi\u00f3ticos fortalecem os ossos e previnem a osteoporose"}]},{"@type":"WebSite","@id":"https:\/\/www.em.com.br\/emfoco\/#website","url":"https:\/\/www.em.com.br\/emfoco\/","name":"Estado de Minas - Em foco","description":"Acompanhe as \u00faltimas not\u00edcias e fique bem informado sobre tudo o que acontece em Minas Gerais, Brasil e no mundo.","potentialAction":[{"@type":"SearchAction","target":{"@type":"EntryPoint","urlTemplate":"https:\/\/www.em.com.br\/emfoco\/?s={search_term_string}"},"query-input":{"@type":"PropertyValueSpecification","valueRequired":true,"valueName":"search_term_string"}}],"inLanguage":"pt-BR"},{"@type":"Person","@id":"https:\/\/www.em.com.br\/emfoco\/#\/schema\/person\/08c4a03e38018bbab9038d5f788321fc","name":"Julio Cesar","image":{"@type":"ImageObject","inLanguage":"pt-BR","@id":"https:\/\/www.em.com.br\/emfoco\/#\/schema\/person\/image\/","url":"https:\/\/secure.gravatar.com\/avatar\/ab1ea64f0d4f4c1385f8ef10d5a6e758?s=96&d=mm&r=g","contentUrl":"https:\/\/secure.gravatar.com\/avatar\/ab1ea64f0d4f4c1385f8ef10d5a6e758?s=96&d=mm&r=g","caption":"Julio Cesar"},"url":"https:\/\/www.em.com.br\/emfoco\/author\/juliomyth\/"}]}},"_links":{"self":[{"href":"https:\/\/www.em.com.br\/emfoco\/wp-json\/wp\/v2\/posts\/78441","targetHints":{"allow":["GET"]}}],"collection":[{"href":"https:\/\/www.em.com.br\/emfoco\/wp-json\/wp\/v2\/posts"}],"about":[{"href":"https:\/\/www.em.com.br\/emfoco\/wp-json\/wp\/v2\/types\/post"}],"author":[{"embeddable":true,"href":"https:\/\/www.em.com.br\/emfoco\/wp-json\/wp\/v2\/users\/18"}],"replies":[{"embeddable":true,"href":"https:\/\/www.em.com.br\/emfoco\/wp-json\/wp\/v2\/comments?post=78441"}],"version-history":[{"count":2,"href":"https:\/\/www.em.com.br\/emfoco\/wp-json\/wp\/v2\/posts\/78441\/revisions"}],"predecessor-version":[{"id":78447,"href":"https:\/\/www.em.com.br\/emfoco\/wp-json\/wp\/v2\/posts\/78441\/revisions\/78447"}],"wp:featuredmedia":[{"embeddable":true,"href":"https:\/\/www.em.com.br\/emfoco\/wp-json\/wp\/v2\/media\/78444"}],"wp:attachment":[{"href":"https:\/\/www.em.com.br\/emfoco\/wp-json\/wp\/v2\/media?parent=78441"}],"wp:term":[{"taxonomy":"category","embeddable":true,"href":"https:\/\/www.em.com.br\/emfoco\/wp-json\/wp\/v2\/categories?post=78441"},{"taxonomy":"post_tag","embeddable":true,"href":"https:\/\/www.em.com.br\/emfoco\/wp-json\/wp\/v2\/tags?post=78441"}],"curies":[{"name":"wp","href":"https:\/\/api.w.org\/{rel}","templated":true}]}}