{"id":78400,"date":"2025-07-18T21:40:00","date_gmt":"2025-07-19T00:40:00","guid":{"rendered":"https:\/\/www.em.com.br\/emfoco\/?p=78400"},"modified":"2025-07-18T21:40:59","modified_gmt":"2025-07-19T00:40:59","slug":"essa-e-a-cor-das-pessoas-mas-segundo-a-psicologia","status":"publish","type":"post","link":"https:\/\/www.em.com.br\/emfoco\/2025\/07\/18\/essa-e-a-cor-das-pessoas-mas-segundo-a-psicologia\/","title":{"rendered":"Essa \u00e9 a cor das pessoas m\u00e1s, segundo\u00a0a\u00a0psicologia"},"content":{"rendered":"\n<p>A cor das pessoas m\u00e1s segundo a psicologia \u00e9 um tema que instiga a curiosidade de muitos. Na pr\u00e1tica, os indiv\u00edduos frequentemente associam cores espec\u00edficas a diferentes tra\u00e7os de personalidade e estados emocionais, uma abordagem que a psicologia das cores estuda com fervor. Este campo examina como as cores podem influenciar as percep\u00e7\u00f5es e comportamentos humanos, atribuindo significados e emo\u00e7\u00f5es espec\u00edficas a cada cor. Pesquisadores como&nbsp;<strong>Angela Wright<\/strong>, especialista em psicologia das cores, ressaltam ainda que fatores ambientais e contextuais podem intensificar essas associa\u00e7\u00f5es.<\/p>\n\n\n\n<p>Dentro deste contexto, algumas cores podem ser erroneamente associadas a caracteres negativos, por\u00e9m as interpreta\u00e7\u00f5es variam culturalmente e individualmente. Os psic\u00f3logos enfatizam que as cores n\u00e3o t\u00eam significado inerente de bem ou mal, mas podem ser usadas simbolicamente em diferentes culturas para representar conceitos como coragem, agressividade ou serenidade. Por exemplo, em&nbsp;<strong>Estados Unidos<\/strong>, o preto pode simbolizar luto, enquanto em outros pa\u00edses representa nobreza ou prest\u00edgio.<\/p>\n\n\n\n<p>Na psicologia e na cultura ocidental, a cor <strong>preta<\/strong> \u00e9 a mais frequentemente associada a pessoas consideradas \u201cm\u00e1s\u201d ou com inten\u00e7\u00f5es negativas. No entanto, ela tamb\u00e9m pode simbolizar eleg\u00e2ncia e sofistica\u00e7\u00e3o, dependendo do contexto cultural. Isso evidencia a dualidade de significados atribu\u00eddos a certas cores.<\/p>\n\n\n\n<h2 class=\"wp-block-heading\">Como a psicologia das cores explica a associa\u00e7\u00e3o de cores e personalidade?<\/h2>\n\n\n\n<p>A psicologia das cores investiga as associa\u00e7\u00f5es que as pessoas fazem entre cores e emo\u00e7\u00f5es ou tra\u00e7os de personalidade. Esta \u00e1rea de estudo busca compreender como as cores podem influenciar o humor e o comportamento, al\u00e9m de como os indiv\u00edduos percebem umas \u00e0s outras baseando-se em cores associativas. \u00c9 importante notar que as associa\u00e7\u00f5es podem ser amplamente subjetivas e variam consideravelmente entre culturas. Al\u00e9m disso, estudos indicam que cores como vermelho e azul podem afetar o desempenho em tarefas espec\u00edficas, com o vermelho muitas vezes associado a rea\u00e7\u00f5es emocionais imediatas e o azul ligado a um aumento na criatividade. Segundo an\u00e1lises conduzidas pela&nbsp;<strong>Universidade de Rochester<\/strong>, o vermelho tamb\u00e9m pode amplificar a aten\u00e7\u00e3o e percep\u00e7\u00e3o de risco entre participantes de certos experimentos.<\/p>\n\n\n\n<h2 class=\"wp-block-heading\">Quais cores normalmente t\u00eam significados negativos?<\/h2>\n\n\n\n<p>De acordo com alguns estudos, o preto \u00e9 frequentemente associado \u00e0 tristeza ou mist\u00e9rio, enquanto o vermelho pode ser relacionado \u00e0 agressividade ou paix\u00e3o intensa. No entanto, essas associa\u00e7\u00f5es n\u00e3o s\u00e3o universais. A cor preta, por exemplo, tamb\u00e9m \u00e9 vista como elegante e sofisticada em muitos contextos culturais. J\u00e1 o vermelho pode evocar sentimentos de amor e atratividade.<\/p>\n\n\n\n<figure class=\"wp-block-image\"><img decoding=\"async\" src=\"https:\/\/www.em.com.br\/emfoco\/wp-content\/uploads\/2025\/05\/malhas-moda_1747849782921-1024x576.jpg\" alt=\"\"\/><figcaption class=\"wp-element-caption\">Roupas na arara &#8211; Cr\u00e9ditos: depositphotos.com \/ tenkende<\/figcaption><\/figure>\n\n\n\n<p>Um exemplo de como o vermelho \u00e9 utilizado em contextos culturais est\u00e1 em campanhas publicit\u00e1rias que buscam transmitir urg\u00eancia ou paix\u00e3o. Marcas frequentemente utilizam essa cor para chamar a aten\u00e7\u00e3o do p\u00fablico e incitar uma resposta imediata, como em liquida\u00e7\u00f5es e promo\u00e7\u00f5es limitadas. Empresas como&nbsp;<strong>Coca-Cola<\/strong>&nbsp;exploram intensamente este efeito em suas campanhas globais.<\/p>\n\n\n\n<h2 class=\"wp-block-heading\">A percep\u00e7\u00e3o de cores negativas \u00e9 igual em todos os lugares?<\/h2>\n\n\n\n<p>De maneira geral, a percep\u00e7\u00e3o de cores negativas ou m\u00e1s n\u00e3o \u00e9 universal. Cores que carregam conota\u00e7\u00f5es negativas em uma cultura podem ser vistas de forma oposta em outra. Isso mostra que a psicologia das cores deve levar em considera\u00e7\u00e3o contextos culturais e experi\u00eancias pessoais ao interpretar o significado das cores. Por exemplo, em&nbsp;<strong>China<\/strong>, o vermelho costuma simbolizar sorte e prosperidade, em contraste com sua associa\u00e7\u00e3o \u00e0 agressividade em outras culturas.<\/p>\n\n\n\n<p>Leia tamb\u00e9m: <a href=\"https:\/\/www.em.com.br\/emfoco\/2025\/07\/18\/o-que-significa-quando-uma-pessoa-se-cala-para-evitar-conflitos-de-acordo-com-a-psicologia\/\" target=\"_blank\" rel=\"noreferrer noopener\">O que significa quando uma pessoa se cala para evitar conflitos, de acordo com a psicologia<\/a><\/p>\n\n\n\n<h2 class=\"wp-block-heading\">A paleta de cores realmente afeta comportamentos?<\/h2>\n\n\n\n<p>Sim, h\u00e1 evid\u00eancias de que as cores podem influenciar comportamentos e estados emocionais. Por exemplo, ambientes decorados com cores suaves tendem a promover relaxamento, enquanto cores vibrantes podem aumentar os n\u00edveis de energia. Ainda assim, \u00e9 essencial lembrar que esses efeitos podem variar de pessoa para pessoa. Estudo recente da&nbsp;<strong>Universidade de Oxford<\/strong>&nbsp;apontou que ambientes escolares repaginados com tons claros melhoraram o desempenho de estudantes.<\/p>\n\n\n\n<h2 class=\"wp-block-heading\">Considera\u00e7\u00f5es finais sobre a psicologia das cores<\/h2>\n\n\n\n<ul class=\"wp-block-list\">\n<li>As cores n\u00e3o possuem significados intr\u00ednsecos de bem ou mal e suas interpreta\u00e7\u00f5es s\u00e3o altamente culturais.<\/li>\n\n\n\n<li>O ambiente colorido pode impactar significativamente as emo\u00e7\u00f5es e comportamentos.<\/li>\n\n\n\n<li>A psicologia das cores \u00e9 uma \u00e1rea complexa que estuda as intera\u00e7\u00f5es entre percep\u00e7\u00e3o visual e psicol\u00f3gico humano.<\/li>\n\n\n\n<li>A cor <strong>preta<\/strong> \u00e9 a mais simbolicamente ligada \u00e0 ideia de \u201cpessoa m\u00e1\u201d, mas esse v\u00ednculo vem da cultura e da psicologia social, n\u00e3o de um tra\u00e7o real de personalidade.<\/li>\n<\/ul>\n\n\n\n<p><\/p>\n","protected":false},"excerpt":{"rendered":"<p>A cor das pessoas m\u00e1s segundo a psicologia \u00e9 um tema que instiga a curiosidade de muitos. Na pr\u00e1tica, os indiv\u00edduos frequentemente associam cores espec\u00edficas a diferentes tra\u00e7os de personalidade e estados emocionais, uma abordagem que a psicologia das cores estuda com fervor. Este campo examina como as cores podem influenciar as percep\u00e7\u00f5es e comportamentos [&hellip;]<\/p>\n","protected":false},"author":11,"featured_media":78401,"comment_status":"open","ping_status":"open","sticky":false,"template":"","format":"standard","meta":{"jnews-multi-image_gallery":[],"jnews_single_post":{"format":"standard"},"jnews_primary_category":[],"jnews_social_meta":[],"jnews_override_counter":[],"footnotes":""},"categories":[1],"tags":[],"class_list":["post-78400","post","type-post","status-publish","format-standard","has-post-thumbnail","hentry","category-noticias"],"yoast_head":"<!-- This site is optimized with the Yoast SEO plugin v23.8 - https:\/\/yoast.com\/wordpress\/plugins\/seo\/ -->\n<title>Essa \u00e9 a cor das pessoas m\u00e1s, segundo\u00a0a\u00a0psicologia - Estado de Minas - Em foco<\/title>\n<meta name=\"robots\" content=\"index, follow, max-snippet:-1, max-image-preview:large, max-video-preview:-1\" \/>\n<link rel=\"canonical\" href=\"https:\/\/www.em.com.br\/emfoco\/2025\/07\/18\/essa-e-a-cor-das-pessoas-mas-segundo-a-psicologia\/\" \/>\n<meta property=\"og:locale\" content=\"pt_BR\" \/>\n<meta property=\"og:type\" content=\"article\" \/>\n<meta property=\"og:title\" content=\"Essa \u00e9 a cor das pessoas m\u00e1s, segundo\u00a0a\u00a0psicologia - Estado de Minas - Em foco\" \/>\n<meta property=\"og:description\" content=\"A cor das pessoas m\u00e1s segundo a psicologia \u00e9 um tema que instiga a curiosidade de muitos. Na pr\u00e1tica, os indiv\u00edduos frequentemente associam cores espec\u00edficas a diferentes tra\u00e7os de personalidade e estados emocionais, uma abordagem que a psicologia das cores estuda com fervor. Este campo examina como as cores podem influenciar as percep\u00e7\u00f5es e comportamentos [&hellip;]\" \/>\n<meta property=\"og:url\" content=\"https:\/\/www.em.com.br\/emfoco\/2025\/07\/18\/essa-e-a-cor-das-pessoas-mas-segundo-a-psicologia\/\" \/>\n<meta property=\"og:site_name\" content=\"Estado de Minas - Em foco\" \/>\n<meta property=\"article:published_time\" content=\"2025-07-19T00:40:00+00:00\" \/>\n<meta property=\"article:modified_time\" content=\"2025-07-19T00:40:59+00:00\" \/>\n<meta property=\"og:image\" content=\"https:\/\/www.em.com.br\/emfoco\/wp-content\/uploads\/2025\/07\/mulher-roupa_1752884078963.jpg\" \/>\n\t<meta property=\"og:image:width\" content=\"1280\" \/>\n\t<meta property=\"og:image:height\" content=\"720\" \/>\n\t<meta property=\"og:image:type\" content=\"image\/jpeg\" \/>\n<meta name=\"author\" content=\"Andre\u0301 Rangel\u00a0\" \/>\n<meta name=\"twitter:card\" content=\"summary_large_image\" \/>\n<meta name=\"twitter:label1\" content=\"Escrito por\" \/>\n\t<meta name=\"twitter:data1\" content=\"Andre\u0301 Rangel\u00a0\" \/>\n\t<meta name=\"twitter:label2\" content=\"Est. tempo de leitura\" \/>\n\t<meta name=\"twitter:data2\" content=\"5 minutos\" \/>\n<!-- \/ Yoast SEO plugin. -->","yoast_head_json":{"title":"Essa \u00e9 a cor das pessoas m\u00e1s, segundo\u00a0a\u00a0psicologia - Estado de Minas - Em foco","robots":{"index":"index","follow":"follow","max-snippet":"max-snippet:-1","max-image-preview":"max-image-preview:large","max-video-preview":"max-video-preview:-1"},"canonical":"https:\/\/www.em.com.br\/emfoco\/2025\/07\/18\/essa-e-a-cor-das-pessoas-mas-segundo-a-psicologia\/","og_locale":"pt_BR","og_type":"article","og_title":"Essa \u00e9 a cor das pessoas m\u00e1s, segundo\u00a0a\u00a0psicologia - Estado de Minas - Em foco","og_description":"A cor das pessoas m\u00e1s segundo a psicologia \u00e9 um tema que instiga a curiosidade de muitos. Na pr\u00e1tica, os indiv\u00edduos frequentemente associam cores espec\u00edficas a diferentes tra\u00e7os de personalidade e estados emocionais, uma abordagem que a psicologia das cores estuda com fervor. Este campo examina como as cores podem influenciar as percep\u00e7\u00f5es e comportamentos [&hellip;]","og_url":"https:\/\/www.em.com.br\/emfoco\/2025\/07\/18\/essa-e-a-cor-das-pessoas-mas-segundo-a-psicologia\/","og_site_name":"Estado de Minas - Em foco","article_published_time":"2025-07-19T00:40:00+00:00","article_modified_time":"2025-07-19T00:40:59+00:00","og_image":[{"width":1280,"height":720,"url":"https:\/\/www.em.com.br\/emfoco\/wp-content\/uploads\/2025\/07\/mulher-roupa_1752884078963.jpg","type":"image\/jpeg"}],"author":"Andre\u0301 Rangel\u00a0","twitter_card":"summary_large_image","twitter_misc":{"Escrito por":"Andre\u0301 Rangel\u00a0","Est. tempo de leitura":"5 minutos"},"schema":{"@context":"https:\/\/schema.org","@graph":[{"@type":"WebPage","@id":"https:\/\/www.em.com.br\/emfoco\/2025\/07\/18\/essa-e-a-cor-das-pessoas-mas-segundo-a-psicologia\/","url":"https:\/\/www.em.com.br\/emfoco\/2025\/07\/18\/essa-e-a-cor-das-pessoas-mas-segundo-a-psicologia\/","name":"Essa \u00e9 a cor das pessoas m\u00e1s, segundo\u00a0a\u00a0psicologia - Estado de Minas - Em foco","isPartOf":{"@id":"https:\/\/www.em.com.br\/emfoco\/#website"},"primaryImageOfPage":{"@id":"https:\/\/www.em.com.br\/emfoco\/2025\/07\/18\/essa-e-a-cor-das-pessoas-mas-segundo-a-psicologia\/#primaryimage"},"image":{"@id":"https:\/\/www.em.com.br\/emfoco\/2025\/07\/18\/essa-e-a-cor-das-pessoas-mas-segundo-a-psicologia\/#primaryimage"},"thumbnailUrl":"https:\/\/www.em.com.br\/emfoco\/wp-content\/uploads\/2025\/07\/mulher-roupa_1752884078963.jpg","datePublished":"2025-07-19T00:40:00+00:00","dateModified":"2025-07-19T00:40:59+00:00","author":{"@id":"https:\/\/www.em.com.br\/emfoco\/#\/schema\/person\/60eda09c1fedf0d6891f4cef4b60b8b8"},"breadcrumb":{"@id":"https:\/\/www.em.com.br\/emfoco\/2025\/07\/18\/essa-e-a-cor-das-pessoas-mas-segundo-a-psicologia\/#breadcrumb"},"inLanguage":"pt-BR","potentialAction":[{"@type":"ReadAction","target":["https:\/\/www.em.com.br\/emfoco\/2025\/07\/18\/essa-e-a-cor-das-pessoas-mas-segundo-a-psicologia\/"]}]},{"@type":"ImageObject","inLanguage":"pt-BR","@id":"https:\/\/www.em.com.br\/emfoco\/2025\/07\/18\/essa-e-a-cor-das-pessoas-mas-segundo-a-psicologia\/#primaryimage","url":"https:\/\/www.em.com.br\/emfoco\/wp-content\/uploads\/2025\/07\/mulher-roupa_1752884078963.jpg","contentUrl":"https:\/\/www.em.com.br\/emfoco\/wp-content\/uploads\/2025\/07\/mulher-roupa_1752884078963.jpg","width":1280,"height":720,"caption":"A escolha das cores influencia diretamente no resultado do visual- Cr\u00e9ditos: depositphotos.com \/ NinaMalyna"},{"@type":"BreadcrumbList","@id":"https:\/\/www.em.com.br\/emfoco\/2025\/07\/18\/essa-e-a-cor-das-pessoas-mas-segundo-a-psicologia\/#breadcrumb","itemListElement":[{"@type":"ListItem","position":1,"name":"In\u00edcio","item":"https:\/\/www.em.com.br\/emfoco\/"},{"@type":"ListItem","position":2,"name":"Essa \u00e9 a cor das pessoas m\u00e1s, segundo\u00a0a\u00a0psicologia"}]},{"@type":"WebSite","@id":"https:\/\/www.em.com.br\/emfoco\/#website","url":"https:\/\/www.em.com.br\/emfoco\/","name":"Estado de Minas - Em foco","description":"Acompanhe as \u00faltimas not\u00edcias e fique bem informado sobre tudo o que acontece em Minas Gerais, Brasil e no mundo.","potentialAction":[{"@type":"SearchAction","target":{"@type":"EntryPoint","urlTemplate":"https:\/\/www.em.com.br\/emfoco\/?s={search_term_string}"},"query-input":{"@type":"PropertyValueSpecification","valueRequired":true,"valueName":"search_term_string"}}],"inLanguage":"pt-BR"},{"@type":"Person","@id":"https:\/\/www.em.com.br\/emfoco\/#\/schema\/person\/60eda09c1fedf0d6891f4cef4b60b8b8","name":"Andre\u0301 Rangel\u00a0","image":{"@type":"ImageObject","inLanguage":"pt-BR","@id":"https:\/\/www.em.com.br\/emfoco\/#\/schema\/person\/image\/","url":"https:\/\/secure.gravatar.com\/avatar\/6234dc814c77c8ef6d8bba622c787efc?s=96&d=mm&r=g","contentUrl":"https:\/\/secure.gravatar.com\/avatar\/6234dc814c77c8ef6d8bba622c787efc?s=96&d=mm&r=g","caption":"Andre\u0301 Rangel\u00a0"},"url":"https:\/\/www.em.com.br\/emfoco\/author\/luizmyth\/"}]}},"_links":{"self":[{"href":"https:\/\/www.em.com.br\/emfoco\/wp-json\/wp\/v2\/posts\/78400","targetHints":{"allow":["GET"]}}],"collection":[{"href":"https:\/\/www.em.com.br\/emfoco\/wp-json\/wp\/v2\/posts"}],"about":[{"href":"https:\/\/www.em.com.br\/emfoco\/wp-json\/wp\/v2\/types\/post"}],"author":[{"embeddable":true,"href":"https:\/\/www.em.com.br\/emfoco\/wp-json\/wp\/v2\/users\/11"}],"replies":[{"embeddable":true,"href":"https:\/\/www.em.com.br\/emfoco\/wp-json\/wp\/v2\/comments?post=78400"}],"version-history":[{"count":2,"href":"https:\/\/www.em.com.br\/emfoco\/wp-json\/wp\/v2\/posts\/78400\/revisions"}],"predecessor-version":[{"id":78409,"href":"https:\/\/www.em.com.br\/emfoco\/wp-json\/wp\/v2\/posts\/78400\/revisions\/78409"}],"wp:featuredmedia":[{"embeddable":true,"href":"https:\/\/www.em.com.br\/emfoco\/wp-json\/wp\/v2\/media\/78401"}],"wp:attachment":[{"href":"https:\/\/www.em.com.br\/emfoco\/wp-json\/wp\/v2\/media?parent=78400"}],"wp:term":[{"taxonomy":"category","embeddable":true,"href":"https:\/\/www.em.com.br\/emfoco\/wp-json\/wp\/v2\/categories?post=78400"},{"taxonomy":"post_tag","embeddable":true,"href":"https:\/\/www.em.com.br\/emfoco\/wp-json\/wp\/v2\/tags?post=78400"}],"curies":[{"name":"wp","href":"https:\/\/api.w.org\/{rel}","templated":true}]}}