{"id":78371,"date":"2025-07-18T21:50:00","date_gmt":"2025-07-19T00:50:00","guid":{"rendered":"https:\/\/www.em.com.br\/emfoco\/?p=78371"},"modified":"2025-07-18T19:00:47","modified_gmt":"2025-07-18T22:00:47","slug":"as-melhores-escovas-progressivas-de-2025-para-todos-os-tipos-de-cabelo","status":"publish","type":"post","link":"https:\/\/www.em.com.br\/emfoco\/2025\/07\/18\/as-melhores-escovas-progressivas-de-2025-para-todos-os-tipos-de-cabelo\/","title":{"rendered":"As melhores escovas progressivas de 2025 para todos os tipos de cabelo"},"content":{"rendered":"\n<p>No universo dos tratamentos capilares, as escovas progressivas continuam em evid\u00eancia em 2025, marcando presen\u00e7a como uma solu\u00e7\u00e3o preferida para quem deseja fios disciplinados, brilhantes e com toque macio. Este tipo de procedimento se popularizou ao longo dos anos e, atualmente, v\u00e1rias marcas apresentam f\u00f3rmulas inovadoras, priorizando tanto o resultado do alisamento quanto a sa\u00fade do cabelo. Para muitas pessoas, optar pela progressiva significa investir em praticidade, j\u00e1 que os cabelos ficam visivelmente mais f\u00e1ceis de cuidar no dia a dia, como mostra o site <a href=\"https:\/\/www.katiaribeiro.com.br\/top-5-escovas-progressivas-mais-bem-avaliadas-de-2025-escolha-a-melhor-para-o-seu-cabelo\/\" target=\"_blank\" rel=\"noreferrer noopener\">Katia Ribeiro.<\/a><\/p>\n\n\n\n<p>\u00c0 medida que cresce o interesse em tratamentos que respeitam a individualidade dos fios, existe uma aten\u00e7\u00e3o ainda maior na escolha do produto mais indicado. Com diferentes composi\u00e7\u00f5es e modos de a\u00e7\u00e3o, as escovas progressivas de 2025 refletem a busca por alternativas mais seguras, livres de subst\u00e2ncias controversas, e que ofere\u00e7am benef\u00edcios complementares, como hidrata\u00e7\u00e3o profunda e recupera\u00e7\u00e3o capilar. Assim, definir a melhor op\u00e7\u00e3o exige an\u00e1lise detalhada n\u00e3o apenas do efeito desejado, mas tamb\u00e9m das necessidades e hist\u00f3rico de cada cabelo.<\/p>\n\n\n\n<h2 class=\"wp-block-heading\">Quais s\u00e3o as escovas progressivas mais bem avaliadas em 2025?<\/h2>\n\n\n\n<p>Neste ano, seis produtos se destacam entre as escovas progressivas mais recomendadas e bem avaliadas por profissionais e consumidores. Cada uma oferece diferenciais pensados para atender p\u00fablicos diversos e objetivos variados, variando entre alisamento intenso, cuidado vegano, efeito anti-frizz e repara\u00e7\u00e3o dos danos. Empresas do segmento investem em ativos como prote\u00ednas, extratos vegetais e tecnologias sem formol para conquistar novos adeptos e garantir resultados duradouros e saud\u00e1veis.<\/p>\n\n\n\n<ul class=\"wp-block-list\">\n<li><strong>Exoplastia Capilar Exo Hair<\/strong>: ideal para quem busca fios extremamente lisos e n\u00e3o pretende utilizar compostos agressivos.<\/li>\n\n\n\n<li><strong>Burix One Prohall Vegana<\/strong>: desenvolvida para quem prefere ingredientes naturais e pr\u00e1ticas livres de origem animal.<\/li>\n\n\n\n<li><strong>Fashion Gold<\/strong>: reconhecida por proporcionar nutri\u00e7\u00e3o intensa e reduzir o frizz, sendo indicada para cabelos volumosos e indisciplinados.<\/li>\n\n\n\n<li><strong>Liss Ciare De Bambu Paiolla<\/strong>: aposta em hidrata\u00e7\u00e3o profunda, realce do brilho e revitaliza\u00e7\u00e3o dos fios opacos.<\/li>\n\n\n\n<li><strong>Let Me Be Protein Smoothing<\/strong>: indicada para consumidores que desejam unir o poder alisante \u00e0 restaura\u00e7\u00e3o da fibra capilar.<\/li>\n<\/ul>\n\n\n\n<p>A decis\u00e3o por uma dessas escovas progressivas deve ser baseada nas caracter\u00edsticas e necessidades do cabelo, al\u00e9m das recomenda\u00e7\u00f5es de profissionais qualificados no assunto.<\/p>\n\n\n\n<h2 class=\"wp-block-heading\">Como identificar a melhor escova progressiva para cada tipo de cabelo?<\/h2>\n\n\n\n<p>Selecionar o tratamento ideal envolve avaliar o tipo, a sa\u00fade e o hist\u00f3rico dos fios quanto a outros procedimentos qu\u00edmicos j\u00e1 realizados. Quest\u00f5es como espessura, curvatura, exposi\u00e7\u00e3o a tinturas ou descolora\u00e7\u00f5es, al\u00e9m de poss\u00edveis sensibilidades cut\u00e2neas, s\u00e3o fatores que influenciam diretamente na efic\u00e1cia e na seguran\u00e7a do procedimento. Um bom diagn\u00f3stico capilar, feito por um cabeleireiro experiente, pode evitar incompatibilidades qu\u00edmicas e reduzir riscos de danos indesejados.<\/p>\n\n\n\n<ol class=\"wp-block-list\">\n<li>Analise se j\u00e1 houve uso recente de qu\u00edmicas, como colora\u00e7\u00f5es ou relaxamento;<\/li>\n\n\n\n<li>Considere a textura predominante \u2013 fios finos, grossos, crespos ou alisados artificialmente requerem abordagens distintas;<\/li>\n\n\n\n<li>Verifique hist\u00f3rico de rea\u00e7\u00f5es adversas a cosm\u00e9ticos.<\/li>\n<\/ol>\n\n\n\n<p>A partir dessas informa\u00e7\u00f5es, recomenda-se procurar escovas progressivas cuja formula\u00e7\u00e3o seja compat\u00edvel com o perfil do cabelo, buscando sempre priorizar produtos com ativos que fortale\u00e7am e protejam a estrutura capilar, segundo o site <a href=\"https:\/\/crocheonline.com.br\/2025\/07\/04\/secar-o-cabelo-rapido-sem-danificar-os-fios-agora-e-possivel-veja-como\/\" target=\"_blank\" rel=\"noreferrer noopener\">Croch\u00ea Online<\/a>.<\/p>\n\n\n<div class=\"wp-block-image\">\n<figure class=\"aligncenter size-large\"><img loading=\"lazy\" decoding=\"async\" width=\"1024\" height=\"576\" src=\"https:\/\/www.em.com.br\/emfoco\/wp-content\/uploads\/2025\/07\/chapinha-cabelo_1752875805086-1024x576.jpg\" alt=\"As melhores escovas progressivas de 2025 para todos os tipos de cabelo\" class=\"wp-image-78374\" srcset=\"https:\/\/www.em.com.br\/emfoco\/wp-content\/uploads\/2025\/07\/chapinha-cabelo_1752875805086-1024x576.jpg 1024w, https:\/\/www.em.com.br\/emfoco\/wp-content\/uploads\/2025\/07\/chapinha-cabelo_1752875805086-300x169.jpg 300w, https:\/\/www.em.com.br\/emfoco\/wp-content\/uploads\/2025\/07\/chapinha-cabelo_1752875805086-768x432.jpg 768w, https:\/\/www.em.com.br\/emfoco\/wp-content\/uploads\/2025\/07\/chapinha-cabelo_1752875805086-750x422.jpg 750w, https:\/\/www.em.com.br\/emfoco\/wp-content\/uploads\/2025\/07\/chapinha-cabelo_1752875805086-1140x641.jpg 1140w, https:\/\/www.em.com.br\/emfoco\/wp-content\/uploads\/2025\/07\/chapinha-cabelo_1752875805086.jpg 1280w\" sizes=\"auto, (max-width: 1024px) 100vw, 1024px\" \/><figcaption class=\"wp-element-caption\">Cabelo alisado (Cr\u00e9ditos: depositphotos.com \/ MillaFedotova)<\/figcaption><\/figure><\/div>\n\n\n<h2 class=\"wp-block-heading\">Por que a escova progressiva sem formol se tornou prefer\u00eancia em 2025?<\/h2>\n\n\n\n<p>Em 2025, o segmento de alisamento qu\u00edmico vem priorizando alternativas ao formol, considerando novas normas de seguran\u00e7a e uma demanda crescente por m\u00e9todos menos agressivos \u00e0 sa\u00fade. O formol, conhecido por proporcionar efeito liso prolongado, vem sendo evitado devido ao potencial de causar rea\u00e7\u00f5es adversas, como irrita\u00e7\u00f5es e alergias. Com isso, f\u00f3rmulas \u00e0 base de \u00e1cidos org\u00e2nicos, amino\u00e1cidos e prote\u00ednas ganham espa\u00e7o, promovendo alisamento eficaz e, ao mesmo tempo, menor risco de agress\u00e3o aos fios e couro cabeludo.<\/p>\n\n\n\n<p>Al\u00e9m de alisar, essas novas f\u00f3rmulas se destacam pela capacidade de tratar o cabelo, reduzindo o frizz, <a href=\"https:\/\/www.em.com.br\/emfoco\/2025\/07\/17\/decoracao-com-plantas-e-tendencia-para-renovar-todos-os-ambientes\/\" target=\"_blank\" rel=\"noreferrer noopener\">melhorando<\/a> o brilho e prolongando o resultado do procedimento. A manuten\u00e7\u00e3o torna-se mais simples, e o risco de danos \u00e9 claramente minimizado, criando um ambiente favor\u00e1vel tanto para o uso dom\u00e9stico quanto para o profissional.<\/p>\n\n\n\n<h2 class=\"wp-block-heading\">Quais s\u00e3o os cuidados essenciais ap\u00f3s a aplica\u00e7\u00e3o da escova progressiva?<\/h2>\n\n\n\n<p>A durabilidade e sa\u00fade dos fios ap\u00f3s o procedimento dependem diretamente dos cuidados adotados nos dias e semanas seguintes ao alisamento. Escolher shampoos livres de sulfato, manter hidrata\u00e7\u00f5es regulares e reduzir a frequ\u00eancia de ferramentas t\u00e9rmicas, como chapinha e secador, s\u00e3o pr\u00e1ticas recomendadas para prolongar e proteger o efeito liso. Prender os cabelos de forma suave, evitar retoques fora do per\u00edodo autorizado pela fabricante e estar atento \u00e0 sensibilidade do couro cabeludo tamb\u00e9m fazem parte da rotina ideal ap\u00f3s a aplica\u00e7\u00e3o.<\/p>\n\n\n\n<ul class=\"wp-block-list\">\n<li>Prefira produtos espec\u00edficos para cabelos quimicamente tratados, com \u00eanfase na hidrata\u00e7\u00e3o e prote\u00e7\u00e3o;<\/li>\n\n\n\n<li>Evite lavagens excessivas para n\u00e3o retirar os ativos do tratamento de forma prematura;<\/li>\n\n\n\n<li>Agende manuten\u00e7\u00f5es com profissionais experientes sempre que perceber necessidade;<\/li>\n\n\n\n<li>Observe o comportamento dos fios e reavalie procedimentos conforme as mudan\u00e7as naturais do cabelo.<\/li>\n<\/ul>\n\n\n\n<p>Ao conjugar informa\u00e7\u00e3o atualizada, diagn\u00f3stico personalizado e ado\u00e7\u00e3o de h\u00e1bitos cuidadosos, \u00e9 poss\u00edvel alcan\u00e7ar resultados mais seguros e duradouros com as escovas progressivas mais bem avaliadas de 2025. Cuidar dos cabelos e escolher o tratamento adequado faz toda a diferen\u00e7a para quem busca praticidade, beleza e sa\u00fade capilar durante todo o ano.<\/p>\n","protected":false},"excerpt":{"rendered":"<p>No universo dos tratamentos capilares, as escovas progressivas continuam em evid\u00eancia em 2025, marcando presen\u00e7a como uma solu\u00e7\u00e3o preferida para quem deseja fios disciplinados, brilhantes e com toque macio. Este tipo de procedimento se popularizou ao longo dos anos e, atualmente, v\u00e1rias marcas apresentam f\u00f3rmulas inovadoras, priorizando tanto o resultado do alisamento quanto a sa\u00fade [&hellip;]<\/p>\n","protected":false},"author":10,"featured_media":78373,"comment_status":"open","ping_status":"open","sticky":false,"template":"","format":"standard","meta":{"jnews-multi-image_gallery":[],"jnews_single_post":{"format":"standard"},"jnews_primary_category":[],"jnews_social_meta":[],"jnews_override_counter":[],"footnotes":""},"categories":[29],"tags":[12461,4905,12460],"class_list":["post-78371","post","type-post","status-publish","format-standard","has-post-thumbnail","hentry","category-entretenimento","tag-cabeleleiro","tag-cabelo","tag-escova-progressivo"],"yoast_head":"<!-- This site is optimized with the Yoast SEO plugin v23.8 - https:\/\/yoast.com\/wordpress\/plugins\/seo\/ -->\n<title>As melhores escovas progressivas de 2025 para todos os tipos de cabelo - Estado de Minas - Em foco<\/title>\n<meta name=\"description\" content=\"Escovas progressivas sem formol s\u00e3o a nova tend\u00eancia de 2025. Veja as mais indicadas, com alisamento potente e menos agress\u00e3o aos fios.\" \/>\n<meta name=\"robots\" content=\"index, follow, max-snippet:-1, max-image-preview:large, max-video-preview:-1\" \/>\n<link rel=\"canonical\" href=\"https:\/\/www.em.com.br\/emfoco\/2025\/07\/18\/as-melhores-escovas-progressivas-de-2025-para-todos-os-tipos-de-cabelo\/\" \/>\n<meta property=\"og:locale\" content=\"pt_BR\" \/>\n<meta property=\"og:type\" content=\"article\" \/>\n<meta property=\"og:title\" content=\"As melhores escovas progressivas de 2025 para todos os tipos de cabelo - Estado de Minas - Em foco\" \/>\n<meta property=\"og:description\" content=\"Escovas progressivas sem formol s\u00e3o a nova tend\u00eancia de 2025. Veja as mais indicadas, com alisamento potente e menos agress\u00e3o aos fios.\" \/>\n<meta property=\"og:url\" content=\"https:\/\/www.em.com.br\/emfoco\/2025\/07\/18\/as-melhores-escovas-progressivas-de-2025-para-todos-os-tipos-de-cabelo\/\" \/>\n<meta property=\"og:site_name\" content=\"Estado de Minas - Em foco\" \/>\n<meta property=\"article:published_time\" content=\"2025-07-19T00:50:00+00:00\" \/>\n<meta property=\"article:modified_time\" content=\"2025-07-18T22:00:47+00:00\" \/>\n<meta property=\"og:image\" content=\"https:\/\/www.em.com.br\/emfoco\/wp-content\/uploads\/2025\/07\/chapinha-cabelo_1752875769190.jpg\" \/>\n\t<meta property=\"og:image:width\" content=\"1279\" \/>\n\t<meta property=\"og:image:height\" content=\"720\" \/>\n\t<meta property=\"og:image:type\" content=\"image\/jpeg\" \/>\n<meta name=\"author\" content=\"Patryck Reinehr\" \/>\n<meta name=\"twitter:card\" content=\"summary_large_image\" \/>\n<meta name=\"twitter:label1\" content=\"Escrito por\" \/>\n\t<meta name=\"twitter:data1\" content=\"Patryck Reinehr\" \/>\n\t<meta name=\"twitter:label2\" content=\"Est. tempo de leitura\" \/>\n\t<meta name=\"twitter:data2\" content=\"6 minutos\" \/>\n<!-- \/ Yoast SEO plugin. -->","yoast_head_json":{"title":"As melhores escovas progressivas de 2025 para todos os tipos de cabelo - Estado de Minas - Em foco","description":"Escovas progressivas sem formol s\u00e3o a nova tend\u00eancia de 2025. Veja as mais indicadas, com alisamento potente e menos agress\u00e3o aos fios.","robots":{"index":"index","follow":"follow","max-snippet":"max-snippet:-1","max-image-preview":"max-image-preview:large","max-video-preview":"max-video-preview:-1"},"canonical":"https:\/\/www.em.com.br\/emfoco\/2025\/07\/18\/as-melhores-escovas-progressivas-de-2025-para-todos-os-tipos-de-cabelo\/","og_locale":"pt_BR","og_type":"article","og_title":"As melhores escovas progressivas de 2025 para todos os tipos de cabelo - Estado de Minas - Em foco","og_description":"Escovas progressivas sem formol s\u00e3o a nova tend\u00eancia de 2025. Veja as mais indicadas, com alisamento potente e menos agress\u00e3o aos fios.","og_url":"https:\/\/www.em.com.br\/emfoco\/2025\/07\/18\/as-melhores-escovas-progressivas-de-2025-para-todos-os-tipos-de-cabelo\/","og_site_name":"Estado de Minas - Em foco","article_published_time":"2025-07-19T00:50:00+00:00","article_modified_time":"2025-07-18T22:00:47+00:00","og_image":[{"width":1279,"height":720,"url":"https:\/\/www.em.com.br\/emfoco\/wp-content\/uploads\/2025\/07\/chapinha-cabelo_1752875769190.jpg","type":"image\/jpeg"}],"author":"Patryck Reinehr","twitter_card":"summary_large_image","twitter_misc":{"Escrito por":"Patryck Reinehr","Est. tempo de leitura":"6 minutos"},"schema":{"@context":"https:\/\/schema.org","@graph":[{"@type":"WebPage","@id":"https:\/\/www.em.com.br\/emfoco\/2025\/07\/18\/as-melhores-escovas-progressivas-de-2025-para-todos-os-tipos-de-cabelo\/","url":"https:\/\/www.em.com.br\/emfoco\/2025\/07\/18\/as-melhores-escovas-progressivas-de-2025-para-todos-os-tipos-de-cabelo\/","name":"As melhores escovas progressivas de 2025 para todos os tipos de cabelo - Estado de Minas - Em foco","isPartOf":{"@id":"https:\/\/www.em.com.br\/emfoco\/#website"},"primaryImageOfPage":{"@id":"https:\/\/www.em.com.br\/emfoco\/2025\/07\/18\/as-melhores-escovas-progressivas-de-2025-para-todos-os-tipos-de-cabelo\/#primaryimage"},"image":{"@id":"https:\/\/www.em.com.br\/emfoco\/2025\/07\/18\/as-melhores-escovas-progressivas-de-2025-para-todos-os-tipos-de-cabelo\/#primaryimage"},"thumbnailUrl":"https:\/\/www.em.com.br\/emfoco\/wp-content\/uploads\/2025\/07\/chapinha-cabelo_1752875769190.jpg","datePublished":"2025-07-19T00:50:00+00:00","dateModified":"2025-07-18T22:00:47+00:00","author":{"@id":"https:\/\/www.em.com.br\/emfoco\/#\/schema\/person\/43407752bebcbbb4d0ec79deedc0d7ce"},"description":"Escovas progressivas sem formol s\u00e3o a nova tend\u00eancia de 2025. Veja as mais indicadas, com alisamento potente e menos agress\u00e3o aos fios.","breadcrumb":{"@id":"https:\/\/www.em.com.br\/emfoco\/2025\/07\/18\/as-melhores-escovas-progressivas-de-2025-para-todos-os-tipos-de-cabelo\/#breadcrumb"},"inLanguage":"pt-BR","potentialAction":[{"@type":"ReadAction","target":["https:\/\/www.em.com.br\/emfoco\/2025\/07\/18\/as-melhores-escovas-progressivas-de-2025-para-todos-os-tipos-de-cabelo\/"]}]},{"@type":"ImageObject","inLanguage":"pt-BR","@id":"https:\/\/www.em.com.br\/emfoco\/2025\/07\/18\/as-melhores-escovas-progressivas-de-2025-para-todos-os-tipos-de-cabelo\/#primaryimage","url":"https:\/\/www.em.com.br\/emfoco\/wp-content\/uploads\/2025\/07\/chapinha-cabelo_1752875769190.jpg","contentUrl":"https:\/\/www.em.com.br\/emfoco\/wp-content\/uploads\/2025\/07\/chapinha-cabelo_1752875769190.jpg","width":1279,"height":720,"caption":"Chapinha (Cr\u00e9ditos: depositphotos.com \/ Kzenon)"},{"@type":"BreadcrumbList","@id":"https:\/\/www.em.com.br\/emfoco\/2025\/07\/18\/as-melhores-escovas-progressivas-de-2025-para-todos-os-tipos-de-cabelo\/#breadcrumb","itemListElement":[{"@type":"ListItem","position":1,"name":"In\u00edcio","item":"https:\/\/www.em.com.br\/emfoco\/"},{"@type":"ListItem","position":2,"name":"As melhores escovas progressivas de 2025 para todos os tipos de cabelo"}]},{"@type":"WebSite","@id":"https:\/\/www.em.com.br\/emfoco\/#website","url":"https:\/\/www.em.com.br\/emfoco\/","name":"Estado de Minas - Em foco","description":"Acompanhe as \u00faltimas not\u00edcias e fique bem informado sobre tudo o que acontece em Minas Gerais, Brasil e no mundo.","potentialAction":[{"@type":"SearchAction","target":{"@type":"EntryPoint","urlTemplate":"https:\/\/www.em.com.br\/emfoco\/?s={search_term_string}"},"query-input":{"@type":"PropertyValueSpecification","valueRequired":true,"valueName":"search_term_string"}}],"inLanguage":"pt-BR"},{"@type":"Person","@id":"https:\/\/www.em.com.br\/emfoco\/#\/schema\/person\/43407752bebcbbb4d0ec79deedc0d7ce","name":"Patryck Reinehr","image":{"@type":"ImageObject","inLanguage":"pt-BR","@id":"https:\/\/www.em.com.br\/emfoco\/#\/schema\/person\/image\/","url":"https:\/\/secure.gravatar.com\/avatar\/570c7fb2898c0e2df0823196891bea88?s=96&d=mm&r=g","contentUrl":"https:\/\/secure.gravatar.com\/avatar\/570c7fb2898c0e2df0823196891bea88?s=96&d=mm&r=g","caption":"Patryck Reinehr"},"url":"https:\/\/www.em.com.br\/emfoco\/author\/patryckmyth\/"}]}},"_links":{"self":[{"href":"https:\/\/www.em.com.br\/emfoco\/wp-json\/wp\/v2\/posts\/78371","targetHints":{"allow":["GET"]}}],"collection":[{"href":"https:\/\/www.em.com.br\/emfoco\/wp-json\/wp\/v2\/posts"}],"about":[{"href":"https:\/\/www.em.com.br\/emfoco\/wp-json\/wp\/v2\/types\/post"}],"author":[{"embeddable":true,"href":"https:\/\/www.em.com.br\/emfoco\/wp-json\/wp\/v2\/users\/10"}],"replies":[{"embeddable":true,"href":"https:\/\/www.em.com.br\/emfoco\/wp-json\/wp\/v2\/comments?post=78371"}],"version-history":[{"count":2,"href":"https:\/\/www.em.com.br\/emfoco\/wp-json\/wp\/v2\/posts\/78371\/revisions"}],"predecessor-version":[{"id":78377,"href":"https:\/\/www.em.com.br\/emfoco\/wp-json\/wp\/v2\/posts\/78371\/revisions\/78377"}],"wp:featuredmedia":[{"embeddable":true,"href":"https:\/\/www.em.com.br\/emfoco\/wp-json\/wp\/v2\/media\/78373"}],"wp:attachment":[{"href":"https:\/\/www.em.com.br\/emfoco\/wp-json\/wp\/v2\/media?parent=78371"}],"wp:term":[{"taxonomy":"category","embeddable":true,"href":"https:\/\/www.em.com.br\/emfoco\/wp-json\/wp\/v2\/categories?post=78371"},{"taxonomy":"post_tag","embeddable":true,"href":"https:\/\/www.em.com.br\/emfoco\/wp-json\/wp\/v2\/tags?post=78371"}],"curies":[{"name":"wp","href":"https:\/\/api.w.org\/{rel}","templated":true}]}}