{"id":78159,"date":"2025-07-20T21:08:57","date_gmt":"2025-07-21T00:08:57","guid":{"rendered":"https:\/\/www.em.com.br\/emfoco\/?p=78159"},"modified":"2025-07-19T19:18:28","modified_gmt":"2025-07-19T22:18:28","slug":"esse-loiro-escuro-natural-virou-febre-entre-famosas-e-cabeleireiros","status":"publish","type":"post","link":"https:\/\/www.em.com.br\/emfoco\/2025\/07\/20\/esse-loiro-escuro-natural-virou-febre-entre-famosas-e-cabeleireiros\/","title":{"rendered":"Esse loiro escuro natural virou febre entre famosas e cabeleireiros"},"content":{"rendered":"\n<p>O biondo escuro \u00e9 uma tonalidade que se destaca pela sua versatilidade e eleg\u00e2ncia. Combinando nuances de loiro m\u00e9dio com reflexos sutis de castanho claro, essa cor \u00e9 uma das preferidas de muitas celebridades como <strong>Gisele B\u00fcndchen<\/strong>, <strong>Sarah Jessica Parker<\/strong> e <strong>Jennifer Lopez<\/strong>. A riqueza de suas nuances permite que ela se adapte a diferentes tons de <a href=\"https:\/\/www.em.com.br\/emfoco\/2025\/07\/18\/melhora-saude-do-coracao-cerebro-pele-e-mais-saiba-mais-sobre-o-omega-3\/\" target=\"_blank\" rel=\"noopener\">pele,<\/a> desde os mais claros at\u00e9 os mais escuros, proporcionando uma apar\u00eancia natural e sofisticada. \u00c9 uma op\u00e7\u00e3o ideal para quem busca um visual que mistura luminosidade e profundidade.<\/p>\n\n\n\n<p>A popularidade do <a href=\"https:\/\/br.pinterest.com\/search\/pins\/?q=biondo%20escuro&amp;rs=typed\" target=\"_blank\" rel=\"noopener\">biondo<\/a> escuro deve-se, em grande parte, \u00e0 sua capacidade de oferecer um charme visual que real\u00e7a a beleza natural dos cabelos. Essa tonalidade tem o poder de iluminar rostos, destacando as melhores caracter\u00edsticas de cada indiv\u00edduo. Por ser uma cor que integra o brilho do loiro com nuances castanhas mais escuras, o biondo escuro cria um efeito multidimensional, aumentando a profundidade e a vivacidade dos fios. <\/p>\n\n\n\n<h2 class=\"wp-block-heading\">Quais s\u00e3o as varia\u00e7\u00f5es do biondo escuro?<\/h2>\n\n\n\n<p>O biondo escuro \u00e9 uma paleta rica em varia\u00e7\u00f5es, cada uma delas oferecendo um toque distinto ao visual. Entre as mais conhecidas est\u00e3o:<\/p>\n\n\n\n<ul class=\"wp-block-list\">\n<li><strong>Biondo Escuro Cinza:<\/strong> Ideal para peles claras, essa varia\u00e7\u00e3o fria cria um contraste marcante que destaca a luminosidade do rosto.<\/li>\n\n\n\n<li><strong>Biondo Escuro Dourado:<\/strong> Com reflexos que v\u00e3o do ouro ao caramelo, essa nuance aquece e ilumina peles de tons quentes, como pessego e oliva.<\/li>\n\n\n\n<li><strong>Biondo Escuro Ramado:<\/strong> Com um toque de vermelho, essa varia\u00e7\u00e3o enriquece peles claras, especialmente aquelas com sardas, oferecendo um brilho quente e natural.<\/li>\n<\/ul>\n\n\n<div class=\"wp-block-image\">\n<figure class=\"aligncenter size-large\"><img loading=\"lazy\" decoding=\"async\" width=\"1024\" height=\"576\" src=\"https:\/\/www.em.com.br\/emfoco\/wp-content\/uploads\/2025\/06\/loiro_1749823892034-1024x576.jpg\" alt=\"\" class=\"wp-image-59972\" srcset=\"https:\/\/www.em.com.br\/emfoco\/wp-content\/uploads\/2025\/06\/loiro_1749823892034-1024x576.jpg 1024w, https:\/\/www.em.com.br\/emfoco\/wp-content\/uploads\/2025\/06\/loiro_1749823892034-300x169.jpg 300w, https:\/\/www.em.com.br\/emfoco\/wp-content\/uploads\/2025\/06\/loiro_1749823892034-768x432.jpg 768w, https:\/\/www.em.com.br\/emfoco\/wp-content\/uploads\/2025\/06\/loiro_1749823892034-750x422.jpg 750w, https:\/\/www.em.com.br\/emfoco\/wp-content\/uploads\/2025\/06\/loiro_1749823892034-1140x641.jpg 1140w, https:\/\/www.em.com.br\/emfoco\/wp-content\/uploads\/2025\/06\/loiro_1749823892034.jpg 1280w\" sizes=\"auto, (max-width: 1024px) 100vw, 1024px\" \/><figcaption class=\"wp-element-caption\">Loiro &#8211; Cr\u00e9ditos: depositphotos.com \/ IgorVetushko<\/figcaption><\/figure><\/div>\n\n\n<h2 class=\"wp-block-heading\">Como cuidar dos cabelos biondo escuro?<\/h2>\n\n\n\n<p>Manter a beleza dos cabelos tingidos de biondo escuro requer cuidados espec\u00edficos para garantir que a tonalidade n\u00e3o perca seu brilho e intensidade. Recomenda-se o uso de shampoos e condicionadores formulados para cabelos coloridos, que ajudam a preservar a cor e a sa\u00fade dos fios. Produtos ricos em antioxidantes e vitaminas, como a B3, s\u00e3o ideais para real\u00e7ar as nuances e a luminosidade deste tom. Para um cuidado extra, tratamentos \u00e0 base de camomila podem ser utilizados para revigorar os cabelos e manter o visual sempre fresco e vibrante. Consultar um profissional, especialmente em cidades grandes como S\u00e3o Paulo, pode garantir melhores resultados com indica\u00e7\u00e3o de produtos espec\u00edficos das melhores marcas nacionais e internacionais.<\/p>\n\n\n\n<h2 class=\"wp-block-heading\">O biondo escuro combina com todos os tons de pele?<\/h2>\n\n\n\n<p>O biondo escuro \u00e9 uma tonalidade universal, desenhada para se adaptar a uma ampla gama de tons de pele. Ele pode ser personalizado para acentuar tanto peles brancas quanto mais escuras. Em pele clara, o biondo escuro ilumina e destaca a fisionomia, enquanto nas mais escuras, ele real\u00e7a a profundidade dos tra\u00e7os, criando um contraste harmonioso. A escolha da varia\u00e7\u00e3o certa \u2013 seja ela quente ou fria \u2013 deve ser feita considerando o subtom de pele e o efeito desejado. Especialistas alertam que uma avalia\u00e7\u00e3o individualizada, feita por profissionais de confian\u00e7a, pode potencializar ainda mais os benef\u00edcios do tom.<\/p>\n\n\n\n<h2 class=\"wp-block-heading\">Por que o biondo escuro \u00e9 uma alternativa ao castanho claro?<\/h2>\n\n\n\n<p>Embora biondo escuro e castanho claro possam parecer semelhantes \u00e0 primeira vista, h\u00e1 uma diferen\u00e7a sutil que influencia na decis\u00e3o de qual tom escolher. Enquanto o castanho claro mixa marrons e brancos, resultando em um tom mais neutro, o biondo escuro combina amarelos e negros, trazendo um brilho dourado caracter\u00edstico. Para peles claras, o biondo escuro tende a ser mais lisonjeiro, enquanto tons m\u00e9dios a oliva podem se beneficiar mais do castanho claro. Para um look que engloba o melhor dos dois mundos, o &#8220;<strong>bronde<\/strong>&#8220;, uma fus\u00e3o de marrom e loiro, \u00e9 uma op\u00e7\u00e3o que valoriza a naturalidade e combina com a maioria dos tons de pele. <\/p>\n","protected":false},"excerpt":{"rendered":"<p>O biondo escuro \u00e9 uma tonalidade que se destaca pela sua versatilidade e eleg\u00e2ncia. Combinando nuances de loiro m\u00e9dio com reflexos sutis de castanho claro, essa cor \u00e9 uma das preferidas de muitas celebridades como Gisele B\u00fcndchen, Sarah Jessica Parker e Jennifer Lopez. A riqueza de suas nuances permite que ela se adapte a diferentes [&hellip;]<\/p>\n","protected":false},"author":9,"featured_media":77695,"comment_status":"open","ping_status":"open","sticky":false,"template":"","format":"standard","meta":{"jnews-multi-image_gallery":[],"jnews_single_post":{"format":"standard"},"jnews_primary_category":[],"jnews_social_meta":[],"jnews_override_counter":[],"footnotes":""},"categories":[29,1],"tags":[2616,12428,12430,12429],"class_list":["post-78159","post","type-post","status-publish","format-standard","has-post-thumbnail","hentry","category-entretenimento","category-noticias","tag-beleza","tag-biondo-escuro","tag-loiro","tag-tonalidade"],"yoast_head":"<!-- This site is optimized with the Yoast SEO plugin v23.8 - https:\/\/yoast.com\/wordpress\/plugins\/seo\/ -->\n<title>Esse loiro escuro natural virou febre entre famosas e cabeleireiros<\/title>\n<meta name=\"description\" content=\"O biondo escuro virou tend\u00eancia entre famosas por combinar brilho e eleg\u00e2ncia com baixa manuten\u00e7\u00e3o para todos os tons de pele.\" \/>\n<meta name=\"robots\" content=\"index, follow, max-snippet:-1, max-image-preview:large, max-video-preview:-1\" \/>\n<link rel=\"canonical\" href=\"https:\/\/www.em.com.br\/emfoco\/2025\/07\/20\/esse-loiro-escuro-natural-virou-febre-entre-famosas-e-cabeleireiros\/\" \/>\n<meta property=\"og:locale\" content=\"pt_BR\" \/>\n<meta property=\"og:type\" content=\"article\" \/>\n<meta property=\"og:title\" content=\"Esse loiro escuro natural virou febre entre famosas e cabeleireiros\" \/>\n<meta property=\"og:description\" content=\"O biondo escuro virou tend\u00eancia entre famosas por combinar brilho e eleg\u00e2ncia com baixa manuten\u00e7\u00e3o para todos os tons de pele.\" \/>\n<meta property=\"og:url\" content=\"https:\/\/www.em.com.br\/emfoco\/2025\/07\/20\/esse-loiro-escuro-natural-virou-febre-entre-famosas-e-cabeleireiros\/\" \/>\n<meta property=\"og:site_name\" content=\"Estado de Minas - Em foco\" \/>\n<meta property=\"article:published_time\" content=\"2025-07-21T00:08:57+00:00\" \/>\n<meta property=\"article:modified_time\" content=\"2025-07-19T22:18:28+00:00\" \/>\n<meta property=\"og:image\" content=\"https:\/\/www.em.com.br\/emfoco\/wp-content\/uploads\/2025\/07\/hair-blonde_1752775585731.jpg\" \/>\n\t<meta property=\"og:image:width\" content=\"1280\" \/>\n\t<meta property=\"og:image:height\" content=\"720\" \/>\n\t<meta property=\"og:image:type\" content=\"image\/jpeg\" \/>\n<meta name=\"author\" content=\"Daniely Cardoso\" \/>\n<meta name=\"twitter:card\" content=\"summary_large_image\" \/>\n<meta name=\"twitter:label1\" content=\"Escrito por\" \/>\n\t<meta name=\"twitter:data1\" content=\"Daniely Cardoso\" \/>\n\t<meta name=\"twitter:label2\" content=\"Est. tempo de leitura\" \/>\n\t<meta name=\"twitter:data2\" content=\"4 minutos\" \/>\n<!-- \/ Yoast SEO plugin. -->","yoast_head_json":{"title":"Esse loiro escuro natural virou febre entre famosas e cabeleireiros","description":"O biondo escuro virou tend\u00eancia entre famosas por combinar brilho e eleg\u00e2ncia com baixa manuten\u00e7\u00e3o para todos os tons de pele.","robots":{"index":"index","follow":"follow","max-snippet":"max-snippet:-1","max-image-preview":"max-image-preview:large","max-video-preview":"max-video-preview:-1"},"canonical":"https:\/\/www.em.com.br\/emfoco\/2025\/07\/20\/esse-loiro-escuro-natural-virou-febre-entre-famosas-e-cabeleireiros\/","og_locale":"pt_BR","og_type":"article","og_title":"Esse loiro escuro natural virou febre entre famosas e cabeleireiros","og_description":"O biondo escuro virou tend\u00eancia entre famosas por combinar brilho e eleg\u00e2ncia com baixa manuten\u00e7\u00e3o para todos os tons de pele.","og_url":"https:\/\/www.em.com.br\/emfoco\/2025\/07\/20\/esse-loiro-escuro-natural-virou-febre-entre-famosas-e-cabeleireiros\/","og_site_name":"Estado de Minas - Em foco","article_published_time":"2025-07-21T00:08:57+00:00","article_modified_time":"2025-07-19T22:18:28+00:00","og_image":[{"width":1280,"height":720,"url":"https:\/\/www.em.com.br\/emfoco\/wp-content\/uploads\/2025\/07\/hair-blonde_1752775585731.jpg","type":"image\/jpeg"}],"author":"Daniely Cardoso","twitter_card":"summary_large_image","twitter_misc":{"Escrito por":"Daniely Cardoso","Est. tempo de leitura":"4 minutos"},"schema":{"@context":"https:\/\/schema.org","@graph":[{"@type":"WebPage","@id":"https:\/\/www.em.com.br\/emfoco\/2025\/07\/20\/esse-loiro-escuro-natural-virou-febre-entre-famosas-e-cabeleireiros\/","url":"https:\/\/www.em.com.br\/emfoco\/2025\/07\/20\/esse-loiro-escuro-natural-virou-febre-entre-famosas-e-cabeleireiros\/","name":"Esse loiro escuro natural virou febre entre famosas e cabeleireiros","isPartOf":{"@id":"https:\/\/www.em.com.br\/emfoco\/#website"},"primaryImageOfPage":{"@id":"https:\/\/www.em.com.br\/emfoco\/2025\/07\/20\/esse-loiro-escuro-natural-virou-febre-entre-famosas-e-cabeleireiros\/#primaryimage"},"image":{"@id":"https:\/\/www.em.com.br\/emfoco\/2025\/07\/20\/esse-loiro-escuro-natural-virou-febre-entre-famosas-e-cabeleireiros\/#primaryimage"},"thumbnailUrl":"https:\/\/www.em.com.br\/emfoco\/wp-content\/uploads\/2025\/07\/hair-blonde_1752775585731.jpg","datePublished":"2025-07-21T00:08:57+00:00","dateModified":"2025-07-19T22:18:28+00:00","author":{"@id":"https:\/\/www.em.com.br\/emfoco\/#\/schema\/person\/0a8186d72f2c3a5c6276d90b41f271a0"},"description":"O biondo escuro virou tend\u00eancia entre famosas por combinar brilho e eleg\u00e2ncia com baixa manuten\u00e7\u00e3o para todos os tons de pele.","breadcrumb":{"@id":"https:\/\/www.em.com.br\/emfoco\/2025\/07\/20\/esse-loiro-escuro-natural-virou-febre-entre-famosas-e-cabeleireiros\/#breadcrumb"},"inLanguage":"pt-BR","potentialAction":[{"@type":"ReadAction","target":["https:\/\/www.em.com.br\/emfoco\/2025\/07\/20\/esse-loiro-escuro-natural-virou-febre-entre-famosas-e-cabeleireiros\/"]}]},{"@type":"ImageObject","inLanguage":"pt-BR","@id":"https:\/\/www.em.com.br\/emfoco\/2025\/07\/20\/esse-loiro-escuro-natural-virou-febre-entre-famosas-e-cabeleireiros\/#primaryimage","url":"https:\/\/www.em.com.br\/emfoco\/wp-content\/uploads\/2025\/07\/hair-blonde_1752775585731.jpg","contentUrl":"https:\/\/www.em.com.br\/emfoco\/wp-content\/uploads\/2025\/07\/hair-blonde_1752775585731.jpg","width":1280,"height":720,"caption":"Cabelo loiro - Cr\u00e9ditos: depositphotos.com \/ HayDmitriy"},{"@type":"BreadcrumbList","@id":"https:\/\/www.em.com.br\/emfoco\/2025\/07\/20\/esse-loiro-escuro-natural-virou-febre-entre-famosas-e-cabeleireiros\/#breadcrumb","itemListElement":[{"@type":"ListItem","position":1,"name":"In\u00edcio","item":"https:\/\/www.em.com.br\/emfoco\/"},{"@type":"ListItem","position":2,"name":"Esse loiro escuro natural virou febre entre famosas e cabeleireiros"}]},{"@type":"WebSite","@id":"https:\/\/www.em.com.br\/emfoco\/#website","url":"https:\/\/www.em.com.br\/emfoco\/","name":"Estado de Minas - Em foco","description":"Acompanhe as \u00faltimas not\u00edcias e fique bem informado sobre tudo o que acontece em Minas Gerais, Brasil e no mundo.","potentialAction":[{"@type":"SearchAction","target":{"@type":"EntryPoint","urlTemplate":"https:\/\/www.em.com.br\/emfoco\/?s={search_term_string}"},"query-input":{"@type":"PropertyValueSpecification","valueRequired":true,"valueName":"search_term_string"}}],"inLanguage":"pt-BR"},{"@type":"Person","@id":"https:\/\/www.em.com.br\/emfoco\/#\/schema\/person\/0a8186d72f2c3a5c6276d90b41f271a0","name":"Daniely Cardoso","image":{"@type":"ImageObject","inLanguage":"pt-BR","@id":"https:\/\/www.em.com.br\/emfoco\/#\/schema\/person\/image\/","url":"https:\/\/secure.gravatar.com\/avatar\/4b80ddbd124d1f071b626d52d62e5dff?s=96&d=mm&r=g","contentUrl":"https:\/\/secure.gravatar.com\/avatar\/4b80ddbd124d1f071b626d52d62e5dff?s=96&d=mm&r=g","caption":"Daniely Cardoso"},"url":"https:\/\/www.em.com.br\/emfoco\/author\/danielymyth\/"}]}},"_links":{"self":[{"href":"https:\/\/www.em.com.br\/emfoco\/wp-json\/wp\/v2\/posts\/78159","targetHints":{"allow":["GET"]}}],"collection":[{"href":"https:\/\/www.em.com.br\/emfoco\/wp-json\/wp\/v2\/posts"}],"about":[{"href":"https:\/\/www.em.com.br\/emfoco\/wp-json\/wp\/v2\/types\/post"}],"author":[{"embeddable":true,"href":"https:\/\/www.em.com.br\/emfoco\/wp-json\/wp\/v2\/users\/9"}],"replies":[{"embeddable":true,"href":"https:\/\/www.em.com.br\/emfoco\/wp-json\/wp\/v2\/comments?post=78159"}],"version-history":[{"count":2,"href":"https:\/\/www.em.com.br\/emfoco\/wp-json\/wp\/v2\/posts\/78159\/revisions"}],"predecessor-version":[{"id":78443,"href":"https:\/\/www.em.com.br\/emfoco\/wp-json\/wp\/v2\/posts\/78159\/revisions\/78443"}],"wp:featuredmedia":[{"embeddable":true,"href":"https:\/\/www.em.com.br\/emfoco\/wp-json\/wp\/v2\/media\/77695"}],"wp:attachment":[{"href":"https:\/\/www.em.com.br\/emfoco\/wp-json\/wp\/v2\/media?parent=78159"}],"wp:term":[{"taxonomy":"category","embeddable":true,"href":"https:\/\/www.em.com.br\/emfoco\/wp-json\/wp\/v2\/categories?post=78159"},{"taxonomy":"post_tag","embeddable":true,"href":"https:\/\/www.em.com.br\/emfoco\/wp-json\/wp\/v2\/tags?post=78159"}],"curies":[{"name":"wp","href":"https:\/\/api.w.org\/{rel}","templated":true}]}}