{"id":78149,"date":"2025-07-19T10:48:11","date_gmt":"2025-07-19T13:48:11","guid":{"rendered":"https:\/\/www.em.com.br\/emfoco\/?p=78149"},"modified":"2025-07-18T14:04:29","modified_gmt":"2025-07-18T17:04:29","slug":"o-jeito-certo-de-usar-oleo-de-coco-no-cabelo-sem-deixar-pesado","status":"publish","type":"post","link":"https:\/\/www.em.com.br\/emfoco\/2025\/07\/19\/o-jeito-certo-de-usar-oleo-de-coco-no-cabelo-sem-deixar-pesado\/","title":{"rendered":"O jeito certo de usar \u00f3leo de coco no cabelo sem deixar pesado"},"content":{"rendered":"\n<p>O \u00f3leo de coco se consolidou como um dos ingredientes naturais mais apreciados no campo da cosm\u00e9tica, gra\u00e7as aos seus in\u00fameros benef\u00edcios para os cabelos e a pele. Contudo, muitos podem n\u00e3o saber como aproveitar totalmente suas propriedades. Muitas vezes, o uso incorreto pode provocar resultados indesejados, como cabelos pesados. Conhecer a forma correta de aplica\u00e7\u00e3o pode fazer uma grande diferen\u00e7a na rotina de <a href=\"https:\/\/www.em.com.br\/emfoco\/2025\/07\/09\/por-que-a-unha-de-vidro-francesa-e-a-nova-queridinha-dos-saloes-de-beleza\/\" target=\"_blank\" rel=\"noopener\">beleza<\/a> de quem escolhe o \u00f3leo de coco.<\/p>\n\n\n\n<p>Extra\u00eddo da polpa do coco, esse \u00f3leo \u00e9 obtido por meio de diferentes processos, principalmente por extra\u00e7\u00e3o a seco ou a \u00famido. Durante a extra\u00e7\u00e3o a seco, o calor auxilia a separar a polpa oleosa, que \u00e9 ent\u00e3o prensada. Na extra\u00e7\u00e3o a \u00famido, obt\u00e9m-se uma emuls\u00e3o da qual \u00e9 recolhido o \u00f3leo virgem. Essa subst\u00e2ncia vegetal \u00e9 rica em \u00e1cidos graxos e vitaminas, que trazem in\u00fameros benef\u00edcios ao couro cabeludo.<\/p>\n\n\n\n<h2 class=\"wp-block-heading\">Quais s\u00e3o os benef\u00edcios do \u00f3leo de coco para os cabelos?<\/h2>\n\n\n\n<p>O \u00f3leo de coco possui propriedades \u00fanicas que o tornam um aliado indispens\u00e1vel para o cuidado dos cabelos. Gra\u00e7as \u00e0 alta concentra\u00e7\u00e3o de <strong>\u00e1cidos graxos<\/strong>, penetra profundamente na <a href=\"https:\/\/www.belezanaweb.com.br\/loucas-por-beleza\/estrutura-do-cabelo\/\" target=\"_blank\" rel=\"noopener\">estrutura capilar<\/a>, proporcionando nutri\u00e7\u00e3o de dentro para fora. Age como um poderoso <strong>antioxidante<\/strong>, protegendo os fios dos danos provocados por tratamentos e estiliza\u00e7\u00f5es prolongadas. Em especial, a presen\u00e7a de vitaminas como E e K contribui para manter os cabelos macios e brilhantes.<\/p>\n\n\n\n<p>O uso regular do \u00f3leo de coco pode ajudar a combater o frizz, muito comum em quem tem cabelos cacheados ou ondulados. Al\u00e9m disso, consegue selar as cut\u00edculas, prevenindo o aparecimento de pontas duplas e melhorando a resist\u00eancia dos fios. As propriedades antibacterianas e antif\u00fangicas do \u00f3leo de coco tamb\u00e9m o tornam eficaz para acalmar o couro cabeludo e prevenir a caspa, melhorando assim o ambiente onde os cabelos crescem.<\/p>\n\n\n\n<h2 class=\"wp-block-heading\">Como aplicar o \u00f3leo de coco nos cabelos?<\/h2>\n\n\n\n<p>Evitar um erro comum \u00e9 fundamental: o \u00f3leo de coco deve ser utilizado como um tratamento pr\u00e9-shampoo. Isso significa aplic\u00e1-lo nos cabelos secos e deix\u00e1-lo agir por um tempo vari\u00e1vel, de prefer\u00eancia algumas horas ou durante toda a noite. Essa aplica\u00e7\u00e3o profunda favorece a absor\u00e7\u00e3o dos nutrientes antes da remo\u00e7\u00e3o dos res\u00edduos com a lavagem dupla (duas aplica\u00e7\u00f5es de shampoo). Isso \u00e9 essencial para evitar a sensa\u00e7\u00e3o de peso no cabelo posteriormente.<\/p>\n\n\n<div class=\"wp-block-image\">\n<figure class=\"aligncenter size-large\"><img loading=\"lazy\" decoding=\"async\" width=\"1024\" height=\"576\" src=\"https:\/\/www.em.com.br\/emfoco\/wp-content\/uploads\/2025\/07\/oleo-de-coco_1752858048923-1-1024x576.jpg\" alt=\"\" class=\"wp-image-78172\" srcset=\"https:\/\/www.em.com.br\/emfoco\/wp-content\/uploads\/2025\/07\/oleo-de-coco_1752858048923-1-1024x576.jpg 1024w, https:\/\/www.em.com.br\/emfoco\/wp-content\/uploads\/2025\/07\/oleo-de-coco_1752858048923-1-300x169.jpg 300w, https:\/\/www.em.com.br\/emfoco\/wp-content\/uploads\/2025\/07\/oleo-de-coco_1752858048923-1-768x432.jpg 768w, https:\/\/www.em.com.br\/emfoco\/wp-content\/uploads\/2025\/07\/oleo-de-coco_1752858048923-1-750x422.jpg 750w, https:\/\/www.em.com.br\/emfoco\/wp-content\/uploads\/2025\/07\/oleo-de-coco_1752858048923-1-1140x641.jpg 1140w, https:\/\/www.em.com.br\/emfoco\/wp-content\/uploads\/2025\/07\/oleo-de-coco_1752858048923-1.jpg 1280w\" sizes=\"auto, (max-width: 1024px) 100vw, 1024px\" \/><figcaption class=\"wp-element-caption\">\u00d3leo de coco &#8211; Cr\u00e9ditos: depositphotos.com \/ VadimVasenin<\/figcaption><\/figure><\/div>\n\n\n<h2 class=\"wp-block-heading\">Existem receitas caseiras com \u00f3leo de coco?<\/h2>\n\n\n\n<p>Sim, o \u00f3leo de coco \u00e9 incrivelmente vers\u00e1til e pode ser combinado com outros ingredientes naturais para criar m\u00e1scaras caseiras. Uma das receitas mais simples \u00e9 a m\u00e1scara hidratante: basta aquecer o \u00f3leo e aplic\u00e1-lo generosamente ao longo dos fios, envolvendo-os em uma touca para reter o calor e melhorar a absor\u00e7\u00e3o. Alternativamente, pode ser misturado com \u00f3leos essenciais, como o de alecrim, para tratamentos espec\u00edficos do couro cabeludo, excelentes para estimular o crescimento saud\u00e1vel dos cabelos.<\/p>\n\n\n\n<h2 class=\"wp-block-heading\">O \u00f3leo de coco \u00e9 adequado para todos os tipos de cabelo?<\/h2>\n\n\n\n<p>Apesar de o \u00f3leo de coco ser particularmente indicado para cabelos secos e cacheados, ele pode se adaptar a diferentes tipos de fios, desde que seja utilizado corretamente. Deve ser evitado, por\u00e9m, por quem tem cabelos excessivamente oleosos, pois pode agravar essa condi\u00e7\u00e3o. O uso moderado e personalizado ajudar\u00e1 a entender se o \u00f3leo de coco \u00e9 a solu\u00e7\u00e3o certa tamb\u00e9m para quem tem outros tipos de cabelo. Originalmente utilizado em climas tropicais, pode ser perfeitamente incorporado nas rotinas de beleza de quem vive em regi\u00f5es temperadas.<\/p>\n\n\n\n<p>Em conclus\u00e3o, o \u00f3leo de coco representa um ingrediente valioso para a beleza e a sa\u00fade dos cabelos. A chave do seu sucesso est\u00e1 na aplica\u00e7\u00e3o correta e na adapta\u00e7\u00e3o \u00e0s necessidades espec\u00edficas de cada tipo de fio. A ampla gama de benef\u00edcios que oferece, desde a nutri\u00e7\u00e3o at\u00e9 as propriedades emolientes, tornam-no um item indispens\u00e1vel nos rituais de cuidado capilar. Com o conhecimento adequado, qualquer pessoa pode tirar proveito das suas propriedades naturais, tornando os cabelos n\u00e3o apenas mais bonitos, mas tamb\u00e9m mais saud\u00e1veis.<\/p>\n","protected":false},"excerpt":{"rendered":"<p>O \u00f3leo de coco se consolidou como um dos ingredientes naturais mais apreciados no campo da cosm\u00e9tica, gra\u00e7as aos seus in\u00fameros benef\u00edcios para os cabelos e a pele. Contudo, muitos podem n\u00e3o saber como aproveitar totalmente suas propriedades. Muitas vezes, o uso incorreto pode provocar resultados indesejados, como cabelos pesados. Conhecer a forma correta de [&hellip;]<\/p>\n","protected":false},"author":9,"featured_media":19321,"comment_status":"open","ping_status":"open","sticky":false,"template":"","format":"standard","meta":{"jnews-multi-image_gallery":[],"jnews_single_post":{"format":"standard"},"jnews_primary_category":[],"jnews_social_meta":[],"jnews_override_counter":[],"footnotes":""},"categories":[29,1],"tags":[6064,2259,1441,6966],"class_list":["post-78149","post","type-post","status-publish","format-standard","has-post-thumbnail","hentry","category-entretenimento","category-noticias","tag-beleza-natural","tag-cosmeticos","tag-curiosidades","tag-oleo-de-coco"],"yoast_head":"<!-- This site is optimized with the Yoast SEO plugin v23.8 - https:\/\/yoast.com\/wordpress\/plugins\/seo\/ -->\n<title>O jeito certo de usar \u00f3leo de coco no cabelo sem deixar pesado<\/title>\n<meta name=\"description\" content=\"Descubra como usar \u00f3leo de coco nos cabelos do jeito certo e aproveite todos os benef\u00edcios sem pesar ou deixar os fios oleosos.\" \/>\n<meta name=\"robots\" content=\"index, follow, max-snippet:-1, max-image-preview:large, max-video-preview:-1\" \/>\n<link rel=\"canonical\" href=\"https:\/\/www.em.com.br\/emfoco\/2025\/07\/19\/o-jeito-certo-de-usar-oleo-de-coco-no-cabelo-sem-deixar-pesado\/\" \/>\n<meta property=\"og:locale\" content=\"pt_BR\" \/>\n<meta property=\"og:type\" content=\"article\" \/>\n<meta property=\"og:title\" content=\"O jeito certo de usar \u00f3leo de coco no cabelo sem deixar pesado\" \/>\n<meta property=\"og:description\" content=\"Descubra como usar \u00f3leo de coco nos cabelos do jeito certo e aproveite todos os benef\u00edcios sem pesar ou deixar os fios oleosos.\" \/>\n<meta property=\"og:url\" content=\"https:\/\/www.em.com.br\/emfoco\/2025\/07\/19\/o-jeito-certo-de-usar-oleo-de-coco-no-cabelo-sem-deixar-pesado\/\" \/>\n<meta property=\"og:site_name\" content=\"Estado de Minas - Em foco\" \/>\n<meta property=\"article:published_time\" content=\"2025-07-19T13:48:11+00:00\" \/>\n<meta property=\"article:modified_time\" content=\"2025-07-18T17:04:29+00:00\" \/>\n<meta property=\"og:image\" content=\"https:\/\/www.em.com.br\/emfoco\/wp-content\/uploads\/2025\/02\/oleo-cabelo_1739449887902.jpg\" \/>\n\t<meta property=\"og:image:width\" content=\"1280\" \/>\n\t<meta property=\"og:image:height\" content=\"720\" \/>\n\t<meta property=\"og:image:type\" content=\"image\/jpeg\" \/>\n<meta name=\"author\" content=\"Daniely Cardoso\" \/>\n<meta name=\"twitter:card\" content=\"summary_large_image\" \/>\n<meta name=\"twitter:label1\" content=\"Escrito por\" \/>\n\t<meta name=\"twitter:data1\" content=\"Daniely Cardoso\" \/>\n\t<meta name=\"twitter:label2\" content=\"Est. tempo de leitura\" \/>\n\t<meta name=\"twitter:data2\" content=\"4 minutos\" \/>\n<!-- \/ Yoast SEO plugin. -->","yoast_head_json":{"title":"O jeito certo de usar \u00f3leo de coco no cabelo sem deixar pesado","description":"Descubra como usar \u00f3leo de coco nos cabelos do jeito certo e aproveite todos os benef\u00edcios sem pesar ou deixar os fios oleosos.","robots":{"index":"index","follow":"follow","max-snippet":"max-snippet:-1","max-image-preview":"max-image-preview:large","max-video-preview":"max-video-preview:-1"},"canonical":"https:\/\/www.em.com.br\/emfoco\/2025\/07\/19\/o-jeito-certo-de-usar-oleo-de-coco-no-cabelo-sem-deixar-pesado\/","og_locale":"pt_BR","og_type":"article","og_title":"O jeito certo de usar \u00f3leo de coco no cabelo sem deixar pesado","og_description":"Descubra como usar \u00f3leo de coco nos cabelos do jeito certo e aproveite todos os benef\u00edcios sem pesar ou deixar os fios oleosos.","og_url":"https:\/\/www.em.com.br\/emfoco\/2025\/07\/19\/o-jeito-certo-de-usar-oleo-de-coco-no-cabelo-sem-deixar-pesado\/","og_site_name":"Estado de Minas - Em foco","article_published_time":"2025-07-19T13:48:11+00:00","article_modified_time":"2025-07-18T17:04:29+00:00","og_image":[{"width":1280,"height":720,"url":"https:\/\/www.em.com.br\/emfoco\/wp-content\/uploads\/2025\/02\/oleo-cabelo_1739449887902.jpg","type":"image\/jpeg"}],"author":"Daniely Cardoso","twitter_card":"summary_large_image","twitter_misc":{"Escrito por":"Daniely Cardoso","Est. tempo de leitura":"4 minutos"},"schema":{"@context":"https:\/\/schema.org","@graph":[{"@type":"WebPage","@id":"https:\/\/www.em.com.br\/emfoco\/2025\/07\/19\/o-jeito-certo-de-usar-oleo-de-coco-no-cabelo-sem-deixar-pesado\/","url":"https:\/\/www.em.com.br\/emfoco\/2025\/07\/19\/o-jeito-certo-de-usar-oleo-de-coco-no-cabelo-sem-deixar-pesado\/","name":"O jeito certo de usar \u00f3leo de coco no cabelo sem deixar pesado","isPartOf":{"@id":"https:\/\/www.em.com.br\/emfoco\/#website"},"primaryImageOfPage":{"@id":"https:\/\/www.em.com.br\/emfoco\/2025\/07\/19\/o-jeito-certo-de-usar-oleo-de-coco-no-cabelo-sem-deixar-pesado\/#primaryimage"},"image":{"@id":"https:\/\/www.em.com.br\/emfoco\/2025\/07\/19\/o-jeito-certo-de-usar-oleo-de-coco-no-cabelo-sem-deixar-pesado\/#primaryimage"},"thumbnailUrl":"https:\/\/www.em.com.br\/emfoco\/wp-content\/uploads\/2025\/02\/oleo-cabelo_1739449887902.jpg","datePublished":"2025-07-19T13:48:11+00:00","dateModified":"2025-07-18T17:04:29+00:00","author":{"@id":"https:\/\/www.em.com.br\/emfoco\/#\/schema\/person\/0a8186d72f2c3a5c6276d90b41f271a0"},"description":"Descubra como usar \u00f3leo de coco nos cabelos do jeito certo e aproveite todos os benef\u00edcios sem pesar ou deixar os fios oleosos.","breadcrumb":{"@id":"https:\/\/www.em.com.br\/emfoco\/2025\/07\/19\/o-jeito-certo-de-usar-oleo-de-coco-no-cabelo-sem-deixar-pesado\/#breadcrumb"},"inLanguage":"pt-BR","potentialAction":[{"@type":"ReadAction","target":["https:\/\/www.em.com.br\/emfoco\/2025\/07\/19\/o-jeito-certo-de-usar-oleo-de-coco-no-cabelo-sem-deixar-pesado\/"]}]},{"@type":"ImageObject","inLanguage":"pt-BR","@id":"https:\/\/www.em.com.br\/emfoco\/2025\/07\/19\/o-jeito-certo-de-usar-oleo-de-coco-no-cabelo-sem-deixar-pesado\/#primaryimage","url":"https:\/\/www.em.com.br\/emfoco\/wp-content\/uploads\/2025\/02\/oleo-cabelo_1739449887902.jpg","contentUrl":"https:\/\/www.em.com.br\/emfoco\/wp-content\/uploads\/2025\/02\/oleo-cabelo_1739449887902.jpg","width":1280,"height":720,"caption":"Imagem ilustrativa de mulher hidratando o cabelo - Cr\u00e9ditos: depositphotos.com \/ HayDmitriy"},{"@type":"BreadcrumbList","@id":"https:\/\/www.em.com.br\/emfoco\/2025\/07\/19\/o-jeito-certo-de-usar-oleo-de-coco-no-cabelo-sem-deixar-pesado\/#breadcrumb","itemListElement":[{"@type":"ListItem","position":1,"name":"In\u00edcio","item":"https:\/\/www.em.com.br\/emfoco\/"},{"@type":"ListItem","position":2,"name":"O jeito certo de usar \u00f3leo de coco no cabelo sem deixar pesado"}]},{"@type":"WebSite","@id":"https:\/\/www.em.com.br\/emfoco\/#website","url":"https:\/\/www.em.com.br\/emfoco\/","name":"Estado de Minas - Em foco","description":"Acompanhe as \u00faltimas not\u00edcias e fique bem informado sobre tudo o que acontece em Minas Gerais, Brasil e no mundo.","potentialAction":[{"@type":"SearchAction","target":{"@type":"EntryPoint","urlTemplate":"https:\/\/www.em.com.br\/emfoco\/?s={search_term_string}"},"query-input":{"@type":"PropertyValueSpecification","valueRequired":true,"valueName":"search_term_string"}}],"inLanguage":"pt-BR"},{"@type":"Person","@id":"https:\/\/www.em.com.br\/emfoco\/#\/schema\/person\/0a8186d72f2c3a5c6276d90b41f271a0","name":"Daniely Cardoso","image":{"@type":"ImageObject","inLanguage":"pt-BR","@id":"https:\/\/www.em.com.br\/emfoco\/#\/schema\/person\/image\/","url":"https:\/\/secure.gravatar.com\/avatar\/4b80ddbd124d1f071b626d52d62e5dff?s=96&d=mm&r=g","contentUrl":"https:\/\/secure.gravatar.com\/avatar\/4b80ddbd124d1f071b626d52d62e5dff?s=96&d=mm&r=g","caption":"Daniely Cardoso"},"url":"https:\/\/www.em.com.br\/emfoco\/author\/danielymyth\/"}]}},"_links":{"self":[{"href":"https:\/\/www.em.com.br\/emfoco\/wp-json\/wp\/v2\/posts\/78149","targetHints":{"allow":["GET"]}}],"collection":[{"href":"https:\/\/www.em.com.br\/emfoco\/wp-json\/wp\/v2\/posts"}],"about":[{"href":"https:\/\/www.em.com.br\/emfoco\/wp-json\/wp\/v2\/types\/post"}],"author":[{"embeddable":true,"href":"https:\/\/www.em.com.br\/emfoco\/wp-json\/wp\/v2\/users\/9"}],"replies":[{"embeddable":true,"href":"https:\/\/www.em.com.br\/emfoco\/wp-json\/wp\/v2\/comments?post=78149"}],"version-history":[{"count":2,"href":"https:\/\/www.em.com.br\/emfoco\/wp-json\/wp\/v2\/posts\/78149\/revisions"}],"predecessor-version":[{"id":78173,"href":"https:\/\/www.em.com.br\/emfoco\/wp-json\/wp\/v2\/posts\/78149\/revisions\/78173"}],"wp:featuredmedia":[{"embeddable":true,"href":"https:\/\/www.em.com.br\/emfoco\/wp-json\/wp\/v2\/media\/19321"}],"wp:attachment":[{"href":"https:\/\/www.em.com.br\/emfoco\/wp-json\/wp\/v2\/media?parent=78149"}],"wp:term":[{"taxonomy":"category","embeddable":true,"href":"https:\/\/www.em.com.br\/emfoco\/wp-json\/wp\/v2\/categories?post=78149"},{"taxonomy":"post_tag","embeddable":true,"href":"https:\/\/www.em.com.br\/emfoco\/wp-json\/wp\/v2\/tags?post=78149"}],"curies":[{"name":"wp","href":"https:\/\/api.w.org\/{rel}","templated":true}]}}