{"id":77974,"date":"2025-07-21T19:28:00","date_gmt":"2025-07-21T22:28:00","guid":{"rendered":"https:\/\/www.em.com.br\/emfoco\/?p=77974"},"modified":"2025-07-18T10:06:53","modified_gmt":"2025-07-18T13:06:53","slug":"por-que-nosso-corpo-trava-quando-estamos-com-muito-medo","status":"publish","type":"post","link":"https:\/\/www.em.com.br\/emfoco\/2025\/07\/21\/por-que-nosso-corpo-trava-quando-estamos-com-muito-medo\/","title":{"rendered":"Por que nosso corpo &#8220;trava&#8221; quando estamos com muito medo?"},"content":{"rendered":"\n<p>Em situa\u00e7\u00f5es de medo intenso, o corpo pode reagir de formas inesperadas, uma das quais \u00e9 a conhecida paralisia moment\u00e2nea. Esse fen\u00f4meno, frequentemente incompreendido, envolve uma s\u00e9rie complexa de rea\u00e7\u00f5es fisiol\u00f3gicas que visam proteger o organismo em momentos de grande estresse emocional. Esse comportamento, que pode parecer irracional num primeiro momento, encontra suas ra\u00edzes em mecanismos de defesa ancestrais que foram vitais para a sobreviv\u00eancia dos humanos ao longo da evolu\u00e7\u00e3o.<\/p>\n\n\n\n<p>A resposta do corpo ao medo n\u00e3o \u00e9 simplesmente uma quest\u00e3o de escolha consciente, mas sim de um sistema que opera automaticamente. Este sistema \u00e9 conhecido como resposta &#8220;lutar, fugir ou congelar&#8221;, que prepara o corpo para enfrentar ou escapar de um perigo iminente. <strong>Por\u00e9m, a escolha entre lutar, fugir ou &#8220;travar&#8221; depende de muitos fatores, incluindo a intensidade e a natureza da amea\u00e7a percebida.<\/strong><\/p>\n\n\n\n<h2 class=\"wp-block-heading\">Como o c\u00e9rebro reage ao medo?<\/h2>\n\n\n\n<p>O c\u00e9rebro humano possui mecanismos sofisticados para detectar amea\u00e7as. Uma das partes mais envolvidas no processamento do medo \u00e9 a am\u00edgdala, uma estrutura pequena, mas poderosa localizada no c\u00e9rebro. A am\u00edgdala age como um alarme interno, acionando uma s\u00e9rie de rea\u00e7\u00f5es no sistema nervoso que resultam nas sensa\u00e7\u00f5es t\u00edpicas de medo.<\/p>\n\n\n\n<p><strong>Quando a am\u00edgdala detecta perigo, ela envia sinais ao hipot\u00e1lamo, que ativa a resposta de luta ou fuga atrav\u00e9s de horm\u00f4nios como a <a href=\"https:\/\/www.tuasaude.com\/adrenalina\/\" target=\"_blank\" rel=\"noreferrer noopener\">adrenalina<\/a>.<\/strong> No entanto, em algumas situa\u00e7\u00f5es, o c\u00e9rebro opta por &#8220;travar&#8221;, preservando energia e reduzindo o risco de detec\u00e7\u00e3o por predadores ou amea\u00e7as ao n\u00e3o se mover.<\/p>\n\n\n\n<figure class=\"wp-block-image size-large\"><img loading=\"lazy\" decoding=\"async\" width=\"1024\" height=\"576\" src=\"https:\/\/www.em.com.br\/emfoco\/wp-content\/uploads\/2025\/07\/medo_1752843859590-1024x576.jpg\" alt=\"Por que nosso corpo &quot;trava&quot; quando estamos com muito medo?\" class=\"wp-image-77991\" srcset=\"https:\/\/www.em.com.br\/emfoco\/wp-content\/uploads\/2025\/07\/medo_1752843859590-1024x576.jpg 1024w, https:\/\/www.em.com.br\/emfoco\/wp-content\/uploads\/2025\/07\/medo_1752843859590-300x169.jpg 300w, https:\/\/www.em.com.br\/emfoco\/wp-content\/uploads\/2025\/07\/medo_1752843859590-768x432.jpg 768w, https:\/\/www.em.com.br\/emfoco\/wp-content\/uploads\/2025\/07\/medo_1752843859590-750x422.jpg 750w, https:\/\/www.em.com.br\/emfoco\/wp-content\/uploads\/2025\/07\/medo_1752843859590-1140x641.jpg 1140w, https:\/\/www.em.com.br\/emfoco\/wp-content\/uploads\/2025\/07\/medo_1752843859590.jpg 1280w\" sizes=\"auto, (max-width: 1024px) 100vw, 1024px\" \/><figcaption class=\"wp-element-caption\">Mulher com medo &#8211; Cr\u00e9ditos: depositphotos.com \/ AndrewLozovyi<\/figcaption><\/figure>\n\n\n\n<h2 class=\"wp-block-heading\">Quais s\u00e3o as respostas f\u00edsicas ao congelamento por medo?<\/h2>\n\n\n\n<p><strong>Durante uma resposta de &#8220;congelamento&#8221;, diversos processos fisiol\u00f3gicos acontecem simultaneamente.<\/strong> O corpo pode experimentar uma diminui\u00e7\u00e3o na frequ\u00eancia card\u00edaca e na respira\u00e7\u00e3o, o que pode parecer contradit\u00f3rio \u00e0 prepara\u00e7\u00e3o para fuga ou luta. Essa desacelera\u00e7\u00e3o ajuda o indiv\u00edduo a passar despercebido e permite ao c\u00e9rebro focar exclusivamente na avalia\u00e7\u00e3o do perigo.<\/p>\n\n\n\n<p><strong>Al\u00e9m disso, h\u00e1 uma rigidez muscular associada a essa rea\u00e7\u00e3o, onde os m\u00fasculos se enrijecem, tornando dif\u00edcil qualquer movimento.<\/strong> Essa resposta refletida \u00e9 uma consequ\u00eancia do controle do sistema nervoso aut\u00f4nomo, que, ao ativar o estado de alerta m\u00e1ximo, temporariamente trava as fun\u00e7\u00f5es motoras para evitar movimentos impulsivos.<\/p>\n\n\n\n<h2 class=\"wp-block-heading\">Por que algumas pessoas congelam enquanto outras lutam ou fogem?<\/h2>\n\n\n\n<p><strong>A resposta ao medo varia significativamente entre indiv\u00edduos e depende de fatores biol\u00f3gicos e contextuais.<\/strong> Diferen\u00e7as na gen\u00e9tica, no ambiente em que a pessoa cresceu e at\u00e9 mesmo experi\u00eancias passadas podem influenciar se algu\u00e9m ir\u00e1 lutar, fugir ou congelar diante de um perigo. Pessoas que vivenciaram traumas podem, por exemplo, estar mais propensas a experimentar a paralisia do que aquelas que n\u00e3o passaram por eventos semelhantes.<\/p>\n\n\n\n<p><strong>Al\u00e9m disso, o n\u00edvel de consci\u00eancia do perigo e as experi\u00eancias de aprendizado anteriores desempenham um papel crucial.<\/strong> Algu\u00e9m que j\u00e1 foi bem-sucedido em lutar ou fugir em situa\u00e7\u00f5es passadas pode ter menos probabilidade de congelar na pr\u00f3xima vez que enfrentar uma amea\u00e7a.<\/p>\n\n\n\n<h2 class=\"wp-block-heading\">O congelamento \u00e9 uma rea\u00e7\u00e3o \u00fatil nos dias de hoje?<\/h2>\n\n\n\n<p><strong>Apesar de ser uma resposta adaptativa que evoluiu para maximizar a sobreviv\u00eancia em ambientes selvagens, o congelamento nem sempre \u00e9 \u00fatil nas situa\u00e7\u00f5es cotidianas modernas.<\/strong> Ao contr\u00e1rio de antigamente, quando o congelamento poderia significar passar despercebido por um predador, hoje ele pode n\u00e3o ser t\u00e3o pr\u00e1tico em situa\u00e7\u00f5es de perigo urbano ou social. No entanto, em alguns casos, a resposta ainda pode trazer algum benef\u00edcio, como evitar uma escalada de conflitos em situa\u00e7\u00f5es sociais amea\u00e7adoras.<\/p>\n\n\n\n<p><strong>No entanto, \u00e9 importante reconhecer que n\u00e3o se trata de uma falha pessoal ou falta de coragem.<\/strong> \u00c9 simplesmente uma rea\u00e7\u00e3o instintiva do corpo a amea\u00e7as percebidas. Compreender este processo pode ajudar as pessoas a gerenciar melhor essas respostas autom\u00e1ticas, potencialmente atrav\u00e9s de t\u00e9cnicas terap\u00eauticas que visam treinar o <strong><a href=\"https:\/\/www.em.com.br\/emfoco\/2025\/07\/17\/qual-a-historia-por-tras-do-mito-que-os-humanos-usam-apenas-10-do-cerebro\/\" target=\"_blank\" rel=\"noreferrer noopener\">c\u00e9rebro <\/a><\/strong>a responder de maneiras mais adaptativas.<\/p>\n","protected":false},"excerpt":{"rendered":"<p>Em situa\u00e7\u00f5es de medo intenso, o corpo pode reagir de formas inesperadas, uma das quais \u00e9 a conhecida paralisia moment\u00e2nea. Esse fen\u00f4meno, frequentemente incompreendido, envolve uma s\u00e9rie complexa de rea\u00e7\u00f5es fisiol\u00f3gicas que visam proteger o organismo em momentos de grande estresse emocional. Esse comportamento, que pode parecer irracional num primeiro momento, encontra suas ra\u00edzes em [&hellip;]<\/p>\n","protected":false},"author":13,"featured_media":66923,"comment_status":"open","ping_status":"open","sticky":false,"template":"","format":"standard","meta":{"jnews-multi-image_gallery":[],"jnews_single_post":{"format":"standard"},"jnews_primary_category":[],"jnews_social_meta":[],"jnews_override_counter":[],"footnotes":""},"categories":[8819,1],"tags":[12394,4312,5023,6738],"class_list":["post-77974","post","type-post","status-publish","format-standard","has-post-thumbnail","hentry","category-curiosidades","category-noticias","tag-amigdala","tag-cerebro","tag-medo","tag-paralisia"],"yoast_head":"<!-- This site is optimized with the Yoast SEO plugin v23.8 - https:\/\/yoast.com\/wordpress\/plugins\/seo\/ -->\n<title>Por que nosso corpo &quot;trava&quot; quando estamos com muito medo? - Estado de Minas - Em foco<\/title>\n<meta name=\"description\" content=\"A paralisia por medo \u00e9 uma resposta autom\u00e1tica do corpo em situa\u00e7\u00f5es de amea\u00e7a. Saiba o que a ci\u00eancia diz sobre esse fen\u00f4meno ancestral.\" \/>\n<meta name=\"robots\" content=\"index, follow, max-snippet:-1, max-image-preview:large, max-video-preview:-1\" \/>\n<link rel=\"canonical\" href=\"https:\/\/www.em.com.br\/emfoco\/2025\/07\/21\/por-que-nosso-corpo-trava-quando-estamos-com-muito-medo\/\" \/>\n<meta property=\"og:locale\" content=\"pt_BR\" \/>\n<meta property=\"og:type\" content=\"article\" \/>\n<meta property=\"og:title\" content=\"Por que nosso corpo &quot;trava&quot; quando estamos com muito medo? - Estado de Minas - Em foco\" \/>\n<meta property=\"og:description\" content=\"A paralisia por medo \u00e9 uma resposta autom\u00e1tica do corpo em situa\u00e7\u00f5es de amea\u00e7a. Saiba o que a ci\u00eancia diz sobre esse fen\u00f4meno ancestral.\" \/>\n<meta property=\"og:url\" content=\"https:\/\/www.em.com.br\/emfoco\/2025\/07\/21\/por-que-nosso-corpo-trava-quando-estamos-com-muito-medo\/\" \/>\n<meta property=\"og:site_name\" content=\"Estado de Minas - Em foco\" \/>\n<meta property=\"article:published_time\" content=\"2025-07-21T22:28:00+00:00\" \/>\n<meta property=\"article:modified_time\" content=\"2025-07-18T13:06:53+00:00\" \/>\n<meta property=\"og:image\" content=\"https:\/\/www.em.com.br\/emfoco\/wp-content\/uploads\/2025\/06\/Fobia_1750867573807.jpg\" \/>\n\t<meta property=\"og:image:width\" content=\"1280\" \/>\n\t<meta property=\"og:image:height\" content=\"720\" \/>\n\t<meta property=\"og:image:type\" content=\"image\/jpeg\" \/>\n<meta name=\"author\" content=\"Gabriel Martins\" \/>\n<meta name=\"twitter:card\" content=\"summary_large_image\" \/>\n<meta name=\"twitter:label1\" content=\"Escrito por\" \/>\n\t<meta name=\"twitter:data1\" content=\"Gabriel Martins\" \/>\n\t<meta name=\"twitter:label2\" content=\"Est. tempo de leitura\" \/>\n\t<meta name=\"twitter:data2\" content=\"4 minutos\" \/>\n<!-- \/ Yoast SEO plugin. -->","yoast_head_json":{"title":"Por que nosso corpo \"trava\" quando estamos com muito medo? - Estado de Minas - Em foco","description":"A paralisia por medo \u00e9 uma resposta autom\u00e1tica do corpo em situa\u00e7\u00f5es de amea\u00e7a. Saiba o que a ci\u00eancia diz sobre esse fen\u00f4meno ancestral.","robots":{"index":"index","follow":"follow","max-snippet":"max-snippet:-1","max-image-preview":"max-image-preview:large","max-video-preview":"max-video-preview:-1"},"canonical":"https:\/\/www.em.com.br\/emfoco\/2025\/07\/21\/por-que-nosso-corpo-trava-quando-estamos-com-muito-medo\/","og_locale":"pt_BR","og_type":"article","og_title":"Por que nosso corpo \"trava\" quando estamos com muito medo? - Estado de Minas - Em foco","og_description":"A paralisia por medo \u00e9 uma resposta autom\u00e1tica do corpo em situa\u00e7\u00f5es de amea\u00e7a. Saiba o que a ci\u00eancia diz sobre esse fen\u00f4meno ancestral.","og_url":"https:\/\/www.em.com.br\/emfoco\/2025\/07\/21\/por-que-nosso-corpo-trava-quando-estamos-com-muito-medo\/","og_site_name":"Estado de Minas - Em foco","article_published_time":"2025-07-21T22:28:00+00:00","article_modified_time":"2025-07-18T13:06:53+00:00","og_image":[{"width":1280,"height":720,"url":"https:\/\/www.em.com.br\/emfoco\/wp-content\/uploads\/2025\/06\/Fobia_1750867573807.jpg","type":"image\/jpeg"}],"author":"Gabriel Martins","twitter_card":"summary_large_image","twitter_misc":{"Escrito por":"Gabriel Martins","Est. tempo de leitura":"4 minutos"},"schema":{"@context":"https:\/\/schema.org","@graph":[{"@type":"WebPage","@id":"https:\/\/www.em.com.br\/emfoco\/2025\/07\/21\/por-que-nosso-corpo-trava-quando-estamos-com-muito-medo\/","url":"https:\/\/www.em.com.br\/emfoco\/2025\/07\/21\/por-que-nosso-corpo-trava-quando-estamos-com-muito-medo\/","name":"Por que nosso corpo \"trava\" quando estamos com muito medo? - Estado de Minas - Em foco","isPartOf":{"@id":"https:\/\/www.em.com.br\/emfoco\/#website"},"primaryImageOfPage":{"@id":"https:\/\/www.em.com.br\/emfoco\/2025\/07\/21\/por-que-nosso-corpo-trava-quando-estamos-com-muito-medo\/#primaryimage"},"image":{"@id":"https:\/\/www.em.com.br\/emfoco\/2025\/07\/21\/por-que-nosso-corpo-trava-quando-estamos-com-muito-medo\/#primaryimage"},"thumbnailUrl":"https:\/\/www.em.com.br\/emfoco\/wp-content\/uploads\/2025\/06\/Fobia_1750867573807.jpg","datePublished":"2025-07-21T22:28:00+00:00","dateModified":"2025-07-18T13:06:53+00:00","author":{"@id":"https:\/\/www.em.com.br\/emfoco\/#\/schema\/person\/1c9ddeab18b98abeffef834667bcf08a"},"description":"A paralisia por medo \u00e9 uma resposta autom\u00e1tica do corpo em situa\u00e7\u00f5es de amea\u00e7a. Saiba o que a ci\u00eancia diz sobre esse fen\u00f4meno ancestral.","breadcrumb":{"@id":"https:\/\/www.em.com.br\/emfoco\/2025\/07\/21\/por-que-nosso-corpo-trava-quando-estamos-com-muito-medo\/#breadcrumb"},"inLanguage":"pt-BR","potentialAction":[{"@type":"ReadAction","target":["https:\/\/www.em.com.br\/emfoco\/2025\/07\/21\/por-que-nosso-corpo-trava-quando-estamos-com-muito-medo\/"]}]},{"@type":"ImageObject","inLanguage":"pt-BR","@id":"https:\/\/www.em.com.br\/emfoco\/2025\/07\/21\/por-que-nosso-corpo-trava-quando-estamos-com-muito-medo\/#primaryimage","url":"https:\/\/www.em.com.br\/emfoco\/wp-content\/uploads\/2025\/06\/Fobia_1750867573807.jpg","contentUrl":"https:\/\/www.em.com.br\/emfoco\/wp-content\/uploads\/2025\/06\/Fobia_1750867573807.jpg","width":1280,"height":720,"caption":"Mulher com medo - Cr\u00e9ditos: depositphotos.com \/ AndrewLozovyi"},{"@type":"BreadcrumbList","@id":"https:\/\/www.em.com.br\/emfoco\/2025\/07\/21\/por-que-nosso-corpo-trava-quando-estamos-com-muito-medo\/#breadcrumb","itemListElement":[{"@type":"ListItem","position":1,"name":"In\u00edcio","item":"https:\/\/www.em.com.br\/emfoco\/"},{"@type":"ListItem","position":2,"name":"Por que nosso corpo &#8220;trava&#8221; quando estamos com muito medo?"}]},{"@type":"WebSite","@id":"https:\/\/www.em.com.br\/emfoco\/#website","url":"https:\/\/www.em.com.br\/emfoco\/","name":"Estado de Minas - Em foco","description":"Acompanhe as \u00faltimas not\u00edcias e fique bem informado sobre tudo o que acontece em Minas Gerais, Brasil e no mundo.","potentialAction":[{"@type":"SearchAction","target":{"@type":"EntryPoint","urlTemplate":"https:\/\/www.em.com.br\/emfoco\/?s={search_term_string}"},"query-input":{"@type":"PropertyValueSpecification","valueRequired":true,"valueName":"search_term_string"}}],"inLanguage":"pt-BR"},{"@type":"Person","@id":"https:\/\/www.em.com.br\/emfoco\/#\/schema\/person\/1c9ddeab18b98abeffef834667bcf08a","name":"Gabriel Martins","image":{"@type":"ImageObject","inLanguage":"pt-BR","@id":"https:\/\/www.em.com.br\/emfoco\/#\/schema\/person\/image\/","url":"https:\/\/secure.gravatar.com\/avatar\/f0f1e2efdfd88f1ad2cb08c5c2731e50?s=96&d=mm&r=g","contentUrl":"https:\/\/secure.gravatar.com\/avatar\/f0f1e2efdfd88f1ad2cb08c5c2731e50?s=96&d=mm&r=g","caption":"Gabriel Martins"},"sameAs":["https:\/\/www.em.com.br\/emfoco\/"],"url":"https:\/\/www.em.com.br\/emfoco\/author\/gabrielmartinsmyth\/"}]}},"_links":{"self":[{"href":"https:\/\/www.em.com.br\/emfoco\/wp-json\/wp\/v2\/posts\/77974","targetHints":{"allow":["GET"]}}],"collection":[{"href":"https:\/\/www.em.com.br\/emfoco\/wp-json\/wp\/v2\/posts"}],"about":[{"href":"https:\/\/www.em.com.br\/emfoco\/wp-json\/wp\/v2\/types\/post"}],"author":[{"embeddable":true,"href":"https:\/\/www.em.com.br\/emfoco\/wp-json\/wp\/v2\/users\/13"}],"replies":[{"embeddable":true,"href":"https:\/\/www.em.com.br\/emfoco\/wp-json\/wp\/v2\/comments?post=77974"}],"version-history":[{"count":2,"href":"https:\/\/www.em.com.br\/emfoco\/wp-json\/wp\/v2\/posts\/77974\/revisions"}],"predecessor-version":[{"id":77992,"href":"https:\/\/www.em.com.br\/emfoco\/wp-json\/wp\/v2\/posts\/77974\/revisions\/77992"}],"wp:featuredmedia":[{"embeddable":true,"href":"https:\/\/www.em.com.br\/emfoco\/wp-json\/wp\/v2\/media\/66923"}],"wp:attachment":[{"href":"https:\/\/www.em.com.br\/emfoco\/wp-json\/wp\/v2\/media?parent=77974"}],"wp:term":[{"taxonomy":"category","embeddable":true,"href":"https:\/\/www.em.com.br\/emfoco\/wp-json\/wp\/v2\/categories?post=77974"},{"taxonomy":"post_tag","embeddable":true,"href":"https:\/\/www.em.com.br\/emfoco\/wp-json\/wp\/v2\/tags?post=77974"}],"curies":[{"name":"wp","href":"https:\/\/api.w.org\/{rel}","templated":true}]}}