{"id":77948,"date":"2025-07-25T07:08:00","date_gmt":"2025-07-25T10:08:00","guid":{"rendered":"https:\/\/www.em.com.br\/emfoco\/?p=77948"},"modified":"2025-07-24T18:48:41","modified_gmt":"2025-07-24T21:48:41","slug":"os-sinais-de-que-seu-nivel-de-acucar-no-sangue-esta-muito-alto","status":"publish","type":"post","link":"https:\/\/www.em.com.br\/emfoco\/2025\/07\/25\/os-sinais-de-que-seu-nivel-de-acucar-no-sangue-esta-muito-alto\/","title":{"rendered":"Os sinais de que seu n\u00edvel de a\u00e7\u00facar no sangue est\u00e1 muito alto"},"content":{"rendered":"\n<p>O <strong>aumento da glicose no sangue<\/strong>, conhecido como <a href=\"https:\/\/www.em.com.br\/emfoco\/2025\/04\/18\/a-fruta-brasileira-que-pode-controlar-a-hiperglicemia-e-melhorar-a-saude-cerebral\/\" target=\"_blank\" rel=\"noreferrer noopener\">hiperglicemia<\/a>, pode surgir de forma discreta, mas traz sinais caracter\u00edsticos. Reconhecer os sintomas precocemente \u00e9 essencial para evitar danos graves ao organismo.<\/p>\n\n\n\n<p>Entre os <strong>sintomas mais frequentes<\/strong> est\u00e3o sede intensa, mic\u00e7\u00e3o frequente, boca seca e cansa\u00e7o constante \u2014 mesmo com noites bem dormidas ou alimenta\u00e7\u00e3o adequada.<\/p>\n\n\n\n<h2 class=\"wp-block-heading\">Por que a sede intensa \u00e9 um sinal t\u00e3o comum?<\/h2>\n\n\n\n<p>Quando a glicemia est\u00e1 elevada, os rins trabalham para eliminar o excesso de a\u00e7\u00facar, retirando mais \u00e1gua do corpo. O resultado \u00e9 uma <strong>desidrata\u00e7\u00e3o persistente<\/strong> e sede exagerada, que pode n\u00e3o melhorar mesmo com grande ingest\u00e3o de l\u00edquidos.<\/p>\n\n\n\n<p>Esse sintoma \u00e9 um dos primeiros a aparecer e deve servir como alerta para investigar os n\u00edveis de glicose.<\/p>\n\n\n\n<h2 class=\"wp-block-heading\">Urinar com frequ\u00eancia pode ser indicativo de diabetes?<\/h2>\n\n\n\n<p>Sim. A <strong>mic\u00e7\u00e3o frequente<\/strong>, especialmente \u00e0 noite, ocorre porque o corpo tenta eliminar o excesso de glicose atrav\u00e9s da urina. Esse esfor\u00e7o constante dos rins impacta diretamente na frequ\u00eancia urin\u00e1ria.<\/p>\n\n\n\n<p>Se voc\u00ea precisa ir ao banheiro diversas vezes ao dia, vale monitorar sua glicemia com um profissional.<\/p>\n\n\n\n<h2 class=\"wp-block-heading\">Quais sinais est\u00e3o ligados \u00e0 desidrata\u00e7\u00e3o pela hiperglicemia?<\/h2>\n\n\n\n<p>Al\u00e9m da sede excessiva e da mic\u00e7\u00e3o intensa, sintomas como <strong>boca seca<\/strong> e olhos ressecados s\u00e3o comuns. Essas manifesta\u00e7\u00f5es ocorrem porque o organismo perde l\u00edquidos de forma acelerada.<\/p>\n\n\n\n<p>Mesmo com ingest\u00e3o regular de \u00e1gua, a sensa\u00e7\u00e3o de secura pode persistir, o que refor\u00e7a a necessidade de avaliar os n\u00edveis de glicose.<\/p>\n\n\n\n<h2 class=\"wp-block-heading\">Por que sentimos cansa\u00e7o mesmo com a\u00e7\u00facar no sangue alto?<\/h2>\n\n\n\n<p>Apesar da glicose em excesso, o corpo n\u00e3o consegue utiliz\u00e1-la de forma eficaz. As c\u00e9lulas ficam sem energia, causando <strong>fadiga prolongada<\/strong>, mesmo ap\u00f3s repouso ou alimenta\u00e7\u00e3o.<\/p>\n\n\n\n<p>Esse tipo de cansa\u00e7o est\u00e1 ligado \u00e0 incapacidade de absorver a glicose, sintoma t\u00edpico do in\u00edcio do diabetes.<\/p>\n\n\n\n<figure class=\"wp-block-image\"><img decoding=\"async\" src=\"https:\/\/www.em.com.br\/emfoco\/wp-content\/uploads\/2025\/06\/acucar-no-sangue_1750341452769-1024x576.jpg\" alt=\"\"\/><figcaption class=\"wp-element-caption\">Exame de a\u00e7\u00facar no sangue &#8211; Cr\u00e9ditos: depositphotos.com \/ AndrewLozovyi<\/figcaption><\/figure>\n\n\n\n<h2 class=\"wp-block-heading\">Fome aumentada pode indicar desequil\u00edbrio glic\u00eamico?<\/h2>\n\n\n\n<p>Sim. A <a href=\"https:\/\/pt.wikipedia.org\/wiki\/Polifagia\" target=\"_blank\" rel=\"noreferrer noopener\"><strong>polifagia<\/strong> <\/a>(fome excessiva) ocorre porque as c\u00e9lulas \u201csentem\u201d falta de energia, apesar do excesso de a\u00e7\u00facar no sangue. O corpo interpreta essa falha como necessidade de mais alimento.<\/p>\n\n\n\n<p>Esse sintoma \u00e9 especialmente comum quando a glicemia est\u00e1 alta, mas desregulada no metabolismo celular.<\/p>\n\n\n\n<h2 class=\"wp-block-heading\">Em quais casos a perda de peso \u00e9 um sinal de alerta?<\/h2>\n\n\n\n<p>Mesmo comendo mais, o corpo come\u00e7a a <strong>queimar gordura e massa muscular<\/strong> como fonte alternativa de energia, provocando emagrecimento involunt\u00e1rio \u2014 especialmente em casos de diabetes tipo 1.<\/p>\n\n\n\n<p>Perder peso sem explica\u00e7\u00e3o aparente, mesmo com apetite preservado, \u00e9 um sinal cl\u00ednico importante que n\u00e3o deve ser ignorado.<\/p>\n\n\n\n<h2 class=\"wp-block-heading\">Como o excesso de glicose afeta a vis\u00e3o?<\/h2>\n\n\n\n<p>Altos n\u00edveis de a\u00e7\u00facar no sangue podem alterar o fluido ocular, provocando <strong>vis\u00e3o turva<\/strong> e dificuldade para focar. Esse sintoma geralmente \u00e9 revers\u00edvel com o controle da glicemia.<\/p>\n\n\n\n<p>Se os epis\u00f3dios forem recorrentes, procure acompanhamento m\u00e9dico para avalia\u00e7\u00e3o oftalmol\u00f3gica e metab\u00f3lica.<\/p>\n\n\n\n<h2 class=\"wp-block-heading\">Infec\u00e7\u00f5es frequentes podem estar ligadas \u00e0 hiperglicemia?<\/h2>\n\n\n\n<p>Sim. O sistema imunol\u00f3gico enfraquece com a glicemia alta, favorecendo <strong>infec\u00e7\u00f5es f\u00fangicas e bacterianas<\/strong>. Candid\u00edase recorrente, infec\u00e7\u00f5es urin\u00e1rias e feridas que n\u00e3o cicatrizam s\u00e3o sinais comuns.<\/p>\n\n\n\n<ul class=\"wp-block-list\">\n<li>Infec\u00e7\u00f5es f\u00fangicas vaginais<\/li>\n\n\n\n<li>Feridas lentas para cicatrizar<\/li>\n\n\n\n<li>Epis\u00f3dios repetidos de infec\u00e7\u00e3o urin\u00e1ria<\/li>\n<\/ul>\n\n\n\n<h2 class=\"wp-block-heading\">Altera\u00e7\u00f5es na pele podem indicar descontrole do a\u00e7\u00facar?<\/h2>\n\n\n\n<p>Sim. A <strong>acantose nigricans<\/strong> (manchas escurecidas e aveludadas) costuma aparecer em dobras como pesco\u00e7o e axilas. Pele seca e coceira tamb\u00e9m s\u00e3o frequentes.<\/p>\n\n\n\n<p>Essas manifesta\u00e7\u00f5es cut\u00e2neas s\u00e3o reflexo da resist\u00eancia \u00e0 insulina e costumam surgir antes do diagn\u00f3stico de diabetes.<\/p>\n\n\n\n<h2 class=\"wp-block-heading\">Mudan\u00e7as de humor est\u00e3o ligadas ao a\u00e7\u00facar no sangue?<\/h2>\n\n\n\n<p>Oscila\u00e7\u00f5es glic\u00eamicas podem interferir no bem-estar emocional. <strong>Irritabilidade, tristeza e ansiedade<\/strong> s\u00e3o sintomas associados \u00e0 hiperglicemia ou grandes varia\u00e7\u00f5es nos n\u00edveis de glicose.<\/p>\n\n\n\n<p>Manter o controle glic\u00eamico est\u00e1vel pode contribuir para uma melhora no equil\u00edbrio emocional.<\/p>\n\n\n\n<h2 class=\"wp-block-heading\">Formigamentos e dorm\u00eancias est\u00e3o relacionados ao diabetes?<\/h2>\n\n\n\n<p>Sim. A <strong>neuropatia diab\u00e9tica<\/strong> \u00e9 uma complica\u00e7\u00e3o comum da hiperglicemia prolongada. Ela provoca dorm\u00eancia, dor ou queima\u00e7\u00e3o, principalmente nas extremidades como p\u00e9s e m\u00e3os.<\/p>\n\n\n\n<ul class=\"wp-block-list\">\n<li>Formigamento noturno nos p\u00e9s<\/li>\n\n\n\n<li>Perda de sensibilidade ao toque<\/li>\n\n\n\n<li>Queima\u00e7\u00e3o constante nas pernas<\/li>\n<\/ul>\n\n\n\n<h2 class=\"wp-block-heading\">Quando os sintomas se tornam um risco imediato?<\/h2>\n\n\n\n<p>Sintomas como <strong>n\u00e1useas, v\u00f4mitos, dor abdominal<\/strong> e respira\u00e7\u00e3o ofegante podem indicar complica\u00e7\u00f5es graves como a cetoacidose diab\u00e9tica. Nesses casos, o atendimento m\u00e9dico deve ser imediato.<\/p>\n\n\n\n<p>Outros sinais como h\u00e1lito adocicado e confus\u00e3o mental tamb\u00e9m indicam urg\u00eancia m\u00e9dica, pois h\u00e1 risco de coma hiperglic\u00eamico.<\/p>\n\n\n\n<h2 class=\"wp-block-heading\">Em que momento devo procurar ajuda m\u00e9dica?<\/h2>\n\n\n\n<p>Se houver <strong>sintomas persistentes ou piora cl\u00ednica<\/strong>, como glicemia elevada por v\u00e1rios dias ou surgimento de sinais neurol\u00f3gicos e respirat\u00f3rios, procure avalia\u00e7\u00e3o m\u00e9dica o quanto antes.<\/p>\n\n\n\n<p>Mesmo sem diagn\u00f3stico pr\u00e9vio de diabetes, \u00e9 fundamental investigar qualquer suspeita de descontrole glic\u00eamico.<\/p>\n\n\n\n<h2 class=\"wp-block-heading\">Por que reconhecer os sinais precoces \u00e9 t\u00e3o importante?<\/h2>\n\n\n\n<p>Identificar os <strong>sinais iniciais de hiperglicemia<\/strong> permite interven\u00e7\u00f5es precoces, evitando complica\u00e7\u00f5es s\u00e9rias no futuro, como problemas nos rins, olhos e nervos.<\/p>\n\n\n\n<p>Manter uma rotina de controle glic\u00eamico e buscar orienta\u00e7\u00e3o profissional ao menor sinal pode preservar sua sa\u00fade e qualidade de vida a longo prazo.<\/p>\n","protected":false},"excerpt":{"rendered":"<p>O aumento da glicose no sangue, conhecido como hiperglicemia, pode surgir de forma discreta, mas traz sinais caracter\u00edsticos. Reconhecer os sintomas precocemente \u00e9 essencial para evitar danos graves ao organismo. Entre os sintomas mais frequentes est\u00e3o sede intensa, mic\u00e7\u00e3o frequente, boca seca e cansa\u00e7o constante \u2014 mesmo com noites bem dormidas ou alimenta\u00e7\u00e3o adequada. Por [&hellip;]<\/p>\n","protected":false},"author":11,"featured_media":69347,"comment_status":"open","ping_status":"open","sticky":false,"template":"","format":"standard","meta":{"jnews-multi-image_gallery":[],"jnews_single_post":{"format":"standard"},"jnews_primary_category":[],"jnews_social_meta":[],"jnews_override_counter":[],"footnotes":""},"categories":[1,9053],"tags":[12386,6825,12387,415],"class_list":["post-77948","post","type-post","status-publish","format-standard","has-post-thumbnail","hentry","category-noticias","category-saude","tag-acucar-no-sangue-2","tag-glicose","tag-mal-estar","tag-saude"],"yoast_head":"<!-- This site is optimized with the Yoast SEO plugin v23.8 - https:\/\/yoast.com\/wordpress\/plugins\/seo\/ -->\n<title>Os sinais de que seu n\u00edvel de a\u00e7\u00facar no sangue est\u00e1 muito alto - Estado de Minas - Em foco<\/title>\n<meta name=\"description\" content=\"Sinais de alto n\u00edvel de a\u00e7\u00facar no sangue podem incluir diversos sintomas que merecem aten\u00e7\u00e3o, saiba quais e se cuide!\" \/>\n<meta name=\"robots\" content=\"index, follow, max-snippet:-1, max-image-preview:large, max-video-preview:-1\" \/>\n<link rel=\"canonical\" href=\"https:\/\/www.em.com.br\/emfoco\/2025\/07\/25\/os-sinais-de-que-seu-nivel-de-acucar-no-sangue-esta-muito-alto\/\" \/>\n<meta property=\"og:locale\" content=\"pt_BR\" \/>\n<meta property=\"og:type\" content=\"article\" \/>\n<meta property=\"og:title\" content=\"Os sinais de que seu n\u00edvel de a\u00e7\u00facar no sangue est\u00e1 muito alto - Estado de Minas - Em foco\" \/>\n<meta property=\"og:description\" content=\"Sinais de alto n\u00edvel de a\u00e7\u00facar no sangue podem incluir diversos sintomas que merecem aten\u00e7\u00e3o, saiba quais e se cuide!\" \/>\n<meta property=\"og:url\" content=\"https:\/\/www.em.com.br\/emfoco\/2025\/07\/25\/os-sinais-de-que-seu-nivel-de-acucar-no-sangue-esta-muito-alto\/\" \/>\n<meta property=\"og:site_name\" content=\"Estado de Minas - Em foco\" \/>\n<meta property=\"article:published_time\" content=\"2025-07-25T10:08:00+00:00\" \/>\n<meta property=\"article:modified_time\" content=\"2025-07-24T21:48:41+00:00\" \/>\n<meta property=\"og:image\" content=\"https:\/\/www.em.com.br\/emfoco\/wp-content\/uploads\/2025\/06\/diabetes-_1751324685904.jpg\" \/>\n\t<meta property=\"og:image:width\" content=\"1280\" \/>\n\t<meta property=\"og:image:height\" content=\"720\" \/>\n\t<meta property=\"og:image:type\" content=\"image\/jpeg\" \/>\n<meta name=\"author\" content=\"Andre\u0301 Rangel\u00a0\" \/>\n<meta name=\"twitter:card\" content=\"summary_large_image\" \/>\n<meta name=\"twitter:label1\" content=\"Escrito por\" \/>\n\t<meta name=\"twitter:data1\" content=\"Andre\u0301 Rangel\u00a0\" \/>\n\t<meta name=\"twitter:label2\" content=\"Est. tempo de leitura\" \/>\n\t<meta name=\"twitter:data2\" content=\"5 minutos\" \/>\n<!-- \/ Yoast SEO plugin. -->","yoast_head_json":{"title":"Os sinais de que seu n\u00edvel de a\u00e7\u00facar no sangue est\u00e1 muito alto - Estado de Minas - Em foco","description":"Sinais de alto n\u00edvel de a\u00e7\u00facar no sangue podem incluir diversos sintomas que merecem aten\u00e7\u00e3o, saiba quais e se cuide!","robots":{"index":"index","follow":"follow","max-snippet":"max-snippet:-1","max-image-preview":"max-image-preview:large","max-video-preview":"max-video-preview:-1"},"canonical":"https:\/\/www.em.com.br\/emfoco\/2025\/07\/25\/os-sinais-de-que-seu-nivel-de-acucar-no-sangue-esta-muito-alto\/","og_locale":"pt_BR","og_type":"article","og_title":"Os sinais de que seu n\u00edvel de a\u00e7\u00facar no sangue est\u00e1 muito alto - Estado de Minas - Em foco","og_description":"Sinais de alto n\u00edvel de a\u00e7\u00facar no sangue podem incluir diversos sintomas que merecem aten\u00e7\u00e3o, saiba quais e se cuide!","og_url":"https:\/\/www.em.com.br\/emfoco\/2025\/07\/25\/os-sinais-de-que-seu-nivel-de-acucar-no-sangue-esta-muito-alto\/","og_site_name":"Estado de Minas - Em foco","article_published_time":"2025-07-25T10:08:00+00:00","article_modified_time":"2025-07-24T21:48:41+00:00","og_image":[{"width":1280,"height":720,"url":"https:\/\/www.em.com.br\/emfoco\/wp-content\/uploads\/2025\/06\/diabetes-_1751324685904.jpg","type":"image\/jpeg"}],"author":"Andre\u0301 Rangel\u00a0","twitter_card":"summary_large_image","twitter_misc":{"Escrito por":"Andre\u0301 Rangel\u00a0","Est. tempo de leitura":"5 minutos"},"schema":{"@context":"https:\/\/schema.org","@graph":[{"@type":"WebPage","@id":"https:\/\/www.em.com.br\/emfoco\/2025\/07\/25\/os-sinais-de-que-seu-nivel-de-acucar-no-sangue-esta-muito-alto\/","url":"https:\/\/www.em.com.br\/emfoco\/2025\/07\/25\/os-sinais-de-que-seu-nivel-de-acucar-no-sangue-esta-muito-alto\/","name":"Os sinais de que seu n\u00edvel de a\u00e7\u00facar no sangue est\u00e1 muito alto - Estado de Minas - Em foco","isPartOf":{"@id":"https:\/\/www.em.com.br\/emfoco\/#website"},"primaryImageOfPage":{"@id":"https:\/\/www.em.com.br\/emfoco\/2025\/07\/25\/os-sinais-de-que-seu-nivel-de-acucar-no-sangue-esta-muito-alto\/#primaryimage"},"image":{"@id":"https:\/\/www.em.com.br\/emfoco\/2025\/07\/25\/os-sinais-de-que-seu-nivel-de-acucar-no-sangue-esta-muito-alto\/#primaryimage"},"thumbnailUrl":"https:\/\/www.em.com.br\/emfoco\/wp-content\/uploads\/2025\/06\/diabetes-_1751324685904.jpg","datePublished":"2025-07-25T10:08:00+00:00","dateModified":"2025-07-24T21:48:41+00:00","author":{"@id":"https:\/\/www.em.com.br\/emfoco\/#\/schema\/person\/60eda09c1fedf0d6891f4cef4b60b8b8"},"description":"Sinais de alto n\u00edvel de a\u00e7\u00facar no sangue podem incluir diversos sintomas que merecem aten\u00e7\u00e3o, saiba quais e se cuide!","breadcrumb":{"@id":"https:\/\/www.em.com.br\/emfoco\/2025\/07\/25\/os-sinais-de-que-seu-nivel-de-acucar-no-sangue-esta-muito-alto\/#breadcrumb"},"inLanguage":"pt-BR","potentialAction":[{"@type":"ReadAction","target":["https:\/\/www.em.com.br\/emfoco\/2025\/07\/25\/os-sinais-de-que-seu-nivel-de-acucar-no-sangue-esta-muito-alto\/"]}]},{"@type":"ImageObject","inLanguage":"pt-BR","@id":"https:\/\/www.em.com.br\/emfoco\/2025\/07\/25\/os-sinais-de-que-seu-nivel-de-acucar-no-sangue-esta-muito-alto\/#primaryimage","url":"https:\/\/www.em.com.br\/emfoco\/wp-content\/uploads\/2025\/06\/diabetes-_1751324685904.jpg","contentUrl":"https:\/\/www.em.com.br\/emfoco\/wp-content\/uploads\/2025\/06\/diabetes-_1751324685904.jpg","width":1280,"height":720,"caption":"Mulher fazendo teste de sangue - Cr\u00e9ditos: depositphotos.com \/ AndrewLozovyi"},{"@type":"BreadcrumbList","@id":"https:\/\/www.em.com.br\/emfoco\/2025\/07\/25\/os-sinais-de-que-seu-nivel-de-acucar-no-sangue-esta-muito-alto\/#breadcrumb","itemListElement":[{"@type":"ListItem","position":1,"name":"In\u00edcio","item":"https:\/\/www.em.com.br\/emfoco\/"},{"@type":"ListItem","position":2,"name":"Os sinais de que seu n\u00edvel de a\u00e7\u00facar no sangue est\u00e1 muito alto"}]},{"@type":"WebSite","@id":"https:\/\/www.em.com.br\/emfoco\/#website","url":"https:\/\/www.em.com.br\/emfoco\/","name":"Estado de Minas - Em foco","description":"Acompanhe as \u00faltimas not\u00edcias e fique bem informado sobre tudo o que acontece em Minas Gerais, Brasil e no mundo.","potentialAction":[{"@type":"SearchAction","target":{"@type":"EntryPoint","urlTemplate":"https:\/\/www.em.com.br\/emfoco\/?s={search_term_string}"},"query-input":{"@type":"PropertyValueSpecification","valueRequired":true,"valueName":"search_term_string"}}],"inLanguage":"pt-BR"},{"@type":"Person","@id":"https:\/\/www.em.com.br\/emfoco\/#\/schema\/person\/60eda09c1fedf0d6891f4cef4b60b8b8","name":"Andre\u0301 Rangel\u00a0","image":{"@type":"ImageObject","inLanguage":"pt-BR","@id":"https:\/\/www.em.com.br\/emfoco\/#\/schema\/person\/image\/","url":"https:\/\/secure.gravatar.com\/avatar\/6234dc814c77c8ef6d8bba622c787efc?s=96&d=mm&r=g","contentUrl":"https:\/\/secure.gravatar.com\/avatar\/6234dc814c77c8ef6d8bba622c787efc?s=96&d=mm&r=g","caption":"Andre\u0301 Rangel\u00a0"},"url":"https:\/\/www.em.com.br\/emfoco\/author\/luizmyth\/"}]}},"_links":{"self":[{"href":"https:\/\/www.em.com.br\/emfoco\/wp-json\/wp\/v2\/posts\/77948","targetHints":{"allow":["GET"]}}],"collection":[{"href":"https:\/\/www.em.com.br\/emfoco\/wp-json\/wp\/v2\/posts"}],"about":[{"href":"https:\/\/www.em.com.br\/emfoco\/wp-json\/wp\/v2\/types\/post"}],"author":[{"embeddable":true,"href":"https:\/\/www.em.com.br\/emfoco\/wp-json\/wp\/v2\/users\/11"}],"replies":[{"embeddable":true,"href":"https:\/\/www.em.com.br\/emfoco\/wp-json\/wp\/v2\/comments?post=77948"}],"version-history":[{"count":5,"href":"https:\/\/www.em.com.br\/emfoco\/wp-json\/wp\/v2\/posts\/77948\/revisions"}],"predecessor-version":[{"id":81185,"href":"https:\/\/www.em.com.br\/emfoco\/wp-json\/wp\/v2\/posts\/77948\/revisions\/81185"}],"wp:featuredmedia":[{"embeddable":true,"href":"https:\/\/www.em.com.br\/emfoco\/wp-json\/wp\/v2\/media\/69347"}],"wp:attachment":[{"href":"https:\/\/www.em.com.br\/emfoco\/wp-json\/wp\/v2\/media?parent=77948"}],"wp:term":[{"taxonomy":"category","embeddable":true,"href":"https:\/\/www.em.com.br\/emfoco\/wp-json\/wp\/v2\/categories?post=77948"},{"taxonomy":"post_tag","embeddable":true,"href":"https:\/\/www.em.com.br\/emfoco\/wp-json\/wp\/v2\/tags?post=77948"}],"curies":[{"name":"wp","href":"https:\/\/api.w.org\/{rel}","templated":true}]}}