{"id":77933,"date":"2025-07-31T00:01:12","date_gmt":"2025-07-31T03:01:12","guid":{"rendered":"https:\/\/www.em.com.br\/emfoco\/?p=77933"},"modified":"2025-07-31T00:01:15","modified_gmt":"2025-07-31T03:01:15","slug":"beneficios-para-todos-que-informam-o-cpf-ao-comprar-em-supermercados-em-2025","status":"publish","type":"post","link":"https:\/\/www.em.com.br\/emfoco\/2025\/07\/31\/beneficios-para-todos-que-informam-o-cpf-ao-comprar-em-supermercados-em-2025\/","title":{"rendered":"Benef\u00edcios para todos que informam o CPF ao comprar em supermercados em 2025"},"content":{"rendered":"\n<p>Inserir o <strong>CPF na nota fiscal<\/strong> garante alguns benef\u00edcios ao consumidor e refor\u00e7a o combate \u00e0 sonega\u00e7\u00e3o. Essa pr\u00e1tica simples fortalece a fiscaliza\u00e7\u00e3o e melhora a arrecada\u00e7\u00e3o de tributos.<\/p>\n\n\n\n<p>Adem\u00e1s, o consumidor pode receber cr\u00e9ditos, participar de sorteios e, em alguns estados, at\u00e9 direcionar parte do valor arrecadado para a\u00e7\u00f5es sociais ou institui\u00e7\u00f5es beneficentes.<\/p>\n\n\n\n<h2 class=\"wp-block-heading\">Quais s\u00e3o os principais benef\u00edcios do CPF na Nota em 2025?<\/h2>\n\n\n\n<p>O programa oferece diversas vantagens ao consumidor, al\u00e9m de estimular pr\u00e1ticas fiscais mais transparentes. Entre os principais atrativos, est\u00e3o:<\/p>\n\n\n\n<ul class=\"wp-block-list\">\n<li><strong>Cr\u00e9ditos fiscais:<\/strong> utiliz\u00e1veis em abatimentos de impostos estaduais.<\/li>\n\n\n\n<li><strong>Sorteios de pr\u00eamios:<\/strong> com bilhetes gerados a cada compra registrada.<\/li>\n\n\n\n<li><strong>Redu\u00e7\u00e3o da sonega\u00e7\u00e3o:<\/strong> promove maior controle sobre as vendas declaradas.<\/li>\n\n\n\n<li><strong>Contribui\u00e7\u00e3o solid\u00e1ria:<\/strong> permite destinar cr\u00e9ditos a ONGs e entidades filantr\u00f3picas.<\/li>\n<\/ul>\n\n\n\n<figure class=\"wp-block-image\"><img decoding=\"async\" src=\"https:\/\/www.em.com.br\/emfoco\/wp-content\/uploads\/2025\/05\/supermercado-nota-_1746141353162-1024x576.jpg\" alt=\"\"\/><figcaption class=\"wp-element-caption\">Nota fiscal de compra &#8211; Cr\u00e9ditos: depositphotos.com \/ innu_asha84<\/figcaption><\/figure>\n\n\n\n<h2 class=\"wp-block-heading\">Como consultar e resgatar os cr\u00e9ditos acumulados?<\/h2>\n\n\n\n<p>Consultar os <strong>cr\u00e9ditos do CPF na Nota<\/strong> \u00e9 simples e pode ser feito diretamente pelo site oficial do programa no estado onde voc\u00ea reside. Basta seguir os passos:<\/p>\n\n\n\n<ol class=\"wp-block-list\">\n<li>Acesse o site da iniciativa no seu estado.<\/li>\n\n\n\n<li>Fa\u00e7a login com seu CPF e senha cadastrada.<\/li>\n\n\n\n<li>Visualize os cr\u00e9ditos dispon\u00edveis e bilhetes para sorteios.<\/li>\n\n\n\n<li>Escolha como deseja utilizar os cr\u00e9ditos: transfer\u00eancia, abatimento ou doa\u00e7\u00e3o.<\/li>\n<\/ol>\n\n\n\n<h2 class=\"wp-block-heading\">Quais estados brasileiros participam do CPF na Nota?<\/h2>\n\n\n\n<p>V\u00e1rios estados implementaram vers\u00f5es do programa <strong>CPF na Nota<\/strong>, com benef\u00edcios adaptados \u00e0 realidade local. Entre os mais ativos est\u00e3o:<\/p>\n\n\n\n<ul class=\"wp-block-list\">\n<li><strong>S\u00e3o Paulo:<\/strong> sorteios, devolu\u00e7\u00e3o em dinheiro e desconto no IPVA.<\/li>\n\n\n\n<li><strong>Rio Grande do Sul:<\/strong> foco em doa\u00e7\u00f5es e engajamento cidad\u00e3o.<\/li>\n\n\n\n<li><strong>Minas Gerais:<\/strong> sistema de pr\u00eamios por sorteios, sem abatimento fiscal.<\/li>\n<\/ul>\n\n\n\n<h2 class=\"wp-block-heading\">Como aumentar as chances de ganhar nos sorteios?<\/h2>\n\n\n\n<p>Participar dos sorteios \u00e9 um dos atrativos do CPF na Nota, e algumas atitudes ajudam a ampliar suas chances. Acompanhe suas compras e seus bilhetes regularmente.<\/p>\n\n\n\n<p>Mantenha seu cadastro sempre atualizado, priorize informar o CPF em todas as compras e acompanhe o calend\u00e1rio de sorteios no portal do seu estado.<\/p>\n\n\n\n<h2 class=\"wp-block-heading\">Por que o CPF na Nota contribui com o controle fiscal?<\/h2>\n\n\n\n<p>O programa promove maior <strong>responsabilidade tribut\u00e1ria<\/strong> e estimula uma cultura de participa\u00e7\u00e3o ativa na fiscaliza\u00e7\u00e3o p\u00fablica. Ele tamb\u00e9m combate fraudes e reduz perdas na arrecada\u00e7\u00e3o.<\/p>\n\n\n\n<p>Al\u00e9m dos ganhos diretos ao consumidor, essa pr\u00e1tica fortalece as finan\u00e7as p\u00fablicas e contribui para uma sociedade mais justa e transparente.<\/p>\n","protected":false},"excerpt":{"rendered":"<p>Inserir o CPF na nota fiscal garante alguns benef\u00edcios ao consumidor e refor\u00e7a o combate \u00e0 sonega\u00e7\u00e3o. Essa pr\u00e1tica simples fortalece a fiscaliza\u00e7\u00e3o e melhora a arrecada\u00e7\u00e3o de tributos. Adem\u00e1s, o consumidor pode receber cr\u00e9ditos, participar de sorteios e, em alguns estados, at\u00e9 direcionar parte do valor arrecadado para a\u00e7\u00f5es sociais ou institui\u00e7\u00f5es beneficentes. Quais [&hellip;]<\/p>\n","protected":false},"author":11,"featured_media":44744,"comment_status":"open","ping_status":"open","sticky":false,"template":"","format":"standard","meta":{"jnews-multi-image_gallery":[],"jnews_single_post":{"format":"standard"},"jnews_primary_category":[],"jnews_social_meta":[],"jnews_override_counter":[],"footnotes":""},"categories":[28,1],"tags":[2603,3134,2588],"class_list":["post-77933","post","type-post","status-publish","format-standard","has-post-thumbnail","hentry","category-economia","category-noticias","tag-beneficio-financeiro","tag-cpf-na-nota-fiscal","tag-programa-cpf-na-nota"],"yoast_head":"<!-- This site is optimized with the Yoast SEO plugin v23.8 - https:\/\/yoast.com\/wordpress\/plugins\/seo\/ -->\n<title>Benef\u00edcios para todos que informam o CPF ao comprar em supermercados em 2025 - Estado de Minas - Em foco<\/title>\n<meta name=\"description\" content=\"Comunicado sobre iniciativa adotada em diferentes partes do Brasil com a finalidade de estimular a emiss\u00e3o de documentos fiscais e combater a evas\u00e3o de impostos.\" \/>\n<meta name=\"robots\" content=\"index, follow, max-snippet:-1, max-image-preview:large, max-video-preview:-1\" \/>\n<link rel=\"canonical\" href=\"https:\/\/www.em.com.br\/emfoco\/2025\/07\/31\/beneficios-para-todos-que-informam-o-cpf-ao-comprar-em-supermercados-em-2025\/\" \/>\n<meta property=\"og:locale\" content=\"pt_BR\" \/>\n<meta property=\"og:type\" content=\"article\" \/>\n<meta property=\"og:title\" content=\"Benef\u00edcios para todos que informam o CPF ao comprar em supermercados em 2025 - Estado de Minas - Em foco\" \/>\n<meta property=\"og:description\" content=\"Comunicado sobre iniciativa adotada em diferentes partes do Brasil com a finalidade de estimular a emiss\u00e3o de documentos fiscais e combater a evas\u00e3o de impostos.\" \/>\n<meta property=\"og:url\" content=\"https:\/\/www.em.com.br\/emfoco\/2025\/07\/31\/beneficios-para-todos-que-informam-o-cpf-ao-comprar-em-supermercados-em-2025\/\" \/>\n<meta property=\"og:site_name\" content=\"Estado de Minas - Em foco\" \/>\n<meta property=\"article:published_time\" content=\"2025-07-31T03:01:12+00:00\" \/>\n<meta property=\"article:modified_time\" content=\"2025-07-31T03:01:15+00:00\" \/>\n<meta property=\"og:image\" content=\"https:\/\/www.em.com.br\/emfoco\/wp-content\/uploads\/2025\/05\/recibo-fiscal_1746483365461.jpg\" \/>\n\t<meta property=\"og:image:width\" content=\"1279\" \/>\n\t<meta property=\"og:image:height\" content=\"720\" \/>\n\t<meta property=\"og:image:type\" content=\"image\/jpeg\" \/>\n<meta name=\"author\" content=\"Andre\u0301 Rangel\u00a0\" \/>\n<meta name=\"twitter:card\" content=\"summary_large_image\" \/>\n<meta name=\"twitter:label1\" content=\"Escrito por\" \/>\n\t<meta name=\"twitter:data1\" content=\"Andre\u0301 Rangel\u00a0\" \/>\n\t<meta name=\"twitter:label2\" content=\"Est. tempo de leitura\" \/>\n\t<meta name=\"twitter:data2\" content=\"3 minutos\" \/>\n<!-- \/ Yoast SEO plugin. -->","yoast_head_json":{"title":"Benef\u00edcios para todos que informam o CPF ao comprar em supermercados em 2025 - Estado de Minas - Em foco","description":"Comunicado sobre iniciativa adotada em diferentes partes do Brasil com a finalidade de estimular a emiss\u00e3o de documentos fiscais e combater a evas\u00e3o de impostos.","robots":{"index":"index","follow":"follow","max-snippet":"max-snippet:-1","max-image-preview":"max-image-preview:large","max-video-preview":"max-video-preview:-1"},"canonical":"https:\/\/www.em.com.br\/emfoco\/2025\/07\/31\/beneficios-para-todos-que-informam-o-cpf-ao-comprar-em-supermercados-em-2025\/","og_locale":"pt_BR","og_type":"article","og_title":"Benef\u00edcios para todos que informam o CPF ao comprar em supermercados em 2025 - Estado de Minas - Em foco","og_description":"Comunicado sobre iniciativa adotada em diferentes partes do Brasil com a finalidade de estimular a emiss\u00e3o de documentos fiscais e combater a evas\u00e3o de impostos.","og_url":"https:\/\/www.em.com.br\/emfoco\/2025\/07\/31\/beneficios-para-todos-que-informam-o-cpf-ao-comprar-em-supermercados-em-2025\/","og_site_name":"Estado de Minas - Em foco","article_published_time":"2025-07-31T03:01:12+00:00","article_modified_time":"2025-07-31T03:01:15+00:00","og_image":[{"width":1279,"height":720,"url":"https:\/\/www.em.com.br\/emfoco\/wp-content\/uploads\/2025\/05\/recibo-fiscal_1746483365461.jpg","type":"image\/jpeg"}],"author":"Andre\u0301 Rangel\u00a0","twitter_card":"summary_large_image","twitter_misc":{"Escrito por":"Andre\u0301 Rangel\u00a0","Est. tempo de leitura":"3 minutos"},"schema":{"@context":"https:\/\/schema.org","@graph":[{"@type":"WebPage","@id":"https:\/\/www.em.com.br\/emfoco\/2025\/07\/31\/beneficios-para-todos-que-informam-o-cpf-ao-comprar-em-supermercados-em-2025\/","url":"https:\/\/www.em.com.br\/emfoco\/2025\/07\/31\/beneficios-para-todos-que-informam-o-cpf-ao-comprar-em-supermercados-em-2025\/","name":"Benef\u00edcios para todos que informam o CPF ao comprar em supermercados em 2025 - Estado de Minas - Em foco","isPartOf":{"@id":"https:\/\/www.em.com.br\/emfoco\/#website"},"primaryImageOfPage":{"@id":"https:\/\/www.em.com.br\/emfoco\/2025\/07\/31\/beneficios-para-todos-que-informam-o-cpf-ao-comprar-em-supermercados-em-2025\/#primaryimage"},"image":{"@id":"https:\/\/www.em.com.br\/emfoco\/2025\/07\/31\/beneficios-para-todos-que-informam-o-cpf-ao-comprar-em-supermercados-em-2025\/#primaryimage"},"thumbnailUrl":"https:\/\/www.em.com.br\/emfoco\/wp-content\/uploads\/2025\/05\/recibo-fiscal_1746483365461.jpg","datePublished":"2025-07-31T03:01:12+00:00","dateModified":"2025-07-31T03:01:15+00:00","author":{"@id":"https:\/\/www.em.com.br\/emfoco\/#\/schema\/person\/60eda09c1fedf0d6891f4cef4b60b8b8"},"description":"Comunicado sobre iniciativa adotada em diferentes partes do Brasil com a finalidade de estimular a emiss\u00e3o de documentos fiscais e combater a evas\u00e3o de impostos.","breadcrumb":{"@id":"https:\/\/www.em.com.br\/emfoco\/2025\/07\/31\/beneficios-para-todos-que-informam-o-cpf-ao-comprar-em-supermercados-em-2025\/#breadcrumb"},"inLanguage":"pt-BR","potentialAction":[{"@type":"ReadAction","target":["https:\/\/www.em.com.br\/emfoco\/2025\/07\/31\/beneficios-para-todos-que-informam-o-cpf-ao-comprar-em-supermercados-em-2025\/"]}]},{"@type":"ImageObject","inLanguage":"pt-BR","@id":"https:\/\/www.em.com.br\/emfoco\/2025\/07\/31\/beneficios-para-todos-que-informam-o-cpf-ao-comprar-em-supermercados-em-2025\/#primaryimage","url":"https:\/\/www.em.com.br\/emfoco\/wp-content\/uploads\/2025\/05\/recibo-fiscal_1746483365461.jpg","contentUrl":"https:\/\/www.em.com.br\/emfoco\/wp-content\/uploads\/2025\/05\/recibo-fiscal_1746483365461.jpg","width":1279,"height":720,"caption":"Quem informa o CPF no caixa do mercado em 2026 precisa saber disso - Cr\u00e9ditos: depositphotos.com \/ quackersnaps"},{"@type":"BreadcrumbList","@id":"https:\/\/www.em.com.br\/emfoco\/2025\/07\/31\/beneficios-para-todos-que-informam-o-cpf-ao-comprar-em-supermercados-em-2025\/#breadcrumb","itemListElement":[{"@type":"ListItem","position":1,"name":"In\u00edcio","item":"https:\/\/www.em.com.br\/emfoco\/"},{"@type":"ListItem","position":2,"name":"Benef\u00edcios para todos que informam o CPF ao comprar em supermercados em 2025"}]},{"@type":"WebSite","@id":"https:\/\/www.em.com.br\/emfoco\/#website","url":"https:\/\/www.em.com.br\/emfoco\/","name":"Estado de Minas - Em foco","description":"Acompanhe as \u00faltimas not\u00edcias e fique bem informado sobre tudo o que acontece em Minas Gerais, Brasil e no mundo.","potentialAction":[{"@type":"SearchAction","target":{"@type":"EntryPoint","urlTemplate":"https:\/\/www.em.com.br\/emfoco\/?s={search_term_string}"},"query-input":{"@type":"PropertyValueSpecification","valueRequired":true,"valueName":"search_term_string"}}],"inLanguage":"pt-BR"},{"@type":"Person","@id":"https:\/\/www.em.com.br\/emfoco\/#\/schema\/person\/60eda09c1fedf0d6891f4cef4b60b8b8","name":"Andre\u0301 Rangel\u00a0","image":{"@type":"ImageObject","inLanguage":"pt-BR","@id":"https:\/\/www.em.com.br\/emfoco\/#\/schema\/person\/image\/","url":"https:\/\/secure.gravatar.com\/avatar\/6234dc814c77c8ef6d8bba622c787efc?s=96&d=mm&r=g","contentUrl":"https:\/\/secure.gravatar.com\/avatar\/6234dc814c77c8ef6d8bba622c787efc?s=96&d=mm&r=g","caption":"Andre\u0301 Rangel\u00a0"},"url":"https:\/\/www.em.com.br\/emfoco\/author\/luizmyth\/"}]}},"_links":{"self":[{"href":"https:\/\/www.em.com.br\/emfoco\/wp-json\/wp\/v2\/posts\/77933","targetHints":{"allow":["GET"]}}],"collection":[{"href":"https:\/\/www.em.com.br\/emfoco\/wp-json\/wp\/v2\/posts"}],"about":[{"href":"https:\/\/www.em.com.br\/emfoco\/wp-json\/wp\/v2\/types\/post"}],"author":[{"embeddable":true,"href":"https:\/\/www.em.com.br\/emfoco\/wp-json\/wp\/v2\/users\/11"}],"replies":[{"embeddable":true,"href":"https:\/\/www.em.com.br\/emfoco\/wp-json\/wp\/v2\/comments?post=77933"}],"version-history":[{"count":3,"href":"https:\/\/www.em.com.br\/emfoco\/wp-json\/wp\/v2\/posts\/77933\/revisions"}],"predecessor-version":[{"id":84162,"href":"https:\/\/www.em.com.br\/emfoco\/wp-json\/wp\/v2\/posts\/77933\/revisions\/84162"}],"wp:featuredmedia":[{"embeddable":true,"href":"https:\/\/www.em.com.br\/emfoco\/wp-json\/wp\/v2\/media\/44744"}],"wp:attachment":[{"href":"https:\/\/www.em.com.br\/emfoco\/wp-json\/wp\/v2\/media?parent=77933"}],"wp:term":[{"taxonomy":"category","embeddable":true,"href":"https:\/\/www.em.com.br\/emfoco\/wp-json\/wp\/v2\/categories?post=77933"},{"taxonomy":"post_tag","embeddable":true,"href":"https:\/\/www.em.com.br\/emfoco\/wp-json\/wp\/v2\/tags?post=77933"}],"curies":[{"name":"wp","href":"https:\/\/api.w.org\/{rel}","templated":true}]}}