{"id":7790,"date":"2025-01-06T10:20:00","date_gmt":"2025-01-06T13:20:00","guid":{"rendered":"https:\/\/www.em.com.br\/emfoco\/?p=7790"},"modified":"2024-12-31T10:29:49","modified_gmt":"2024-12-31T13:29:49","slug":"a-influenciadora-que-transformou-goiania","status":"publish","type":"post","link":"https:\/\/www.em.com.br\/emfoco\/2025\/01\/06\/a-influenciadora-que-transformou-goiania\/","title":{"rendered":"A Influenciadora Que Transformou Goi\u00e2nia"},"content":{"rendered":"\n<p>Conhecida por seu dom\u00ednio nas redes sociais, Virginia Fonseca tem se tornado uma figura marcante em Goi\u00e2nia, <strong><a href=\"https:\/\/goias.gov.br\/\" target=\"_blank\" rel=\"noreferrer noopener\">Goi\u00e1s<\/a><\/strong>. Com uma forte presen\u00e7a digital, ela n\u00e3o apenas cativa seus seguidores online, mas tamb\u00e9m exerce uma influ\u00eancia significativa na vida local. Sua mais recente fa\u00e7anha envolve a cria\u00e7\u00e3o de uma decora\u00e7\u00e3o natalina exuberante em sua resid\u00eancia, atraindo a aten\u00e7\u00e3o de muitos.<\/p>\n\n\n\n<p>O projeto de decora\u00e7\u00e3o foi um espet\u00e1culo por si s\u00f3, transformando sua casa em um verdadeiro conto de Natal. Com uma ilumina\u00e7\u00e3o vibrante, \u00e1rvores majestosas e detalhes de neve artificial, a transforma\u00e7\u00e3o demandou cerca de dez dias de trabalho intenso. O resultado encantador foi compartilhado amplamente nas redes sociais, gerando um engajamento massivo entre seus seguidores.<\/p>\n\n\n\n<h2 class=\"wp-block-heading\">Como a Presen\u00e7a de Virginia Transforma Goi\u00e2nia?<\/h2>\n\n\n\n<p>Desde que Virginia se mudou para Goi\u00e2nia em meados de 2024, a cidade passou a perceber uma nova din\u00e2mica social e econ\u00f4mica. Sua mans\u00e3o, que levou cerca de tr\u00eas anos para ser constru\u00edda, n\u00e3o \u00e9 apenas uma resid\u00eancia, mas tamb\u00e9m um espa\u00e7o para eventos sociais e produ\u00e7\u00f5es de conte\u00fado. Junto com seu marido, o cantor Z\u00e9 Felipe, Virginia contribui para a movimenta\u00e7\u00e3o cultural e interativa da cidade.<\/p>\n\n\n\n<p>A chegada do casal em Goi\u00e2nia trouxe um aumento not\u00e1vel no fluxo de visitantes e no interesse pelas atividades locais. Participa\u00e7\u00f5es frequentes em eventos, combinadas com sua popularidade nas redes, geram um impacto positivo tanto para o com\u00e9rcio local quanto para o turismo na regi\u00e3o.<\/p>\n\n\n\n<figure class=\"wp-block-image size-large\"><img loading=\"lazy\" decoding=\"async\" width=\"1024\" height=\"576\" src=\"https:\/\/www.em.com.br\/emfoco\/wp-content\/uploads\/2024\/12\/goiania_1734522109902-1024x576.png\" alt=\"Conhe\u00e7a Agora: Internet Gratuita em Parques e Pra\u00e7as\" class=\"wp-image-5557\" srcset=\"https:\/\/www.em.com.br\/emfoco\/wp-content\/uploads\/2024\/12\/goiania_1734522109902-1024x576.png 1024w, https:\/\/www.em.com.br\/emfoco\/wp-content\/uploads\/2024\/12\/goiania_1734522109902-300x169.png 300w, https:\/\/www.em.com.br\/emfoco\/wp-content\/uploads\/2024\/12\/goiania_1734522109902-768x432.png 768w, https:\/\/www.em.com.br\/emfoco\/wp-content\/uploads\/2024\/12\/goiania_1734522109902-750x422.png 750w, https:\/\/www.em.com.br\/emfoco\/wp-content\/uploads\/2024\/12\/goiania_1734522109902-1140x641.png 1140w, https:\/\/www.em.com.br\/emfoco\/wp-content\/uploads\/2024\/12\/goiania_1734522109902.png 1280w\" sizes=\"auto, (max-width: 1024px) 100vw, 1024px\" \/><figcaption class=\"wp-element-caption\">Goi\u00e2nia &#8211; Cr\u00e9ditos: depositphotos.com \/ Cavalcante<\/figcaption><\/figure>\n\n\n\n<h2 class=\"wp-block-heading\">Estrat\u00e9gias de Virginia nas Redes Sociais<\/h2>\n\n\n\n<p>Virginia Fonseca se destaca por sua habilidade em criar conte\u00fado envolvente e manter seu p\u00fablico ativo. Ela utiliza diversas plataformas para compartilhar momentos de sua vida, desde dicas de beleza at\u00e9 colabora\u00e7\u00f5es com marcas. Sua abordagem inclui intera\u00e7\u00e3o direta com seguidores, o que fortalece o relacionamento e aumenta seu alcance digital.<\/p>\n\n\n\n<p>Um exemplo do sucesso de suas estrat\u00e9gias foi a viraliza\u00e7\u00e3o do v\u00eddeo mostrando sua elaborada decora\u00e7\u00e3o de Natal, que acumulou milh\u00f5es de visualiza\u00e7\u00f5es em pouco tempo. Este tipo de conte\u00fado n\u00e3o apenas celebra a criatividade de Virginia, mas tamb\u00e9m reafirma sua posi\u00e7\u00e3o de destaque no cen\u00e1rio das redes sociais.<\/p>\n\n\n\n<h2 class=\"wp-block-heading\">O papel de Virginia em Redefinir Goi\u00e2nia como um Centro Digital?<\/h2>\n\n\n\n<p>Virginia Fonseca demonstra como a presen\u00e7a de uma influenciadora pode transformar o contexto de uma cidade. Por meio de suas iniciativas e engajamentos online, ela eleva o perfil de Goi\u00e2nia, mostrando que n\u00e3o \u00e9 preciso estar nos grandes centros urbanos para ganhar visibilidade nacional. Dessa forma, ela inspira mudan\u00e7as e atrai aten\u00e7\u00e3o para a cidade.<\/p>\n\n\n\n<p>Com suas contribui\u00e7\u00f5es, Goi\u00e2nia come\u00e7a a ser reconhecida como um novo polo de moda, entretenimento e cultura digital no Brasil. O impacto de <strong><a href=\"https:\/\/www.instagram.com\/virginia\/?hl=pt-br\" target=\"_blank\" rel=\"noreferrer noopener\">Virginia<\/a><\/strong> ultrapassa as telas, refletindo-se em uma transforma\u00e7\u00e3o percept\u00edvel na comunidade local e em seu destaque no cen\u00e1rio nacional.<\/p>\n","protected":false},"excerpt":{"rendered":"<p>Conhecida por seu dom\u00ednio nas redes sociais, Virginia Fonseca tem se tornado uma figura marcante em Goi\u00e2nia, Goi\u00e1s. Com uma forte presen\u00e7a digital, ela n\u00e3o apenas cativa seus seguidores online, mas tamb\u00e9m exerce uma influ\u00eancia significativa na vida local. Sua mais recente fa\u00e7anha envolve a cria\u00e7\u00e3o de uma decora\u00e7\u00e3o natalina exuberante em sua resid\u00eancia, atraindo [&hellip;]<\/p>\n","protected":false},"author":5,"featured_media":5701,"comment_status":"open","ping_status":"open","sticky":false,"template":"","format":"standard","meta":{"jnews-multi-image_gallery":[],"jnews_single_post":{"format":"standard"},"jnews_primary_category":[],"jnews_social_meta":[],"jnews_override_counter":[],"footnotes":""},"categories":[26,1],"tags":[1194,2196,2719],"class_list":["post-7790","post","type-post","status-publish","format-standard","has-post-thumbnail","hentry","category-cidades","category-noticias","tag-goiania","tag-goias","tag-virginia"],"yoast_head":"<!-- This site is optimized with the Yoast SEO plugin v23.8 - https:\/\/yoast.com\/wordpress\/plugins\/seo\/ -->\n<title>A Influenciadora Que Transformou Goi\u00e2nia - Estado de Minas - Em foco<\/title>\n<meta name=\"description\" content=\"Descubra como uma influenciadora digital est\u00e1 transformando Goi\u00e2nia com sua presen\u00e7a marcante e projetos virais.\" \/>\n<meta name=\"robots\" content=\"index, follow, max-snippet:-1, max-image-preview:large, max-video-preview:-1\" \/>\n<link rel=\"canonical\" href=\"https:\/\/www.em.com.br\/emfoco\/2025\/01\/06\/a-influenciadora-que-transformou-goiania\/\" \/>\n<meta property=\"og:locale\" content=\"pt_BR\" \/>\n<meta property=\"og:type\" content=\"article\" \/>\n<meta property=\"og:title\" content=\"A Influenciadora Que Transformou Goi\u00e2nia - Estado de Minas - Em foco\" \/>\n<meta property=\"og:description\" content=\"Descubra como uma influenciadora digital est\u00e1 transformando Goi\u00e2nia com sua presen\u00e7a marcante e projetos virais.\" \/>\n<meta property=\"og:url\" content=\"https:\/\/www.em.com.br\/emfoco\/2025\/01\/06\/a-influenciadora-que-transformou-goiania\/\" \/>\n<meta property=\"og:site_name\" content=\"Estado de Minas - Em foco\" \/>\n<meta property=\"article:published_time\" content=\"2025-01-06T13:20:00+00:00\" \/>\n<meta property=\"article:modified_time\" content=\"2024-12-31T13:29:49+00:00\" \/>\n<meta property=\"og:image\" content=\"https:\/\/www.em.com.br\/emfoco\/wp-content\/uploads\/2024\/12\/image-79-e1734621916544.png\" \/>\n\t<meta property=\"og:image:width\" content=\"632\" \/>\n\t<meta property=\"og:image:height\" content=\"356\" \/>\n\t<meta property=\"og:image:type\" content=\"image\/png\" \/>\n<meta name=\"author\" content=\"N\u00fabia Rangel\" \/>\n<meta name=\"twitter:card\" content=\"summary_large_image\" \/>\n<meta name=\"twitter:label1\" content=\"Escrito por\" \/>\n\t<meta name=\"twitter:data1\" content=\"N\u00fabia Rangel\" \/>\n\t<meta name=\"twitter:label2\" content=\"Est. tempo de leitura\" \/>\n\t<meta name=\"twitter:data2\" content=\"3 minutos\" \/>\n<!-- \/ Yoast SEO plugin. -->","yoast_head_json":{"title":"A Influenciadora Que Transformou Goi\u00e2nia - Estado de Minas - Em foco","description":"Descubra como uma influenciadora digital est\u00e1 transformando Goi\u00e2nia com sua presen\u00e7a marcante e projetos virais.","robots":{"index":"index","follow":"follow","max-snippet":"max-snippet:-1","max-image-preview":"max-image-preview:large","max-video-preview":"max-video-preview:-1"},"canonical":"https:\/\/www.em.com.br\/emfoco\/2025\/01\/06\/a-influenciadora-que-transformou-goiania\/","og_locale":"pt_BR","og_type":"article","og_title":"A Influenciadora Que Transformou Goi\u00e2nia - Estado de Minas - Em foco","og_description":"Descubra como uma influenciadora digital est\u00e1 transformando Goi\u00e2nia com sua presen\u00e7a marcante e projetos virais.","og_url":"https:\/\/www.em.com.br\/emfoco\/2025\/01\/06\/a-influenciadora-que-transformou-goiania\/","og_site_name":"Estado de Minas - Em foco","article_published_time":"2025-01-06T13:20:00+00:00","article_modified_time":"2024-12-31T13:29:49+00:00","og_image":[{"width":632,"height":356,"url":"https:\/\/www.em.com.br\/emfoco\/wp-content\/uploads\/2024\/12\/image-79-e1734621916544.png","type":"image\/png"}],"author":"N\u00fabia Rangel","twitter_card":"summary_large_image","twitter_misc":{"Escrito por":"N\u00fabia Rangel","Est. tempo de leitura":"3 minutos"},"schema":{"@context":"https:\/\/schema.org","@graph":[{"@type":"WebPage","@id":"https:\/\/www.em.com.br\/emfoco\/2025\/01\/06\/a-influenciadora-que-transformou-goiania\/","url":"https:\/\/www.em.com.br\/emfoco\/2025\/01\/06\/a-influenciadora-que-transformou-goiania\/","name":"A Influenciadora Que Transformou Goi\u00e2nia - Estado de Minas - Em foco","isPartOf":{"@id":"https:\/\/www.em.com.br\/emfoco\/#website"},"primaryImageOfPage":{"@id":"https:\/\/www.em.com.br\/emfoco\/2025\/01\/06\/a-influenciadora-que-transformou-goiania\/#primaryimage"},"image":{"@id":"https:\/\/www.em.com.br\/emfoco\/2025\/01\/06\/a-influenciadora-que-transformou-goiania\/#primaryimage"},"thumbnailUrl":"https:\/\/www.em.com.br\/emfoco\/wp-content\/uploads\/2024\/12\/image-79-e1734621916544.png","datePublished":"2025-01-06T13:20:00+00:00","dateModified":"2024-12-31T13:29:49+00:00","author":{"@id":"https:\/\/www.em.com.br\/emfoco\/#\/schema\/person\/524437ef54f8a5d32591b143307f2e20"},"description":"Descubra como uma influenciadora digital est\u00e1 transformando Goi\u00e2nia com sua presen\u00e7a marcante e projetos virais.","breadcrumb":{"@id":"https:\/\/www.em.com.br\/emfoco\/2025\/01\/06\/a-influenciadora-que-transformou-goiania\/#breadcrumb"},"inLanguage":"pt-BR","potentialAction":[{"@type":"ReadAction","target":["https:\/\/www.em.com.br\/emfoco\/2025\/01\/06\/a-influenciadora-que-transformou-goiania\/"]}]},{"@type":"ImageObject","inLanguage":"pt-BR","@id":"https:\/\/www.em.com.br\/emfoco\/2025\/01\/06\/a-influenciadora-que-transformou-goiania\/#primaryimage","url":"https:\/\/www.em.com.br\/emfoco\/wp-content\/uploads\/2024\/12\/image-79-e1734621916544.png","contentUrl":"https:\/\/www.em.com.br\/emfoco\/wp-content\/uploads\/2024\/12\/image-79-e1734621916544.png","width":632,"height":356,"caption":"Virginia Fonseca - Cr\u00e9ditos: Wikimedia Commons"},{"@type":"BreadcrumbList","@id":"https:\/\/www.em.com.br\/emfoco\/2025\/01\/06\/a-influenciadora-que-transformou-goiania\/#breadcrumb","itemListElement":[{"@type":"ListItem","position":1,"name":"In\u00edcio","item":"https:\/\/www.em.com.br\/emfoco\/"},{"@type":"ListItem","position":2,"name":"A Influenciadora Que Transformou Goi\u00e2nia"}]},{"@type":"WebSite","@id":"https:\/\/www.em.com.br\/emfoco\/#website","url":"https:\/\/www.em.com.br\/emfoco\/","name":"Estado de Minas - Em foco","description":"Acompanhe as \u00faltimas not\u00edcias e fique bem informado sobre tudo o que acontece em Minas Gerais, Brasil e no mundo.","potentialAction":[{"@type":"SearchAction","target":{"@type":"EntryPoint","urlTemplate":"https:\/\/www.em.com.br\/emfoco\/?s={search_term_string}"},"query-input":{"@type":"PropertyValueSpecification","valueRequired":true,"valueName":"search_term_string"}}],"inLanguage":"pt-BR"},{"@type":"Person","@id":"https:\/\/www.em.com.br\/emfoco\/#\/schema\/person\/524437ef54f8a5d32591b143307f2e20","name":"N\u00fabia Rangel","image":{"@type":"ImageObject","inLanguage":"pt-BR","@id":"https:\/\/www.em.com.br\/emfoco\/#\/schema\/person\/image\/","url":"https:\/\/secure.gravatar.com\/avatar\/47cff2827a5ba23c37e8068c86817ea4?s=96&d=mm&r=g","contentUrl":"https:\/\/secure.gravatar.com\/avatar\/47cff2827a5ba23c37e8068c86817ea4?s=96&d=mm&r=g","caption":"N\u00fabia Rangel"},"sameAs":["https:\/\/www.em.com.br\/emfoco\/"],"url":"https:\/\/www.em.com.br\/emfoco\/author\/nubiamyth\/"}]}},"_links":{"self":[{"href":"https:\/\/www.em.com.br\/emfoco\/wp-json\/wp\/v2\/posts\/7790","targetHints":{"allow":["GET"]}}],"collection":[{"href":"https:\/\/www.em.com.br\/emfoco\/wp-json\/wp\/v2\/posts"}],"about":[{"href":"https:\/\/www.em.com.br\/emfoco\/wp-json\/wp\/v2\/types\/post"}],"author":[{"embeddable":true,"href":"https:\/\/www.em.com.br\/emfoco\/wp-json\/wp\/v2\/users\/5"}],"replies":[{"embeddable":true,"href":"https:\/\/www.em.com.br\/emfoco\/wp-json\/wp\/v2\/comments?post=7790"}],"version-history":[{"count":2,"href":"https:\/\/www.em.com.br\/emfoco\/wp-json\/wp\/v2\/posts\/7790\/revisions"}],"predecessor-version":[{"id":7796,"href":"https:\/\/www.em.com.br\/emfoco\/wp-json\/wp\/v2\/posts\/7790\/revisions\/7796"}],"wp:featuredmedia":[{"embeddable":true,"href":"https:\/\/www.em.com.br\/emfoco\/wp-json\/wp\/v2\/media\/5701"}],"wp:attachment":[{"href":"https:\/\/www.em.com.br\/emfoco\/wp-json\/wp\/v2\/media?parent=7790"}],"wp:term":[{"taxonomy":"category","embeddable":true,"href":"https:\/\/www.em.com.br\/emfoco\/wp-json\/wp\/v2\/categories?post=7790"},{"taxonomy":"post_tag","embeddable":true,"href":"https:\/\/www.em.com.br\/emfoco\/wp-json\/wp\/v2\/tags?post=7790"}],"curies":[{"name":"wp","href":"https:\/\/api.w.org\/{rel}","templated":true}]}}