{"id":77663,"date":"2025-07-20T20:28:00","date_gmt":"2025-07-20T23:28:00","guid":{"rendered":"https:\/\/www.em.com.br\/emfoco\/?p=77663"},"modified":"2025-07-19T19:30:59","modified_gmt":"2025-07-19T22:30:59","slug":"seu-filho-nao-quer-casaco-entenda-o-que-isso-realmente-significa","status":"publish","type":"post","link":"https:\/\/www.em.com.br\/emfoco\/2025\/07\/20\/seu-filho-nao-quer-casaco-entenda-o-que-isso-realmente-significa\/","title":{"rendered":"Seu filho n\u00e3o quer casaco? Entenda o que isso realmente significa"},"content":{"rendered":"\n<p><strong>Dar autonomia \u00e0s crian\u00e7as<\/strong> na hora de escolher o que vestir \u00e9 uma forma poderosa de desenvolver autoestima, senso de identidade e habilidades de decis\u00e3o. Entre os 2 e 5 anos, essa pr\u00e1tica conecta escolhas simples a um aprendizado emocional profundo.<\/p>\n\n\n\n<p>Segundo a psic\u00f3loga <strong>Sara Quinn<\/strong>, deixar que decidam suas roupas ajuda a crian\u00e7a a entender suas pr\u00f3prias prefer\u00eancias e a se sentir mais segura. \u00c9 um gesto pequeno com um grande impacto na forma\u00e7\u00e3o da independ\u00eancia infantil.<\/p>\n\n\n\n<h2 class=\"wp-block-heading\">Como o vestir-se sozinho influencia a constru\u00e7\u00e3o da autoimagem infantil?<\/h2>\n\n\n\n<p>Ao escolher o que usar, a crian\u00e7a come\u00e7a a formar sua pr\u00f3pria narrativa visual, <strong>refor\u00e7ando sua express\u00e3o individual<\/strong>. Esse tipo de liberdade estimula a criatividade e fortalece a imagem positiva de si mesma.<\/p>\n\n\n\n<p>Pesquisas mostram que essa autoexpress\u00e3o ajuda os pequenos a se entenderem melhor e a se relacionarem com mais confian\u00e7a com o mundo. Trata-se de um exerc\u00edcio di\u00e1rio de reconhecimento e valida\u00e7\u00e3o pessoal.<\/p>\n\n\n\n<h2 class=\"wp-block-heading\">Como lidar quando seu filho se recusa a usar roupa de frio?<\/h2>\n\n\n\n<p>O inc\u00f4modo com casacos ou pe\u00e7as quentes pode estar ligado a sensibilidades sensoriais e n\u00e3o apenas \u00e0 teimosia. <strong>Adotar solu\u00e7\u00f5es criativas<\/strong> como vestir algod\u00e3o por baixo de tecidos mais \u00e1speros pode amenizar a resist\u00eancia.<\/p>\n\n\n\n<figure class=\"wp-block-image size-large\"><img loading=\"lazy\" decoding=\"async\" width=\"1024\" height=\"576\" src=\"https:\/\/www.em.com.br\/emfoco\/wp-content\/uploads\/2025\/07\/crianca-birrenta_1752791502339-1024x576.jpg\" alt=\"\" class=\"wp-image-77772\" srcset=\"https:\/\/www.em.com.br\/emfoco\/wp-content\/uploads\/2025\/07\/crianca-birrenta_1752791502339-1024x576.jpg 1024w, https:\/\/www.em.com.br\/emfoco\/wp-content\/uploads\/2025\/07\/crianca-birrenta_1752791502339-300x169.jpg 300w, https:\/\/www.em.com.br\/emfoco\/wp-content\/uploads\/2025\/07\/crianca-birrenta_1752791502339-768x432.jpg 768w, https:\/\/www.em.com.br\/emfoco\/wp-content\/uploads\/2025\/07\/crianca-birrenta_1752791502339-750x422.jpg 750w, https:\/\/www.em.com.br\/emfoco\/wp-content\/uploads\/2025\/07\/crianca-birrenta_1752791502339-1140x641.jpg 1140w, https:\/\/www.em.com.br\/emfoco\/wp-content\/uploads\/2025\/07\/crianca-birrenta_1752791502339.jpg 1280w\" sizes=\"auto, (max-width: 1024px) 100vw, 1024px\" \/><figcaption class=\"wp-element-caption\">Crian\u00e7a triste &#8211; Cr\u00e9ditos: depositphotos.com \/ pressmaster<\/figcaption><\/figure>\n\n\n\n<p>A pediatra <strong>Harriet Hiscock<\/strong> refor\u00e7a que essa recusa, na maioria dos casos, n\u00e3o traz riscos s\u00e9rios \u00e0 sa\u00fade. Ajustes simples e empatia ajudam a garantir prote\u00e7\u00e3o sem abrir m\u00e3o da autonomia.<\/p>\n\n\n\n<h2 class=\"wp-block-heading\">Por que algumas crian\u00e7as parecem n\u00e3o sentir frio?<\/h2>\n\n\n\n<p>\u00c9 comum que algumas crian\u00e7as brinquem ao ar livre em pleno inverno sem demonstrar inc\u00f4modo. A explica\u00e7\u00e3o pode estar na <strong>atividade f\u00edsica intensa<\/strong>, que aquece naturalmente o corpo.<\/p>\n\n\n\n<p>Embora n\u00e3o existam estudos conclusivos, essa movimenta\u00e7\u00e3o constante atua como um \u201caquecedor interno\u201d, reduzindo a sensa\u00e7\u00e3o t\u00e9rmica sem comprometer a sa\u00fade em situa\u00e7\u00f5es moderadas.<\/p>\n\n\n\n<p>Leia tamb\u00e9m: <a href=\"https:\/\/www.em.com.br\/emfoco\/2025\/07\/17\/segundo-a-psicologia-sua-aparencia-pode-nao-ser-a-culpada-pela-autoestima-abalada\/\" target=\"_blank\" rel=\"noreferrer noopener\">Segundo a psicologia, sua apar\u00eancia pode n\u00e3o ser a culpada pela autoestima abalada<\/a><\/p>\n\n\n\n<h2 class=\"wp-block-heading\">Como estimular boas escolhas sem tirar a liberdade da crian\u00e7a?<\/h2>\n\n\n\n<p>Quando a escolha for inadequada, como usar roupas leves no frio, \u00e9 melhor permitir que a pr\u00f3pria experi\u00eancia ensine. Quinn recomenda aproveitar o desconforto moment\u00e2neo como uma <strong>li\u00e7\u00e3o de causa e consequ\u00eancia<\/strong>.<\/p>\n\n\n\n<p>Evitar broncas e oferecer suporte respeitoso favorece decis\u00f5es mais acertadas futuramente. Compreens\u00e3o, paci\u00eancia e di\u00e1logo constroem um ambiente seguro para aprender com os pr\u00f3prios erros.<\/p>\n\n\n\n<h2 class=\"wp-block-heading\">Quais estrat\u00e9gias facilitam a escolha de roupas pelas crian\u00e7as?<\/h2>\n\n\n\n<p>Organizar o arm\u00e1rio com divis\u00f5es claras entre roupas de sair e de brincar <strong>ajuda a crian\u00e7a a decidir com mais seguran\u00e7a<\/strong>. Visualizar as op\u00e7\u00f5es reduz a confus\u00e3o e estimula a independ\u00eancia.<\/p>\n\n\n\n<p>Outras boas pr\u00e1ticas incluem:<\/p>\n\n\n\n<ul class=\"wp-block-list\">\n<li>Separar o look no dia anterior para evitar pressa;<\/li>\n\n\n\n<li>Propor combina\u00e7\u00f5es de cores para estimular o senso est\u00e9tico;<\/li>\n\n\n\n<li>Permitir que a crian\u00e7a escolha parte do look e os pais complementem.<\/li>\n<\/ul>\n\n\n\n<h2 class=\"wp-block-heading\">Como incluir as crian\u00e7as nas compras e promover mais autonomia?<\/h2>\n\n\n\n<p>Levar os pequenos para escolher roupas \u00e9 uma forma pr\u00e1tica de envolv\u00ea-los no processo. Apesar disso, apenas 10% das crian\u00e7as decidem totalmente o que vestir, segundo pesquisa da Cotton Incorporated.<\/p>\n\n\n\n<p>Dados revelam que <strong>68% das fam\u00edlias seguem tend\u00eancias influenciadas por <a href=\"https:\/\/www.todamateria.com.br\/redes-sociais\/\" target=\"_blank\" rel=\"noreferrer noopener\">redes sociais<\/a><\/strong>. O equil\u00edbrio entre moda e conforto \u00e9 essencial. Dica b\u00f4nus: incentivar escolhas pr\u00f3prias com base em como a roupa \u201cse sente no corpo\u201d e n\u00e3o apenas na apar\u00eancia pode ajudar na forma\u00e7\u00e3o de um gosto aut\u00eantico.<\/p>\n\n\n\n<p><\/p>\n","protected":false},"excerpt":{"rendered":"<p>Dar autonomia \u00e0s crian\u00e7as na hora de escolher o que vestir \u00e9 uma forma poderosa de desenvolver autoestima, senso de identidade e habilidades de decis\u00e3o. Entre os 2 e 5 anos, essa pr\u00e1tica conecta escolhas simples a um aprendizado emocional profundo. Segundo a psic\u00f3loga Sara Quinn, deixar que decidam suas roupas ajuda a crian\u00e7a a [&hellip;]<\/p>\n","protected":false},"author":11,"featured_media":77774,"comment_status":"open","ping_status":"open","sticky":false,"template":"","format":"standard","meta":{"jnews-multi-image_gallery":[],"jnews_single_post":{"format":"standard"},"jnews_primary_category":[],"jnews_social_meta":[],"jnews_override_counter":[],"footnotes":""},"categories":[8819,1],"tags":[4889,828,1388,9446],"class_list":["post-77663","post","type-post","status-publish","format-standard","has-post-thumbnail","hentry","category-curiosidades","category-noticias","tag-autoestima","tag-autonomia","tag-crianca","tag-roupa"],"yoast_head":"<!-- This site is optimized with the Yoast SEO plugin v23.8 - https:\/\/yoast.com\/wordpress\/plugins\/seo\/ -->\n<title>Seu filho n\u00e3o quer casaco? Entenda o que isso realmente significa - Estado de Minas - Em foco<\/title>\n<meta name=\"description\" content=\"Roupas no inverno viraram motivo de conflito? Veja como lidar com leveza e ensinar autonomia.\" \/>\n<meta name=\"robots\" content=\"index, follow, max-snippet:-1, max-image-preview:large, max-video-preview:-1\" \/>\n<link rel=\"canonical\" href=\"https:\/\/www.em.com.br\/emfoco\/2025\/07\/20\/seu-filho-nao-quer-casaco-entenda-o-que-isso-realmente-significa\/\" \/>\n<meta property=\"og:locale\" content=\"pt_BR\" \/>\n<meta property=\"og:type\" content=\"article\" \/>\n<meta property=\"og:title\" content=\"Seu filho n\u00e3o quer casaco? Entenda o que isso realmente significa - Estado de Minas - Em foco\" \/>\n<meta property=\"og:description\" content=\"Roupas no inverno viraram motivo de conflito? Veja como lidar com leveza e ensinar autonomia.\" \/>\n<meta property=\"og:url\" content=\"https:\/\/www.em.com.br\/emfoco\/2025\/07\/20\/seu-filho-nao-quer-casaco-entenda-o-que-isso-realmente-significa\/\" \/>\n<meta property=\"og:site_name\" content=\"Estado de Minas - Em foco\" \/>\n<meta property=\"article:published_time\" content=\"2025-07-20T23:28:00+00:00\" \/>\n<meta property=\"article:modified_time\" content=\"2025-07-19T22:30:59+00:00\" \/>\n<meta property=\"og:image\" content=\"https:\/\/www.em.com.br\/emfoco\/wp-content\/uploads\/2025\/07\/crianca-_1752791630155.jpg\" \/>\n\t<meta property=\"og:image:width\" content=\"1280\" \/>\n\t<meta property=\"og:image:height\" content=\"720\" \/>\n\t<meta property=\"og:image:type\" content=\"image\/jpeg\" \/>\n<meta name=\"author\" content=\"Andre\u0301 Rangel\u00a0\" \/>\n<meta name=\"twitter:card\" content=\"summary_large_image\" \/>\n<meta name=\"twitter:label1\" content=\"Escrito por\" \/>\n\t<meta name=\"twitter:data1\" content=\"Andre\u0301 Rangel\u00a0\" \/>\n\t<meta name=\"twitter:label2\" content=\"Est. tempo de leitura\" \/>\n\t<meta name=\"twitter:data2\" content=\"4 minutos\" \/>\n<!-- \/ Yoast SEO plugin. -->","yoast_head_json":{"title":"Seu filho n\u00e3o quer casaco? Entenda o que isso realmente significa - Estado de Minas - Em foco","description":"Roupas no inverno viraram motivo de conflito? Veja como lidar com leveza e ensinar autonomia.","robots":{"index":"index","follow":"follow","max-snippet":"max-snippet:-1","max-image-preview":"max-image-preview:large","max-video-preview":"max-video-preview:-1"},"canonical":"https:\/\/www.em.com.br\/emfoco\/2025\/07\/20\/seu-filho-nao-quer-casaco-entenda-o-que-isso-realmente-significa\/","og_locale":"pt_BR","og_type":"article","og_title":"Seu filho n\u00e3o quer casaco? Entenda o que isso realmente significa - Estado de Minas - Em foco","og_description":"Roupas no inverno viraram motivo de conflito? Veja como lidar com leveza e ensinar autonomia.","og_url":"https:\/\/www.em.com.br\/emfoco\/2025\/07\/20\/seu-filho-nao-quer-casaco-entenda-o-que-isso-realmente-significa\/","og_site_name":"Estado de Minas - Em foco","article_published_time":"2025-07-20T23:28:00+00:00","article_modified_time":"2025-07-19T22:30:59+00:00","og_image":[{"width":1280,"height":720,"url":"https:\/\/www.em.com.br\/emfoco\/wp-content\/uploads\/2025\/07\/crianca-_1752791630155.jpg","type":"image\/jpeg"}],"author":"Andre\u0301 Rangel\u00a0","twitter_card":"summary_large_image","twitter_misc":{"Escrito por":"Andre\u0301 Rangel\u00a0","Est. tempo de leitura":"4 minutos"},"schema":{"@context":"https:\/\/schema.org","@graph":[{"@type":"WebPage","@id":"https:\/\/www.em.com.br\/emfoco\/2025\/07\/20\/seu-filho-nao-quer-casaco-entenda-o-que-isso-realmente-significa\/","url":"https:\/\/www.em.com.br\/emfoco\/2025\/07\/20\/seu-filho-nao-quer-casaco-entenda-o-que-isso-realmente-significa\/","name":"Seu filho n\u00e3o quer casaco? Entenda o que isso realmente significa - Estado de Minas - Em foco","isPartOf":{"@id":"https:\/\/www.em.com.br\/emfoco\/#website"},"primaryImageOfPage":{"@id":"https:\/\/www.em.com.br\/emfoco\/2025\/07\/20\/seu-filho-nao-quer-casaco-entenda-o-que-isso-realmente-significa\/#primaryimage"},"image":{"@id":"https:\/\/www.em.com.br\/emfoco\/2025\/07\/20\/seu-filho-nao-quer-casaco-entenda-o-que-isso-realmente-significa\/#primaryimage"},"thumbnailUrl":"https:\/\/www.em.com.br\/emfoco\/wp-content\/uploads\/2025\/07\/crianca-_1752791630155.jpg","datePublished":"2025-07-20T23:28:00+00:00","dateModified":"2025-07-19T22:30:59+00:00","author":{"@id":"https:\/\/www.em.com.br\/emfoco\/#\/schema\/person\/60eda09c1fedf0d6891f4cef4b60b8b8"},"description":"Roupas no inverno viraram motivo de conflito? Veja como lidar com leveza e ensinar autonomia.","breadcrumb":{"@id":"https:\/\/www.em.com.br\/emfoco\/2025\/07\/20\/seu-filho-nao-quer-casaco-entenda-o-que-isso-realmente-significa\/#breadcrumb"},"inLanguage":"pt-BR","potentialAction":[{"@type":"ReadAction","target":["https:\/\/www.em.com.br\/emfoco\/2025\/07\/20\/seu-filho-nao-quer-casaco-entenda-o-que-isso-realmente-significa\/"]}]},{"@type":"ImageObject","inLanguage":"pt-BR","@id":"https:\/\/www.em.com.br\/emfoco\/2025\/07\/20\/seu-filho-nao-quer-casaco-entenda-o-que-isso-realmente-significa\/#primaryimage","url":"https:\/\/www.em.com.br\/emfoco\/wp-content\/uploads\/2025\/07\/crianca-_1752791630155.jpg","contentUrl":"https:\/\/www.em.com.br\/emfoco\/wp-content\/uploads\/2025\/07\/crianca-_1752791630155.jpg","width":1280,"height":720,"caption":"Crian\u00e7a brava - Cr\u00e9ditos: depositphotos.com \/ AndrewLozovyi"},{"@type":"BreadcrumbList","@id":"https:\/\/www.em.com.br\/emfoco\/2025\/07\/20\/seu-filho-nao-quer-casaco-entenda-o-que-isso-realmente-significa\/#breadcrumb","itemListElement":[{"@type":"ListItem","position":1,"name":"In\u00edcio","item":"https:\/\/www.em.com.br\/emfoco\/"},{"@type":"ListItem","position":2,"name":"Seu filho n\u00e3o quer casaco? Entenda o que isso realmente significa"}]},{"@type":"WebSite","@id":"https:\/\/www.em.com.br\/emfoco\/#website","url":"https:\/\/www.em.com.br\/emfoco\/","name":"Estado de Minas - Em foco","description":"Acompanhe as \u00faltimas not\u00edcias e fique bem informado sobre tudo o que acontece em Minas Gerais, Brasil e no mundo.","potentialAction":[{"@type":"SearchAction","target":{"@type":"EntryPoint","urlTemplate":"https:\/\/www.em.com.br\/emfoco\/?s={search_term_string}"},"query-input":{"@type":"PropertyValueSpecification","valueRequired":true,"valueName":"search_term_string"}}],"inLanguage":"pt-BR"},{"@type":"Person","@id":"https:\/\/www.em.com.br\/emfoco\/#\/schema\/person\/60eda09c1fedf0d6891f4cef4b60b8b8","name":"Andre\u0301 Rangel\u00a0","image":{"@type":"ImageObject","inLanguage":"pt-BR","@id":"https:\/\/www.em.com.br\/emfoco\/#\/schema\/person\/image\/","url":"https:\/\/secure.gravatar.com\/avatar\/6234dc814c77c8ef6d8bba622c787efc?s=96&d=mm&r=g","contentUrl":"https:\/\/secure.gravatar.com\/avatar\/6234dc814c77c8ef6d8bba622c787efc?s=96&d=mm&r=g","caption":"Andre\u0301 Rangel\u00a0"},"url":"https:\/\/www.em.com.br\/emfoco\/author\/luizmyth\/"}]}},"_links":{"self":[{"href":"https:\/\/www.em.com.br\/emfoco\/wp-json\/wp\/v2\/posts\/77663","targetHints":{"allow":["GET"]}}],"collection":[{"href":"https:\/\/www.em.com.br\/emfoco\/wp-json\/wp\/v2\/posts"}],"about":[{"href":"https:\/\/www.em.com.br\/emfoco\/wp-json\/wp\/v2\/types\/post"}],"author":[{"embeddable":true,"href":"https:\/\/www.em.com.br\/emfoco\/wp-json\/wp\/v2\/users\/11"}],"replies":[{"embeddable":true,"href":"https:\/\/www.em.com.br\/emfoco\/wp-json\/wp\/v2\/comments?post=77663"}],"version-history":[{"count":4,"href":"https:\/\/www.em.com.br\/emfoco\/wp-json\/wp\/v2\/posts\/77663\/revisions"}],"predecessor-version":[{"id":77775,"href":"https:\/\/www.em.com.br\/emfoco\/wp-json\/wp\/v2\/posts\/77663\/revisions\/77775"}],"wp:featuredmedia":[{"embeddable":true,"href":"https:\/\/www.em.com.br\/emfoco\/wp-json\/wp\/v2\/media\/77774"}],"wp:attachment":[{"href":"https:\/\/www.em.com.br\/emfoco\/wp-json\/wp\/v2\/media?parent=77663"}],"wp:term":[{"taxonomy":"category","embeddable":true,"href":"https:\/\/www.em.com.br\/emfoco\/wp-json\/wp\/v2\/categories?post=77663"},{"taxonomy":"post_tag","embeddable":true,"href":"https:\/\/www.em.com.br\/emfoco\/wp-json\/wp\/v2\/tags?post=77663"}],"curies":[{"name":"wp","href":"https:\/\/api.w.org\/{rel}","templated":true}]}}