{"id":77657,"date":"2025-07-20T19:28:00","date_gmt":"2025-07-20T22:28:00","guid":{"rendered":"https:\/\/www.em.com.br\/emfoco\/?p=77657"},"modified":"2025-07-19T19:30:26","modified_gmt":"2025-07-19T22:30:26","slug":"casos-de-covid-e-gripe-disparam-e-especialistas-emitem-alerta-urgente","status":"publish","type":"post","link":"https:\/\/www.em.com.br\/emfoco\/2025\/07\/20\/casos-de-covid-e-gripe-disparam-e-especialistas-emitem-alerta-urgente\/","title":{"rendered":"Casos de COVID e gripe disparam e especialistas emitem alerta urgente"},"content":{"rendered":"\n<p>No inverno, a prolifera\u00e7\u00e3o de doen\u00e7as respirat\u00f3rias como resfriados e<a href=\"https:\/\/agenciabrasil.ebc.com.br\/saude\/noticia\/2025-07\/nova-variante-do-virus-da-covid-19-circula-na-cidade-do-rio-de-janeiro\" target=\"_blank\" rel=\"noreferrer noopener\">\u00a0<strong>COVID-19<\/strong><\/a>\u00a0\u00e9 uma preocupa\u00e7\u00e3o constante. A sensa\u00e7\u00e3o de que basta uma pessoa da casa adoecer para que todos estejam em risco \u00e9 comum. Segundo\u00a0<strong>Catherine Bennett<\/strong>, presidente de epidemiologia da\u00a0<strong>Universidade Deakin<\/strong>, os lares s\u00e3o locais onde v\u00edrus respirat\u00f3rios se espalham facilmente, mas existem maneiras eficazes de minimizar o cont\u00e1gio entre os moradores.<\/p>\n\n\n\n<p>Isolar-se no pr\u00f3prio domic\u00edlio pode ser uma estrat\u00e9gia favor\u00e1vel, embora nem sempre pr\u00e1tica ou vi\u00e1vel para todas as fam\u00edlias. A ideia seria que a pessoa doente utilizasse um quarto e um banheiro separados, se poss\u00edvel. Em contextos onde esta separa\u00e7\u00e3o n\u00e3o \u00e9 fact\u00edvel, estrat\u00e9gias alternativas podem ser adotadas para reduzir a possibilidade de transmiss\u00e3o.<\/p>\n\n\n\n<h2 class=\"wp-block-heading\">Como uma m\u00e1scara ajuda na preven\u00e7\u00e3o?<\/h2>\n\n\n\n<p>O uso de m\u00e1scaras surge como um instrumento \u00fatil no controle da dissemina\u00e7\u00e3o de doen\u00e7as. Se o membro doente for incapaz de se isolar totalmente, o uso de m\u00e1scara pode reduzir a probabilidade de transmitir o v\u00edrus aos demais.&nbsp;<strong>Dr. Darran Foo<\/strong>, diretor m\u00e9dico do servi\u00e7o de informa\u00e7\u00e3o p\u00fablica&nbsp;<strong>Healthdirect<\/strong>, recomenda o uso de m\u00e1scaras especialmente em ambientes menores como apartamentos, onde o espa\u00e7o \u00e9 limitado.<\/p>\n\n\n\n<p>Al\u00e9m disso, segundo orienta\u00e7\u00f5es atualizadas do&nbsp;<strong>Minist\u00e9rio da Sa\u00fade<\/strong>&nbsp;do Brasil em 2024, \u00e9 importante que mesmo visitantes que entrem na casa de pessoas doentes tamb\u00e9m utilizem m\u00e1scaras, principalmente nos primeiros dias da infec\u00e7\u00e3o, quando a transmiss\u00e3o costuma ser maior.<\/p>\n\n\n\n<figure class=\"wp-block-image\"><img decoding=\"async\" src=\"https:\/\/www.em.com.br\/emfoco\/wp-content\/uploads\/2025\/06\/gripado_1749676886547-1024x576.jpg\" alt=\"\"\/><figcaption class=\"wp-element-caption\">Homem gripado &#8211; Cr\u00e9ditos: depositphotos.com \/ HayDmitriy<\/figcaption><\/figure>\n\n\n\n<h2 class=\"wp-block-heading\">Quais as melhores pr\u00e1ticas de higiene em casa?<\/h2>\n\n\n\n<p>A manuten\u00e7\u00e3o de h\u00e1bitos higi\u00eanicos rigorosos \u00e9 fundamental para evitar o cont\u00e1gio. Isso inclui descartar len\u00e7os usados imediatamente e evitar compartilhar utens\u00edlios dom\u00e9sticos com a pessoa doente. Dr. Foo salienta a import\u00e2ncia de lavar as m\u00e3os frequentemente e utilizar desinfetantes. Al\u00e9m disso, limpar superf\u00edcies frequentemente tocadas, como ma\u00e7anetas e interruptores, \u00e9 essencial para impedir a propaga\u00e7\u00e3o de germes.<\/p>\n\n\n\n<p>Outra pr\u00e1tica eficaz \u00e9 evitar tocar os olhos, nariz e boca com m\u00e3os n\u00e3o higienizadas, pois estes s\u00e3o pontos de entrada comuns para v\u00edrus no organismo.<\/p>\n\n\n\n<h2 class=\"wp-block-heading\">Por que a vacina\u00e7\u00e3o \u00e9 t\u00e3o importante?<\/h2>\n\n\n\n<p>A vacina\u00e7\u00e3o contra a gripe e a COVID-19 \u00e9 essencial para todos os membros da fam\u00edlia, n\u00e3o apenas para os imunocomprometidos. A vacina\u00e7\u00e3o \u00e9 uma das medidas mais eficazes para prevenir doen\u00e7as respirat\u00f3rias e suas complica\u00e7\u00f5es, protegendo tanto indiv\u00edduos quanto a comunidade. Manter-se imunizado ajuda a proteger a sa\u00fade individual e coletiva, minimizando o risco de surtos.<\/p>\n\n\n\n<p>\u00c9 importante acompanhar as campanhas de vacina\u00e7\u00e3o promovidas pelas secretarias de sa\u00fade municipais para garantir acesso \u00e0s doses mais recentes, adaptadas \u00e0s variantes em circula\u00e7\u00e3o, e prestar aten\u00e7\u00e3o \u00e0s datas mais indicadas para cada grupo et\u00e1rio, promovendo assim a prote\u00e7\u00e3o ao longo do inverno.<\/p>\n\n\n\n<p>Leia tamb\u00e9m: <a href=\"https:\/\/www.em.com.br\/emfoco\/2025\/07\/12\/saiba-como-se-proteger-dessa-doenca-que-ja-tem-mais-de-10-mil-casos-e-mortes-em-2025-no-brasil\/\" target=\"_blank\" rel=\"noreferrer noopener\">Saiba como se proteger dessa doen\u00e7a que j\u00e1 tem mais de 10 mil casos e mortes em 2025 no Brasil<\/a><\/p>\n\n\n\n<h2 class=\"wp-block-heading\">Como melhorar a ventila\u00e7\u00e3o no inverno?<\/h2>\n\n\n\n<p>Boa ventila\u00e7\u00e3o \u00e9 crucial para reduzir a concentra\u00e7\u00e3o de part\u00edculas virais no ar. Professor Bennett explica que, no inverno, a ventila\u00e7\u00e3o inadequada favorece a persist\u00eancia dos v\u00edrus. Abrir janelas e portas quando poss\u00edvel ajuda a trocar o ar da casa, diminuindo a carga viral. Contudo, \u00e9 importante equilibrar essa pr\u00e1tica com a necessidade de manter a casa aquecida, para evitar desconfortos t\u00e9rmicos.<\/p>\n\n\n\n<p>Outra recomenda\u00e7\u00e3o de especialistas \u00e9 o uso de aparelhos como o&nbsp;<strong>purificador de ar<\/strong>&nbsp;com filtro HEPA, que pode contribuir para remover part\u00edculas suspensas no ambiente, especialmente em lares onde a ventila\u00e7\u00e3o natural n\u00e3o \u00e9 suficiente.<\/p>\n\n\n\n<h2 class=\"wp-block-heading\">Como proteger pessoas imunocomprometidas em casa?<\/h2>\n\n\n\n<p>Para fam\u00edlias com membros imunocomprometidos, as medidas de prote\u00e7\u00e3o devem ser intensificadas. Consulta a um profissional de sa\u00fade para orienta\u00e7\u00f5es personalizadas pode ser ben\u00e9fica nesses casos. O uso de antivirais pode ser apropriado dependendo das condi\u00e7\u00f5es m\u00e9dicas preexistentes. A atualiza\u00e7\u00e3o das vacina\u00e7\u00f5es contra COVID-19 e gripe proporciona prote\u00e7\u00e3o adicional contra doen\u00e7as graves, especialmente em lares compartilhados por v\u00e1rias pessoas.<\/p>\n\n\n\n<p>A pr\u00e1tica de medidas preventivas durante as \u00e9pocas mais frias n\u00e3o s\u00f3 protege a sa\u00fade individual, mas tamb\u00e9m a coletiva, diminuindo assim o risco de surtos locais de doen\u00e7as respirat\u00f3rias.<\/p>\n","protected":false},"excerpt":{"rendered":"<p>No inverno, a prolifera\u00e7\u00e3o de doen\u00e7as respirat\u00f3rias como resfriados e\u00a0COVID-19\u00a0\u00e9 uma preocupa\u00e7\u00e3o constante. A sensa\u00e7\u00e3o de que basta uma pessoa da casa adoecer para que todos estejam em risco \u00e9 comum. Segundo\u00a0Catherine Bennett, presidente de epidemiologia da\u00a0Universidade Deakin, os lares s\u00e3o locais onde v\u00edrus respirat\u00f3rios se espalham facilmente, mas existem maneiras eficazes de minimizar o [&hellip;]<\/p>\n","protected":false},"author":11,"featured_media":59145,"comment_status":"open","ping_status":"open","sticky":false,"template":"","format":"standard","meta":{"jnews-multi-image_gallery":[],"jnews_single_post":{"format":"standard"},"jnews_primary_category":[],"jnews_social_meta":[],"jnews_override_counter":[],"footnotes":""},"categories":[1,9053],"tags":[8806,415,10371],"class_list":["post-77657","post","type-post","status-publish","format-standard","has-post-thumbnail","hentry","category-noticias","category-saude","tag-gripe","tag-saude","tag-virus"],"yoast_head":"<!-- This site is optimized with the Yoast SEO plugin v23.8 - https:\/\/yoast.com\/wordpress\/plugins\/seo\/ -->\n<title>Casos de COVID e gripe disparam e especialistas emitem alerta urgente - Estado de Minas - Em foco<\/title>\n<meta name=\"description\" content=\"Gripe e COVID est\u00e3o em alta no inverno e h\u00e1 cuidados indispens\u00e1veis para evitar cont\u00e1gio em casa\" \/>\n<meta name=\"robots\" content=\"index, follow, max-snippet:-1, max-image-preview:large, max-video-preview:-1\" \/>\n<link rel=\"canonical\" href=\"https:\/\/www.em.com.br\/emfoco\/2025\/07\/20\/casos-de-covid-e-gripe-disparam-e-especialistas-emitem-alerta-urgente\/\" \/>\n<meta property=\"og:locale\" content=\"pt_BR\" \/>\n<meta property=\"og:type\" content=\"article\" \/>\n<meta property=\"og:title\" content=\"Casos de COVID e gripe disparam e especialistas emitem alerta urgente - Estado de Minas - Em foco\" \/>\n<meta property=\"og:description\" content=\"Gripe e COVID est\u00e3o em alta no inverno e h\u00e1 cuidados indispens\u00e1veis para evitar cont\u00e1gio em casa\" \/>\n<meta property=\"og:url\" content=\"https:\/\/www.em.com.br\/emfoco\/2025\/07\/20\/casos-de-covid-e-gripe-disparam-e-especialistas-emitem-alerta-urgente\/\" \/>\n<meta property=\"og:site_name\" content=\"Estado de Minas - Em foco\" \/>\n<meta property=\"article:published_time\" content=\"2025-07-20T22:28:00+00:00\" \/>\n<meta property=\"article:modified_time\" content=\"2025-07-19T22:30:26+00:00\" \/>\n<meta property=\"og:image\" content=\"https:\/\/www.em.com.br\/emfoco\/wp-content\/uploads\/2025\/06\/gripe_1749676812273.jpg\" \/>\n\t<meta property=\"og:image:width\" content=\"1280\" \/>\n\t<meta property=\"og:image:height\" content=\"720\" \/>\n\t<meta property=\"og:image:type\" content=\"image\/jpeg\" \/>\n<meta name=\"author\" content=\"Andre\u0301 Rangel\u00a0\" \/>\n<meta name=\"twitter:card\" content=\"summary_large_image\" \/>\n<meta name=\"twitter:label1\" content=\"Escrito por\" \/>\n\t<meta name=\"twitter:data1\" content=\"Andre\u0301 Rangel\u00a0\" \/>\n\t<meta name=\"twitter:label2\" content=\"Est. tempo de leitura\" \/>\n\t<meta name=\"twitter:data2\" content=\"5 minutos\" \/>\n<!-- \/ Yoast SEO plugin. -->","yoast_head_json":{"title":"Casos de COVID e gripe disparam e especialistas emitem alerta urgente - Estado de Minas - Em foco","description":"Gripe e COVID est\u00e3o em alta no inverno e h\u00e1 cuidados indispens\u00e1veis para evitar cont\u00e1gio em casa","robots":{"index":"index","follow":"follow","max-snippet":"max-snippet:-1","max-image-preview":"max-image-preview:large","max-video-preview":"max-video-preview:-1"},"canonical":"https:\/\/www.em.com.br\/emfoco\/2025\/07\/20\/casos-de-covid-e-gripe-disparam-e-especialistas-emitem-alerta-urgente\/","og_locale":"pt_BR","og_type":"article","og_title":"Casos de COVID e gripe disparam e especialistas emitem alerta urgente - Estado de Minas - Em foco","og_description":"Gripe e COVID est\u00e3o em alta no inverno e h\u00e1 cuidados indispens\u00e1veis para evitar cont\u00e1gio em casa","og_url":"https:\/\/www.em.com.br\/emfoco\/2025\/07\/20\/casos-de-covid-e-gripe-disparam-e-especialistas-emitem-alerta-urgente\/","og_site_name":"Estado de Minas - Em foco","article_published_time":"2025-07-20T22:28:00+00:00","article_modified_time":"2025-07-19T22:30:26+00:00","og_image":[{"width":1280,"height":720,"url":"https:\/\/www.em.com.br\/emfoco\/wp-content\/uploads\/2025\/06\/gripe_1749676812273.jpg","type":"image\/jpeg"}],"author":"Andre\u0301 Rangel\u00a0","twitter_card":"summary_large_image","twitter_misc":{"Escrito por":"Andre\u0301 Rangel\u00a0","Est. tempo de leitura":"5 minutos"},"schema":{"@context":"https:\/\/schema.org","@graph":[{"@type":"WebPage","@id":"https:\/\/www.em.com.br\/emfoco\/2025\/07\/20\/casos-de-covid-e-gripe-disparam-e-especialistas-emitem-alerta-urgente\/","url":"https:\/\/www.em.com.br\/emfoco\/2025\/07\/20\/casos-de-covid-e-gripe-disparam-e-especialistas-emitem-alerta-urgente\/","name":"Casos de COVID e gripe disparam e especialistas emitem alerta urgente - Estado de Minas - Em foco","isPartOf":{"@id":"https:\/\/www.em.com.br\/emfoco\/#website"},"primaryImageOfPage":{"@id":"https:\/\/www.em.com.br\/emfoco\/2025\/07\/20\/casos-de-covid-e-gripe-disparam-e-especialistas-emitem-alerta-urgente\/#primaryimage"},"image":{"@id":"https:\/\/www.em.com.br\/emfoco\/2025\/07\/20\/casos-de-covid-e-gripe-disparam-e-especialistas-emitem-alerta-urgente\/#primaryimage"},"thumbnailUrl":"https:\/\/www.em.com.br\/emfoco\/wp-content\/uploads\/2025\/06\/gripe_1749676812273.jpg","datePublished":"2025-07-20T22:28:00+00:00","dateModified":"2025-07-19T22:30:26+00:00","author":{"@id":"https:\/\/www.em.com.br\/emfoco\/#\/schema\/person\/60eda09c1fedf0d6891f4cef4b60b8b8"},"description":"Gripe e COVID est\u00e3o em alta no inverno e h\u00e1 cuidados indispens\u00e1veis para evitar cont\u00e1gio em casa","breadcrumb":{"@id":"https:\/\/www.em.com.br\/emfoco\/2025\/07\/20\/casos-de-covid-e-gripe-disparam-e-especialistas-emitem-alerta-urgente\/#breadcrumb"},"inLanguage":"pt-BR","potentialAction":[{"@type":"ReadAction","target":["https:\/\/www.em.com.br\/emfoco\/2025\/07\/20\/casos-de-covid-e-gripe-disparam-e-especialistas-emitem-alerta-urgente\/"]}]},{"@type":"ImageObject","inLanguage":"pt-BR","@id":"https:\/\/www.em.com.br\/emfoco\/2025\/07\/20\/casos-de-covid-e-gripe-disparam-e-especialistas-emitem-alerta-urgente\/#primaryimage","url":"https:\/\/www.em.com.br\/emfoco\/wp-content\/uploads\/2025\/06\/gripe_1749676812273.jpg","contentUrl":"https:\/\/www.em.com.br\/emfoco\/wp-content\/uploads\/2025\/06\/gripe_1749676812273.jpg","width":1280,"height":720,"caption":"O m\u00e9todo mais eficaz para soltar o catarro causado pelo ar seco"},{"@type":"BreadcrumbList","@id":"https:\/\/www.em.com.br\/emfoco\/2025\/07\/20\/casos-de-covid-e-gripe-disparam-e-especialistas-emitem-alerta-urgente\/#breadcrumb","itemListElement":[{"@type":"ListItem","position":1,"name":"In\u00edcio","item":"https:\/\/www.em.com.br\/emfoco\/"},{"@type":"ListItem","position":2,"name":"Casos de COVID e gripe disparam e especialistas emitem alerta urgente"}]},{"@type":"WebSite","@id":"https:\/\/www.em.com.br\/emfoco\/#website","url":"https:\/\/www.em.com.br\/emfoco\/","name":"Estado de Minas - Em foco","description":"Acompanhe as \u00faltimas not\u00edcias e fique bem informado sobre tudo o que acontece em Minas Gerais, Brasil e no mundo.","potentialAction":[{"@type":"SearchAction","target":{"@type":"EntryPoint","urlTemplate":"https:\/\/www.em.com.br\/emfoco\/?s={search_term_string}"},"query-input":{"@type":"PropertyValueSpecification","valueRequired":true,"valueName":"search_term_string"}}],"inLanguage":"pt-BR"},{"@type":"Person","@id":"https:\/\/www.em.com.br\/emfoco\/#\/schema\/person\/60eda09c1fedf0d6891f4cef4b60b8b8","name":"Andre\u0301 Rangel\u00a0","image":{"@type":"ImageObject","inLanguage":"pt-BR","@id":"https:\/\/www.em.com.br\/emfoco\/#\/schema\/person\/image\/","url":"https:\/\/secure.gravatar.com\/avatar\/6234dc814c77c8ef6d8bba622c787efc?s=96&d=mm&r=g","contentUrl":"https:\/\/secure.gravatar.com\/avatar\/6234dc814c77c8ef6d8bba622c787efc?s=96&d=mm&r=g","caption":"Andre\u0301 Rangel\u00a0"},"url":"https:\/\/www.em.com.br\/emfoco\/author\/luizmyth\/"}]}},"_links":{"self":[{"href":"https:\/\/www.em.com.br\/emfoco\/wp-json\/wp\/v2\/posts\/77657","targetHints":{"allow":["GET"]}}],"collection":[{"href":"https:\/\/www.em.com.br\/emfoco\/wp-json\/wp\/v2\/posts"}],"about":[{"href":"https:\/\/www.em.com.br\/emfoco\/wp-json\/wp\/v2\/types\/post"}],"author":[{"embeddable":true,"href":"https:\/\/www.em.com.br\/emfoco\/wp-json\/wp\/v2\/users\/11"}],"replies":[{"embeddable":true,"href":"https:\/\/www.em.com.br\/emfoco\/wp-json\/wp\/v2\/comments?post=77657"}],"version-history":[{"count":4,"href":"https:\/\/www.em.com.br\/emfoco\/wp-json\/wp\/v2\/posts\/77657\/revisions"}],"predecessor-version":[{"id":77769,"href":"https:\/\/www.em.com.br\/emfoco\/wp-json\/wp\/v2\/posts\/77657\/revisions\/77769"}],"wp:featuredmedia":[{"embeddable":true,"href":"https:\/\/www.em.com.br\/emfoco\/wp-json\/wp\/v2\/media\/59145"}],"wp:attachment":[{"href":"https:\/\/www.em.com.br\/emfoco\/wp-json\/wp\/v2\/media?parent=77657"}],"wp:term":[{"taxonomy":"category","embeddable":true,"href":"https:\/\/www.em.com.br\/emfoco\/wp-json\/wp\/v2\/categories?post=77657"},{"taxonomy":"post_tag","embeddable":true,"href":"https:\/\/www.em.com.br\/emfoco\/wp-json\/wp\/v2\/tags?post=77657"}],"curies":[{"name":"wp","href":"https:\/\/api.w.org\/{rel}","templated":true}]}}