{"id":77615,"date":"2025-07-20T08:08:00","date_gmt":"2025-07-20T11:08:00","guid":{"rendered":"https:\/\/www.em.com.br\/emfoco\/?p=77615"},"modified":"2025-07-17T19:03:17","modified_gmt":"2025-07-17T22:03:17","slug":"esses-celulares-que-poderao-se-conectar-a-starlink-gratuitamente-a-partir-de-18-de-julho","status":"publish","type":"post","link":"https:\/\/www.em.com.br\/emfoco\/2025\/07\/20\/esses-celulares-que-poderao-se-conectar-a-starlink-gratuitamente-a-partir-de-18-de-julho\/","title":{"rendered":"Esses celulares que poder\u00e3o se conectar \u00e0 Starlink gratuitamente a partir de 18 de julho"},"content":{"rendered":"\n<p>A partir de\u00a0<strong>julho de 2025<\/strong>, uma nova era na conectividade m\u00f3vel est\u00e1 prestes a se desenrolar com a introdu\u00e7\u00e3o de celulares capazes de se conectar automaticamente \u00e0 rede satelital\u00a0<strong><a href=\"https:\/\/www.starlink.com\/?srsltid=AfmBOopUJ1_sGLypZm9UDQ6PNRLRY2bk5-hWL70xQryUXpXehVvr1aRH\" target=\"_blank\" rel=\"noreferrer noopener\">Starlink<\/a><\/strong>, da\u00a0<strong>SpaceX<\/strong>. Essa iniciativa visa garantir que usu\u00e1rios de regi\u00f5es remotas, onde as redes terrestres s\u00e3o escassas ou inexistentes, tenham acesso a servi\u00e7os b\u00e1sicos de comunica\u00e7\u00e3o. Este avan\u00e7o surge de uma colabora\u00e7\u00e3o inovadora entre a\u00a0<strong>SpaceX<\/strong>\u00a0e a\u00a0<strong>T-Mobile<\/strong>, prometendo transformar drasticamente a maneira como as pessoas se conectam \u00e0 internet ao redor do mundo.<\/p>\n\n\n\n<p>Durante a fase inicial do projeto, os dispositivos compat\u00edveis poder\u00e3o utilizar a rede&nbsp;<strong>Starlink<\/strong>&nbsp;para enviar mensagens de texto, realizar chamadas de emerg\u00eancia e acessar a localiza\u00e7\u00e3o em tempo real. Isso ser\u00e1 poss\u00edvel gra\u00e7as a um sistema que detecta a falta de cobertura das redes m\u00f3veis convencionais e ativa a conectividade satelital sem a necessidade de configura\u00e7\u00e3o manual. Entre os celulares beneficiados est\u00e3o modelos de diferentes fabricantes, como&nbsp;<strong>Samsung<\/strong>,&nbsp;<strong>Apple<\/strong>,&nbsp;<strong>Motorola<\/strong>&nbsp;e&nbsp;<strong>Google<\/strong>, que integram a lista de compatibilidade inicial anunciada para este servi\u00e7o pioneiro.<\/p>\n\n\n\n<h2 class=\"wp-block-heading\">Quais modelos de celular s\u00e3o compat\u00edveis com o Starlink?<\/h2>\n\n\n\n<p>Os modelos de smartphones que podem usufruir da conectividade com a&nbsp;<strong>Starlink<\/strong>&nbsp;abrangem algumas das linhas mais populares do mercado. Da&nbsp;<strong>Samsung<\/strong>&nbsp;e&nbsp;<strong>Apple<\/strong>, a lista inclui desde o Galaxy A14 at\u00e9 o Galaxy S25 Ultra, e dos iPhones 14 ao 16 Pro Max, respectivamente. A&nbsp;<strong>Motorola<\/strong>&nbsp;traz modelos como Razr 2024 e Moto G Stylus 5G 2024, enquanto a&nbsp;<strong>Google<\/strong>&nbsp;oferece suporte a modelos como Pixel 9 Pro Fold, ampliando assim o acesso a diversos perfis de usu\u00e1rios. Esses aparelhos poder\u00e3o mudar a realidade de regi\u00f5es sem cobertura, ampliando o acesso \u00e0 informa\u00e7\u00e3o e comunica\u00e7\u00e3o em \u00e1reas antes inating\u00edveis pela tecnologia m\u00f3vel tradicional.<\/p>\n\n\n\n<ul class=\"wp-block-list\">\n<li><strong>Samsung Galaxy A14<\/strong><\/li>\n\n\n\n<li>Samsung Galaxy A25<\/li>\n\n\n\n<li>Samsung Galaxy S23<\/li>\n\n\n\n<li>Samsung Galaxy S24 Ultra<\/li>\n\n\n\n<li>Samsung Galaxy S25 Ultra<\/li>\n\n\n\n<li><strong>Apple iPhone 14<\/strong><\/li>\n\n\n\n<li>Apple iPhone 14 Plus<\/li>\n\n\n\n<li>Apple iPhone 15<\/li>\n\n\n\n<li>Apple iPhone 15 Pro Max<\/li>\n\n\n\n<li>Apple iPhone 16<\/li>\n\n\n\n<li>Apple iPhone 16 Pro Max<\/li>\n\n\n\n<li><strong>Motorola Razr 2024<\/strong><\/li>\n\n\n\n<li>Motorola Moto G Stylus 5G 2024<\/li>\n\n\n\n<li><strong>Google Pixel 9 Pro Fold<\/strong><\/li>\n\n\n\n<li>Google Pixel 9<\/li>\n<\/ul>\n\n\n\n<figure class=\"wp-block-image size-large\"><img loading=\"lazy\" decoding=\"async\" width=\"1024\" height=\"576\" src=\"https:\/\/www.em.com.br\/emfoco\/wp-content\/uploads\/2025\/07\/starlink_1752793288256-1024x576.jpg\" alt=\"\" class=\"wp-image-77805\" srcset=\"https:\/\/www.em.com.br\/emfoco\/wp-content\/uploads\/2025\/07\/starlink_1752793288256-1024x576.jpg 1024w, https:\/\/www.em.com.br\/emfoco\/wp-content\/uploads\/2025\/07\/starlink_1752793288256-300x169.jpg 300w, https:\/\/www.em.com.br\/emfoco\/wp-content\/uploads\/2025\/07\/starlink_1752793288256-768x432.jpg 768w, https:\/\/www.em.com.br\/emfoco\/wp-content\/uploads\/2025\/07\/starlink_1752793288256-750x422.jpg 750w, https:\/\/www.em.com.br\/emfoco\/wp-content\/uploads\/2025\/07\/starlink_1752793288256-1140x641.jpg 1140w, https:\/\/www.em.com.br\/emfoco\/wp-content\/uploads\/2025\/07\/starlink_1752793288256.jpg 1280w\" sizes=\"auto, (max-width: 1024px) 100vw, 1024px\" \/><figcaption class=\"wp-element-caption\">Conectando Starlink &#8211; Cr\u00e9ditos: depositphotos.com \/ dutourdumonde<\/figcaption><\/figure>\n\n\n\n<h2 class=\"wp-block-heading\">Como funciona a conectividade por sat\u00e9lite Starlink?<\/h2>\n\n\n\n<p>A opera\u00e7\u00e3o do sistema&nbsp;<strong>Starlink<\/strong>&nbsp;\u00e9 desenhada para ser simples e eficiente. Quando um dispositivo sai do alcance da rede terrestre de sua operadora, a tecnologia \u00e9 programada para automaticamente se conectar \u00e0 rede satelital da&nbsp;<strong>SpaceX<\/strong>. Com uma infraestrutura composta por milhares de sat\u00e9lites em \u00f3rbita baixa, a cobertura \u00e9 onipresente, assegurando uma transi\u00e7\u00e3o quase impercept\u00edvel para o usu\u00e1rio, que ser\u00e1 alertado atrav\u00e9s de uma notifica\u00e7\u00e3o em sua tela sobre a mudan\u00e7a na fonte de conectividade.<\/p>\n\n\n\n<ul class=\"wp-block-list\">\n<li><strong>Mensagens de Texto:<\/strong>&nbsp;Permite a comunica\u00e7\u00e3o em locais remotos.<\/li>\n\n\n\n<li><strong>Chamadas de Emerg\u00eancia:<\/strong>&nbsp;Importante em situa\u00e7\u00f5es de risco.<\/li>\n\n\n\n<li><strong>Localiza\u00e7\u00e3o em Tempo Real:<\/strong>&nbsp;Essencial para seguran\u00e7a e servi\u00e7os log\u00edsticos.<\/li>\n<\/ul>\n\n\n\n<p><strong>Nota:<\/strong>&nbsp;Para que a conectividade com a rede Starlink funcione corretamente, \u00e9 necess\u00e1rio que os dispositivos estejam atualizados para a vers\u00e3o mais recente do sistema operacional.<\/p>\n\n\n\n<h2 class=\"wp-block-heading\">Qual o impacto do Starlink na inclus\u00e3o digital?<\/h2>\n\n\n\n<p>O impacto da chegada da&nbsp;<strong>Starlink<\/strong>&nbsp;aos dispositivos m\u00f3veis \u00e9 visto como um avan\u00e7o crucial na jornada para diminuir a desigualdade digital. O acesso a internet via sat\u00e9lite \u00e9 particularmente ben\u00e9fico em \u00e1reas rurais, montanhosas e isoladas, onde h\u00e1 uma lacuna de conectividade significativa. Este desenvolvimento n\u00e3o apenas promove a inclus\u00e3o digital, mas tamb\u00e9m refor\u00e7a a seguran\u00e7a em situa\u00e7\u00f5es de emerg\u00eancia, onde a comunica\u00e7\u00e3o \u00e9 essencial para coordena\u00e7\u00e3o e assist\u00eancia. \u00c0 medida que a tecnologia avan\u00e7a, a expectativa \u00e9 que os servi\u00e7os de dados sejam adicionados \u00e0 oferta, potencializando ainda mais a utilidade dos dispositivos habilitados para redes satelitais.<\/p>\n\n\n\n<p>Leia tamb\u00e9m: <a href=\"https:\/\/www.em.com.br\/emfoco\/2025\/07\/15\/essa-dica-viral-pode-evitar-que-sua-internet-seja-roubada\/\" target=\"_blank\" rel=\"noreferrer noopener\">Essa dica viral pode evitar que sua internet seja roubada<\/a><\/p>\n\n\n\n<p>Al\u00e9m disso, a introdu\u00e7\u00e3o do&nbsp;<strong>Starlink Mini<\/strong>, uma variante port\u00e1til do servi\u00e7o, oferece aos usu\u00e1rios uma solu\u00e7\u00e3o acess\u00edvel e de instala\u00e7\u00e3o simplificada. Com velocidade semelhante \u00e0 dos equipamentos convencionais de&nbsp;<strong>Starlink<\/strong>, mas com custo reduzido, o Mini se posiciona como uma alternativa atrativa para viajantes, profissionais m\u00f3veis e em cen\u00e1rios de emerg\u00eancia. Esse dispositivo reflete a demanda global por op\u00e7\u00f5es de internet r\u00e1pidas e econ\u00f4micas, tornando-se uma pe\u00e7a vital para uma conectividade abrangente e acess\u00edvel em escala mundial.<\/p>\n\n\n\n<h2 class=\"wp-block-heading\">O que esperar para o futuro da conectividade m\u00f3vel?<\/h2>\n\n\n\n<p>Com o lan\u00e7amento dos primeiros celulares compat\u00edveis com&nbsp;<strong>Starlink<\/strong>, espera-se uma r\u00e1pida expans\u00e3o dessa tecnologia para mais modelos e marcas nos pr\u00f3ximos anos. Em paralelo, outras empresas do setor de telecomunica\u00e7\u00f5es j\u00e1 est\u00e3o investindo em solu\u00e7\u00f5es satelitais semelhantes. Esse movimento promete impulsionar ainda mais a conectividade global, aliando seguran\u00e7a, velocidade e facilidade de acesso para usu\u00e1rios em diferentes regi\u00f5es do globo. Para o futuro, a possibilidade de utiliza\u00e7\u00e3o de dados, inclusive para navega\u00e7\u00e3o e streaming, abre novas oportunidades para educa\u00e7\u00e3o, empreendedorismo e integra\u00e7\u00e3o social, mostrando o potencial revolucion\u00e1rio dessa inova\u00e7\u00e3o.<\/p>\n","protected":false},"excerpt":{"rendered":"<p>A partir de\u00a0julho de 2025, uma nova era na conectividade m\u00f3vel est\u00e1 prestes a se desenrolar com a introdu\u00e7\u00e3o de celulares capazes de se conectar automaticamente \u00e0 rede satelital\u00a0Starlink, da\u00a0SpaceX. Essa iniciativa visa garantir que usu\u00e1rios de regi\u00f5es remotas, onde as redes terrestres s\u00e3o escassas ou inexistentes, tenham acesso a servi\u00e7os b\u00e1sicos de comunica\u00e7\u00e3o. Este [&hellip;]<\/p>\n","protected":false},"author":11,"featured_media":77807,"comment_status":"open","ping_status":"open","sticky":false,"template":"","format":"standard","meta":{"jnews-multi-image_gallery":[],"jnews_single_post":{"format":"standard"},"jnews_primary_category":[],"jnews_social_meta":[],"jnews_override_counter":[],"footnotes":""},"categories":[1,4204],"tags":[2580,952,3853,3852],"class_list":["post-77615","post","type-post","status-publish","format-standard","has-post-thumbnail","hentry","category-noticias","category-tecnologia","tag-celular","tag-internet","tag-internet-starlink","tag-starlink"],"yoast_head":"<!-- This site is optimized with the Yoast SEO plugin v23.8 - https:\/\/yoast.com\/wordpress\/plugins\/seo\/ -->\n<title>Esses celulares que poder\u00e3o se conectar \u00e0 Starlink gratuitamente a partir de 18 de julho - Estado de Minas - Em foco<\/title>\n<meta name=\"description\" content=\"A partir de julho, celulares compat\u00edveis com Starlink ter\u00e3o internet via sat\u00e9lite. Veja os modelos e como isso muda tudo na conectividade.\" \/>\n<meta name=\"robots\" content=\"index, follow, max-snippet:-1, max-image-preview:large, max-video-preview:-1\" \/>\n<link rel=\"canonical\" href=\"https:\/\/www.em.com.br\/emfoco\/2025\/07\/20\/esses-celulares-que-poderao-se-conectar-a-starlink-gratuitamente-a-partir-de-18-de-julho\/\" \/>\n<meta property=\"og:locale\" content=\"pt_BR\" \/>\n<meta property=\"og:type\" content=\"article\" \/>\n<meta property=\"og:title\" content=\"Esses celulares que poder\u00e3o se conectar \u00e0 Starlink gratuitamente a partir de 18 de julho - Estado de Minas - Em foco\" \/>\n<meta property=\"og:description\" content=\"A partir de julho, celulares compat\u00edveis com Starlink ter\u00e3o internet via sat\u00e9lite. Veja os modelos e como isso muda tudo na conectividade.\" \/>\n<meta property=\"og:url\" content=\"https:\/\/www.em.com.br\/emfoco\/2025\/07\/20\/esses-celulares-que-poderao-se-conectar-a-starlink-gratuitamente-a-partir-de-18-de-julho\/\" \/>\n<meta property=\"og:site_name\" content=\"Estado de Minas - Em foco\" \/>\n<meta property=\"article:published_time\" content=\"2025-07-20T11:08:00+00:00\" \/>\n<meta property=\"article:modified_time\" content=\"2025-07-17T22:03:17+00:00\" \/>\n<meta property=\"og:image\" content=\"https:\/\/www.em.com.br\/emfoco\/wp-content\/uploads\/2025\/07\/starlink_1752793345757.jpg\" \/>\n\t<meta property=\"og:image:width\" content=\"1280\" \/>\n\t<meta property=\"og:image:height\" content=\"720\" \/>\n\t<meta property=\"og:image:type\" content=\"image\/jpeg\" \/>\n<meta name=\"author\" content=\"Andre\u0301 Rangel\u00a0\" \/>\n<meta name=\"twitter:card\" content=\"summary_large_image\" \/>\n<meta name=\"twitter:label1\" content=\"Escrito por\" \/>\n\t<meta name=\"twitter:data1\" content=\"Andre\u0301 Rangel\u00a0\" \/>\n\t<meta name=\"twitter:label2\" content=\"Est. tempo de leitura\" \/>\n\t<meta name=\"twitter:data2\" content=\"5 minutos\" \/>\n<!-- \/ Yoast SEO plugin. -->","yoast_head_json":{"title":"Esses celulares que poder\u00e3o se conectar \u00e0 Starlink gratuitamente a partir de 18 de julho - Estado de Minas - Em foco","description":"A partir de julho, celulares compat\u00edveis com Starlink ter\u00e3o internet via sat\u00e9lite. Veja os modelos e como isso muda tudo na conectividade.","robots":{"index":"index","follow":"follow","max-snippet":"max-snippet:-1","max-image-preview":"max-image-preview:large","max-video-preview":"max-video-preview:-1"},"canonical":"https:\/\/www.em.com.br\/emfoco\/2025\/07\/20\/esses-celulares-que-poderao-se-conectar-a-starlink-gratuitamente-a-partir-de-18-de-julho\/","og_locale":"pt_BR","og_type":"article","og_title":"Esses celulares que poder\u00e3o se conectar \u00e0 Starlink gratuitamente a partir de 18 de julho - Estado de Minas - Em foco","og_description":"A partir de julho, celulares compat\u00edveis com Starlink ter\u00e3o internet via sat\u00e9lite. Veja os modelos e como isso muda tudo na conectividade.","og_url":"https:\/\/www.em.com.br\/emfoco\/2025\/07\/20\/esses-celulares-que-poderao-se-conectar-a-starlink-gratuitamente-a-partir-de-18-de-julho\/","og_site_name":"Estado de Minas - Em foco","article_published_time":"2025-07-20T11:08:00+00:00","article_modified_time":"2025-07-17T22:03:17+00:00","og_image":[{"width":1280,"height":720,"url":"https:\/\/www.em.com.br\/emfoco\/wp-content\/uploads\/2025\/07\/starlink_1752793345757.jpg","type":"image\/jpeg"}],"author":"Andre\u0301 Rangel\u00a0","twitter_card":"summary_large_image","twitter_misc":{"Escrito por":"Andre\u0301 Rangel\u00a0","Est. tempo de leitura":"5 minutos"},"schema":{"@context":"https:\/\/schema.org","@graph":[{"@type":"WebPage","@id":"https:\/\/www.em.com.br\/emfoco\/2025\/07\/20\/esses-celulares-que-poderao-se-conectar-a-starlink-gratuitamente-a-partir-de-18-de-julho\/","url":"https:\/\/www.em.com.br\/emfoco\/2025\/07\/20\/esses-celulares-que-poderao-se-conectar-a-starlink-gratuitamente-a-partir-de-18-de-julho\/","name":"Esses celulares que poder\u00e3o se conectar \u00e0 Starlink gratuitamente a partir de 18 de julho - Estado de Minas - Em foco","isPartOf":{"@id":"https:\/\/www.em.com.br\/emfoco\/#website"},"primaryImageOfPage":{"@id":"https:\/\/www.em.com.br\/emfoco\/2025\/07\/20\/esses-celulares-que-poderao-se-conectar-a-starlink-gratuitamente-a-partir-de-18-de-julho\/#primaryimage"},"image":{"@id":"https:\/\/www.em.com.br\/emfoco\/2025\/07\/20\/esses-celulares-que-poderao-se-conectar-a-starlink-gratuitamente-a-partir-de-18-de-julho\/#primaryimage"},"thumbnailUrl":"https:\/\/www.em.com.br\/emfoco\/wp-content\/uploads\/2025\/07\/starlink_1752793345757.jpg","datePublished":"2025-07-20T11:08:00+00:00","dateModified":"2025-07-17T22:03:17+00:00","author":{"@id":"https:\/\/www.em.com.br\/emfoco\/#\/schema\/person\/60eda09c1fedf0d6891f4cef4b60b8b8"},"description":"A partir de julho, celulares compat\u00edveis com Starlink ter\u00e3o internet via sat\u00e9lite. Veja os modelos e como isso muda tudo na conectividade.","breadcrumb":{"@id":"https:\/\/www.em.com.br\/emfoco\/2025\/07\/20\/esses-celulares-que-poderao-se-conectar-a-starlink-gratuitamente-a-partir-de-18-de-julho\/#breadcrumb"},"inLanguage":"pt-BR","potentialAction":[{"@type":"ReadAction","target":["https:\/\/www.em.com.br\/emfoco\/2025\/07\/20\/esses-celulares-que-poderao-se-conectar-a-starlink-gratuitamente-a-partir-de-18-de-julho\/"]}]},{"@type":"ImageObject","inLanguage":"pt-BR","@id":"https:\/\/www.em.com.br\/emfoco\/2025\/07\/20\/esses-celulares-que-poderao-se-conectar-a-starlink-gratuitamente-a-partir-de-18-de-julho\/#primaryimage","url":"https:\/\/www.em.com.br\/emfoco\/wp-content\/uploads\/2025\/07\/starlink_1752793345757.jpg","contentUrl":"https:\/\/www.em.com.br\/emfoco\/wp-content\/uploads\/2025\/07\/starlink_1752793345757.jpg","width":1280,"height":720,"caption":"Starlink - Cr\u00e9ditos: depositphotos.com \/ ifeelstock"},{"@type":"BreadcrumbList","@id":"https:\/\/www.em.com.br\/emfoco\/2025\/07\/20\/esses-celulares-que-poderao-se-conectar-a-starlink-gratuitamente-a-partir-de-18-de-julho\/#breadcrumb","itemListElement":[{"@type":"ListItem","position":1,"name":"In\u00edcio","item":"https:\/\/www.em.com.br\/emfoco\/"},{"@type":"ListItem","position":2,"name":"Esses celulares que poder\u00e3o se conectar \u00e0 Starlink gratuitamente a partir de 18 de julho"}]},{"@type":"WebSite","@id":"https:\/\/www.em.com.br\/emfoco\/#website","url":"https:\/\/www.em.com.br\/emfoco\/","name":"Estado de Minas - Em foco","description":"Acompanhe as \u00faltimas not\u00edcias e fique bem informado sobre tudo o que acontece em Minas Gerais, Brasil e no mundo.","potentialAction":[{"@type":"SearchAction","target":{"@type":"EntryPoint","urlTemplate":"https:\/\/www.em.com.br\/emfoco\/?s={search_term_string}"},"query-input":{"@type":"PropertyValueSpecification","valueRequired":true,"valueName":"search_term_string"}}],"inLanguage":"pt-BR"},{"@type":"Person","@id":"https:\/\/www.em.com.br\/emfoco\/#\/schema\/person\/60eda09c1fedf0d6891f4cef4b60b8b8","name":"Andre\u0301 Rangel\u00a0","image":{"@type":"ImageObject","inLanguage":"pt-BR","@id":"https:\/\/www.em.com.br\/emfoco\/#\/schema\/person\/image\/","url":"https:\/\/secure.gravatar.com\/avatar\/6234dc814c77c8ef6d8bba622c787efc?s=96&d=mm&r=g","contentUrl":"https:\/\/secure.gravatar.com\/avatar\/6234dc814c77c8ef6d8bba622c787efc?s=96&d=mm&r=g","caption":"Andre\u0301 Rangel\u00a0"},"url":"https:\/\/www.em.com.br\/emfoco\/author\/luizmyth\/"}]}},"_links":{"self":[{"href":"https:\/\/www.em.com.br\/emfoco\/wp-json\/wp\/v2\/posts\/77615","targetHints":{"allow":["GET"]}}],"collection":[{"href":"https:\/\/www.em.com.br\/emfoco\/wp-json\/wp\/v2\/posts"}],"about":[{"href":"https:\/\/www.em.com.br\/emfoco\/wp-json\/wp\/v2\/types\/post"}],"author":[{"embeddable":true,"href":"https:\/\/www.em.com.br\/emfoco\/wp-json\/wp\/v2\/users\/11"}],"replies":[{"embeddable":true,"href":"https:\/\/www.em.com.br\/emfoco\/wp-json\/wp\/v2\/comments?post=77615"}],"version-history":[{"count":4,"href":"https:\/\/www.em.com.br\/emfoco\/wp-json\/wp\/v2\/posts\/77615\/revisions"}],"predecessor-version":[{"id":77808,"href":"https:\/\/www.em.com.br\/emfoco\/wp-json\/wp\/v2\/posts\/77615\/revisions\/77808"}],"wp:featuredmedia":[{"embeddable":true,"href":"https:\/\/www.em.com.br\/emfoco\/wp-json\/wp\/v2\/media\/77807"}],"wp:attachment":[{"href":"https:\/\/www.em.com.br\/emfoco\/wp-json\/wp\/v2\/media?parent=77615"}],"wp:term":[{"taxonomy":"category","embeddable":true,"href":"https:\/\/www.em.com.br\/emfoco\/wp-json\/wp\/v2\/categories?post=77615"},{"taxonomy":"post_tag","embeddable":true,"href":"https:\/\/www.em.com.br\/emfoco\/wp-json\/wp\/v2\/tags?post=77615"}],"curies":[{"name":"wp","href":"https:\/\/api.w.org\/{rel}","templated":true}]}}