{"id":77613,"date":"2025-07-20T07:28:00","date_gmt":"2025-07-20T10:28:00","guid":{"rendered":"https:\/\/www.em.com.br\/emfoco\/?p=77613"},"modified":"2025-07-17T19:04:25","modified_gmt":"2025-07-17T22:04:25","slug":"alimentos-que-mais-inflamam-seu-corpo-e-aumentam-a-gordura-abdominal","status":"publish","type":"post","link":"https:\/\/www.em.com.br\/emfoco\/2025\/07\/20\/alimentos-que-mais-inflamam-seu-corpo-e-aumentam-a-gordura-abdominal\/","title":{"rendered":"Alimentos que mais inflamam seu corpo e aumentam a gordura abdominal"},"content":{"rendered":"\n<p>Os <a href=\"https:\/\/www.tuasaude.com\/alimentos-inflamatorios\/\" target=\"_blank\" rel=\"noreferrer noopener\">alimentos inflamat\u00f3rios <\/a>desempenham um papel significativo na sa\u00fade moderna, sendo frequentemente associados a problemas cr\u00f4nicos, como o aumento da gordura abdominal. Esse tipo de inflama\u00e7\u00e3o, diferentemente de uma resposta aguda a machucados ou infec\u00e7\u00f5es, manifesta-se de forma discreta e cont\u00ednua. Tal processo inflamat\u00f3rio pode ser um dos fatores que tornam mais dif\u00edcil a redu\u00e7\u00e3o de peso, especialmente em \u00e1reas urbanas onde a dieta ocidental \u00e9 prevalente, como em grandes cidades brasileiras, por exemplo,\u00a0<strong>S\u00e3o Paulo<\/strong>\u00a0e\u00a0<strong>Rio de Janeiro<\/strong>.<\/p>\n\n\n\n<p>A gordura abdominal \u00e9 notoriamente dif\u00edcil de eliminar e pode ser influenciada por v\u00e1rias causas como predisposi\u00e7\u00e3o gen\u00e9tica, falta de atividade f\u00edsica e, crucialmente, uma alimenta\u00e7\u00e3o inadequada. Alimentos que promovem a inflama\u00e7\u00e3o podem agravar esse problema, pois a gordura visceral, que rodeia os \u00f3rg\u00e3os internos, \u00e9 particularmente perigosa e est\u00e1 ligada a doen\u00e7as card\u00edacas e metab\u00f3licas. Identificar e limitar o consumo desses alimentos pode ajudar significativamente a melhorar a sa\u00fade em geral.<\/p>\n\n\n\n<h2 class=\"wp-block-heading\">Quais s\u00e3o os principais alimentos inflamat\u00f3rios e seus efeitos?<\/h2>\n\n\n\n<p>Estudos destacam que muitos alimentos amplamente consumidos possuem altos n\u00edveis de efeitos inflamat\u00f3rios. Entre os principais culpados est\u00e3o os produtos ultraprocessados, que s\u00e3o muito comuns na dieta atual. Esses produtos s\u00e3o frequentemente ricos em a\u00e7\u00facar, gorduras saturadas e trans, al\u00e9m de uma variedade de aditivos qu\u00edmicos. Tais componentes n\u00e3o s\u00f3 aumentam a inflama\u00e7\u00e3o como tamb\u00e9m interferem no metabolismo, dificultando a manuten\u00e7\u00e3o de um peso saud\u00e1vel. Vale destacar que pesquisas realizadas por institui\u00e7\u00f5es como a&nbsp;<strong>Universidade de Harvard<\/strong>&nbsp;refor\u00e7am esses dados, mostrando impactos negativos acumulados a longo prazo.<\/p>\n\n\n\n<ul class=\"wp-block-list\">\n<li><strong>Refrigerantes e bebidas ado\u00e7adas:<\/strong>&nbsp;Contribuem para o aumento das calorias consumidas sem oferecer valor nutricional.<\/li>\n\n\n\n<li>Frituras e embutidos: Fonte de gorduras trans e saturadas que elevam os marcadores inflamat\u00f3rios.<\/li>\n\n\n\n<li>Biscoitos recheados e bolachas: Cont\u00eam a\u00e7\u00facares e gorduras n\u00e3o saud\u00e1veis, promovendo inflamabilidade e obesidade.<\/li>\n<\/ul>\n\n\n\n<figure class=\"wp-block-image\"><img decoding=\"async\" src=\"https:\/\/www.em.com.br\/emfoco\/wp-content\/uploads\/2025\/06\/gordura-abdominal_1749996964327-1024x576.jpg\" alt=\"\"\/><figcaption class=\"wp-element-caption\">Antes e depois &#8211; Cr\u00e9ditos: depositphotos.com \/ undrey<\/figcaption><\/figure>\n\n\n\n<h2 class=\"wp-block-heading\">Qual o papel do a\u00e7\u00facar refinado na inflama\u00e7\u00e3o?<\/h2>\n\n\n\n<p>O a\u00e7\u00facar refinado \u00e9 um dos principais vil\u00f5es quando se fala de inflama\u00e7\u00e3o e ac\u00famulo de gordura na \u00e1rea abdominal. Ele desencadeia r\u00e1pidas eleva\u00e7\u00f5es nos n\u00edveis de glicose no sangue, o que subsequente eleva a produ\u00e7\u00e3o de insulina. Este fen\u00f4meno pode resultar no armazenamento de gordura, especialmente na regi\u00e3o da barriga. Al\u00e9m disso, est\u00e1 correlacionado a um aumento nos n\u00edveis de prote\u00ednas inflamat\u00f3rias. Dados da&nbsp;<strong>Organiza\u00e7\u00e3o Mundial da Sa\u00fade<\/strong>&nbsp;(OMS) sugerem a redu\u00e7\u00e3o da ingest\u00e3o de a\u00e7\u00facares na dieta global para mitigar esses efeitos adversos na sa\u00fade.<\/p>\n\n\n\n<h2 class=\"wp-block-heading\">Por que as gorduras trans e saturadas s\u00e3o perigosas?<\/h2>\n\n\n\n<p>Gorduras trans e saturadas encontradas em alimentos como margarinas, fast foods e carnes processadas s\u00e3o conhecidas por seu potencial inflamat\u00f3rio. Elas n\u00e3o apenas modificam o perfil lip\u00eddico do sangue, mas tamb\u00e9m aumentam o risco de doen\u00e7as cardiovasculares. O consumo constante dessas gorduras desencadeia a produ\u00e7\u00e3o de citocinas inflamat\u00f3rias, que aumentam a inflamabilidade e a gordura visceral. Conforme destacado em um relat\u00f3rio recente da&nbsp;<strong>Associa\u00e7\u00e3o Brasileira de Nutri\u00e7\u00e3o<\/strong>, a restri\u00e7\u00e3o desse tipo de gordura tem impacto positivo direto na preven\u00e7\u00e3o de doen\u00e7as cr\u00f4nicas n\u00e3o transmiss\u00edveis.<\/p>\n\n\n\n<p>Leia Tamb\u00e9m: <a href=\"https:\/\/www.em.com.br\/emfoco\/2025\/06\/27\/conheca-os-alimentos-mais-poderosos-para-o-coracao-e-o-cerebro\/\" target=\"_blank\" rel=\"noreferrer noopener\">Conhe\u00e7a os alimentos mais poderosos para o cora\u00e7\u00e3o e o c\u00e9rebro<\/a><\/p>\n\n\n\n<h2 class=\"wp-block-heading\">Qual \u00e9 o impacto do \u00e1lcool na inflama\u00e7\u00e3o?<\/h2>\n\n\n\n<p>O consumo de \u00e1lcool tamb\u00e9m \u00e9 um fator que contribui para a inflama\u00e7\u00e3o. Bebidas alco\u00f3licas, como cerveja, vinho e destilados, elevam a libera\u00e7\u00e3o de biomarcadores inflamat\u00f3rios no organismo. O metabolismo do \u00e1lcool leva \u00e0 forma\u00e7\u00e3o de compostos como o acetalde\u00eddo, que pode promover inflama\u00e7\u00e3o em diversos \u00f3rg\u00e3os, incluindo o f\u00edgado e o trato gastrointestinal. Pesquisas recentes realizadas na&nbsp;<strong>Europa<\/strong>&nbsp;indicam que o consumo frequente de \u00e1lcool est\u00e1 associado ao aumento de gordura abdominal e ao risco de doen\u00e7as hep\u00e1ticas.<\/p>\n\n\n\n<h2 class=\"wp-block-heading\">Quais estrat\u00e9gias s\u00e3o eficazes para reduzir a inflama\u00e7\u00e3o alimentar?<\/h2>\n\n\n\n<p>Fazer substitui\u00e7\u00f5es inteligentes na dieta \u00e9 essencial para reduzir a inflama\u00e7\u00e3o e o risco de doen\u00e7as relacionadas. A troca de alimentos inflamat\u00f3rios por op\u00e7\u00f5es mais saud\u00e1veis e naturais pode ter um impacto positivo significativo.<\/p>\n\n\n\n<ol class=\"wp-block-list\">\n<li>Substituir&nbsp;<strong>refrigerantes<\/strong>&nbsp;por&nbsp;<em>\u00e1gua<\/em>&nbsp;ou&nbsp;<em>ch\u00e1s naturais<\/em>.<\/li>\n\n\n\n<li>Optar por carnes magras em vez de embutidos e processados.<\/li>\n\n\n\n<li>Incluir mais&nbsp;<em>frutas e vegetais<\/em>&nbsp;na dieta, buscando alimentos frescos.<\/li>\n\n\n\n<li>Escolher alimentos&nbsp;<em>integrais<\/em>&nbsp;em detrimento dos refinados.<\/li>\n<\/ol>\n\n\n\n<p>Essas mudan\u00e7as ajudam a diminuir a inflama\u00e7\u00e3o enquanto melhoram a composi\u00e7\u00e3o corporal com o passar do tempo. Optar por um estilo de vida mais equilibrado, com uma dieta variada e h\u00e1bitos de vida saud\u00e1veis, promove o bem-estar e reduz os riscos de doen\u00e7as cr\u00f4nicas. Organiza\u00e7\u00f5es como o&nbsp;<strong>Minist\u00e9rio da Sa\u00fade<\/strong>&nbsp;disponibilizam materiais educativos para apoiar a ado\u00e7\u00e3o dessas estrat\u00e9gias e incentivar a preven\u00e7\u00e3o de doen\u00e7as.<\/p>\n","protected":false},"excerpt":{"rendered":"<p>Os alimentos inflamat\u00f3rios desempenham um papel significativo na sa\u00fade moderna, sendo frequentemente associados a problemas cr\u00f4nicos, como o aumento da gordura abdominal. Esse tipo de inflama\u00e7\u00e3o, diferentemente de uma resposta aguda a machucados ou infec\u00e7\u00f5es, manifesta-se de forma discreta e cont\u00ednua. Tal processo inflamat\u00f3rio pode ser um dos fatores que tornam mais dif\u00edcil a redu\u00e7\u00e3o [&hellip;]<\/p>\n","protected":false},"author":11,"featured_media":61140,"comment_status":"open","ping_status":"open","sticky":false,"template":"","format":"standard","meta":{"jnews-multi-image_gallery":[],"jnews_single_post":{"format":"standard"},"jnews_primary_category":[],"jnews_social_meta":[],"jnews_override_counter":[],"footnotes":""},"categories":[8819,1],"tags":[3508,11260,11341,6315],"class_list":["post-77613","post","type-post","status-publish","format-standard","has-post-thumbnail","hentry","category-curiosidades","category-noticias","tag-acucar","tag-barriga","tag-barriga-inchada","tag-inflamacao"],"yoast_head":"<!-- This site is optimized with the Yoast SEO plugin v23.8 - https:\/\/yoast.com\/wordpress\/plugins\/seo\/ -->\n<title>Alimentos que mais inflamam seu corpo e aumentam a gordura abdominal - Estado de Minas - Em foco<\/title>\n<meta name=\"description\" content=\"Alguns alimentos podem inflamar seu corpo e dificultar a perda de barriga. Saiba quais s\u00e3o os mais perigosos para a sua sa\u00fade.\" \/>\n<meta name=\"robots\" content=\"index, follow, max-snippet:-1, max-image-preview:large, max-video-preview:-1\" \/>\n<link rel=\"canonical\" href=\"https:\/\/www.em.com.br\/emfoco\/2025\/07\/20\/alimentos-que-mais-inflamam-seu-corpo-e-aumentam-a-gordura-abdominal\/\" \/>\n<meta property=\"og:locale\" content=\"pt_BR\" \/>\n<meta property=\"og:type\" content=\"article\" \/>\n<meta property=\"og:title\" content=\"Alimentos que mais inflamam seu corpo e aumentam a gordura abdominal - Estado de Minas - Em foco\" \/>\n<meta property=\"og:description\" content=\"Alguns alimentos podem inflamar seu corpo e dificultar a perda de barriga. Saiba quais s\u00e3o os mais perigosos para a sua sa\u00fade.\" \/>\n<meta property=\"og:url\" content=\"https:\/\/www.em.com.br\/emfoco\/2025\/07\/20\/alimentos-que-mais-inflamam-seu-corpo-e-aumentam-a-gordura-abdominal\/\" \/>\n<meta property=\"og:site_name\" content=\"Estado de Minas - Em foco\" \/>\n<meta property=\"article:published_time\" content=\"2025-07-20T10:28:00+00:00\" \/>\n<meta property=\"article:modified_time\" content=\"2025-07-17T22:04:25+00:00\" \/>\n<meta property=\"og:image\" content=\"https:\/\/www.em.com.br\/emfoco\/wp-content\/uploads\/2025\/06\/gordura-abdominal_1749997010481.jpg\" \/>\n\t<meta property=\"og:image:width\" content=\"1280\" \/>\n\t<meta property=\"og:image:height\" content=\"720\" \/>\n\t<meta property=\"og:image:type\" content=\"image\/jpeg\" \/>\n<meta name=\"author\" content=\"Andre\u0301 Rangel\u00a0\" \/>\n<meta name=\"twitter:card\" content=\"summary_large_image\" \/>\n<meta name=\"twitter:label1\" content=\"Escrito por\" \/>\n\t<meta name=\"twitter:data1\" content=\"Andre\u0301 Rangel\u00a0\" \/>\n\t<meta name=\"twitter:label2\" content=\"Est. tempo de leitura\" \/>\n\t<meta name=\"twitter:data2\" content=\"5 minutos\" \/>\n<!-- \/ Yoast SEO plugin. -->","yoast_head_json":{"title":"Alimentos que mais inflamam seu corpo e aumentam a gordura abdominal - Estado de Minas - Em foco","description":"Alguns alimentos podem inflamar seu corpo e dificultar a perda de barriga. Saiba quais s\u00e3o os mais perigosos para a sua sa\u00fade.","robots":{"index":"index","follow":"follow","max-snippet":"max-snippet:-1","max-image-preview":"max-image-preview:large","max-video-preview":"max-video-preview:-1"},"canonical":"https:\/\/www.em.com.br\/emfoco\/2025\/07\/20\/alimentos-que-mais-inflamam-seu-corpo-e-aumentam-a-gordura-abdominal\/","og_locale":"pt_BR","og_type":"article","og_title":"Alimentos que mais inflamam seu corpo e aumentam a gordura abdominal - Estado de Minas - Em foco","og_description":"Alguns alimentos podem inflamar seu corpo e dificultar a perda de barriga. Saiba quais s\u00e3o os mais perigosos para a sua sa\u00fade.","og_url":"https:\/\/www.em.com.br\/emfoco\/2025\/07\/20\/alimentos-que-mais-inflamam-seu-corpo-e-aumentam-a-gordura-abdominal\/","og_site_name":"Estado de Minas - Em foco","article_published_time":"2025-07-20T10:28:00+00:00","article_modified_time":"2025-07-17T22:04:25+00:00","og_image":[{"width":1280,"height":720,"url":"https:\/\/www.em.com.br\/emfoco\/wp-content\/uploads\/2025\/06\/gordura-abdominal_1749997010481.jpg","type":"image\/jpeg"}],"author":"Andre\u0301 Rangel\u00a0","twitter_card":"summary_large_image","twitter_misc":{"Escrito por":"Andre\u0301 Rangel\u00a0","Est. tempo de leitura":"5 minutos"},"schema":{"@context":"https:\/\/schema.org","@graph":[{"@type":"WebPage","@id":"https:\/\/www.em.com.br\/emfoco\/2025\/07\/20\/alimentos-que-mais-inflamam-seu-corpo-e-aumentam-a-gordura-abdominal\/","url":"https:\/\/www.em.com.br\/emfoco\/2025\/07\/20\/alimentos-que-mais-inflamam-seu-corpo-e-aumentam-a-gordura-abdominal\/","name":"Alimentos que mais inflamam seu corpo e aumentam a gordura abdominal - Estado de Minas - Em foco","isPartOf":{"@id":"https:\/\/www.em.com.br\/emfoco\/#website"},"primaryImageOfPage":{"@id":"https:\/\/www.em.com.br\/emfoco\/2025\/07\/20\/alimentos-que-mais-inflamam-seu-corpo-e-aumentam-a-gordura-abdominal\/#primaryimage"},"image":{"@id":"https:\/\/www.em.com.br\/emfoco\/2025\/07\/20\/alimentos-que-mais-inflamam-seu-corpo-e-aumentam-a-gordura-abdominal\/#primaryimage"},"thumbnailUrl":"https:\/\/www.em.com.br\/emfoco\/wp-content\/uploads\/2025\/06\/gordura-abdominal_1749997010481.jpg","datePublished":"2025-07-20T10:28:00+00:00","dateModified":"2025-07-17T22:04:25+00:00","author":{"@id":"https:\/\/www.em.com.br\/emfoco\/#\/schema\/person\/60eda09c1fedf0d6891f4cef4b60b8b8"},"description":"Alguns alimentos podem inflamar seu corpo e dificultar a perda de barriga. Saiba quais s\u00e3o os mais perigosos para a sua sa\u00fade.","breadcrumb":{"@id":"https:\/\/www.em.com.br\/emfoco\/2025\/07\/20\/alimentos-que-mais-inflamam-seu-corpo-e-aumentam-a-gordura-abdominal\/#breadcrumb"},"inLanguage":"pt-BR","potentialAction":[{"@type":"ReadAction","target":["https:\/\/www.em.com.br\/emfoco\/2025\/07\/20\/alimentos-que-mais-inflamam-seu-corpo-e-aumentam-a-gordura-abdominal\/"]}]},{"@type":"ImageObject","inLanguage":"pt-BR","@id":"https:\/\/www.em.com.br\/emfoco\/2025\/07\/20\/alimentos-que-mais-inflamam-seu-corpo-e-aumentam-a-gordura-abdominal\/#primaryimage","url":"https:\/\/www.em.com.br\/emfoco\/wp-content\/uploads\/2025\/06\/gordura-abdominal_1749997010481.jpg","contentUrl":"https:\/\/www.em.com.br\/emfoco\/wp-content\/uploads\/2025\/06\/gordura-abdominal_1749997010481.jpg","width":1280,"height":720,"caption":"O h\u00e1bito di\u00e1rio que deixa a barriga mais leve e o corpo mais confiante - Cr\u00e9ditos: depositphotos.com \/ nito103"},{"@type":"BreadcrumbList","@id":"https:\/\/www.em.com.br\/emfoco\/2025\/07\/20\/alimentos-que-mais-inflamam-seu-corpo-e-aumentam-a-gordura-abdominal\/#breadcrumb","itemListElement":[{"@type":"ListItem","position":1,"name":"In\u00edcio","item":"https:\/\/www.em.com.br\/emfoco\/"},{"@type":"ListItem","position":2,"name":"Alimentos que mais inflamam seu corpo e aumentam a gordura abdominal"}]},{"@type":"WebSite","@id":"https:\/\/www.em.com.br\/emfoco\/#website","url":"https:\/\/www.em.com.br\/emfoco\/","name":"Estado de Minas - Em foco","description":"Acompanhe as \u00faltimas not\u00edcias e fique bem informado sobre tudo o que acontece em Minas Gerais, Brasil e no mundo.","potentialAction":[{"@type":"SearchAction","target":{"@type":"EntryPoint","urlTemplate":"https:\/\/www.em.com.br\/emfoco\/?s={search_term_string}"},"query-input":{"@type":"PropertyValueSpecification","valueRequired":true,"valueName":"search_term_string"}}],"inLanguage":"pt-BR"},{"@type":"Person","@id":"https:\/\/www.em.com.br\/emfoco\/#\/schema\/person\/60eda09c1fedf0d6891f4cef4b60b8b8","name":"Andre\u0301 Rangel\u00a0","image":{"@type":"ImageObject","inLanguage":"pt-BR","@id":"https:\/\/www.em.com.br\/emfoco\/#\/schema\/person\/image\/","url":"https:\/\/secure.gravatar.com\/avatar\/6234dc814c77c8ef6d8bba622c787efc?s=96&d=mm&r=g","contentUrl":"https:\/\/secure.gravatar.com\/avatar\/6234dc814c77c8ef6d8bba622c787efc?s=96&d=mm&r=g","caption":"Andre\u0301 Rangel\u00a0"},"url":"https:\/\/www.em.com.br\/emfoco\/author\/luizmyth\/"}]}},"_links":{"self":[{"href":"https:\/\/www.em.com.br\/emfoco\/wp-json\/wp\/v2\/posts\/77613","targetHints":{"allow":["GET"]}}],"collection":[{"href":"https:\/\/www.em.com.br\/emfoco\/wp-json\/wp\/v2\/posts"}],"about":[{"href":"https:\/\/www.em.com.br\/emfoco\/wp-json\/wp\/v2\/types\/post"}],"author":[{"embeddable":true,"href":"https:\/\/www.em.com.br\/emfoco\/wp-json\/wp\/v2\/users\/11"}],"replies":[{"embeddable":true,"href":"https:\/\/www.em.com.br\/emfoco\/wp-json\/wp\/v2\/comments?post=77613"}],"version-history":[{"count":4,"href":"https:\/\/www.em.com.br\/emfoco\/wp-json\/wp\/v2\/posts\/77613\/revisions"}],"predecessor-version":[{"id":77809,"href":"https:\/\/www.em.com.br\/emfoco\/wp-json\/wp\/v2\/posts\/77613\/revisions\/77809"}],"wp:featuredmedia":[{"embeddable":true,"href":"https:\/\/www.em.com.br\/emfoco\/wp-json\/wp\/v2\/media\/61140"}],"wp:attachment":[{"href":"https:\/\/www.em.com.br\/emfoco\/wp-json\/wp\/v2\/media?parent=77613"}],"wp:term":[{"taxonomy":"category","embeddable":true,"href":"https:\/\/www.em.com.br\/emfoco\/wp-json\/wp\/v2\/categories?post=77613"},{"taxonomy":"post_tag","embeddable":true,"href":"https:\/\/www.em.com.br\/emfoco\/wp-json\/wp\/v2\/tags?post=77613"}],"curies":[{"name":"wp","href":"https:\/\/api.w.org\/{rel}","templated":true}]}}