{"id":7761,"date":"2024-12-31T20:00:00","date_gmt":"2024-12-31T23:00:00","guid":{"rendered":"https:\/\/www.em.com.br\/emfoco\/?p=7761"},"modified":"2024-12-30T22:47:41","modified_gmt":"2024-12-31T01:47:41","slug":"cansado-de-depender-de-taxis-e-aplicativos","status":"publish","type":"post","link":"https:\/\/www.em.com.br\/emfoco\/2024\/12\/31\/cansado-de-depender-de-taxis-e-aplicativos\/","title":{"rendered":"Cansado de depender de t\u00e1xis e aplicativos?"},"content":{"rendered":"\n<p>O <strong>aluguel de carros<\/strong> tem se consolidado como uma op\u00e7\u00e3o cada vez mais popular entre os <a href=\"https:\/\/www.em.com.br\/emfoco\/2024\/12\/08\/saiba-quais-sao-as-cidades-de-minas-gerais-mais-procuradas-por-turistas\/\" target=\"_blank\" rel=\"noreferrer noopener\">turistas<\/a>, especialmente nas \u00e9pocas festivas de final de ano. Recentemente, fatores como seguran\u00e7a, conforto e praticidade t\u00eam sido determinantes para a escolha desse servi\u00e7o. Muitas locadoras de ve\u00edculos passaram a integrar seguros no custo das loca\u00e7\u00f5es, al\u00e9m de facilitar o processo de reserva, tornando-o priorit\u00e1rio para muitos viajantes.<\/p>\n\n\n\n<p>Ap\u00f3s o impacto da pandemia, o turismo nacional viu um aumento significativo, com mais brasileiros explorando destinos dentro do pr\u00f3prio pa\u00eds. Esse crescimento impulsionou a demanda pelo aluguel de carros, uma alternativa pr\u00e1tica para turistas que chegam de avi\u00e3o e necessitam de um ve\u00edculo para percorrer pequenas dist\u00e2ncias ou visitar pontos tur\u00edsticos locais.<\/p>\n\n\n\n<h2 class=\"wp-block-heading\">Quais Tecnologias T\u00eam Impulsionado o Aluguel de Carros?<\/h2>\n\n\n\n<p>Empresas locadoras t\u00eam investido fortemente em tecnologia para tornar o processo de aluguel mais \u00e1gil e eficiente. Algumas inova\u00e7\u00f5es incluem a retirada digital de ve\u00edculos e op\u00e7\u00f5es customizadas, que permitem atender melhor \u00e0s necessidades individuais dos clientes. Tais avan\u00e7os n\u00e3o s\u00f3 melhoraram a experi\u00eancia do usu\u00e1rio, mas tamb\u00e9m ampliaram a acessibilidade do servi\u00e7o, atraindo um p\u00fablico mais jovem.<\/p>\n\n\n\n<p>De acordo com pesquisas, jovens entre 25 e 34 anos lideram a procura por aluguel de ve\u00edculos. Cerca de 95% dessa faixa et\u00e1ria demonstrou interesse em utilizar o servi\u00e7o. Essa tend\u00eancia pode ser atribu\u00edda \u00e0 busca por flexibilidade e economia, caracter\u00edsticas que esse grupo valoriza.<\/p>\n\n\n<div class=\"wp-block-image\">\n<figure class=\"aligncenter size-large\"><img loading=\"lazy\" decoding=\"async\" width=\"1024\" height=\"576\" src=\"https:\/\/www.em.com.br\/emfoco\/wp-content\/uploads\/2024\/12\/Carros_1733877561153-1024x576.jpg\" alt=\"\" class=\"wp-image-4309\" srcset=\"https:\/\/www.em.com.br\/emfoco\/wp-content\/uploads\/2024\/12\/Carros_1733877561153-1024x576.jpg 1024w, https:\/\/www.em.com.br\/emfoco\/wp-content\/uploads\/2024\/12\/Carros_1733877561153-300x169.jpg 300w, https:\/\/www.em.com.br\/emfoco\/wp-content\/uploads\/2024\/12\/Carros_1733877561153-768x432.jpg 768w, https:\/\/www.em.com.br\/emfoco\/wp-content\/uploads\/2024\/12\/Carros_1733877561153-750x422.jpg 750w, https:\/\/www.em.com.br\/emfoco\/wp-content\/uploads\/2024\/12\/Carros_1733877561153-1140x641.jpg 1140w, https:\/\/www.em.com.br\/emfoco\/wp-content\/uploads\/2024\/12\/Carros_1733877561153.jpg 1280w\" sizes=\"auto, (max-width: 1024px) 100vw, 1024px\" \/><figcaption class=\"wp-element-caption\">Carros &#8211; Cr\u00e9ditos: depositphotos.com \/ welcomia<\/figcaption><\/figure><\/div>\n\n\n<h2 class=\"wp-block-heading\">Planejamento: O Segredo para Economizar no Aluguel de Carros?<\/h2>\n\n\n\n<p>Planejamento \u00e9 a chave para quem deseja alugar um carro sem gastar muito. Tomando como exemplo o casal Adonias e Aline Dias, de Bauru (<a href=\"https:\/\/capital.sp.gov.br\/\" target=\"_blank\" rel=\"noreferrer noopener\">SP<\/a>), o planejamento antecipado de suas viagens resultou em uma economia significativa. Eles conseguiram alugar um carro por seis dias por R$1.250, incluindo seguro, ao optarem por fazer a reserva com anteced\u00eancia.<\/p>\n\n\n\n<p>Al\u00e9m da economia, o casal observou outras vantagens, como evitar os custos de manuten\u00e7\u00e3o de um carro pr\u00f3prio e dispor de um ve\u00edculo revisado com seguro inclu\u00eddo. Todavia, alugar um carro de \u00faltima hora pode encarecer o valor do servi\u00e7o, especialmente em per\u00edodos de alta demanda como as festas de fim de ano, quando as tarifas di\u00e1rias podem quase dobrar.<\/p>\n\n\n\n<h2 class=\"wp-block-heading\">Por que o Aluguel de Carros Ganha Destaque nas F\u00e9rias?<\/h2>\n\n\n\n<p>O aluguel de carros destaca-se nas f\u00e9rias por oferecer uma s\u00e9rie de vantagens que incluem flexibilidade de deslocamento e a seguran\u00e7a de utilizar ve\u00edculos constantemente revisados. Este servi\u00e7o permite aos turistas explorar destinos em seu pr\u00f3prio ritmo sem a preocupa\u00e7\u00e3o de desgastar ou danificar um carro pr\u00f3prio.<\/p>\n\n\n\n<ul class=\"wp-block-list\">\n<li><strong>Flexibilidade:<\/strong> Permite o planejamento de itiner\u00e1rios personalizados sem restri\u00e7\u00f5es de hor\u00e1rios.<\/li>\n\n\n\n<li><strong>Custos:<\/strong> Ajuda a economizar em manuten\u00e7\u00e3o e evitar o risco de danos a um ve\u00edculo particular.<\/li>\n\n\n\n<li><strong>Seguran\u00e7a:<\/strong> Facilita o acesso a ve\u00edculos seguros e revisados, essencial para longas viagens.<\/li>\n<\/ul>\n\n\n\n<p>Portanto, \u00e9 ineg\u00e1vel que o aluguel de carros se tornou um recurso valioso para aqueles que buscam aproveitar as f\u00e9rias de maneira confort\u00e1vel e descomplicada. Investir em anteced\u00eancia na reserva do ve\u00edculo n\u00e3o s\u00f3 assegura melhores pre\u00e7os, como tamb\u00e9m proporciona uma viagem mais tranquila e segura.<\/p>\n","protected":false},"excerpt":{"rendered":"<p>O aluguel de carros tem se consolidado como uma op\u00e7\u00e3o cada vez mais popular entre os turistas, especialmente nas \u00e9pocas festivas de final de ano. Recentemente, fatores como seguran\u00e7a, conforto e praticidade t\u00eam sido determinantes para a escolha desse servi\u00e7o. Muitas locadoras de ve\u00edculos passaram a integrar seguros no custo das loca\u00e7\u00f5es, al\u00e9m de facilitar [&hellip;]<\/p>\n","protected":false},"author":7,"featured_media":3083,"comment_status":"open","ping_status":"open","sticky":false,"template":"","format":"standard","meta":{"jnews-multi-image_gallery":[],"jnews_single_post":{"format":"standard"},"jnews_primary_category":[],"jnews_social_meta":[],"jnews_override_counter":[],"footnotes":""},"categories":[27],"tags":[2709,1344,1056,161,157],"class_list":["post-7761","post","type-post","status-publish","format-standard","has-post-thumbnail","hentry","category-carros","tag-aluguel-de-carros","tag-ferias","tag-jovens","tag-tecnologia","tag-turismo"],"yoast_head":"<!-- This site is optimized with the Yoast SEO plugin v23.8 - https:\/\/yoast.com\/wordpress\/plugins\/seo\/ -->\n<title>Cansado de depender de t\u00e1xis e aplicativos? - Estado de Minas - Em foco<\/title>\n<meta name=\"description\" content=\"Confira a nova forma dos turistas se locomoverem. Confira!\" \/>\n<meta name=\"robots\" content=\"index, follow, max-snippet:-1, max-image-preview:large, max-video-preview:-1\" \/>\n<link rel=\"canonical\" href=\"https:\/\/www.em.com.br\/emfoco\/2024\/12\/31\/cansado-de-depender-de-taxis-e-aplicativos\/\" \/>\n<meta property=\"og:locale\" content=\"pt_BR\" \/>\n<meta property=\"og:type\" content=\"article\" \/>\n<meta property=\"og:title\" content=\"Cansado de depender de t\u00e1xis e aplicativos? - Estado de Minas - Em foco\" \/>\n<meta property=\"og:description\" content=\"Confira a nova forma dos turistas se locomoverem. Confira!\" \/>\n<meta property=\"og:url\" content=\"https:\/\/www.em.com.br\/emfoco\/2024\/12\/31\/cansado-de-depender-de-taxis-e-aplicativos\/\" \/>\n<meta property=\"og:site_name\" content=\"Estado de Minas - Em foco\" \/>\n<meta property=\"article:published_time\" content=\"2024-12-31T23:00:00+00:00\" \/>\n<meta property=\"article:modified_time\" content=\"2024-12-31T01:47:41+00:00\" \/>\n<meta property=\"og:image\" content=\"https:\/\/www.em.com.br\/emfoco\/wp-content\/uploads\/2024\/12\/Carros_1733291579406.jpg\" \/>\n\t<meta property=\"og:image:width\" content=\"1280\" \/>\n\t<meta property=\"og:image:height\" content=\"720\" \/>\n\t<meta property=\"og:image:type\" content=\"image\/jpeg\" \/>\n<meta name=\"author\" content=\"Kelvin\" \/>\n<meta name=\"twitter:card\" content=\"summary_large_image\" \/>\n<meta name=\"twitter:label1\" content=\"Escrito por\" \/>\n\t<meta name=\"twitter:data1\" content=\"Kelvin\" \/>\n\t<meta name=\"twitter:label2\" content=\"Est. tempo de leitura\" \/>\n\t<meta name=\"twitter:data2\" content=\"4 minutos\" \/>\n<!-- \/ Yoast SEO plugin. -->","yoast_head_json":{"title":"Cansado de depender de t\u00e1xis e aplicativos? - Estado de Minas - Em foco","description":"Confira a nova forma dos turistas se locomoverem. Confira!","robots":{"index":"index","follow":"follow","max-snippet":"max-snippet:-1","max-image-preview":"max-image-preview:large","max-video-preview":"max-video-preview:-1"},"canonical":"https:\/\/www.em.com.br\/emfoco\/2024\/12\/31\/cansado-de-depender-de-taxis-e-aplicativos\/","og_locale":"pt_BR","og_type":"article","og_title":"Cansado de depender de t\u00e1xis e aplicativos? - Estado de Minas - Em foco","og_description":"Confira a nova forma dos turistas se locomoverem. Confira!","og_url":"https:\/\/www.em.com.br\/emfoco\/2024\/12\/31\/cansado-de-depender-de-taxis-e-aplicativos\/","og_site_name":"Estado de Minas - Em foco","article_published_time":"2024-12-31T23:00:00+00:00","article_modified_time":"2024-12-31T01:47:41+00:00","og_image":[{"width":1280,"height":720,"url":"https:\/\/www.em.com.br\/emfoco\/wp-content\/uploads\/2024\/12\/Carros_1733291579406.jpg","type":"image\/jpeg"}],"author":"Kelvin","twitter_card":"summary_large_image","twitter_misc":{"Escrito por":"Kelvin","Est. tempo de leitura":"4 minutos"},"schema":{"@context":"https:\/\/schema.org","@graph":[{"@type":"WebPage","@id":"https:\/\/www.em.com.br\/emfoco\/2024\/12\/31\/cansado-de-depender-de-taxis-e-aplicativos\/","url":"https:\/\/www.em.com.br\/emfoco\/2024\/12\/31\/cansado-de-depender-de-taxis-e-aplicativos\/","name":"Cansado de depender de t\u00e1xis e aplicativos? - Estado de Minas - Em foco","isPartOf":{"@id":"https:\/\/www.em.com.br\/emfoco\/#website"},"primaryImageOfPage":{"@id":"https:\/\/www.em.com.br\/emfoco\/2024\/12\/31\/cansado-de-depender-de-taxis-e-aplicativos\/#primaryimage"},"image":{"@id":"https:\/\/www.em.com.br\/emfoco\/2024\/12\/31\/cansado-de-depender-de-taxis-e-aplicativos\/#primaryimage"},"thumbnailUrl":"https:\/\/www.em.com.br\/emfoco\/wp-content\/uploads\/2024\/12\/Carros_1733291579406.jpg","datePublished":"2024-12-31T23:00:00+00:00","dateModified":"2024-12-31T01:47:41+00:00","author":{"@id":"https:\/\/www.em.com.br\/emfoco\/#\/schema\/person\/fb0a7f48c6fbb94b83f413a80f61917d"},"description":"Confira a nova forma dos turistas se locomoverem. Confira!","breadcrumb":{"@id":"https:\/\/www.em.com.br\/emfoco\/2024\/12\/31\/cansado-de-depender-de-taxis-e-aplicativos\/#breadcrumb"},"inLanguage":"pt-BR","potentialAction":[{"@type":"ReadAction","target":["https:\/\/www.em.com.br\/emfoco\/2024\/12\/31\/cansado-de-depender-de-taxis-e-aplicativos\/"]}]},{"@type":"ImageObject","inLanguage":"pt-BR","@id":"https:\/\/www.em.com.br\/emfoco\/2024\/12\/31\/cansado-de-depender-de-taxis-e-aplicativos\/#primaryimage","url":"https:\/\/www.em.com.br\/emfoco\/wp-content\/uploads\/2024\/12\/Carros_1733291579406.jpg","contentUrl":"https:\/\/www.em.com.br\/emfoco\/wp-content\/uploads\/2024\/12\/Carros_1733291579406.jpg","width":1280,"height":720,"caption":"Carros - Cr\u00e9ditos: depositphotos.com \/ IgorVetushko"},{"@type":"BreadcrumbList","@id":"https:\/\/www.em.com.br\/emfoco\/2024\/12\/31\/cansado-de-depender-de-taxis-e-aplicativos\/#breadcrumb","itemListElement":[{"@type":"ListItem","position":1,"name":"In\u00edcio","item":"https:\/\/www.em.com.br\/emfoco\/"},{"@type":"ListItem","position":2,"name":"Cansado de depender de t\u00e1xis e aplicativos?"}]},{"@type":"WebSite","@id":"https:\/\/www.em.com.br\/emfoco\/#website","url":"https:\/\/www.em.com.br\/emfoco\/","name":"Estado de Minas - Em foco","description":"Acompanhe as \u00faltimas not\u00edcias e fique bem informado sobre tudo o que acontece em Minas Gerais, Brasil e no mundo.","potentialAction":[{"@type":"SearchAction","target":{"@type":"EntryPoint","urlTemplate":"https:\/\/www.em.com.br\/emfoco\/?s={search_term_string}"},"query-input":{"@type":"PropertyValueSpecification","valueRequired":true,"valueName":"search_term_string"}}],"inLanguage":"pt-BR"},{"@type":"Person","@id":"https:\/\/www.em.com.br\/emfoco\/#\/schema\/person\/fb0a7f48c6fbb94b83f413a80f61917d","name":"Kelvin","image":{"@type":"ImageObject","inLanguage":"pt-BR","@id":"https:\/\/www.em.com.br\/emfoco\/#\/schema\/person\/image\/","url":"https:\/\/secure.gravatar.com\/avatar\/e74f84337e6bf6c4c5e88fbdffa05270?s=96&d=mm&r=g","contentUrl":"https:\/\/secure.gravatar.com\/avatar\/e74f84337e6bf6c4c5e88fbdffa05270?s=96&d=mm&r=g","caption":"Kelvin"},"sameAs":["https:\/\/www.em.com.br\/emfoco"],"url":"https:\/\/www.em.com.br\/emfoco\/author\/kelvinmyth\/"}]}},"_links":{"self":[{"href":"https:\/\/www.em.com.br\/emfoco\/wp-json\/wp\/v2\/posts\/7761","targetHints":{"allow":["GET"]}}],"collection":[{"href":"https:\/\/www.em.com.br\/emfoco\/wp-json\/wp\/v2\/posts"}],"about":[{"href":"https:\/\/www.em.com.br\/emfoco\/wp-json\/wp\/v2\/types\/post"}],"author":[{"embeddable":true,"href":"https:\/\/www.em.com.br\/emfoco\/wp-json\/wp\/v2\/users\/7"}],"replies":[{"embeddable":true,"href":"https:\/\/www.em.com.br\/emfoco\/wp-json\/wp\/v2\/comments?post=7761"}],"version-history":[{"count":2,"href":"https:\/\/www.em.com.br\/emfoco\/wp-json\/wp\/v2\/posts\/7761\/revisions"}],"predecessor-version":[{"id":7764,"href":"https:\/\/www.em.com.br\/emfoco\/wp-json\/wp\/v2\/posts\/7761\/revisions\/7764"}],"wp:featuredmedia":[{"embeddable":true,"href":"https:\/\/www.em.com.br\/emfoco\/wp-json\/wp\/v2\/media\/3083"}],"wp:attachment":[{"href":"https:\/\/www.em.com.br\/emfoco\/wp-json\/wp\/v2\/media?parent=7761"}],"wp:term":[{"taxonomy":"category","embeddable":true,"href":"https:\/\/www.em.com.br\/emfoco\/wp-json\/wp\/v2\/categories?post=7761"},{"taxonomy":"post_tag","embeddable":true,"href":"https:\/\/www.em.com.br\/emfoco\/wp-json\/wp\/v2\/tags?post=7761"}],"curies":[{"name":"wp","href":"https:\/\/api.w.org\/{rel}","templated":true}]}}