{"id":77439,"date":"2025-07-17T18:40:00","date_gmt":"2025-07-17T21:40:00","guid":{"rendered":"https:\/\/www.em.com.br\/emfoco\/?p=77439"},"modified":"2025-07-17T11:09:04","modified_gmt":"2025-07-17T14:09:04","slug":"comunicado-geral-para-todos-que-tem-esse-celular-em-2025","status":"publish","type":"post","link":"https:\/\/www.em.com.br\/emfoco\/2025\/07\/17\/comunicado-geral-para-todos-que-tem-esse-celular-em-2025\/","title":{"rendered":"Comunicado geral para todos que t\u00eam esse celular em 2025"},"content":{"rendered":"\n<p>O <strong>Moto Secure<\/strong> \u00e9 o sistema nativo de seguran\u00e7a da Motorola para dispositivos com Android 13 ou superior. Em 2025, ele foi refor\u00e7ado com a tecnologia ThinkShield for Mobile, oferecendo prote\u00e7\u00e3o robusta contra amea\u00e7as como golpes virtuais, phishing e invas\u00f5es de privacidade.<\/p>\n\n\n\n<p>A proposta \u00e9 clara: transformar o smartphone em uma fortaleza digital, combinando usabilidade com camadas avan\u00e7adas de seguran\u00e7a que atuam em tempo real.<\/p>\n\n\n\n<h2 class=\"wp-block-heading\">Quais s\u00e3o as novas funcionalidades do Moto Secure em 2025?<\/h2>\n\n\n\n<p>As atualiza\u00e7\u00f5es de 2025 trouxeram recursos ainda mais potentes. Entre os destaques:<\/p>\n\n\n\n<ul class=\"wp-block-list\">\n<li><strong>Pasta segura aprimorada<\/strong>: criptografia refor\u00e7ada e op\u00e7\u00e3o de camuflagem com nome e \u00edcone alternativos<\/li>\n\n\n\n<li><strong>Gerenciamento de permiss\u00f5es<\/strong>: visualiza\u00e7\u00e3o em tempo real de acessos a c\u00e2mera, microfone e localiza\u00e7\u00e3o<\/li>\n<\/ul>\n\n\n\n<p>Essas ferramentas aumentam a prote\u00e7\u00e3o contra espionagem e acessos n\u00e3o autorizados de forma simples e intuitiva.<\/p>\n\n\n\n<h2 class=\"wp-block-heading\">Quais modelos de celular s\u00e3o compat\u00edveis com o Moto Secure?<\/h2>\n\n\n\n<p>O Moto Secure est\u00e1 dispon\u00edvel para diversos modelos com Android 13 ou superior, incluindo:<\/p>\n\n\n\n<ul class=\"wp-block-list\">\n<li>Moto G23, Moto E13, Moto G53, Moto G73<\/li>\n\n\n\n<li>Linha Moto Edge (modelos recentes)<\/li>\n<\/ul>\n\n\n\n<p>A <strong>Motorola mant\u00e9m o sistema em constante evolu\u00e7\u00e3o<\/strong>, com suporte tamb\u00e9m para Android 14 e 15, garantindo prote\u00e7\u00e3o mesmo em longo prazo.<\/p>\n\n\n\n<figure class=\"wp-block-image\"><img decoding=\"async\" src=\"https:\/\/www.em.com.br\/emfoco\/wp-content\/uploads\/2025\/05\/motorola_1747486038642-1024x576.jpg\" alt=\"\"\/><figcaption class=\"wp-element-caption\">Motorola &#8211; Cr\u00e9ditos: depositphotos.com \/ rafapress<\/figcaption><\/figure>\n\n\n\n<h2 class=\"wp-block-heading\">Como o Moto Secure protege o usu\u00e1rio em redes p\u00fablicas?<\/h2>\n\n\n\n<p>Uma das fun\u00e7\u00f5es mais \u00fateis do Moto Secure \u00e9 a <strong>prote\u00e7\u00e3o de rede autom\u00e1tica<\/strong>. Ela detecta e bloqueia conex\u00f5es Wi-Fi inseguras \u2014 especialmente importantes em locais como caf\u00e9s, shoppings e aeroportos.<\/p>\n\n\n\n<p>Isso reduz drasticamente os riscos de intercepta\u00e7\u00e3o de dados, ataques silenciosos e invas\u00f5es durante o uso em redes abertas.<\/p>\n\n\n\n<h2 class=\"wp-block-heading\">Como funciona a detec\u00e7\u00e3o de phishing por intelig\u00eancia artificial?<\/h2>\n\n\n\n<p>O Moto Secure usa IA para <strong>analisar links suspeitos em tempo real<\/strong>. Quando identifica uma poss\u00edvel amea\u00e7a, alerta o usu\u00e1rio antes que o clique ocorra, impedindo que golpes virtuais sejam efetivados.<\/p>\n\n\n\n<p>Esse recurso \u00e9 essencial, j\u00e1 que o phishing \u00e9 um dos ataques mais comuns hoje, muitas vezes disfar\u00e7ado em e-mails, SMS ou apps de mensagens.<\/p>\n\n\n\n<h2 class=\"wp-block-heading\">Por que o Moto Secure \u00e9 essencial para a seguran\u00e7a digital em 2025?<\/h2>\n\n\n\n<p>Com o aumento da depend\u00eancia dos smartphones para tarefas financeiras, sociais e profissionais, <strong>a seguran\u00e7a digital deixou de ser opcional<\/strong>. O Moto Secure oferece um conjunto completo de ferramentas para proteger informa\u00e7\u00f5es pessoais e banc\u00e1rias.<\/p>\n\n\n\n<p>Mesmo usu\u00e1rios com pouca familiaridade tecnol\u00f3gica conseguem configurar o sistema com facilidade, o que refor\u00e7a a prote\u00e7\u00e3o do dispositivo sem complica\u00e7\u00f5es.<\/p>\n\n\n\n<h2 class=\"wp-block-heading\">Resumo: quais amea\u00e7as o Moto Secure ajuda a combater?<\/h2>\n\n\n\n<p>Com um ecossistema de prote\u00e7\u00e3o integrado, o Moto Secure combate amea\u00e7as como:<\/p>\n\n\n\n<ol class=\"wp-block-list\">\n<li>Espionagem digital e vazamento de dados<\/li>\n\n\n\n<li>Acessos n\u00e3o autorizados a arquivos e aplicativos<\/li>\n\n\n\n<li>Phishing, malware e links maliciosos<\/li>\n\n\n\n<li>Riscos ao se conectar a redes Wi-Fi p\u00fablicas<\/li>\n<\/ol>\n\n\n\n<p><strong>Curiosidade:<\/strong> a Motorola tamb\u00e9m permite disfar\u00e7ar pastas seguras com \u00edcones de outros apps \u2014 como \u201cNotas\u201d ou \u201cCalculadora\u201d \u2014 dificultando a identifica\u00e7\u00e3o por terceiros.<\/p>\n","protected":false},"excerpt":{"rendered":"<p>O Moto Secure \u00e9 o sistema nativo de seguran\u00e7a da Motorola para dispositivos com Android 13 ou superior. Em 2025, ele foi refor\u00e7ado com a tecnologia ThinkShield for Mobile, oferecendo prote\u00e7\u00e3o robusta contra amea\u00e7as como golpes virtuais, phishing e invas\u00f5es de privacidade. A proposta \u00e9 clara: transformar o smartphone em uma fortaleza digital, combinando usabilidade [&hellip;]<\/p>\n","protected":false},"author":11,"featured_media":50151,"comment_status":"open","ping_status":"open","sticky":false,"template":"","format":"standard","meta":{"jnews-multi-image_gallery":[],"jnews_single_post":{"format":"standard"},"jnews_primary_category":[],"jnews_social_meta":[],"jnews_override_counter":[],"footnotes":""},"categories":[29,1],"tags":[2951,2580,3382,2949,182],"class_list":["post-77439","post","type-post","status-publish","format-standard","has-post-thumbnail","hentry","category-entretenimento","category-noticias","tag-android","tag-celular","tag-moto-secure","tag-motorola","tag-seguranca"],"yoast_head":"<!-- This site is optimized with the Yoast SEO plugin v23.8 - https:\/\/yoast.com\/wordpress\/plugins\/seo\/ -->\n<title>Comunicado geral para todos que t\u00eam esse celular em 2025 - Estado de Minas - Em foco<\/title>\n<meta name=\"description\" content=\"Com o avan\u00e7o das amea\u00e7as digitais, a seguran\u00e7a dos smartphones se tornou uma preocupa\u00e7\u00e3o central para empresas e usu\u00e1rios.\" \/>\n<meta name=\"robots\" content=\"index, follow, max-snippet:-1, max-image-preview:large, max-video-preview:-1\" \/>\n<link rel=\"canonical\" href=\"https:\/\/www.em.com.br\/emfoco\/2025\/07\/17\/comunicado-geral-para-todos-que-tem-esse-celular-em-2025\/\" \/>\n<meta property=\"og:locale\" content=\"pt_BR\" \/>\n<meta property=\"og:type\" content=\"article\" \/>\n<meta property=\"og:title\" content=\"Comunicado geral para todos que t\u00eam esse celular em 2025 - Estado de Minas - Em foco\" \/>\n<meta property=\"og:description\" content=\"Com o avan\u00e7o das amea\u00e7as digitais, a seguran\u00e7a dos smartphones se tornou uma preocupa\u00e7\u00e3o central para empresas e usu\u00e1rios.\" \/>\n<meta property=\"og:url\" content=\"https:\/\/www.em.com.br\/emfoco\/2025\/07\/17\/comunicado-geral-para-todos-que-tem-esse-celular-em-2025\/\" \/>\n<meta property=\"og:site_name\" content=\"Estado de Minas - Em foco\" \/>\n<meta property=\"article:published_time\" content=\"2025-07-17T21:40:00+00:00\" \/>\n<meta property=\"article:modified_time\" content=\"2025-07-17T14:09:04+00:00\" \/>\n<meta property=\"og:image\" content=\"https:\/\/www.em.com.br\/emfoco\/wp-content\/uploads\/2025\/05\/Detox-digital_1747927735587.jpg\" \/>\n\t<meta property=\"og:image:width\" content=\"1280\" \/>\n\t<meta property=\"og:image:height\" content=\"720\" \/>\n\t<meta property=\"og:image:type\" content=\"image\/jpeg\" \/>\n<meta name=\"author\" content=\"Andre\u0301 Rangel\u00a0\" \/>\n<meta name=\"twitter:card\" content=\"summary_large_image\" \/>\n<meta name=\"twitter:label1\" content=\"Escrito por\" \/>\n\t<meta name=\"twitter:data1\" content=\"Andre\u0301 Rangel\u00a0\" \/>\n\t<meta name=\"twitter:label2\" content=\"Est. tempo de leitura\" \/>\n\t<meta name=\"twitter:data2\" content=\"3 minutos\" \/>\n<!-- \/ Yoast SEO plugin. -->","yoast_head_json":{"title":"Comunicado geral para todos que t\u00eam esse celular em 2025 - Estado de Minas - Em foco","description":"Com o avan\u00e7o das amea\u00e7as digitais, a seguran\u00e7a dos smartphones se tornou uma preocupa\u00e7\u00e3o central para empresas e usu\u00e1rios.","robots":{"index":"index","follow":"follow","max-snippet":"max-snippet:-1","max-image-preview":"max-image-preview:large","max-video-preview":"max-video-preview:-1"},"canonical":"https:\/\/www.em.com.br\/emfoco\/2025\/07\/17\/comunicado-geral-para-todos-que-tem-esse-celular-em-2025\/","og_locale":"pt_BR","og_type":"article","og_title":"Comunicado geral para todos que t\u00eam esse celular em 2025 - Estado de Minas - Em foco","og_description":"Com o avan\u00e7o das amea\u00e7as digitais, a seguran\u00e7a dos smartphones se tornou uma preocupa\u00e7\u00e3o central para empresas e usu\u00e1rios.","og_url":"https:\/\/www.em.com.br\/emfoco\/2025\/07\/17\/comunicado-geral-para-todos-que-tem-esse-celular-em-2025\/","og_site_name":"Estado de Minas - Em foco","article_published_time":"2025-07-17T21:40:00+00:00","article_modified_time":"2025-07-17T14:09:04+00:00","og_image":[{"width":1280,"height":720,"url":"https:\/\/www.em.com.br\/emfoco\/wp-content\/uploads\/2025\/05\/Detox-digital_1747927735587.jpg","type":"image\/jpeg"}],"author":"Andre\u0301 Rangel\u00a0","twitter_card":"summary_large_image","twitter_misc":{"Escrito por":"Andre\u0301 Rangel\u00a0","Est. tempo de leitura":"3 minutos"},"schema":{"@context":"https:\/\/schema.org","@graph":[{"@type":"WebPage","@id":"https:\/\/www.em.com.br\/emfoco\/2025\/07\/17\/comunicado-geral-para-todos-que-tem-esse-celular-em-2025\/","url":"https:\/\/www.em.com.br\/emfoco\/2025\/07\/17\/comunicado-geral-para-todos-que-tem-esse-celular-em-2025\/","name":"Comunicado geral para todos que t\u00eam esse celular em 2025 - Estado de Minas - Em foco","isPartOf":{"@id":"https:\/\/www.em.com.br\/emfoco\/#website"},"primaryImageOfPage":{"@id":"https:\/\/www.em.com.br\/emfoco\/2025\/07\/17\/comunicado-geral-para-todos-que-tem-esse-celular-em-2025\/#primaryimage"},"image":{"@id":"https:\/\/www.em.com.br\/emfoco\/2025\/07\/17\/comunicado-geral-para-todos-que-tem-esse-celular-em-2025\/#primaryimage"},"thumbnailUrl":"https:\/\/www.em.com.br\/emfoco\/wp-content\/uploads\/2025\/05\/Detox-digital_1747927735587.jpg","datePublished":"2025-07-17T21:40:00+00:00","dateModified":"2025-07-17T14:09:04+00:00","author":{"@id":"https:\/\/www.em.com.br\/emfoco\/#\/schema\/person\/60eda09c1fedf0d6891f4cef4b60b8b8"},"description":"Com o avan\u00e7o das amea\u00e7as digitais, a seguran\u00e7a dos smartphones se tornou uma preocupa\u00e7\u00e3o central para empresas e usu\u00e1rios.","breadcrumb":{"@id":"https:\/\/www.em.com.br\/emfoco\/2025\/07\/17\/comunicado-geral-para-todos-que-tem-esse-celular-em-2025\/#breadcrumb"},"inLanguage":"pt-BR","potentialAction":[{"@type":"ReadAction","target":["https:\/\/www.em.com.br\/emfoco\/2025\/07\/17\/comunicado-geral-para-todos-que-tem-esse-celular-em-2025\/"]}]},{"@type":"ImageObject","inLanguage":"pt-BR","@id":"https:\/\/www.em.com.br\/emfoco\/2025\/07\/17\/comunicado-geral-para-todos-que-tem-esse-celular-em-2025\/#primaryimage","url":"https:\/\/www.em.com.br\/emfoco\/wp-content\/uploads\/2025\/05\/Detox-digital_1747927735587.jpg","contentUrl":"https:\/\/www.em.com.br\/emfoco\/wp-content\/uploads\/2025\/05\/Detox-digital_1747927735587.jpg","width":1280,"height":720,"caption":"Motorola est\u00e1 protegendo dados - Cr\u00e9ditos: depositphotos.com \/ HayDmitriy"},{"@type":"BreadcrumbList","@id":"https:\/\/www.em.com.br\/emfoco\/2025\/07\/17\/comunicado-geral-para-todos-que-tem-esse-celular-em-2025\/#breadcrumb","itemListElement":[{"@type":"ListItem","position":1,"name":"In\u00edcio","item":"https:\/\/www.em.com.br\/emfoco\/"},{"@type":"ListItem","position":2,"name":"Comunicado geral para todos que t\u00eam esse celular em 2025"}]},{"@type":"WebSite","@id":"https:\/\/www.em.com.br\/emfoco\/#website","url":"https:\/\/www.em.com.br\/emfoco\/","name":"Estado de Minas - Em foco","description":"Acompanhe as \u00faltimas not\u00edcias e fique bem informado sobre tudo o que acontece em Minas Gerais, Brasil e no mundo.","potentialAction":[{"@type":"SearchAction","target":{"@type":"EntryPoint","urlTemplate":"https:\/\/www.em.com.br\/emfoco\/?s={search_term_string}"},"query-input":{"@type":"PropertyValueSpecification","valueRequired":true,"valueName":"search_term_string"}}],"inLanguage":"pt-BR"},{"@type":"Person","@id":"https:\/\/www.em.com.br\/emfoco\/#\/schema\/person\/60eda09c1fedf0d6891f4cef4b60b8b8","name":"Andre\u0301 Rangel\u00a0","image":{"@type":"ImageObject","inLanguage":"pt-BR","@id":"https:\/\/www.em.com.br\/emfoco\/#\/schema\/person\/image\/","url":"https:\/\/secure.gravatar.com\/avatar\/6234dc814c77c8ef6d8bba622c787efc?s=96&d=mm&r=g","contentUrl":"https:\/\/secure.gravatar.com\/avatar\/6234dc814c77c8ef6d8bba622c787efc?s=96&d=mm&r=g","caption":"Andre\u0301 Rangel\u00a0"},"url":"https:\/\/www.em.com.br\/emfoco\/author\/luizmyth\/"}]}},"_links":{"self":[{"href":"https:\/\/www.em.com.br\/emfoco\/wp-json\/wp\/v2\/posts\/77439","targetHints":{"allow":["GET"]}}],"collection":[{"href":"https:\/\/www.em.com.br\/emfoco\/wp-json\/wp\/v2\/posts"}],"about":[{"href":"https:\/\/www.em.com.br\/emfoco\/wp-json\/wp\/v2\/types\/post"}],"author":[{"embeddable":true,"href":"https:\/\/www.em.com.br\/emfoco\/wp-json\/wp\/v2\/users\/11"}],"replies":[{"embeddable":true,"href":"https:\/\/www.em.com.br\/emfoco\/wp-json\/wp\/v2\/comments?post=77439"}],"version-history":[{"count":1,"href":"https:\/\/www.em.com.br\/emfoco\/wp-json\/wp\/v2\/posts\/77439\/revisions"}],"predecessor-version":[{"id":77442,"href":"https:\/\/www.em.com.br\/emfoco\/wp-json\/wp\/v2\/posts\/77439\/revisions\/77442"}],"wp:featuredmedia":[{"embeddable":true,"href":"https:\/\/www.em.com.br\/emfoco\/wp-json\/wp\/v2\/media\/50151"}],"wp:attachment":[{"href":"https:\/\/www.em.com.br\/emfoco\/wp-json\/wp\/v2\/media?parent=77439"}],"wp:term":[{"taxonomy":"category","embeddable":true,"href":"https:\/\/www.em.com.br\/emfoco\/wp-json\/wp\/v2\/categories?post=77439"},{"taxonomy":"post_tag","embeddable":true,"href":"https:\/\/www.em.com.br\/emfoco\/wp-json\/wp\/v2\/tags?post=77439"}],"curies":[{"name":"wp","href":"https:\/\/api.w.org\/{rel}","templated":true}]}}