{"id":77376,"date":"2025-07-20T18:08:00","date_gmt":"2025-07-20T21:08:00","guid":{"rendered":"https:\/\/www.em.com.br\/emfoco\/?p=77376"},"modified":"2025-07-19T19:25:23","modified_gmt":"2025-07-19T22:25:23","slug":"entenda-por-que-a-pratica-da-gratidao-esta-ganhando-espaco-dentro-da-ciencia-do-bem-estar","status":"publish","type":"post","link":"https:\/\/www.em.com.br\/emfoco\/2025\/07\/20\/entenda-por-que-a-pratica-da-gratidao-esta-ganhando-espaco-dentro-da-ciencia-do-bem-estar\/","title":{"rendered":"Entenda por que a pr\u00e1tica da gratid\u00e3o est\u00e1 ganhando espa\u00e7o dentro da ci\u00eancia do bem-estar"},"content":{"rendered":"\n<p>Com a crescente busca por maneiras de melhorar o bem-estar, a aten\u00e7\u00e3o se volta cada vez mais para pr\u00e1ticas mentais e emocionais que prometem trazer uma vida mais equilibrada. Entre essas pr\u00e1ticas, a gratid\u00e3o tem ganhado destaque. Mas o que a ci\u00eancia tem a dizer sobre o &#8220;poder da gratid\u00e3o&#8221; e seu impacto no<strong><a href=\"https:\/\/www.em.com.br\/emfoco\/2025\/05\/31\/como-a-autoaceitacao-contribui-para-o-bem-estar\/\" target=\"_blank\" rel=\"noreferrer noopener\"> bem-estar<\/a><\/strong>?<\/p>\n\n\n\n<h2 class=\"wp-block-heading\">Como a gratid\u00e3o influencia a sa\u00fade mental e emocional?<\/h2>\n\n\n\n<p><strong>A pr\u00e1tica da gratid\u00e3o est\u00e1 fortemente associada a melhorias na sa\u00fade mental e emocional.<\/strong> Estudos indicam que indiv\u00edduos que mant\u00eam um h\u00e1bito regular de praticar a gratid\u00e3o apresentam n\u00edveis mais baixos de estresse e depress\u00e3o. Isso acontece porque expressar gratid\u00e3o pode ajudar na produ\u00e7\u00e3o de neurotransmissores como a dopamina e a serotonina, os quais s\u00e3o fundamentais para a sensa\u00e7\u00e3o de felicidade e bem-estar.<\/p>\n\n\n\n<p>Al\u00e9m disso, a gratid\u00e3o pode proporcionar uma mudan\u00e7a significativa na perspectiva de vida de uma pessoa. Em vez de concentrar-se em aspectos negativos do cotidiano, a pessoa passa a valorizar elementos positivos, o que contribui para um estado emocional mais equilibrado e uma maior resili\u00eancia frente a adversidades. Pesquisas recentes tamb\u00e9m sugerem que pr\u00e1ticas regulares de gratid\u00e3o podem at\u00e9 auxiliar no desenvolvimento da intelig\u00eancia emocional, facilitando o <strong><a href=\"https:\/\/www.conexasaude.com.br\/blog\/autoconhecimento\/\" target=\"_blank\" rel=\"noreferrer noopener\">autoconhecimento <\/a><\/strong>e a gest\u00e3o dos sentimentos.<\/p>\n\n\n\n<figure class=\"wp-block-image size-large\"><img loading=\"lazy\" decoding=\"async\" width=\"1024\" height=\"576\" src=\"https:\/\/www.em.com.br\/emfoco\/wp-content\/uploads\/2025\/06\/gratitude_1749646756556-1024x576.jpg\" alt=\"Praticar a gratid\u00e3o di\u00e1ria pode ser o h\u00e1bito mais poderoso para o bem-estar mental\" class=\"wp-image-58792\" srcset=\"https:\/\/www.em.com.br\/emfoco\/wp-content\/uploads\/2025\/06\/gratitude_1749646756556-1024x576.jpg 1024w, https:\/\/www.em.com.br\/emfoco\/wp-content\/uploads\/2025\/06\/gratitude_1749646756556-300x169.jpg 300w, https:\/\/www.em.com.br\/emfoco\/wp-content\/uploads\/2025\/06\/gratitude_1749646756556-768x432.jpg 768w, https:\/\/www.em.com.br\/emfoco\/wp-content\/uploads\/2025\/06\/gratitude_1749646756556-750x422.jpg 750w, https:\/\/www.em.com.br\/emfoco\/wp-content\/uploads\/2025\/06\/gratitude_1749646756556-1140x641.jpg 1140w, https:\/\/www.em.com.br\/emfoco\/wp-content\/uploads\/2025\/06\/gratitude_1749646756556.jpg 1280w\" sizes=\"auto, (max-width: 1024px) 100vw, 1024px\" \/><figcaption class=\"wp-element-caption\">Mulher jovem meditando &#8211; Cr\u00e9ditos: depositphotos.com \/ inesbazdar<\/figcaption><\/figure>\n\n\n\n<h2 class=\"wp-block-heading\">Gratid\u00e3o e rela\u00e7\u00f5es sociais: qual o impacto?<\/h2>\n\n\n\n<p><strong>Rela\u00e7\u00f5es sociais fortes e saud\u00e1veis s\u00e3o cruciais para o bem-estar humano, e a gratid\u00e3o desempenha um papel significativo nesse contexto.<\/strong> A pr\u00e1tica regular de gratid\u00e3o pode fortalecer v\u00ednculos sociais, aumentar a empatia e reduzir comportamentos agressivos. A express\u00e3o de gratid\u00e3o entre indiv\u00edduos tende a fomentar la\u00e7os mais profundos e duradouros, promovendo um sentimento de pertencer e aceita\u00e7\u00e3o m\u00fatua.<\/p>\n\n\n\n<p>Ademais, a gratid\u00e3o pode facilitar a resolu\u00e7\u00e3o de conflitos nas rela\u00e7\u00f5es pessoais. Reconhecer e valorizar as qualidades dos outros pode propiciar um ambiente de maior compreens\u00e3o e comunica\u00e7\u00e3o eficaz, minimizando o impacto de desentendimentos e fortalecendo a confian\u00e7a entre as partes envolvidas. Inclusive, estudos apontam que ambientes familiares ou de trabalho que estimulam a gratid\u00e3o costumam apresentar maior coes\u00e3o grupal e \u00edndices mais baixos de rotatividade ou afastamentos motivados por conflitos interpessoais.<\/p>\n\n\n\n<h2 class=\"wp-block-heading\">Existe um efeito da gratid\u00e3o na sa\u00fade f\u00edsica?<\/h2>\n\n\n\n<p><strong>Pesquisas revelam que a pr\u00e1tica da gratid\u00e3o tamb\u00e9m possui repercuss\u00f5es positivas na sa\u00fade f\u00edsica.<\/strong> Pessoas que mant\u00eam di\u00e1rios de gratid\u00e3o ou praticam medita\u00e7\u00f5es focadas em aspectos positivos relatam dormir melhor, apresentando maior qualidade e dura\u00e7\u00e3o do sono. A gratid\u00e3o tem sido associada \u00e0 redu\u00e7\u00e3o da press\u00e3o arterial, bem como a um sistema imunol\u00f3gico mais forte devido \u00e0 diminui\u00e7\u00e3o generalizada do estresse f\u00edsico e emocional.<\/p>\n\n\n\n<p>Al\u00e9m disso, o impacto psicol\u00f3gico positivo propiciado pela gratid\u00e3o pode incitar comportamentos mais saud\u00e1veis. Indiv\u00edduos gratos t\u00eam maior probabilidade de cuidar de si mesmos, praticando exerc\u00edcios f\u00edsicos regulares e adotando dietas balanceadas, em virtude de uma vis\u00e3o global mais positiva da vida. Novos estudos mostram que a gratid\u00e3o pode at\u00e9 mesmo influenciar a ades\u00e3o a tratamentos m\u00e9dicos, uma vez que pessoas agradecidas geralmente demonstram maior responsabilidade e dedica\u00e7\u00e3o \u00e0 pr\u00f3pria sa\u00fade.<\/p>\n\n\n\n<h2 class=\"wp-block-heading\">Como incorporar pr\u00e1ticas de gratid\u00e3o no cotidiano?<\/h2>\n\n\n\n<p><strong>Enraizar a gratid\u00e3o na rotina di\u00e1ria pode parecer desafiador \u00e0 primeira vista, mas \u00e9 uma pr\u00e1tica acess\u00edvel e transformadora.<\/strong> Manter um di\u00e1rio de gratid\u00e3o, anotando diariamente ou semanalmente pelo menos tr\u00eas coisas pelas quais se \u00e9 grato, pode ser um ponto de partida eficaz. Essa atividade simples pode ajudar a mudar o foco do que falta para o que j\u00e1 est\u00e1 presente em abund\u00e2ncia.<\/p>\n\n\n\n<p>Outra maneira de cultivar a gratid\u00e3o \u00e9 atrav\u00e9s de cartas ou mensagens escritas a pessoas significativas, expressando apre\u00e7o de forma genu\u00edna. Mais do que uma simples formalidade, esse ato pode fortalecer la\u00e7os e expandir o sentimento de gratid\u00e3o tanto para quem escreve quanto para quem recebe. Incorporar essas pr\u00e1ticas de forma reflexiva pode transformar a perspectiva de vida de maneira substancial. Tamb\u00e9m \u00e9 poss\u00edvel incluir pequenos rituais di\u00e1rios, como agradecer mentalmente antes das refei\u00e7\u00f5es ou ao acordar, tornando a gratid\u00e3o um h\u00e1bito natural no dia a dia.<\/p>\n","protected":false},"excerpt":{"rendered":"<p>Com a crescente busca por maneiras de melhorar o bem-estar, a aten\u00e7\u00e3o se volta cada vez mais para pr\u00e1ticas mentais e emocionais que prometem trazer uma vida mais equilibrada. Entre essas pr\u00e1ticas, a gratid\u00e3o tem ganhado destaque. Mas o que a ci\u00eancia tem a dizer sobre o &#8220;poder da gratid\u00e3o&#8221; e seu impacto no bem-estar? [&hellip;]<\/p>\n","protected":false},"author":13,"featured_media":58794,"comment_status":"open","ping_status":"open","sticky":false,"template":"","format":"standard","meta":{"jnews-multi-image_gallery":[],"jnews_single_post":{"format":"standard"},"jnews_primary_category":[],"jnews_social_meta":[],"jnews_override_counter":[],"footnotes":""},"categories":[8691,1],"tags":[711,5858,7842,410],"class_list":["post-77376","post","type-post","status-publish","format-standard","has-post-thumbnail","hentry","category-bem-estar","category-noticias","tag-bem-estar","tag-gratidao","tag-relacoes-sociais","tag-saude-mental"],"yoast_head":"<!-- This site is optimized with the Yoast SEO plugin v23.8 - https:\/\/yoast.com\/wordpress\/plugins\/seo\/ -->\n<title>Entenda por que a pr\u00e1tica da gratid\u00e3o est\u00e1 ganhando espa\u00e7o dentro da ci\u00eancia do bem-estar - Estado de Minas - Em foco<\/title>\n<meta name=\"description\" content=\"Estudos mostram que praticar gratid\u00e3o reduz o estresse, melhora o sono e fortalece rela\u00e7\u00f5es. Um h\u00e1bito poderoso e acess\u00edvel.\" \/>\n<meta name=\"robots\" content=\"index, follow, max-snippet:-1, max-image-preview:large, max-video-preview:-1\" \/>\n<link rel=\"canonical\" href=\"https:\/\/www.em.com.br\/emfoco\/2025\/07\/20\/entenda-por-que-a-pratica-da-gratidao-esta-ganhando-espaco-dentro-da-ciencia-do-bem-estar\/\" \/>\n<meta property=\"og:locale\" content=\"pt_BR\" \/>\n<meta property=\"og:type\" content=\"article\" \/>\n<meta property=\"og:title\" content=\"Entenda por que a pr\u00e1tica da gratid\u00e3o est\u00e1 ganhando espa\u00e7o dentro da ci\u00eancia do bem-estar - Estado de Minas - Em foco\" \/>\n<meta property=\"og:description\" content=\"Estudos mostram que praticar gratid\u00e3o reduz o estresse, melhora o sono e fortalece rela\u00e7\u00f5es. Um h\u00e1bito poderoso e acess\u00edvel.\" \/>\n<meta property=\"og:url\" content=\"https:\/\/www.em.com.br\/emfoco\/2025\/07\/20\/entenda-por-que-a-pratica-da-gratidao-esta-ganhando-espaco-dentro-da-ciencia-do-bem-estar\/\" \/>\n<meta property=\"og:site_name\" content=\"Estado de Minas - Em foco\" \/>\n<meta property=\"article:published_time\" content=\"2025-07-20T21:08:00+00:00\" \/>\n<meta property=\"article:modified_time\" content=\"2025-07-19T22:25:23+00:00\" \/>\n<meta property=\"og:image\" content=\"https:\/\/www.em.com.br\/emfoco\/wp-content\/uploads\/2025\/06\/gratitude_1749646790654.jpg\" \/>\n\t<meta property=\"og:image:width\" content=\"1280\" \/>\n\t<meta property=\"og:image:height\" content=\"720\" \/>\n\t<meta property=\"og:image:type\" content=\"image\/jpeg\" \/>\n<meta name=\"author\" content=\"Gabriel Martins\" \/>\n<meta name=\"twitter:card\" content=\"summary_large_image\" \/>\n<meta name=\"twitter:label1\" content=\"Escrito por\" \/>\n\t<meta name=\"twitter:data1\" content=\"Gabriel Martins\" \/>\n\t<meta name=\"twitter:label2\" content=\"Est. tempo de leitura\" \/>\n\t<meta name=\"twitter:data2\" content=\"4 minutos\" \/>\n<!-- \/ Yoast SEO plugin. -->","yoast_head_json":{"title":"Entenda por que a pr\u00e1tica da gratid\u00e3o est\u00e1 ganhando espa\u00e7o dentro da ci\u00eancia do bem-estar - Estado de Minas - Em foco","description":"Estudos mostram que praticar gratid\u00e3o reduz o estresse, melhora o sono e fortalece rela\u00e7\u00f5es. Um h\u00e1bito poderoso e acess\u00edvel.","robots":{"index":"index","follow":"follow","max-snippet":"max-snippet:-1","max-image-preview":"max-image-preview:large","max-video-preview":"max-video-preview:-1"},"canonical":"https:\/\/www.em.com.br\/emfoco\/2025\/07\/20\/entenda-por-que-a-pratica-da-gratidao-esta-ganhando-espaco-dentro-da-ciencia-do-bem-estar\/","og_locale":"pt_BR","og_type":"article","og_title":"Entenda por que a pr\u00e1tica da gratid\u00e3o est\u00e1 ganhando espa\u00e7o dentro da ci\u00eancia do bem-estar - Estado de Minas - Em foco","og_description":"Estudos mostram que praticar gratid\u00e3o reduz o estresse, melhora o sono e fortalece rela\u00e7\u00f5es. Um h\u00e1bito poderoso e acess\u00edvel.","og_url":"https:\/\/www.em.com.br\/emfoco\/2025\/07\/20\/entenda-por-que-a-pratica-da-gratidao-esta-ganhando-espaco-dentro-da-ciencia-do-bem-estar\/","og_site_name":"Estado de Minas - Em foco","article_published_time":"2025-07-20T21:08:00+00:00","article_modified_time":"2025-07-19T22:25:23+00:00","og_image":[{"width":1280,"height":720,"url":"https:\/\/www.em.com.br\/emfoco\/wp-content\/uploads\/2025\/06\/gratitude_1749646790654.jpg","type":"image\/jpeg"}],"author":"Gabriel Martins","twitter_card":"summary_large_image","twitter_misc":{"Escrito por":"Gabriel Martins","Est. tempo de leitura":"4 minutos"},"schema":{"@context":"https:\/\/schema.org","@graph":[{"@type":"WebPage","@id":"https:\/\/www.em.com.br\/emfoco\/2025\/07\/20\/entenda-por-que-a-pratica-da-gratidao-esta-ganhando-espaco-dentro-da-ciencia-do-bem-estar\/","url":"https:\/\/www.em.com.br\/emfoco\/2025\/07\/20\/entenda-por-que-a-pratica-da-gratidao-esta-ganhando-espaco-dentro-da-ciencia-do-bem-estar\/","name":"Entenda por que a pr\u00e1tica da gratid\u00e3o est\u00e1 ganhando espa\u00e7o dentro da ci\u00eancia do bem-estar - Estado de Minas - Em foco","isPartOf":{"@id":"https:\/\/www.em.com.br\/emfoco\/#website"},"primaryImageOfPage":{"@id":"https:\/\/www.em.com.br\/emfoco\/2025\/07\/20\/entenda-por-que-a-pratica-da-gratidao-esta-ganhando-espaco-dentro-da-ciencia-do-bem-estar\/#primaryimage"},"image":{"@id":"https:\/\/www.em.com.br\/emfoco\/2025\/07\/20\/entenda-por-que-a-pratica-da-gratidao-esta-ganhando-espaco-dentro-da-ciencia-do-bem-estar\/#primaryimage"},"thumbnailUrl":"https:\/\/www.em.com.br\/emfoco\/wp-content\/uploads\/2025\/06\/gratitude_1749646790654.jpg","datePublished":"2025-07-20T21:08:00+00:00","dateModified":"2025-07-19T22:25:23+00:00","author":{"@id":"https:\/\/www.em.com.br\/emfoco\/#\/schema\/person\/1c9ddeab18b98abeffef834667bcf08a"},"description":"Estudos mostram que praticar gratid\u00e3o reduz o estresse, melhora o sono e fortalece rela\u00e7\u00f5es. Um h\u00e1bito poderoso e acess\u00edvel.","breadcrumb":{"@id":"https:\/\/www.em.com.br\/emfoco\/2025\/07\/20\/entenda-por-que-a-pratica-da-gratidao-esta-ganhando-espaco-dentro-da-ciencia-do-bem-estar\/#breadcrumb"},"inLanguage":"pt-BR","potentialAction":[{"@type":"ReadAction","target":["https:\/\/www.em.com.br\/emfoco\/2025\/07\/20\/entenda-por-que-a-pratica-da-gratidao-esta-ganhando-espaco-dentro-da-ciencia-do-bem-estar\/"]}]},{"@type":"ImageObject","inLanguage":"pt-BR","@id":"https:\/\/www.em.com.br\/emfoco\/2025\/07\/20\/entenda-por-que-a-pratica-da-gratidao-esta-ganhando-espaco-dentro-da-ciencia-do-bem-estar\/#primaryimage","url":"https:\/\/www.em.com.br\/emfoco\/wp-content\/uploads\/2025\/06\/gratitude_1749646790654.jpg","contentUrl":"https:\/\/www.em.com.br\/emfoco\/wp-content\/uploads\/2025\/06\/gratitude_1749646790654.jpg","width":1280,"height":720,"caption":"Imagem representativa de gratid\u00e3o - Cr\u00e9ditos: depositphotos.com \/ PetarPaunchev"},{"@type":"BreadcrumbList","@id":"https:\/\/www.em.com.br\/emfoco\/2025\/07\/20\/entenda-por-que-a-pratica-da-gratidao-esta-ganhando-espaco-dentro-da-ciencia-do-bem-estar\/#breadcrumb","itemListElement":[{"@type":"ListItem","position":1,"name":"In\u00edcio","item":"https:\/\/www.em.com.br\/emfoco\/"},{"@type":"ListItem","position":2,"name":"Entenda por que a pr\u00e1tica da gratid\u00e3o est\u00e1 ganhando espa\u00e7o dentro da ci\u00eancia do bem-estar"}]},{"@type":"WebSite","@id":"https:\/\/www.em.com.br\/emfoco\/#website","url":"https:\/\/www.em.com.br\/emfoco\/","name":"Estado de Minas - Em foco","description":"Acompanhe as \u00faltimas not\u00edcias e fique bem informado sobre tudo o que acontece em Minas Gerais, Brasil e no mundo.","potentialAction":[{"@type":"SearchAction","target":{"@type":"EntryPoint","urlTemplate":"https:\/\/www.em.com.br\/emfoco\/?s={search_term_string}"},"query-input":{"@type":"PropertyValueSpecification","valueRequired":true,"valueName":"search_term_string"}}],"inLanguage":"pt-BR"},{"@type":"Person","@id":"https:\/\/www.em.com.br\/emfoco\/#\/schema\/person\/1c9ddeab18b98abeffef834667bcf08a","name":"Gabriel Martins","image":{"@type":"ImageObject","inLanguage":"pt-BR","@id":"https:\/\/www.em.com.br\/emfoco\/#\/schema\/person\/image\/","url":"https:\/\/secure.gravatar.com\/avatar\/f0f1e2efdfd88f1ad2cb08c5c2731e50?s=96&d=mm&r=g","contentUrl":"https:\/\/secure.gravatar.com\/avatar\/f0f1e2efdfd88f1ad2cb08c5c2731e50?s=96&d=mm&r=g","caption":"Gabriel Martins"},"sameAs":["https:\/\/www.em.com.br\/emfoco\/"],"url":"https:\/\/www.em.com.br\/emfoco\/author\/gabrielmartinsmyth\/"}]}},"_links":{"self":[{"href":"https:\/\/www.em.com.br\/emfoco\/wp-json\/wp\/v2\/posts\/77376","targetHints":{"allow":["GET"]}}],"collection":[{"href":"https:\/\/www.em.com.br\/emfoco\/wp-json\/wp\/v2\/posts"}],"about":[{"href":"https:\/\/www.em.com.br\/emfoco\/wp-json\/wp\/v2\/types\/post"}],"author":[{"embeddable":true,"href":"https:\/\/www.em.com.br\/emfoco\/wp-json\/wp\/v2\/users\/13"}],"replies":[{"embeddable":true,"href":"https:\/\/www.em.com.br\/emfoco\/wp-json\/wp\/v2\/comments?post=77376"}],"version-history":[{"count":3,"href":"https:\/\/www.em.com.br\/emfoco\/wp-json\/wp\/v2\/posts\/77376\/revisions"}],"predecessor-version":[{"id":77505,"href":"https:\/\/www.em.com.br\/emfoco\/wp-json\/wp\/v2\/posts\/77376\/revisions\/77505"}],"wp:featuredmedia":[{"embeddable":true,"href":"https:\/\/www.em.com.br\/emfoco\/wp-json\/wp\/v2\/media\/58794"}],"wp:attachment":[{"href":"https:\/\/www.em.com.br\/emfoco\/wp-json\/wp\/v2\/media?parent=77376"}],"wp:term":[{"taxonomy":"category","embeddable":true,"href":"https:\/\/www.em.com.br\/emfoco\/wp-json\/wp\/v2\/categories?post=77376"},{"taxonomy":"post_tag","embeddable":true,"href":"https:\/\/www.em.com.br\/emfoco\/wp-json\/wp\/v2\/tags?post=77376"}],"curies":[{"name":"wp","href":"https:\/\/api.w.org\/{rel}","templated":true}]}}