{"id":77236,"date":"2025-07-17T20:38:00","date_gmt":"2025-07-17T23:38:00","guid":{"rendered":"https:\/\/www.em.com.br\/emfoco\/?p=77236"},"modified":"2025-07-16T22:43:58","modified_gmt":"2025-07-17T01:43:58","slug":"saiba-se-seu-carro-pode-ficar-isento-de-imposto-ainda-este-ano","status":"publish","type":"post","link":"https:\/\/www.em.com.br\/emfoco\/2025\/07\/17\/saiba-se-seu-carro-pode-ficar-isento-de-imposto-ainda-este-ano\/","title":{"rendered":"Saiba se seu carro pode ficar isento de imposto ainda este ano"},"content":{"rendered":"\n<p>A isen\u00e7\u00e3o de impostos no <strong>Brasil <\/strong>\u00e9 uma quest\u00e3o de grande interesse para muitos cidad\u00e3os que buscam entender melhor seus direitos e as condi\u00e7\u00f5es necess\u00e1rias para aproveit\u00e1-los. No cen\u00e1rio tribut\u00e1rio, determinados grupos podem ser eleg\u00edveis para a isen\u00e7\u00e3o de impostos como o <strong><a href=\"https:\/\/www.em.com.br\/emfoco\/2025\/06\/28\/saiba-quem-tem-direito-a-isencao-de-ipva-este-ano\/\" target=\"_blank\" rel=\"noreferrer noopener\">IPVA <\/a><\/strong>(Imposto sobre a Propriedade de Ve\u00edculos Automotores) e o <strong><a href=\"https:\/\/www.gov.br\/receitafederal\/pt-br\/assuntos\/orientacao-tributaria\/tributos\/ipi\" target=\"_blank\" rel=\"noreferrer noopener\">IPI <\/a><\/strong>(Imposto sobre Produtos Industrializados). A legisla\u00e7\u00e3o visa beneficiar principalmente aqueles com condi\u00e7\u00f5es espec\u00edficas que justifiquem um al\u00edvio na carga tribut\u00e1ria.<\/p>\n\n\n\n<p>O <strong>IPVA <\/strong>\u00e9 um tributo cobrado anualmente sobre a propriedade de ve\u00edculos automotores. Em diversas situa\u00e7\u00f5es, a isen\u00e7\u00e3o do <strong>IPVA <\/strong>\u00e9 concedida a pessoas com defici\u00eancia (PCD) ou a entidades que realizam servi\u00e7os p\u00fablicos sem fins lucrativos. A regra visa promover a inclus\u00e3o social e facilitar o acesso a ve\u00edculos para quem possui mobilidade reduzida, bem como reconhecer o trabalho de organiza\u00e7\u00f5es que servem \u00e0 comunidade.<\/p>\n\n\n\n<h2 class=\"wp-block-heading\">Crit\u00e9rios para a isen\u00e7\u00e3o do IPVA<\/h2>\n\n\n<div class=\"wp-block-image\">\n<figure class=\"aligncenter size-large\"><img loading=\"lazy\" decoding=\"async\" width=\"1024\" height=\"576\" src=\"https:\/\/www.em.com.br\/emfoco\/wp-content\/uploads\/2025\/06\/ipva_1749659750386-1024x576.jpg\" alt=\"Saiba quem tem direito \u00e0 isen\u00e7\u00e3o de IPVA este ano!\" class=\"wp-image-59056\" srcset=\"https:\/\/www.em.com.br\/emfoco\/wp-content\/uploads\/2025\/06\/ipva_1749659750386-1024x576.jpg 1024w, https:\/\/www.em.com.br\/emfoco\/wp-content\/uploads\/2025\/06\/ipva_1749659750386-300x169.jpg 300w, https:\/\/www.em.com.br\/emfoco\/wp-content\/uploads\/2025\/06\/ipva_1749659750386-768x432.jpg 768w, https:\/\/www.em.com.br\/emfoco\/wp-content\/uploads\/2025\/06\/ipva_1749659750386-750x422.jpg 750w, https:\/\/www.em.com.br\/emfoco\/wp-content\/uploads\/2025\/06\/ipva_1749659750386-1140x641.jpg 1140w, https:\/\/www.em.com.br\/emfoco\/wp-content\/uploads\/2025\/06\/ipva_1749659750386.jpg 1280w\" sizes=\"auto, (max-width: 1024px) 100vw, 1024px\" \/><figcaption class=\"wp-element-caption\">Chave de carro e blocos dizendo IPVA &#8211; Cr\u00e9ditos: depositphotos.com \/ rmcarvalhobsb<\/figcaption><\/figure><\/div>\n\n\n<p>A principal condi\u00e7\u00e3o para a isen\u00e7\u00e3o do <strong>IPVA <\/strong>\u00e9 a comprova\u00e7\u00e3o da defici\u00eancia f\u00edsica, mental ou sensorial do benefici\u00e1rio, o que pode exigir uma s\u00e9rie de laudos e documentos m\u00e9dicos que atestem a condi\u00e7\u00e3o. Cada estado possui suas pr\u00f3prias regulamenta\u00e7\u00f5es e procedimentos para concess\u00e3o da isen\u00e7\u00e3o, sendo necess\u00e1rio que o solicitante atenda aos requisitos espec\u00edficos de onde reside.<\/p>\n\n\n\n<p>Al\u00e9m do aspecto m\u00e9dico, ve\u00edculos de propriedade de taxistas e de algumas institui\u00e7\u00f5es filantr\u00f3picas tamb\u00e9m podem ser isentos, considerando o impacto social e econ\u00f4mico positivo de suas atividades. Institui\u00e7\u00f5es que prestam servi\u00e7os essenciais \u00e0 coletividade, como ambul\u00e2ncias ou ve\u00edculos de transporte escolar, tamb\u00e9m podem se beneficiar da isen\u00e7\u00e3o.<\/p>\n\n\n\n<h2 class=\"wp-block-heading\">Funcionamento da isen\u00e7\u00e3o do IPI<\/h2>\n\n\n\n<p>O <strong>IPI <\/strong>incide sobre produtos industrializados e possui isen\u00e7\u00f5es previstas, principalmente, para facilitar o acesso a ve\u00edculos novos por pessoas com defici\u00eancia. Assim como no caso do <strong>IPVA<\/strong>, h\u00e1 crit\u00e9rios espec\u00edficos que determinam quem pode requisitar essa isen\u00e7\u00e3o e o processo costuma envolver a <strong><a href=\"https:\/\/www.gov.br\/receitafederal\/pt-br\" target=\"_blank\" rel=\"noreferrer noopener\">Receita Federal<\/a><\/strong>.<\/p>\n\n\n\n<p>Al\u00e9m das pessoas com defici\u00eancia, taxistas tamb\u00e9m podem ser beneficiados com o objetivo de reduzir o custo de renova\u00e7\u00e3o da frota de t\u00e1xis. Vale ressaltar que a isen\u00e7\u00e3o do <strong>IPI <\/strong>pode ser acumulada com outros benef\u00edcios fiscais, como o <strong>ICMS <\/strong>e <strong>IOF<\/strong>, ampliando o desconto na compra do ve\u00edculo.<\/p>\n\n\n\n<h2 class=\"wp-block-heading\">Impostos isentos para pessoas com defici\u00eancia<\/h2>\n\n\n\n<p>Al\u00e9m do <strong>IPVA <\/strong>e do <strong>IPI<\/strong>, pessoas com defici\u00eancia t\u00eam direito a solicitar a isen\u00e7\u00e3o de outros tributos, como o <strong>ICMS <\/strong>(Imposto sobre Circula\u00e7\u00e3o de Mercadorias e Servi\u00e7os) e o <strong>IOF <\/strong>(Imposto sobre Opera\u00e7\u00f5es Financeiras), especificamente para a compra de ve\u00edculos. Estas isen\u00e7\u00f5es visam facilitar o acesso \u00e0 mobilidade e auxiliar no planejamento financeiro familiar.<\/p>\n\n\n\n<p>Para conseguir tais isen\u00e7\u00f5es, \u00e9 necess\u00e1rio seguir procedimentos espec\u00edficos que variam entre os estados e a legisla\u00e7\u00e3o federal. Frequentemente, o benefici\u00e1rio deve apresentar documenta\u00e7\u00e3o detalhada, comprovando a condi\u00e7\u00e3o e sua necessidade de um ve\u00edculo adaptado, garantindo equidade de acesso.<\/p>\n\n\n\n<h2 class=\"wp-block-heading\">Grupos que t\u00eam direito \u00e0 isen\u00e7\u00e3o de tributos<\/h2>\n\n\n\n<p>Al\u00e9m de pessoas com defici\u00eancia e taxistas, outros grupos podem se qualificar para a isen\u00e7\u00e3o de certos tributos. Portadores de algumas doen\u00e7as graves podem solicitar a suspens\u00e3o de tributos sobre renda, caso atendam aos requisitos legais detalhados por lei.<\/p>\n\n\n\n<p>Institui\u00e7\u00f5es sem fins lucrativos, que prestam servi\u00e7os de interesse p\u00fablico, tamb\u00e9m est\u00e3o entre os benefici\u00e1rios de isen\u00e7\u00f5es fiscais. Esse modelo de isen\u00e7\u00e3o visa minimizar o impacto financeiro enfrentado por essas organiza\u00e7\u00f5es, permitindo que direcionem mais recursos ao seu objetivo social.<\/p>\n\n\n\n<h2 class=\"wp-block-heading\">Cuidados e orienta\u00e7\u00e3o quanto \u00e0 isen\u00e7\u00e3o de impostos<\/h2>\n\n\n\n<p>Entender as condi\u00e7\u00f5es para isen\u00e7\u00e3o de impostos \u00e9 fundamental para acessar direitos e para o planejamento eficiente do or\u00e7amento familiar ou institucional. Ao buscar a isen\u00e7\u00e3o, recomenda-se que o contribuinte se mantenha bem informado sobre as normas e tenha todos os documentos necess\u00e1rios preparados.<\/p>\n\n\n\n<p>As regras podem variar conforme mudan\u00e7as na lei, por isso \u00e9 importante consultar especialistas, \u00f3rg\u00e3os p\u00fablicos ou at\u00e9 mesmo defensores p\u00fablicos para garantir que todas as etapas sejam seguidas corretamente. Assim, evita-se atrasos e problemas no processo de isen\u00e7\u00e3o tribut\u00e1ria.<\/p>\n","protected":false},"excerpt":{"rendered":"<p>A isen\u00e7\u00e3o de impostos no Brasil \u00e9 uma quest\u00e3o de grande interesse para muitos cidad\u00e3os que buscam entender melhor seus direitos e as condi\u00e7\u00f5es necess\u00e1rias para aproveit\u00e1-los. No cen\u00e1rio tribut\u00e1rio, determinados grupos podem ser eleg\u00edveis para a isen\u00e7\u00e3o de impostos como o IPVA (Imposto sobre a Propriedade de Ve\u00edculos Automotores) e o IPI (Imposto sobre [&hellip;]<\/p>\n","protected":false},"author":20,"featured_media":59057,"comment_status":"open","ping_status":"open","sticky":false,"template":"","format":"standard","meta":{"jnews-multi-image_gallery":[],"jnews_single_post":{"format":"standard"},"jnews_primary_category":[],"jnews_social_meta":[],"jnews_override_counter":[],"footnotes":""},"categories":[1],"tags":[2876,2311],"class_list":["post-77236","post","type-post","status-publish","format-standard","has-post-thumbnail","hentry","category-noticias","tag-impostos","tag-isencao-de-impostos"],"yoast_head":"<!-- This site is optimized with the Yoast SEO plugin v23.8 - https:\/\/yoast.com\/wordpress\/plugins\/seo\/ -->\n<title>Saiba se seu carro pode ficar isento de imposto ainda este ano - Estado de Minas - Em foco<\/title>\n<meta name=\"robots\" content=\"index, follow, max-snippet:-1, max-image-preview:large, max-video-preview:-1\" \/>\n<link rel=\"canonical\" href=\"https:\/\/www.em.com.br\/emfoco\/2025\/07\/17\/saiba-se-seu-carro-pode-ficar-isento-de-imposto-ainda-este-ano\/\" \/>\n<meta property=\"og:locale\" content=\"pt_BR\" \/>\n<meta property=\"og:type\" content=\"article\" \/>\n<meta property=\"og:title\" content=\"Saiba se seu carro pode ficar isento de imposto ainda este ano - Estado de Minas - Em foco\" \/>\n<meta property=\"og:description\" content=\"A isen\u00e7\u00e3o de impostos no Brasil \u00e9 uma quest\u00e3o de grande interesse para muitos cidad\u00e3os que buscam entender melhor seus direitos e as condi\u00e7\u00f5es necess\u00e1rias para aproveit\u00e1-los. No cen\u00e1rio tribut\u00e1rio, determinados grupos podem ser eleg\u00edveis para a isen\u00e7\u00e3o de impostos como o IPVA (Imposto sobre a Propriedade de Ve\u00edculos Automotores) e o IPI (Imposto sobre [&hellip;]\" \/>\n<meta property=\"og:url\" content=\"https:\/\/www.em.com.br\/emfoco\/2025\/07\/17\/saiba-se-seu-carro-pode-ficar-isento-de-imposto-ainda-este-ano\/\" \/>\n<meta property=\"og:site_name\" content=\"Estado de Minas - Em foco\" \/>\n<meta property=\"article:published_time\" content=\"2025-07-17T23:38:00+00:00\" \/>\n<meta property=\"article:modified_time\" content=\"2025-07-17T01:43:58+00:00\" \/>\n<meta property=\"og:image\" content=\"https:\/\/www.em.com.br\/emfoco\/wp-content\/uploads\/2025\/06\/ipva_1749659764049.jpg\" \/>\n\t<meta property=\"og:image:width\" content=\"1280\" \/>\n\t<meta property=\"og:image:height\" content=\"720\" \/>\n\t<meta property=\"og:image:type\" content=\"image\/jpeg\" \/>\n<meta name=\"author\" content=\"Ingrid Diniz\" \/>\n<meta name=\"twitter:card\" content=\"summary_large_image\" \/>\n<meta name=\"twitter:label1\" content=\"Escrito por\" \/>\n\t<meta name=\"twitter:data1\" content=\"Ingrid Diniz\" \/>\n\t<meta name=\"twitter:label2\" content=\"Est. tempo de leitura\" \/>\n\t<meta name=\"twitter:data2\" content=\"4 minutos\" \/>\n<!-- \/ Yoast SEO plugin. -->","yoast_head_json":{"title":"Saiba se seu carro pode ficar isento de imposto ainda este ano - Estado de Minas - Em foco","robots":{"index":"index","follow":"follow","max-snippet":"max-snippet:-1","max-image-preview":"max-image-preview:large","max-video-preview":"max-video-preview:-1"},"canonical":"https:\/\/www.em.com.br\/emfoco\/2025\/07\/17\/saiba-se-seu-carro-pode-ficar-isento-de-imposto-ainda-este-ano\/","og_locale":"pt_BR","og_type":"article","og_title":"Saiba se seu carro pode ficar isento de imposto ainda este ano - Estado de Minas - Em foco","og_description":"A isen\u00e7\u00e3o de impostos no Brasil \u00e9 uma quest\u00e3o de grande interesse para muitos cidad\u00e3os que buscam entender melhor seus direitos e as condi\u00e7\u00f5es necess\u00e1rias para aproveit\u00e1-los. No cen\u00e1rio tribut\u00e1rio, determinados grupos podem ser eleg\u00edveis para a isen\u00e7\u00e3o de impostos como o IPVA (Imposto sobre a Propriedade de Ve\u00edculos Automotores) e o IPI (Imposto sobre [&hellip;]","og_url":"https:\/\/www.em.com.br\/emfoco\/2025\/07\/17\/saiba-se-seu-carro-pode-ficar-isento-de-imposto-ainda-este-ano\/","og_site_name":"Estado de Minas - Em foco","article_published_time":"2025-07-17T23:38:00+00:00","article_modified_time":"2025-07-17T01:43:58+00:00","og_image":[{"width":1280,"height":720,"url":"https:\/\/www.em.com.br\/emfoco\/wp-content\/uploads\/2025\/06\/ipva_1749659764049.jpg","type":"image\/jpeg"}],"author":"Ingrid Diniz","twitter_card":"summary_large_image","twitter_misc":{"Escrito por":"Ingrid Diniz","Est. tempo de leitura":"4 minutos"},"schema":{"@context":"https:\/\/schema.org","@graph":[{"@type":"WebPage","@id":"https:\/\/www.em.com.br\/emfoco\/2025\/07\/17\/saiba-se-seu-carro-pode-ficar-isento-de-imposto-ainda-este-ano\/","url":"https:\/\/www.em.com.br\/emfoco\/2025\/07\/17\/saiba-se-seu-carro-pode-ficar-isento-de-imposto-ainda-este-ano\/","name":"Saiba se seu carro pode ficar isento de imposto ainda este ano - Estado de Minas - Em foco","isPartOf":{"@id":"https:\/\/www.em.com.br\/emfoco\/#website"},"primaryImageOfPage":{"@id":"https:\/\/www.em.com.br\/emfoco\/2025\/07\/17\/saiba-se-seu-carro-pode-ficar-isento-de-imposto-ainda-este-ano\/#primaryimage"},"image":{"@id":"https:\/\/www.em.com.br\/emfoco\/2025\/07\/17\/saiba-se-seu-carro-pode-ficar-isento-de-imposto-ainda-este-ano\/#primaryimage"},"thumbnailUrl":"https:\/\/www.em.com.br\/emfoco\/wp-content\/uploads\/2025\/06\/ipva_1749659764049.jpg","datePublished":"2025-07-17T23:38:00+00:00","dateModified":"2025-07-17T01:43:58+00:00","author":{"@id":"https:\/\/www.em.com.br\/emfoco\/#\/schema\/person\/649e610b4eb8fff87ff394e54fe17b2b"},"breadcrumb":{"@id":"https:\/\/www.em.com.br\/emfoco\/2025\/07\/17\/saiba-se-seu-carro-pode-ficar-isento-de-imposto-ainda-este-ano\/#breadcrumb"},"inLanguage":"pt-BR","potentialAction":[{"@type":"ReadAction","target":["https:\/\/www.em.com.br\/emfoco\/2025\/07\/17\/saiba-se-seu-carro-pode-ficar-isento-de-imposto-ainda-este-ano\/"]}]},{"@type":"ImageObject","inLanguage":"pt-BR","@id":"https:\/\/www.em.com.br\/emfoco\/2025\/07\/17\/saiba-se-seu-carro-pode-ficar-isento-de-imposto-ainda-este-ano\/#primaryimage","url":"https:\/\/www.em.com.br\/emfoco\/wp-content\/uploads\/2025\/06\/ipva_1749659764049.jpg","contentUrl":"https:\/\/www.em.com.br\/emfoco\/wp-content\/uploads\/2025\/06\/ipva_1749659764049.jpg","width":1280,"height":720,"caption":"IPVA zerado para ve\u00edculos com mais de 20 anos - Cr\u00e9ditos: depositphotos.com \/ rmcarvalhobsb"},{"@type":"BreadcrumbList","@id":"https:\/\/www.em.com.br\/emfoco\/2025\/07\/17\/saiba-se-seu-carro-pode-ficar-isento-de-imposto-ainda-este-ano\/#breadcrumb","itemListElement":[{"@type":"ListItem","position":1,"name":"In\u00edcio","item":"https:\/\/www.em.com.br\/emfoco\/"},{"@type":"ListItem","position":2,"name":"Saiba se seu carro pode ficar isento de imposto ainda este ano"}]},{"@type":"WebSite","@id":"https:\/\/www.em.com.br\/emfoco\/#website","url":"https:\/\/www.em.com.br\/emfoco\/","name":"Estado de Minas - Em foco","description":"Acompanhe as \u00faltimas not\u00edcias e fique bem informado sobre tudo o que acontece em Minas Gerais, Brasil e no mundo.","potentialAction":[{"@type":"SearchAction","target":{"@type":"EntryPoint","urlTemplate":"https:\/\/www.em.com.br\/emfoco\/?s={search_term_string}"},"query-input":{"@type":"PropertyValueSpecification","valueRequired":true,"valueName":"search_term_string"}}],"inLanguage":"pt-BR"},{"@type":"Person","@id":"https:\/\/www.em.com.br\/emfoco\/#\/schema\/person\/649e610b4eb8fff87ff394e54fe17b2b","name":"Ingrid Diniz","image":{"@type":"ImageObject","inLanguage":"pt-BR","@id":"https:\/\/www.em.com.br\/emfoco\/#\/schema\/person\/image\/","url":"https:\/\/secure.gravatar.com\/avatar\/a3baa1449ec5c39b4c42babc9d4f3951?s=96&d=mm&r=g","contentUrl":"https:\/\/secure.gravatar.com\/avatar\/a3baa1449ec5c39b4c42babc9d4f3951?s=96&d=mm&r=g","caption":"Ingrid Diniz"},"sameAs":["https:\/\/www.em.com.br\/"],"url":"https:\/\/www.em.com.br\/emfoco\/author\/ingridmyth\/"}]}},"_links":{"self":[{"href":"https:\/\/www.em.com.br\/emfoco\/wp-json\/wp\/v2\/posts\/77236","targetHints":{"allow":["GET"]}}],"collection":[{"href":"https:\/\/www.em.com.br\/emfoco\/wp-json\/wp\/v2\/posts"}],"about":[{"href":"https:\/\/www.em.com.br\/emfoco\/wp-json\/wp\/v2\/types\/post"}],"author":[{"embeddable":true,"href":"https:\/\/www.em.com.br\/emfoco\/wp-json\/wp\/v2\/users\/20"}],"replies":[{"embeddable":true,"href":"https:\/\/www.em.com.br\/emfoco\/wp-json\/wp\/v2\/comments?post=77236"}],"version-history":[{"count":2,"href":"https:\/\/www.em.com.br\/emfoco\/wp-json\/wp\/v2\/posts\/77236\/revisions"}],"predecessor-version":[{"id":77270,"href":"https:\/\/www.em.com.br\/emfoco\/wp-json\/wp\/v2\/posts\/77236\/revisions\/77270"}],"wp:featuredmedia":[{"embeddable":true,"href":"https:\/\/www.em.com.br\/emfoco\/wp-json\/wp\/v2\/media\/59057"}],"wp:attachment":[{"href":"https:\/\/www.em.com.br\/emfoco\/wp-json\/wp\/v2\/media?parent=77236"}],"wp:term":[{"taxonomy":"category","embeddable":true,"href":"https:\/\/www.em.com.br\/emfoco\/wp-json\/wp\/v2\/categories?post=77236"},{"taxonomy":"post_tag","embeddable":true,"href":"https:\/\/www.em.com.br\/emfoco\/wp-json\/wp\/v2\/tags?post=77236"}],"curies":[{"name":"wp","href":"https:\/\/api.w.org\/{rel}","templated":true}]}}