{"id":7722,"date":"2024-12-31T11:20:00","date_gmt":"2024-12-31T14:20:00","guid":{"rendered":"https:\/\/www.em.com.br\/emfoco\/?p=7722"},"modified":"2024-12-30T21:38:37","modified_gmt":"2024-12-31T00:38:37","slug":"quais-servicos-essenciais-funcionarao-no-ano-novo","status":"publish","type":"post","link":"https:\/\/www.em.com.br\/emfoco\/2024\/12\/31\/quais-servicos-essenciais-funcionarao-no-ano-novo\/","title":{"rendered":"Quais servi\u00e7os essenciais funcionar\u00e3o no Ano Novo?"},"content":{"rendered":"\n<p>O feriado de Ano Novo, celebrado em 1\u00ba de janeiro, provoca mudan\u00e7as significativas no funcionamento de <a href=\"https:\/\/www.em.com.br\/emfoco\/2024\/12\/30\/comunicado-para-todos-que-informam-o-cpf-ao-comprar-em-supermercados-entenda\/\" target=\"_blank\" rel=\"noreferrer noopener\">diversos <\/a>servi\u00e7os no Brasil. Esta data festiva altera hor\u00e1rios de opera\u00e7\u00e3o de bancos, institui\u00e7\u00f5es governamentais e outros servi\u00e7os essenciais, tendo impacto direto na rotina dos cidad\u00e3os. \u00c9 importante estar atento a essas modifica\u00e7\u00f5es para evitar transtornos.<\/p>\n\n\n\n<p>A Federa\u00e7\u00e3o Brasileira de Bancos (<a href=\"https:\/\/www.febraban.org.br\/\" target=\"_blank\" rel=\"noreferrer noopener\">Febraban<\/a>) confirma que as ag\u00eancias banc\u00e1rias estar\u00e3o fechadas no dia 1\u00ba de janeiro. Na v\u00e9spera, as atividades ser\u00e3o reduzidas, funcionando apenas das 9h \u00e0s 11h. Esta mudan\u00e7a significa que o \u00faltimo dia com expediente banc\u00e1rio completo ocorrer\u00e1 em 30 de dezembro do ano anterior. Os consumidores devem planejar suas transa\u00e7\u00f5es financeiras antecipadamente, especialmente porque contas de consumo com vencimento no feriado podem ser quitadas no pr\u00f3ximo dia \u00fatil sem incorrer em multas adicionais.<\/p>\n\n\n\n<h2 class=\"wp-block-heading\">Como Fica o Atendimento do INSS e dos Correios?<\/h2>\n\n\n\n<p>No caso do Instituto Nacional do Seguro Social (INSS), as ag\u00eancias estar\u00e3o abertas em hor\u00e1rio especial, das 7h \u00e0s 14h, no dia 31 de dezembro, enquanto permanecem fechadas no dia 1\u00ba de janeiro. Contudo, os segurados podem contar com o servi\u00e7o de atendimento eletr\u00f4nico dispon\u00edvel 24 horas na Central 135, al\u00e9m do site e aplicativo Meu INSS, que oferecem diversos servi\u00e7os online.<\/p>\n\n\n\n<p>As ag\u00eancias dos Correios seguir\u00e3o um cronograma semelhante, onde n\u00e3o haver\u00e1 atendimento nos dias 31 de dezembro e 1\u00ba de janeiro. A retomada das opera\u00e7\u00f5es normais est\u00e1 prevista para o dia 2 de janeiro. Apesar disso, os servi\u00e7os digitais dos Correios permanecem acess\u00edveis atrav\u00e9s do portal oficial e pela central de atendimento telef\u00f4nico, garantindo suporte adicional aos usu\u00e1rios.<\/p>\n\n\n<div class=\"wp-block-image\">\n<figure class=\"aligncenter size-large\"><img loading=\"lazy\" decoding=\"async\" width=\"1024\" height=\"576\" src=\"https:\/\/www.em.com.br\/emfoco\/wp-content\/uploads\/2024\/12\/Feriado_1734043273342-1024x576.jpg\" alt=\"\" class=\"wp-image-4648\" srcset=\"https:\/\/www.em.com.br\/emfoco\/wp-content\/uploads\/2024\/12\/Feriado_1734043273342-1024x576.jpg 1024w, https:\/\/www.em.com.br\/emfoco\/wp-content\/uploads\/2024\/12\/Feriado_1734043273342-300x169.jpg 300w, https:\/\/www.em.com.br\/emfoco\/wp-content\/uploads\/2024\/12\/Feriado_1734043273342-768x432.jpg 768w, https:\/\/www.em.com.br\/emfoco\/wp-content\/uploads\/2024\/12\/Feriado_1734043273342-750x422.jpg 750w, https:\/\/www.em.com.br\/emfoco\/wp-content\/uploads\/2024\/12\/Feriado_1734043273342-1140x641.jpg 1140w, https:\/\/www.em.com.br\/emfoco\/wp-content\/uploads\/2024\/12\/Feriado_1734043273342.jpg 1280w\" sizes=\"auto, (max-width: 1024px) 100vw, 1024px\" \/><figcaption class=\"wp-element-caption\">Feriado &#8211; Cr\u00e9ditos: depositphotos.com \/ ArturVerkhovetskiy<\/figcaption><\/figure><\/div>\n\n\n<h2 class=\"wp-block-heading\">Quais Servi\u00e7os Permanecer\u00e3o Ativos?<\/h2>\n\n\n\n<p>\u00c9 essencial lembrar que servi\u00e7os de sa\u00fade, como hospitais e farm\u00e1cias, continuar\u00e3o funcionando durante o feriado para atender emerg\u00eancias e outras necessidades da popula\u00e7\u00e3o. Essas institui\u00e7\u00f5es garantem o atendimento ininterrupto, proporcionando seguran\u00e7a e assist\u00eancia quando necess\u00e1rio.<\/p>\n\n\n\n<p>Para evitar surpresas, \u00e9 recomendado que os cidad\u00e3os verifiquem previamente os hor\u00e1rios de funcionamento de outros servi\u00e7os e estabelecimentos atrav\u00e9s de seus sites oficiais ou por contato telef\u00f4nico. Isso \u00e9 especialmente relevante para aqueles que planejam utilizar servi\u00e7os no \u00e2mbito de diferentes localidades, onde hor\u00e1rios podem variar significativamente.<\/p>\n\n\n\n<h2 class=\"wp-block-heading\">Como se Preparar para o Feriado?<\/h2>\n\n\n\n<p>Preparar-se com anteced\u00eancia \u00e9 crucial para evitar contratempos durante o feriado de Ano Novo. Recomenda-se que todos os compromissos financeiros, como pagamento de contas e obriga\u00e7\u00f5es, sejam resolvidos antes do fechamento dos bancos. Al\u00e9m disso, \u00e9 prudente confirmar o funcionamento de servi\u00e7os essenciais e planear quaisquer necessidades log\u00edsticas com base nos hor\u00e1rios reduzidos.<\/p>\n\n\n\n<p>Para informa\u00e7\u00f5es atualizadas, os cidad\u00e3os podem acessar as plataformas online dos servi\u00e7os ou entrar em contato diretamente por telefone. Manter-se informado sobre os hor\u00e1rios e as opera\u00e7\u00f5es destes servi\u00e7os pode garantir uma transi\u00e7\u00e3o tranquila para o novo ano, sem complica\u00e7\u00f5es inesperadas.<\/p>\n\n\n\n<h2 class=\"wp-block-heading\">Informa\u00e7\u00f5es Adicionais e Confirmados por Fontes Oficiais<\/h2>\n\n\n\n<p>Para mais detalhes ou para reportar quaisquer atualiza\u00e7\u00f5es ou corre\u00e7\u00f5es sobre o funcionamento dos servi\u00e7os durante o feriado, os cidad\u00e3os s\u00e3o incentivados a visitar as p\u00e1ginas oficiais dos \u00f3rg\u00e3os ou usar os canais de comunica\u00e7\u00e3o dispon\u00edveis. Fique atento \u00e0s not\u00edcias em tempo real para garantir o pleno conhecimento dos ajustes relacionados ao feriado de Ano Novo.<\/p>\n","protected":false},"excerpt":{"rendered":"<p>O feriado de Ano Novo, celebrado em 1\u00ba de janeiro, provoca mudan\u00e7as significativas no funcionamento de diversos servi\u00e7os no Brasil. Esta data festiva altera hor\u00e1rios de opera\u00e7\u00e3o de bancos, institui\u00e7\u00f5es governamentais e outros servi\u00e7os essenciais, tendo impacto direto na rotina dos cidad\u00e3os. \u00c9 importante estar atento a essas modifica\u00e7\u00f5es para evitar transtornos. A Federa\u00e7\u00e3o Brasileira [&hellip;]<\/p>\n","protected":false},"author":7,"featured_media":3897,"comment_status":"open","ping_status":"open","sticky":false,"template":"","format":"standard","meta":{"jnews-multi-image_gallery":[],"jnews_single_post":{"format":"standard"},"jnews_primary_category":[],"jnews_social_meta":[],"jnews_override_counter":[],"footnotes":""},"categories":[26],"tags":[2693,1152,2050,263,2692,174],"class_list":["post-7722","post","type-post","status-publish","format-standard","has-post-thumbnail","hentry","category-cidades","tag-agencias-bancarias","tag-ano-novo","tag-correios","tag-feriado","tag-horario-de-funcionamento","tag-inss"],"yoast_head":"<!-- This site is optimized with the Yoast SEO plugin v23.8 - https:\/\/yoast.com\/wordpress\/plugins\/seo\/ -->\n<title>Quais servi\u00e7os essenciais funcionar\u00e3o no Ano Novo? - Estado de Minas - Em foco<\/title>\n<meta name=\"description\" content=\"Fique atento \u00e0s altera\u00e7\u00f5es nos servi\u00e7os dispon\u00edveis durante o feriado de Ano Novo no Brasil.\" \/>\n<meta name=\"robots\" content=\"index, follow, max-snippet:-1, max-image-preview:large, max-video-preview:-1\" \/>\n<link rel=\"canonical\" href=\"https:\/\/www.em.com.br\/emfoco\/2024\/12\/31\/quais-servicos-essenciais-funcionarao-no-ano-novo\/\" \/>\n<meta property=\"og:locale\" content=\"pt_BR\" \/>\n<meta property=\"og:type\" content=\"article\" \/>\n<meta property=\"og:title\" content=\"Quais servi\u00e7os essenciais funcionar\u00e3o no Ano Novo? - Estado de Minas - Em foco\" \/>\n<meta property=\"og:description\" content=\"Fique atento \u00e0s altera\u00e7\u00f5es nos servi\u00e7os dispon\u00edveis durante o feriado de Ano Novo no Brasil.\" \/>\n<meta property=\"og:url\" content=\"https:\/\/www.em.com.br\/emfoco\/2024\/12\/31\/quais-servicos-essenciais-funcionarao-no-ano-novo\/\" \/>\n<meta property=\"og:site_name\" content=\"Estado de Minas - Em foco\" \/>\n<meta property=\"article:published_time\" content=\"2024-12-31T14:20:00+00:00\" \/>\n<meta property=\"article:modified_time\" content=\"2024-12-31T00:38:37+00:00\" \/>\n<meta property=\"og:image\" content=\"https:\/\/www.em.com.br\/emfoco\/wp-content\/uploads\/2024\/12\/holiday-calendar_1733707224910.jpg\" \/>\n\t<meta property=\"og:image:width\" content=\"1280\" \/>\n\t<meta property=\"og:image:height\" content=\"720\" \/>\n\t<meta property=\"og:image:type\" content=\"image\/jpeg\" \/>\n<meta name=\"author\" content=\"Kelvin\" \/>\n<meta name=\"twitter:card\" content=\"summary_large_image\" \/>\n<meta name=\"twitter:label1\" content=\"Escrito por\" \/>\n\t<meta name=\"twitter:data1\" content=\"Kelvin\" \/>\n\t<meta name=\"twitter:label2\" content=\"Est. tempo de leitura\" \/>\n\t<meta name=\"twitter:data2\" content=\"4 minutos\" \/>\n<!-- \/ Yoast SEO plugin. -->","yoast_head_json":{"title":"Quais servi\u00e7os essenciais funcionar\u00e3o no Ano Novo? - Estado de Minas - Em foco","description":"Fique atento \u00e0s altera\u00e7\u00f5es nos servi\u00e7os dispon\u00edveis durante o feriado de Ano Novo no Brasil.","robots":{"index":"index","follow":"follow","max-snippet":"max-snippet:-1","max-image-preview":"max-image-preview:large","max-video-preview":"max-video-preview:-1"},"canonical":"https:\/\/www.em.com.br\/emfoco\/2024\/12\/31\/quais-servicos-essenciais-funcionarao-no-ano-novo\/","og_locale":"pt_BR","og_type":"article","og_title":"Quais servi\u00e7os essenciais funcionar\u00e3o no Ano Novo? - Estado de Minas - Em foco","og_description":"Fique atento \u00e0s altera\u00e7\u00f5es nos servi\u00e7os dispon\u00edveis durante o feriado de Ano Novo no Brasil.","og_url":"https:\/\/www.em.com.br\/emfoco\/2024\/12\/31\/quais-servicos-essenciais-funcionarao-no-ano-novo\/","og_site_name":"Estado de Minas - Em foco","article_published_time":"2024-12-31T14:20:00+00:00","article_modified_time":"2024-12-31T00:38:37+00:00","og_image":[{"width":1280,"height":720,"url":"https:\/\/www.em.com.br\/emfoco\/wp-content\/uploads\/2024\/12\/holiday-calendar_1733707224910.jpg","type":"image\/jpeg"}],"author":"Kelvin","twitter_card":"summary_large_image","twitter_misc":{"Escrito por":"Kelvin","Est. tempo de leitura":"4 minutos"},"schema":{"@context":"https:\/\/schema.org","@graph":[{"@type":"WebPage","@id":"https:\/\/www.em.com.br\/emfoco\/2024\/12\/31\/quais-servicos-essenciais-funcionarao-no-ano-novo\/","url":"https:\/\/www.em.com.br\/emfoco\/2024\/12\/31\/quais-servicos-essenciais-funcionarao-no-ano-novo\/","name":"Quais servi\u00e7os essenciais funcionar\u00e3o no Ano Novo? - Estado de Minas - Em foco","isPartOf":{"@id":"https:\/\/www.em.com.br\/emfoco\/#website"},"primaryImageOfPage":{"@id":"https:\/\/www.em.com.br\/emfoco\/2024\/12\/31\/quais-servicos-essenciais-funcionarao-no-ano-novo\/#primaryimage"},"image":{"@id":"https:\/\/www.em.com.br\/emfoco\/2024\/12\/31\/quais-servicos-essenciais-funcionarao-no-ano-novo\/#primaryimage"},"thumbnailUrl":"https:\/\/www.em.com.br\/emfoco\/wp-content\/uploads\/2024\/12\/holiday-calendar_1733707224910.jpg","datePublished":"2024-12-31T14:20:00+00:00","dateModified":"2024-12-31T00:38:37+00:00","author":{"@id":"https:\/\/www.em.com.br\/emfoco\/#\/schema\/person\/fb0a7f48c6fbb94b83f413a80f61917d"},"description":"Fique atento \u00e0s altera\u00e7\u00f5es nos servi\u00e7os dispon\u00edveis durante o feriado de Ano Novo no Brasil.","breadcrumb":{"@id":"https:\/\/www.em.com.br\/emfoco\/2024\/12\/31\/quais-servicos-essenciais-funcionarao-no-ano-novo\/#breadcrumb"},"inLanguage":"pt-BR","potentialAction":[{"@type":"ReadAction","target":["https:\/\/www.em.com.br\/emfoco\/2024\/12\/31\/quais-servicos-essenciais-funcionarao-no-ano-novo\/"]}]},{"@type":"ImageObject","inLanguage":"pt-BR","@id":"https:\/\/www.em.com.br\/emfoco\/2024\/12\/31\/quais-servicos-essenciais-funcionarao-no-ano-novo\/#primaryimage","url":"https:\/\/www.em.com.br\/emfoco\/wp-content\/uploads\/2024\/12\/holiday-calendar_1733707224910.jpg","contentUrl":"https:\/\/www.em.com.br\/emfoco\/wp-content\/uploads\/2024\/12\/holiday-calendar_1733707224910.jpg","width":1280,"height":720,"caption":"Feriado decretado na pr\u00f3xima segunda-feira (26\/05) e brasileiros fazem festa Calendario Feriado - Cr\u00e9ditos: depositphotos.com \/ BrianAJackson"},{"@type":"BreadcrumbList","@id":"https:\/\/www.em.com.br\/emfoco\/2024\/12\/31\/quais-servicos-essenciais-funcionarao-no-ano-novo\/#breadcrumb","itemListElement":[{"@type":"ListItem","position":1,"name":"In\u00edcio","item":"https:\/\/www.em.com.br\/emfoco\/"},{"@type":"ListItem","position":2,"name":"Quais servi\u00e7os essenciais funcionar\u00e3o no Ano Novo?"}]},{"@type":"WebSite","@id":"https:\/\/www.em.com.br\/emfoco\/#website","url":"https:\/\/www.em.com.br\/emfoco\/","name":"Estado de Minas - Em foco","description":"Acompanhe as \u00faltimas not\u00edcias e fique bem informado sobre tudo o que acontece em Minas Gerais, Brasil e no mundo.","potentialAction":[{"@type":"SearchAction","target":{"@type":"EntryPoint","urlTemplate":"https:\/\/www.em.com.br\/emfoco\/?s={search_term_string}"},"query-input":{"@type":"PropertyValueSpecification","valueRequired":true,"valueName":"search_term_string"}}],"inLanguage":"pt-BR"},{"@type":"Person","@id":"https:\/\/www.em.com.br\/emfoco\/#\/schema\/person\/fb0a7f48c6fbb94b83f413a80f61917d","name":"Kelvin","image":{"@type":"ImageObject","inLanguage":"pt-BR","@id":"https:\/\/www.em.com.br\/emfoco\/#\/schema\/person\/image\/","url":"https:\/\/secure.gravatar.com\/avatar\/e74f84337e6bf6c4c5e88fbdffa05270?s=96&d=mm&r=g","contentUrl":"https:\/\/secure.gravatar.com\/avatar\/e74f84337e6bf6c4c5e88fbdffa05270?s=96&d=mm&r=g","caption":"Kelvin"},"sameAs":["https:\/\/www.em.com.br\/emfoco"],"url":"https:\/\/www.em.com.br\/emfoco\/author\/kelvinmyth\/"}]}},"_links":{"self":[{"href":"https:\/\/www.em.com.br\/emfoco\/wp-json\/wp\/v2\/posts\/7722","targetHints":{"allow":["GET"]}}],"collection":[{"href":"https:\/\/www.em.com.br\/emfoco\/wp-json\/wp\/v2\/posts"}],"about":[{"href":"https:\/\/www.em.com.br\/emfoco\/wp-json\/wp\/v2\/types\/post"}],"author":[{"embeddable":true,"href":"https:\/\/www.em.com.br\/emfoco\/wp-json\/wp\/v2\/users\/7"}],"replies":[{"embeddable":true,"href":"https:\/\/www.em.com.br\/emfoco\/wp-json\/wp\/v2\/comments?post=7722"}],"version-history":[{"count":2,"href":"https:\/\/www.em.com.br\/emfoco\/wp-json\/wp\/v2\/posts\/7722\/revisions"}],"predecessor-version":[{"id":7725,"href":"https:\/\/www.em.com.br\/emfoco\/wp-json\/wp\/v2\/posts\/7722\/revisions\/7725"}],"wp:featuredmedia":[{"embeddable":true,"href":"https:\/\/www.em.com.br\/emfoco\/wp-json\/wp\/v2\/media\/3897"}],"wp:attachment":[{"href":"https:\/\/www.em.com.br\/emfoco\/wp-json\/wp\/v2\/media?parent=7722"}],"wp:term":[{"taxonomy":"category","embeddable":true,"href":"https:\/\/www.em.com.br\/emfoco\/wp-json\/wp\/v2\/categories?post=7722"},{"taxonomy":"post_tag","embeddable":true,"href":"https:\/\/www.em.com.br\/emfoco\/wp-json\/wp\/v2\/tags?post=7722"}],"curies":[{"name":"wp","href":"https:\/\/api.w.org\/{rel}","templated":true}]}}