{"id":77161,"date":"2025-07-17T20:40:00","date_gmt":"2025-07-17T23:40:00","guid":{"rendered":"https:\/\/www.em.com.br\/emfoco\/?p=77161"},"modified":"2025-07-16T18:49:48","modified_gmt":"2025-07-16T21:49:48","slug":"melhores-estrategias-para-manter-a-lombar-livre-de-espasmos-e-dores","status":"publish","type":"post","link":"https:\/\/www.em.com.br\/emfoco\/2025\/07\/17\/melhores-estrategias-para-manter-a-lombar-livre-de-espasmos-e-dores\/","title":{"rendered":"Melhores estrat\u00e9gias para manter a lombar livre de espasmos e dores"},"content":{"rendered":"\n<p>Situa\u00e7\u00f5es de desconforto muscular na parte baixa das costas s\u00e3o frequentemente relatadas por quem mant\u00e9m jornada intensa ou adota comportamentos sedent\u00e1rios. Em 2025, epis\u00f3dios de espasmo muscular lombar seguem interferindo na mobilidade e independ\u00eancia de adultos e idosos, tornando-se um dos desafios mais comuns da sa\u00fade musculoesquel\u00e9tica. Essas crises ocorrem repentinamente e podem ser desencadeadas por situa\u00e7\u00f5es simples, como movimentos corriqueiros, posturas inadequadas ou per\u00edodos prolongados em uma s\u00f3 posi\u00e7\u00e3o, como explica a <a href=\"https:\/\/clinicaavanttos.com.br\/espasmos-na-regiao-lombar-saiba-como-aliviar-a-dor\/\" target=\"_blank\" rel=\"noreferrer noopener\">Cl\u00ednica Avanttos.<\/a><\/p>\n\n\n\n<p>Nesses epis\u00f3dios, \u00e9 comum a presen\u00e7a de dor aguda ou sensa\u00e7\u00e3o de enrijecimento nos m\u00fasculos da lombar, dificultando tarefas simples como trocar de posi\u00e7\u00e3o na cama ou agachar para pegar objetos. Em alguns casos, mesmo pequenos esfor\u00e7os tornam-se grandes desafios, pois a musculatura envolvida n\u00e3o consegue relaxar sem interven\u00e7\u00e3o. Compreender as causas e saber como agir s\u00e3o passos importantes para manter a funcionalidade e prevenir afastamentos das atividades cotidianas.<\/p>\n\n\n\n<h2 class=\"wp-block-heading\">Como acontecem os espasmos musculares lombares?<\/h2>\n\n\n\n<p>As contra\u00e7\u00f5es involunt\u00e1rias dos m\u00fasculos da lombar ocorrem de modo s\u00fabito, fazendo com que a regi\u00e3o apresente uma rigidez que pode variar de intensidade. Geralmente, o espasmo \u00e9 consequ\u00eancia de uma sobrecarga tempor\u00e1ria, que for\u00e7a as fibras musculares al\u00e9m do seu limite normal, levando ao \u201ctravamento\u201d parcial ou total do movimento. A intensidade do desconforto \u00e9 vari\u00e1vel, e nem sempre est\u00e1 relacionada \u00e0 gravidade da causa inicial.<\/p>\n\n\n\n<p>Esses epis\u00f3dios costumam ser tempor\u00e1rios, mas quando reaparecem com frequ\u00eancia, indicam que existe algo no cotidiano favorecendo a sobrecarga. Muitas vezes, n\u00e3o h\u00e1 sinal de les\u00e3o grave, mas a restri\u00e7\u00e3o das atividades e a sensa\u00e7\u00e3o de incapacidade levam muitas pessoas a buscar atendimento m\u00e9dico ou fisioterap\u00eautico.<\/p>\n\n\n\n<h2 class=\"wp-block-heading\">Quais situa\u00e7\u00f5es aumentam o risco do espasmo lombar?<\/h2>\n\n\n\n<p>Entre os fatores mais comuns que favorecem a tens\u00e3o muscular e o surgimento de espasmos, destacam-se caracter\u00edsticas da rotina moderna e particularidades individuais. Longos per\u00edodos em frente ao computador, m\u00e1 adapta\u00e7\u00e3o de cadeiras, colch\u00f5es antigos ou postos inadequados de trabalho s\u00e3o exemplos de situa\u00e7\u00f5es que aumentam a vulnerabilidade das costas.<\/p>\n\n\n\n<ul class=\"wp-block-list\">\n<li><strong>Falta de atividade f\u00edsica regular:<\/strong> A aus\u00eancia de exerc\u00edcios compromete o t\u00f4nus e a resist\u00eancia dos m\u00fasculos de suporte da coluna.<\/li>\n\n\n\n<li><strong>Execu\u00e7\u00e3o errada de movimentos repetitivos<\/strong> no home office ou lazer, sem pausas e com movimentos intensos n\u00e3o supervisionados.<\/li>\n\n\n\n<li><strong>Levantamento de objetos pesados:<\/strong> O ato de erguer peso sem t\u00e9cnica correta exige esfor\u00e7o excessivo da regi\u00e3o lombar.<\/li>\n\n\n\n<li><strong>Altera\u00e7\u00f5es emocionais, estresse ou ansiedade:<\/strong> N\u00edveis elevados de tens\u00e3o emocional favorecem contra\u00e7\u00f5es musculares involunt\u00e1rias, especialmente ap\u00f3s dias agitados ou noites mal dormidas.<\/li>\n<\/ul>\n\n\n\n<p>O processo de envelhecimento natural tamb\u00e9m pode tornar a regi\u00e3o menos flex\u00edvel, facilitando o aparecimento das crises de tens\u00e3o muscular. Isso n\u00e3o significa, no entanto, que esses epis\u00f3dios estejam restritos apenas \u00e0 terceira idade, pois pessoas jovens tamb\u00e9m s\u00e3o afetadas quando expostas a situa\u00e7\u00f5es de risco.<\/p>\n\n\n\n<h2 class=\"wp-block-heading\">Qual o papel dos alongamentos e do cuidado di\u00e1rio na lombalgia?<\/h2>\n\n\n\n<p>\u00c9 poss\u00edvel controlar e evitar grande parte dos espasmos musculares lombares com medidas simples, baseadas em <a href=\"https:\/\/www.em.com.br\/emfoco\/2025\/07\/16\/rigidez-articular-virou-alerta-entre-especialistas\/\" target=\"_blank\" rel=\"noreferrer noopener\">preven\u00e7\u00e3o<\/a> e autocuidado. Alongamentos suaves, executados com regularidade, s\u00e3o recursos eficazes para promover o relaxamento das fibras musculares e manter a flexibilidade da regi\u00e3o das costas. Movimentos como flexionar os joelhos deitado, realizar rota\u00e7\u00f5es do tronco ou adotar posturas alternadas em quatro apoios colaboram para a redu\u00e7\u00e3o da dor e promo\u00e7\u00e3o do bem-estar.<\/p>\n\n\n\n<ol class=\"wp-block-list\">\n<li>Reserve alguns minutos do dia para alongar a regi\u00e3o lombar e dos gl\u00fateos, respeitando o limite de desconforto.<\/li>\n\n\n\n<li>Evite movimentos bruscos ao levantar peso, preferindo t\u00e9cnicas que utilizem a for\u00e7a das pernas, n\u00e3o das costas.<\/li>\n\n\n\n<li>Fa\u00e7a pausas durante per\u00edodos prolongados sentado, caminhando ou mudando de posi\u00e7\u00e3o a cada hora.<\/li>\n<\/ol>\n\n\n\n<p>Al\u00e9m disso, manter uma postura adequada ao sentar ou carregar objetos e investir em atividades f\u00edsicas adaptadas \u00e0s necessidades pessoais s\u00e3o atitudes que diminuem expressivamente a recorr\u00eancia dos espasmos.<\/p>\n\n\n<div class=\"wp-block-image\">\n<figure class=\"aligncenter size-large\"><img loading=\"lazy\" decoding=\"async\" width=\"1024\" height=\"576\" src=\"https:\/\/www.em.com.br\/emfoco\/wp-content\/uploads\/2025\/07\/lombar-dor_1752702539722-1024x576.jpg\" alt=\"Melhores estrat\u00e9gias para manter a lombar livre de espasmos e dores\" class=\"wp-image-77164\" srcset=\"https:\/\/www.em.com.br\/emfoco\/wp-content\/uploads\/2025\/07\/lombar-dor_1752702539722-1024x576.jpg 1024w, https:\/\/www.em.com.br\/emfoco\/wp-content\/uploads\/2025\/07\/lombar-dor_1752702539722-300x169.jpg 300w, https:\/\/www.em.com.br\/emfoco\/wp-content\/uploads\/2025\/07\/lombar-dor_1752702539722-768x432.jpg 768w, https:\/\/www.em.com.br\/emfoco\/wp-content\/uploads\/2025\/07\/lombar-dor_1752702539722-750x422.jpg 750w, https:\/\/www.em.com.br\/emfoco\/wp-content\/uploads\/2025\/07\/lombar-dor_1752702539722-1140x641.jpg 1140w, https:\/\/www.em.com.br\/emfoco\/wp-content\/uploads\/2025\/07\/lombar-dor_1752702539722.jpg 1280w\" sizes=\"auto, (max-width: 1024px) 100vw, 1024px\" \/><figcaption class=\"wp-element-caption\">Lombar (Cr\u00e9ditos: depositphotos.com \/ AndrewLozovyi)<\/figcaption><\/figure><\/div>\n\n\n<h2 class=\"wp-block-heading\">Quando procurar atendimento especializado?<\/h2>\n\n\n\n<p>Embora muitos epis\u00f3dios sejam autolimitados, h\u00e1 situa\u00e7\u00f5es que exigem avalia\u00e7\u00e3o m\u00e9dica imediata. Sinais de alerta incluem dores intensas que n\u00e3o melhoram com repouso ou analg\u00e9sicos leves, presen\u00e7a de formigamento, altera\u00e7\u00e3o de for\u00e7a ou sensibilidade nas pernas, ou qualquer indicativo de perda de controle dos esf\u00edncteres urin\u00e1rios ou intestinais.<\/p>\n\n\n\n<p>A orienta\u00e7\u00e3o de um fisioterapeuta ou ortopedista \u00e9 fundamental para detec\u00e7\u00e3o de causas que exigem interven\u00e7\u00e3o espec\u00edfica, garantindo a escolha do tratamento mais seguro. O acompanhamento profissional tamb\u00e9m \u00e9 essencial para pessoas que apresentam espasmos frequentes ou que praticam atividades com alto risco para a coluna, como levantamento de peso ou esportes de impacto.<\/p>\n\n\n\n<h2 class=\"wp-block-heading\">Como criar uma rotina protetora da regi\u00e3o lombar?<\/h2>\n\n\n\n<p>Pequenas mudan\u00e7as de comportamento s\u00e3o decisivas para manter a sa\u00fade da lombar ao longo dos anos. Adotar um ambiente de trabalho bem estruturado, com cadeira e mesa ergon\u00f4micas, faz parte de uma rotina protetora. Alternar posi\u00e7\u00f5es ao longo do dia, evitar permanecer longos per\u00edodos na mesma postura e utilizar acess\u00f3rios adequados para computador tamb\u00e9m previnem sobrecargas musculares indesejadas. Confira algumas dicas pr\u00e1ticas:<\/p>\n\n\n\n<ul class=\"wp-block-list\">\n<li>Criar intervalos frequentes para alongamento durante o trabalho;<\/li>\n\n\n\n<li>Optar por colch\u00f5es e travesseiros que mantenham o alinhamento da coluna;<\/li>\n\n\n\n<li>Desenvolver a musculatura do core, essencial para sustenta\u00e7\u00e3o lombar;<\/li>\n\n\n\n<li>Reduzir o estresse com t\u00e9cnicas de respira\u00e7\u00e3o ou atividades de lazer relaxantes;<\/li>\n\n\n\n<li>Planejar a carga e a t\u00e9cnica ao realizar tarefas como faxina ou mudan\u00e7as residenciais.<\/li>\n<\/ul>\n\n\n\n<p>Ao investir em preven\u00e7\u00e3o e reconhecer os sinais de alerta, \u00e9 poss\u00edvel diminuir consideravelmente o impacto dos espasmos na regi\u00e3o lombar, garantindo mais autonomia nas tarefas do cotidiano e redu\u00e7\u00e3o dos afastamentos provocados por esse desconforto m\u00fasculo-articular.<\/p>\n","protected":false},"excerpt":{"rendered":"<p>Situa\u00e7\u00f5es de desconforto muscular na parte baixa das costas s\u00e3o frequentemente relatadas por quem mant\u00e9m jornada intensa ou adota comportamentos sedent\u00e1rios. Em 2025, epis\u00f3dios de espasmo muscular lombar seguem interferindo na mobilidade e independ\u00eancia de adultos e idosos, tornando-se um dos desafios mais comuns da sa\u00fade musculoesquel\u00e9tica. Essas crises ocorrem repentinamente e podem ser desencadeadas [&hellip;]<\/p>\n","protected":false},"author":10,"featured_media":77163,"comment_status":"open","ping_status":"open","sticky":false,"template":"","format":"standard","meta":{"jnews-multi-image_gallery":[],"jnews_single_post":{"format":"standard"},"jnews_primary_category":[],"jnews_social_meta":[],"jnews_override_counter":[],"footnotes":""},"categories":[9053],"tags":[9688,12313,10598],"class_list":["post-77161","post","type-post","status-publish","format-standard","has-post-thumbnail","hentry","category-saude","tag-dores","tag-espasmos","tag-lombar"],"yoast_head":"<!-- This site is optimized with the Yoast SEO plugin v23.8 - https:\/\/yoast.com\/wordpress\/plugins\/seo\/ -->\n<title>Melhores estrat\u00e9gias para manter a lombar livre de espasmos e dores - Estado de Minas - Em foco<\/title>\n<meta name=\"description\" content=\"Dores na lombar s\u00e3o comuns, mas podem ser prevenidas com pequenas mudan\u00e7as no dia a dia. Conhe\u00e7a os sinais de alerta!\" \/>\n<meta name=\"robots\" content=\"index, follow, max-snippet:-1, max-image-preview:large, max-video-preview:-1\" \/>\n<link rel=\"canonical\" href=\"https:\/\/www.em.com.br\/emfoco\/2025\/07\/17\/melhores-estrategias-para-manter-a-lombar-livre-de-espasmos-e-dores\/\" \/>\n<meta property=\"og:locale\" content=\"pt_BR\" \/>\n<meta property=\"og:type\" content=\"article\" \/>\n<meta property=\"og:title\" content=\"Melhores estrat\u00e9gias para manter a lombar livre de espasmos e dores - Estado de Minas - Em foco\" \/>\n<meta property=\"og:description\" content=\"Dores na lombar s\u00e3o comuns, mas podem ser prevenidas com pequenas mudan\u00e7as no dia a dia. Conhe\u00e7a os sinais de alerta!\" \/>\n<meta property=\"og:url\" content=\"https:\/\/www.em.com.br\/emfoco\/2025\/07\/17\/melhores-estrategias-para-manter-a-lombar-livre-de-espasmos-e-dores\/\" \/>\n<meta property=\"og:site_name\" content=\"Estado de Minas - Em foco\" \/>\n<meta property=\"article:published_time\" content=\"2025-07-17T23:40:00+00:00\" \/>\n<meta property=\"article:modified_time\" content=\"2025-07-16T21:49:48+00:00\" \/>\n<meta property=\"og:image\" content=\"https:\/\/www.em.com.br\/emfoco\/wp-content\/uploads\/2025\/07\/lombar-dor_1752702505591.jpg\" \/>\n\t<meta property=\"og:image:width\" content=\"1280\" \/>\n\t<meta property=\"og:image:height\" content=\"720\" \/>\n\t<meta property=\"og:image:type\" content=\"image\/jpeg\" \/>\n<meta name=\"author\" content=\"Patryck Reinehr\" \/>\n<meta name=\"twitter:card\" content=\"summary_large_image\" \/>\n<meta name=\"twitter:label1\" content=\"Escrito por\" \/>\n\t<meta name=\"twitter:data1\" content=\"Patryck Reinehr\" \/>\n\t<meta name=\"twitter:label2\" content=\"Est. tempo de leitura\" \/>\n\t<meta name=\"twitter:data2\" content=\"6 minutos\" \/>\n<!-- \/ Yoast SEO plugin. -->","yoast_head_json":{"title":"Melhores estrat\u00e9gias para manter a lombar livre de espasmos e dores - Estado de Minas - Em foco","description":"Dores na lombar s\u00e3o comuns, mas podem ser prevenidas com pequenas mudan\u00e7as no dia a dia. Conhe\u00e7a os sinais de alerta!","robots":{"index":"index","follow":"follow","max-snippet":"max-snippet:-1","max-image-preview":"max-image-preview:large","max-video-preview":"max-video-preview:-1"},"canonical":"https:\/\/www.em.com.br\/emfoco\/2025\/07\/17\/melhores-estrategias-para-manter-a-lombar-livre-de-espasmos-e-dores\/","og_locale":"pt_BR","og_type":"article","og_title":"Melhores estrat\u00e9gias para manter a lombar livre de espasmos e dores - Estado de Minas - Em foco","og_description":"Dores na lombar s\u00e3o comuns, mas podem ser prevenidas com pequenas mudan\u00e7as no dia a dia. Conhe\u00e7a os sinais de alerta!","og_url":"https:\/\/www.em.com.br\/emfoco\/2025\/07\/17\/melhores-estrategias-para-manter-a-lombar-livre-de-espasmos-e-dores\/","og_site_name":"Estado de Minas - Em foco","article_published_time":"2025-07-17T23:40:00+00:00","article_modified_time":"2025-07-16T21:49:48+00:00","og_image":[{"width":1280,"height":720,"url":"https:\/\/www.em.com.br\/emfoco\/wp-content\/uploads\/2025\/07\/lombar-dor_1752702505591.jpg","type":"image\/jpeg"}],"author":"Patryck Reinehr","twitter_card":"summary_large_image","twitter_misc":{"Escrito por":"Patryck Reinehr","Est. tempo de leitura":"6 minutos"},"schema":{"@context":"https:\/\/schema.org","@graph":[{"@type":"WebPage","@id":"https:\/\/www.em.com.br\/emfoco\/2025\/07\/17\/melhores-estrategias-para-manter-a-lombar-livre-de-espasmos-e-dores\/","url":"https:\/\/www.em.com.br\/emfoco\/2025\/07\/17\/melhores-estrategias-para-manter-a-lombar-livre-de-espasmos-e-dores\/","name":"Melhores estrat\u00e9gias para manter a lombar livre de espasmos e dores - Estado de Minas - Em foco","isPartOf":{"@id":"https:\/\/www.em.com.br\/emfoco\/#website"},"primaryImageOfPage":{"@id":"https:\/\/www.em.com.br\/emfoco\/2025\/07\/17\/melhores-estrategias-para-manter-a-lombar-livre-de-espasmos-e-dores\/#primaryimage"},"image":{"@id":"https:\/\/www.em.com.br\/emfoco\/2025\/07\/17\/melhores-estrategias-para-manter-a-lombar-livre-de-espasmos-e-dores\/#primaryimage"},"thumbnailUrl":"https:\/\/www.em.com.br\/emfoco\/wp-content\/uploads\/2025\/07\/lombar-dor_1752702505591.jpg","datePublished":"2025-07-17T23:40:00+00:00","dateModified":"2025-07-16T21:49:48+00:00","author":{"@id":"https:\/\/www.em.com.br\/emfoco\/#\/schema\/person\/43407752bebcbbb4d0ec79deedc0d7ce"},"description":"Dores na lombar s\u00e3o comuns, mas podem ser prevenidas com pequenas mudan\u00e7as no dia a dia. Conhe\u00e7a os sinais de alerta!","breadcrumb":{"@id":"https:\/\/www.em.com.br\/emfoco\/2025\/07\/17\/melhores-estrategias-para-manter-a-lombar-livre-de-espasmos-e-dores\/#breadcrumb"},"inLanguage":"pt-BR","potentialAction":[{"@type":"ReadAction","target":["https:\/\/www.em.com.br\/emfoco\/2025\/07\/17\/melhores-estrategias-para-manter-a-lombar-livre-de-espasmos-e-dores\/"]}]},{"@type":"ImageObject","inLanguage":"pt-BR","@id":"https:\/\/www.em.com.br\/emfoco\/2025\/07\/17\/melhores-estrategias-para-manter-a-lombar-livre-de-espasmos-e-dores\/#primaryimage","url":"https:\/\/www.em.com.br\/emfoco\/wp-content\/uploads\/2025\/07\/lombar-dor_1752702505591.jpg","contentUrl":"https:\/\/www.em.com.br\/emfoco\/wp-content\/uploads\/2025\/07\/lombar-dor_1752702505591.jpg","width":1280,"height":720,"caption":"Dores na lombar (Cr\u00e9ditos: depositphotos.com \/ AllaSerebrina)"},{"@type":"BreadcrumbList","@id":"https:\/\/www.em.com.br\/emfoco\/2025\/07\/17\/melhores-estrategias-para-manter-a-lombar-livre-de-espasmos-e-dores\/#breadcrumb","itemListElement":[{"@type":"ListItem","position":1,"name":"In\u00edcio","item":"https:\/\/www.em.com.br\/emfoco\/"},{"@type":"ListItem","position":2,"name":"Melhores estrat\u00e9gias para manter a lombar livre de espasmos e dores"}]},{"@type":"WebSite","@id":"https:\/\/www.em.com.br\/emfoco\/#website","url":"https:\/\/www.em.com.br\/emfoco\/","name":"Estado de Minas - Em foco","description":"Acompanhe as \u00faltimas not\u00edcias e fique bem informado sobre tudo o que acontece em Minas Gerais, Brasil e no mundo.","potentialAction":[{"@type":"SearchAction","target":{"@type":"EntryPoint","urlTemplate":"https:\/\/www.em.com.br\/emfoco\/?s={search_term_string}"},"query-input":{"@type":"PropertyValueSpecification","valueRequired":true,"valueName":"search_term_string"}}],"inLanguage":"pt-BR"},{"@type":"Person","@id":"https:\/\/www.em.com.br\/emfoco\/#\/schema\/person\/43407752bebcbbb4d0ec79deedc0d7ce","name":"Patryck Reinehr","image":{"@type":"ImageObject","inLanguage":"pt-BR","@id":"https:\/\/www.em.com.br\/emfoco\/#\/schema\/person\/image\/","url":"https:\/\/secure.gravatar.com\/avatar\/570c7fb2898c0e2df0823196891bea88?s=96&d=mm&r=g","contentUrl":"https:\/\/secure.gravatar.com\/avatar\/570c7fb2898c0e2df0823196891bea88?s=96&d=mm&r=g","caption":"Patryck Reinehr"},"url":"https:\/\/www.em.com.br\/emfoco\/author\/patryckmyth\/"}]}},"_links":{"self":[{"href":"https:\/\/www.em.com.br\/emfoco\/wp-json\/wp\/v2\/posts\/77161","targetHints":{"allow":["GET"]}}],"collection":[{"href":"https:\/\/www.em.com.br\/emfoco\/wp-json\/wp\/v2\/posts"}],"about":[{"href":"https:\/\/www.em.com.br\/emfoco\/wp-json\/wp\/v2\/types\/post"}],"author":[{"embeddable":true,"href":"https:\/\/www.em.com.br\/emfoco\/wp-json\/wp\/v2\/users\/10"}],"replies":[{"embeddable":true,"href":"https:\/\/www.em.com.br\/emfoco\/wp-json\/wp\/v2\/comments?post=77161"}],"version-history":[{"count":1,"href":"https:\/\/www.em.com.br\/emfoco\/wp-json\/wp\/v2\/posts\/77161\/revisions"}],"predecessor-version":[{"id":77165,"href":"https:\/\/www.em.com.br\/emfoco\/wp-json\/wp\/v2\/posts\/77161\/revisions\/77165"}],"wp:featuredmedia":[{"embeddable":true,"href":"https:\/\/www.em.com.br\/emfoco\/wp-json\/wp\/v2\/media\/77163"}],"wp:attachment":[{"href":"https:\/\/www.em.com.br\/emfoco\/wp-json\/wp\/v2\/media?parent=77161"}],"wp:term":[{"taxonomy":"category","embeddable":true,"href":"https:\/\/www.em.com.br\/emfoco\/wp-json\/wp\/v2\/categories?post=77161"},{"taxonomy":"post_tag","embeddable":true,"href":"https:\/\/www.em.com.br\/emfoco\/wp-json\/wp\/v2\/tags?post=77161"}],"curies":[{"name":"wp","href":"https:\/\/api.w.org\/{rel}","templated":true}]}}