{"id":7709,"date":"2024-12-31T09:20:00","date_gmt":"2024-12-31T12:20:00","guid":{"rendered":"https:\/\/www.em.com.br\/emfoco\/?p=7709"},"modified":"2024-12-30T21:21:28","modified_gmt":"2024-12-31T00:21:28","slug":"seguro-desemprego-amigo-ou-inimigo-da-sua-conta-bancaria","status":"publish","type":"post","link":"https:\/\/www.em.com.br\/emfoco\/2024\/12\/31\/seguro-desemprego-amigo-ou-inimigo-da-sua-conta-bancaria\/","title":{"rendered":"Seguro-desemprego: amigo ou inimigo da sua conta banc\u00e1ria?"},"content":{"rendered":"\n<p>Em 2025, trabalhadores dispensados sem justa causa podem contar com um aux\u00edlio financeiro <a href=\"https:\/\/www.em.com.br\/emfoco\/2024\/12\/28\/trabalho-temporario-uma-porta-para-novas-oportunidades-ou-um-beco-sem-saida\/\" target=\"_blank\" rel=\"noreferrer noopener\">tempor\u00e1rio <\/a>que oferece algum al\u00edvio em tempos de transi\u00e7\u00e3o. Este recurso \u00e9 fundamental para garantir certo n\u00edvel de seguran\u00e7a at\u00e9 que os profissionais possam se recolocar no mercado de trabalho. O valor m\u00e1ximo do benef\u00edcio permanece como nos anos anteriores, estabelecendo-se em R$ 2.313,74, conforme determinado pelas autoridades competentes.<\/p>\n\n\n\n<p>Voltado aos trabalhadores que enfrentam a perda do emprego, o seguro-desemprego pode ser recebido em at\u00e9 cinco parcelas, dependendo do tempo de servi\u00e7o no emprego anterior. Este benef\u00edcio se apresenta como um suporte necess\u00e1rio que possibilita aos cidad\u00e3os organizar suas finan\u00e7as e buscar novas oportunidades sem o estresse imediato da instabilidade econ\u00f4mica.<\/p>\n\n\n\n<h2 class=\"wp-block-heading\">Qual \u00e9 o C\u00e1lculo do Seguro-Desemprego?<\/h2>\n\n\n\n<p>O c\u00e1lculo do seguro-desemprego \u00e9 realizado a partir da m\u00e9dia dos \u00faltimos tr\u00eas sal\u00e1rios antes da dispensa. Para aqueles com sal\u00e1rios inferiores a R$ 3.402,65, a parcela \u00e9 calculada de forma proporcional. Contudo, o valor m\u00e1ximo da parcela que pode ser obtida \u00e9 limitado ao teto de R$ 2.313,74, conforme definido pelo <a href=\"https:\/\/www.gov.br\/trabalho-e-emprego\/pt-br\" target=\"_blank\" rel=\"noreferrer noopener\">Minist\u00e9rio do Trabalho<\/a> e Previd\u00eancia. Dessa forma, o c\u00e1lculo busca assegurar que o aux\u00edlio reflita, at\u00e9 certo ponto, o padr\u00e3o salarial do trabalhador.<\/p>\n\n\n<div class=\"wp-block-image\">\n<figure class=\"aligncenter size-large\"><img loading=\"lazy\" decoding=\"async\" width=\"1024\" height=\"576\" src=\"https:\/\/www.em.com.br\/emfoco\/wp-content\/uploads\/2024\/12\/proteger-dinheiro_1733244772310-1024x576.jpg\" alt=\"\" class=\"wp-image-2995\" srcset=\"https:\/\/www.em.com.br\/emfoco\/wp-content\/uploads\/2024\/12\/proteger-dinheiro_1733244772310-1024x576.jpg 1024w, https:\/\/www.em.com.br\/emfoco\/wp-content\/uploads\/2024\/12\/proteger-dinheiro_1733244772310-300x169.jpg 300w, https:\/\/www.em.com.br\/emfoco\/wp-content\/uploads\/2024\/12\/proteger-dinheiro_1733244772310-768x432.jpg 768w, https:\/\/www.em.com.br\/emfoco\/wp-content\/uploads\/2024\/12\/proteger-dinheiro_1733244772310-750x422.jpg 750w, https:\/\/www.em.com.br\/emfoco\/wp-content\/uploads\/2024\/12\/proteger-dinheiro_1733244772310-1140x641.jpg 1140w, https:\/\/www.em.com.br\/emfoco\/wp-content\/uploads\/2024\/12\/proteger-dinheiro_1733244772310.jpg 1280w\" sizes=\"auto, (max-width: 1024px) 100vw, 1024px\" \/><figcaption class=\"wp-element-caption\">proteger dinheiro &#8211; Cr\u00e9ditos: depositphotos.com \/ Rangizzz<\/figcaption><\/figure><\/div>\n\n\n<h2 class=\"wp-block-heading\">Como Requerer o Seguro-Desemprego?<\/h2>\n\n\n\n<p>Os profissionais que desejam solicitar o seguro-desemprego podem faz\u00ea-lo de maneira presencial ou online. Para o atendimento presencial, \u00e9 necess\u00e1rio comparecer a uma das superintend\u00eancias do Minist\u00e9rio do Trabalho, ou postos autorizados, com a documenta\u00e7\u00e3o pertinente. Alternativamente, solicita\u00e7\u00f5es podem ser feitas virtualmente por meio da plataforma Gov.br, ou utilizando o aplicativo da Carteira de Trabalho, dispon\u00edvel para sistemas Android e iOS.<\/p>\n\n\n\n<h2 class=\"wp-block-heading\">Quem Tem Direito ao Seguro-Desemprego?<\/h2>\n\n\n\n<p>A elegibilidade para o seguro-desemprego \u00e9 restrita a trabalhadores que foram demitidos sem justa causa e que n\u00e3o possuem renda pr\u00f3pria suficiente. Al\u00e9m disso, \u00e9 necess\u00e1rio cumprir crit\u00e9rios espec\u00edficos de tempo de trabalho registrado, variando conforme o n\u00famero de solicita\u00e7\u00f5es realizadas anteriormente:<\/p>\n\n\n\n<ul class=\"wp-block-list\">\n<li>No m\u00ednimo 12 meses de trabalho nos \u00faltimos 18 meses, na primeira solicita\u00e7\u00e3o.<\/li>\n\n\n\n<li>No m\u00ednimo 9 meses de trabalho nos \u00faltimos 12 meses, na segunda solicita\u00e7\u00e3o.<\/li>\n\n\n\n<li>Trabalho em cada m\u00eas dos \u00faltimos 6 meses para as solicita\u00e7\u00f5es subsequentes.<\/li>\n<\/ul>\n\n\n\n<p>Os requerentes tamb\u00e9m n\u00e3o devem estar recebendo quaisquer outros benef\u00edcios previdenci\u00e1rios de car\u00e1ter continuado, exceto em casos espec\u00edficos como aux\u00edlio-acidente.<\/p>\n\n\n\n<h2 class=\"wp-block-heading\">Import\u00e2ncia do Seguro-Desemprego na Economia<\/h2>\n\n\n\n<p>O seguro-desemprego n\u00e3o apenas apoia os indiv\u00edduos, mas tamb\u00e9m tem um impacto positivo na economia em geral. O benef\u00edcio ajuda a manter o consumo b\u00e1sico e a movimenta\u00e7\u00e3o econ\u00f4mica em per\u00edodos de desemprego, aliviando a press\u00e3o financeira sobre os cidad\u00e3os e contribuindo para a estabilidade social. Essa assist\u00eancia tempor\u00e1ria \u00e9 um elemento crucial no sistema de prote\u00e7\u00e3o ao trabalhador, oferecendo uma camada de seguran\u00e7a durante per\u00edodos dif\u00edceis.<\/p>\n","protected":false},"excerpt":{"rendered":"<p>Em 2025, trabalhadores dispensados sem justa causa podem contar com um aux\u00edlio financeiro tempor\u00e1rio que oferece algum al\u00edvio em tempos de transi\u00e7\u00e3o. Este recurso \u00e9 fundamental para garantir certo n\u00edvel de seguran\u00e7a at\u00e9 que os profissionais possam se recolocar no mercado de trabalho. O valor m\u00e1ximo do benef\u00edcio permanece como nos anos anteriores, estabelecendo-se em [&hellip;]<\/p>\n","protected":false},"author":7,"featured_media":6228,"comment_status":"open","ping_status":"open","sticky":false,"template":"","format":"standard","meta":{"jnews-multi-image_gallery":[],"jnews_single_post":{"format":"standard"},"jnews_primary_category":[],"jnews_social_meta":[],"jnews_override_counter":[],"footnotes":""},"categories":[28],"tags":[259,1833,1832,641],"class_list":["post-7709","post","type-post","status-publish","format-standard","has-post-thumbnail","hentry","category-economia","tag-beneficio","tag-desemprego","tag-seguro-desemprego","tag-trabalhador"],"yoast_head":"<!-- This site is optimized with the Yoast SEO plugin v23.8 - https:\/\/yoast.com\/wordpress\/plugins\/seo\/ -->\n<title>Seguro-desemprego: amigo ou inimigo da sua conta banc\u00e1ria? - Estado de Minas - Em foco<\/title>\n<meta name=\"description\" content=\"Este benef\u00edcio \u00e9 solicitado presencialmente ou online e ajuda na manuten\u00e7\u00e3o financeira at\u00e9 a recoloca\u00e7\u00e3o no mercado de trabalho.\" \/>\n<meta name=\"robots\" content=\"index, follow, max-snippet:-1, max-image-preview:large, max-video-preview:-1\" \/>\n<link rel=\"canonical\" href=\"https:\/\/www.em.com.br\/emfoco\/2024\/12\/31\/seguro-desemprego-amigo-ou-inimigo-da-sua-conta-bancaria\/\" \/>\n<meta property=\"og:locale\" content=\"pt_BR\" \/>\n<meta property=\"og:type\" content=\"article\" \/>\n<meta property=\"og:title\" content=\"Seguro-desemprego: amigo ou inimigo da sua conta banc\u00e1ria? - Estado de Minas - Em foco\" \/>\n<meta property=\"og:description\" content=\"Este benef\u00edcio \u00e9 solicitado presencialmente ou online e ajuda na manuten\u00e7\u00e3o financeira at\u00e9 a recoloca\u00e7\u00e3o no mercado de trabalho.\" \/>\n<meta property=\"og:url\" content=\"https:\/\/www.em.com.br\/emfoco\/2024\/12\/31\/seguro-desemprego-amigo-ou-inimigo-da-sua-conta-bancaria\/\" \/>\n<meta property=\"og:site_name\" content=\"Estado de Minas - Em foco\" \/>\n<meta property=\"article:published_time\" content=\"2024-12-31T12:20:00+00:00\" \/>\n<meta property=\"article:modified_time\" content=\"2024-12-31T00:21:28+00:00\" \/>\n<meta property=\"og:image\" content=\"https:\/\/www.em.com.br\/emfoco\/wp-content\/uploads\/2024\/12\/Salario-MInimo_1734913884018.jpg\" \/>\n\t<meta property=\"og:image:width\" content=\"1280\" \/>\n\t<meta property=\"og:image:height\" content=\"720\" \/>\n\t<meta property=\"og:image:type\" content=\"image\/jpeg\" \/>\n<meta name=\"author\" content=\"Kelvin\" \/>\n<meta name=\"twitter:card\" content=\"summary_large_image\" \/>\n<meta name=\"twitter:label1\" content=\"Escrito por\" \/>\n\t<meta name=\"twitter:data1\" content=\"Kelvin\" \/>\n\t<meta name=\"twitter:label2\" content=\"Est. tempo de leitura\" \/>\n\t<meta name=\"twitter:data2\" content=\"3 minutos\" \/>\n<!-- \/ Yoast SEO plugin. -->","yoast_head_json":{"title":"Seguro-desemprego: amigo ou inimigo da sua conta banc\u00e1ria? - Estado de Minas - Em foco","description":"Este benef\u00edcio \u00e9 solicitado presencialmente ou online e ajuda na manuten\u00e7\u00e3o financeira at\u00e9 a recoloca\u00e7\u00e3o no mercado de trabalho.","robots":{"index":"index","follow":"follow","max-snippet":"max-snippet:-1","max-image-preview":"max-image-preview:large","max-video-preview":"max-video-preview:-1"},"canonical":"https:\/\/www.em.com.br\/emfoco\/2024\/12\/31\/seguro-desemprego-amigo-ou-inimigo-da-sua-conta-bancaria\/","og_locale":"pt_BR","og_type":"article","og_title":"Seguro-desemprego: amigo ou inimigo da sua conta banc\u00e1ria? - Estado de Minas - Em foco","og_description":"Este benef\u00edcio \u00e9 solicitado presencialmente ou online e ajuda na manuten\u00e7\u00e3o financeira at\u00e9 a recoloca\u00e7\u00e3o no mercado de trabalho.","og_url":"https:\/\/www.em.com.br\/emfoco\/2024\/12\/31\/seguro-desemprego-amigo-ou-inimigo-da-sua-conta-bancaria\/","og_site_name":"Estado de Minas - Em foco","article_published_time":"2024-12-31T12:20:00+00:00","article_modified_time":"2024-12-31T00:21:28+00:00","og_image":[{"width":1280,"height":720,"url":"https:\/\/www.em.com.br\/emfoco\/wp-content\/uploads\/2024\/12\/Salario-MInimo_1734913884018.jpg","type":"image\/jpeg"}],"author":"Kelvin","twitter_card":"summary_large_image","twitter_misc":{"Escrito por":"Kelvin","Est. tempo de leitura":"3 minutos"},"schema":{"@context":"https:\/\/schema.org","@graph":[{"@type":"WebPage","@id":"https:\/\/www.em.com.br\/emfoco\/2024\/12\/31\/seguro-desemprego-amigo-ou-inimigo-da-sua-conta-bancaria\/","url":"https:\/\/www.em.com.br\/emfoco\/2024\/12\/31\/seguro-desemprego-amigo-ou-inimigo-da-sua-conta-bancaria\/","name":"Seguro-desemprego: amigo ou inimigo da sua conta banc\u00e1ria? - Estado de Minas - Em foco","isPartOf":{"@id":"https:\/\/www.em.com.br\/emfoco\/#website"},"primaryImageOfPage":{"@id":"https:\/\/www.em.com.br\/emfoco\/2024\/12\/31\/seguro-desemprego-amigo-ou-inimigo-da-sua-conta-bancaria\/#primaryimage"},"image":{"@id":"https:\/\/www.em.com.br\/emfoco\/2024\/12\/31\/seguro-desemprego-amigo-ou-inimigo-da-sua-conta-bancaria\/#primaryimage"},"thumbnailUrl":"https:\/\/www.em.com.br\/emfoco\/wp-content\/uploads\/2024\/12\/Salario-MInimo_1734913884018.jpg","datePublished":"2024-12-31T12:20:00+00:00","dateModified":"2024-12-31T00:21:28+00:00","author":{"@id":"https:\/\/www.em.com.br\/emfoco\/#\/schema\/person\/fb0a7f48c6fbb94b83f413a80f61917d"},"description":"Este benef\u00edcio \u00e9 solicitado presencialmente ou online e ajuda na manuten\u00e7\u00e3o financeira at\u00e9 a recoloca\u00e7\u00e3o no mercado de trabalho.","breadcrumb":{"@id":"https:\/\/www.em.com.br\/emfoco\/2024\/12\/31\/seguro-desemprego-amigo-ou-inimigo-da-sua-conta-bancaria\/#breadcrumb"},"inLanguage":"pt-BR","potentialAction":[{"@type":"ReadAction","target":["https:\/\/www.em.com.br\/emfoco\/2024\/12\/31\/seguro-desemprego-amigo-ou-inimigo-da-sua-conta-bancaria\/"]}]},{"@type":"ImageObject","inLanguage":"pt-BR","@id":"https:\/\/www.em.com.br\/emfoco\/2024\/12\/31\/seguro-desemprego-amigo-ou-inimigo-da-sua-conta-bancaria\/#primaryimage","url":"https:\/\/www.em.com.br\/emfoco\/wp-content\/uploads\/2024\/12\/Salario-MInimo_1734913884018.jpg","contentUrl":"https:\/\/www.em.com.br\/emfoco\/wp-content\/uploads\/2024\/12\/Salario-MInimo_1734913884018.jpg","width":1280,"height":720,"caption":"Salario - Cr\u00e9ditos: depositphotos.com \/ Friedamischke"},{"@type":"BreadcrumbList","@id":"https:\/\/www.em.com.br\/emfoco\/2024\/12\/31\/seguro-desemprego-amigo-ou-inimigo-da-sua-conta-bancaria\/#breadcrumb","itemListElement":[{"@type":"ListItem","position":1,"name":"In\u00edcio","item":"https:\/\/www.em.com.br\/emfoco\/"},{"@type":"ListItem","position":2,"name":"Seguro-desemprego: amigo ou inimigo da sua conta banc\u00e1ria?"}]},{"@type":"WebSite","@id":"https:\/\/www.em.com.br\/emfoco\/#website","url":"https:\/\/www.em.com.br\/emfoco\/","name":"Estado de Minas - Em foco","description":"Acompanhe as \u00faltimas not\u00edcias e fique bem informado sobre tudo o que acontece em Minas Gerais, Brasil e no mundo.","potentialAction":[{"@type":"SearchAction","target":{"@type":"EntryPoint","urlTemplate":"https:\/\/www.em.com.br\/emfoco\/?s={search_term_string}"},"query-input":{"@type":"PropertyValueSpecification","valueRequired":true,"valueName":"search_term_string"}}],"inLanguage":"pt-BR"},{"@type":"Person","@id":"https:\/\/www.em.com.br\/emfoco\/#\/schema\/person\/fb0a7f48c6fbb94b83f413a80f61917d","name":"Kelvin","image":{"@type":"ImageObject","inLanguage":"pt-BR","@id":"https:\/\/www.em.com.br\/emfoco\/#\/schema\/person\/image\/","url":"https:\/\/secure.gravatar.com\/avatar\/e74f84337e6bf6c4c5e88fbdffa05270?s=96&d=mm&r=g","contentUrl":"https:\/\/secure.gravatar.com\/avatar\/e74f84337e6bf6c4c5e88fbdffa05270?s=96&d=mm&r=g","caption":"Kelvin"},"sameAs":["https:\/\/www.em.com.br\/emfoco"],"url":"https:\/\/www.em.com.br\/emfoco\/author\/kelvinmyth\/"}]}},"_links":{"self":[{"href":"https:\/\/www.em.com.br\/emfoco\/wp-json\/wp\/v2\/posts\/7709","targetHints":{"allow":["GET"]}}],"collection":[{"href":"https:\/\/www.em.com.br\/emfoco\/wp-json\/wp\/v2\/posts"}],"about":[{"href":"https:\/\/www.em.com.br\/emfoco\/wp-json\/wp\/v2\/types\/post"}],"author":[{"embeddable":true,"href":"https:\/\/www.em.com.br\/emfoco\/wp-json\/wp\/v2\/users\/7"}],"replies":[{"embeddable":true,"href":"https:\/\/www.em.com.br\/emfoco\/wp-json\/wp\/v2\/comments?post=7709"}],"version-history":[{"count":2,"href":"https:\/\/www.em.com.br\/emfoco\/wp-json\/wp\/v2\/posts\/7709\/revisions"}],"predecessor-version":[{"id":7712,"href":"https:\/\/www.em.com.br\/emfoco\/wp-json\/wp\/v2\/posts\/7709\/revisions\/7712"}],"wp:featuredmedia":[{"embeddable":true,"href":"https:\/\/www.em.com.br\/emfoco\/wp-json\/wp\/v2\/media\/6228"}],"wp:attachment":[{"href":"https:\/\/www.em.com.br\/emfoco\/wp-json\/wp\/v2\/media?parent=7709"}],"wp:term":[{"taxonomy":"category","embeddable":true,"href":"https:\/\/www.em.com.br\/emfoco\/wp-json\/wp\/v2\/categories?post=7709"},{"taxonomy":"post_tag","embeddable":true,"href":"https:\/\/www.em.com.br\/emfoco\/wp-json\/wp\/v2\/tags?post=7709"}],"curies":[{"name":"wp","href":"https:\/\/api.w.org\/{rel}","templated":true}]}}