{"id":77075,"date":"2025-07-16T18:30:00","date_gmt":"2025-07-16T21:30:00","guid":{"rendered":"https:\/\/www.em.com.br\/emfoco\/?p=77075"},"modified":"2025-07-16T17:01:29","modified_gmt":"2025-07-16T20:01:29","slug":"o-creme-que-virou-lenda-em-cuidados-com-a-pele-no-brasil","status":"publish","type":"post","link":"https:\/\/www.em.com.br\/emfoco\/2025\/07\/16\/o-creme-que-virou-lenda-em-cuidados-com-a-pele-no-brasil\/","title":{"rendered":"O creme que virou lenda em cuidados com a pele no Brasil"},"content":{"rendered":"\n<p>O creme Nivea da lata azul \u00e9 considerado um dos hidratantes mais tradicionais do <strong>Brasil<\/strong>, sendo procurado por pessoas de diferentes gera\u00e7\u00f5es devido \u00e0 sua grande variedade de aplica\u00e7\u00f5es, segundo o site <a href=\"https:\/\/terrabrasilnoticias.com\/2025\/06\/10-usos-do-nivea-da-latinha-azul-que-voce-nunca-imaginou\/\" target=\"_blank\" rel=\"noreferrer noopener\">Terra Brasil Not\u00edcias<\/a>. Com f\u00f3rmula cl\u00e1ssica e aroma caracter\u00edstico, esse produto se destaca pelo papel multifuncional na rotina de cuidados pessoais, apresentando vantagens tanto no dia a dia quanto em situa\u00e7\u00f5es espec\u00edficas em que a pele necessita de aten\u00e7\u00e3o extra.<\/p>\n\n\n\n<p>Essa pomada cremosa atravessa o tempo sem perder relev\u00e2ncia. Dispon\u00edvel facilmente em farm\u00e1cias e supermercados, o Nivea da lata azul \u00e9 frequentemente lembrado no inverno, quando ressecamento se torna um inc\u00f4modo mais comum, mas tamb\u00e9m serve para diversos usos durante o ano inteiro. Por sua composi\u00e7\u00e3o, mostra-se eficiente em regi\u00f5es com clima seco ou para quem tem pele naturalmente mais desidratada.<\/p>\n\n\n\n<h2 class=\"wp-block-heading\">Posso usar o creme Nivea da lata azul de forma criativa?<\/h2>\n\n\n\n<p>Embora mais conhecido como hidratante corporal, esse cl\u00e1ssico oferece <a href=\"https:\/\/www.em.com.br\/emfoco\/2025\/07\/14\/essa-rotina-de-skincare-coreana-te-deixa-com-carinha-de-20-anos\/\" target=\"_blank\" rel=\"noreferrer noopener\">benef\u00edcios<\/a> que v\u00e3o al\u00e9m do esperado. Alguns truques e alternativas introduzidos a partir de relatos e pr\u00e1ticas populares incluem:<\/p>\n\n\n\n<ul class=\"wp-block-list\">\n<li><strong>Para cotovelos e joelhos:<\/strong> Atua como aliado na restaura\u00e7\u00e3o dessas \u00e1reas, deixando menos \u00e1speras;<\/li>\n\n\n\n<li><strong>M\u00e1scara facial:<\/strong> Aplica\u00e7\u00e3o fina \u00e0 noite, proporcionando nutri\u00e7\u00e3o enquanto a pessoa dorme;<\/li>\n\n\n\n<li><strong>Protetor labial:<\/strong> Em pequenas quantidades, previne rachaduras provocadas por clima frio ou vento;<\/li>\n\n\n\n<li><strong>Cut\u00edculas:<\/strong> Ajuda a hidratar e amolecer cut\u00edculas ressecadas;<\/li>\n\n\n\n<li><strong>Calmante p\u00f3s-sol:<\/strong> Reduz desconfortos em caso de exposi\u00e7\u00e3o excessiva ao sol;<\/li>\n\n\n\n<li><strong>Nos cabelos:<\/strong> Em fios rebeldes, controla o frizz das pontas sem pesar;<\/li>\n\n\n\n<li><strong>Pr\u00e9-maquiagem:<\/strong> Pode ser usado para preparar o rosto, criando superf\u00edcie mais uniforme;<\/li>\n\n\n\n<li><strong>P\u00e9s e m\u00e3os:<\/strong> Aplica\u00e7\u00e3o noturna intensificada pelo uso de luvas ou meias para potencializa\u00e7\u00e3o do efeito em peles ressecadas;<\/li>\n\n\n\n<li><strong>Olheiras:<\/strong> Quando usado em pouca quantidade, melhora o aspecto cansado por hidratar a regi\u00e3o;<\/li>\n\n\n\n<li><strong>Preven\u00e7\u00e3o de atrito:<\/strong> \u00datil em partes do corpo que sofrem mais fric\u00e7\u00e3o, evitando assaduras.<\/li>\n<\/ul>\n\n\n\n<h2 class=\"wp-block-heading\">Como aproveitar ao m\u00e1ximo a hidrata\u00e7\u00e3o do creme Nivea?<\/h2>\n\n\n\n<p>Para aumentar a absor\u00e7\u00e3o dos ingredientes e obter melhores resultados, a recomenda\u00e7\u00e3o mais comum \u00e9 que o produto seja aplicado logo ap\u00f3s o banho, momento em que a pele est\u00e1 ligeiramente \u00famida e receptiva. O uso de massageadores ou movimentos circulares durante a aplica\u00e7\u00e3o amplia n\u00e3o apenas a absor\u00e7\u00e3o como tamb\u00e9m a sensa\u00e7\u00e3o de conforto.<\/p>\n\n\n\n<p>Outra sugest\u00e3o tradicional \u00e9 potencializar o efeito hidratante misturando o creme Nivea a algumas gotas de \u00f3leos naturais, como o \u00f3leo de coco ou o de am\u00eandoas. Essa associa\u00e7\u00e3o cria uma camada de prote\u00e7\u00e3o ainda mais eficiente, tornando-se uma alternativa interessante para quem convive com ressecamento severo.<\/p>\n\n\n<div class=\"wp-block-image\">\n<figure class=\"aligncenter size-large\"><img loading=\"lazy\" decoding=\"async\" width=\"1024\" height=\"576\" src=\"https:\/\/www.em.com.br\/emfoco\/wp-content\/uploads\/2025\/07\/nivea_1752695943086-1024x576.jpg\" alt=\"O creme que virou lenda em cuidados com a pele no Brasil\" class=\"wp-image-77082\" srcset=\"https:\/\/www.em.com.br\/emfoco\/wp-content\/uploads\/2025\/07\/nivea_1752695943086-1024x576.jpg 1024w, https:\/\/www.em.com.br\/emfoco\/wp-content\/uploads\/2025\/07\/nivea_1752695943086-300x169.jpg 300w, https:\/\/www.em.com.br\/emfoco\/wp-content\/uploads\/2025\/07\/nivea_1752695943086-768x432.jpg 768w, https:\/\/www.em.com.br\/emfoco\/wp-content\/uploads\/2025\/07\/nivea_1752695943086-750x422.jpg 750w, https:\/\/www.em.com.br\/emfoco\/wp-content\/uploads\/2025\/07\/nivea_1752695943086-1140x641.jpg 1140w, https:\/\/www.em.com.br\/emfoco\/wp-content\/uploads\/2025\/07\/nivea_1752695943086.jpg 1280w\" sizes=\"auto, (max-width: 1024px) 100vw, 1024px\" \/><figcaption class=\"wp-element-caption\">Creme (Cr\u00e9ditos: depositphotos.com \/ bizoon)<\/figcaption><\/figure><\/div>\n\n\n<h2 class=\"wp-block-heading\">O uso do creme Nivea \u00e9 indicado para qualquer tipo de pele?<\/h2>\n\n\n\n<p>A versatilidade do produto permite que ele seja explorado de diferentes formas, mas \u00e9 necess\u00e1rio analisar caracter\u00edsticas da pele antes de coloc\u00e1-lo na rotina. Aqueles com pele seca costumam perceber benef\u00edcios logo nos primeiros usos, sentindo a pele mais macia e protegida. J\u00e1 pessoas com pele oleosa devem respeitar as particularidades de sua pele, utilizando o creme em pequenas quantidades e evitando \u00e1reas mais propensas \u00e0 produ\u00e7\u00e3o de sebo.<\/p>\n\n\n\n<p>Caso haja hist\u00f3rico de sensibilidade ou algum tipo de rea\u00e7\u00e3o a componentes cosm\u00e9ticos, a orienta\u00e7\u00e3o \u00e9 testar o produto em uma parte reduzida do corpo. O acompanhamento dermatol\u00f3gico pode ser importante para quem deseja uma rotina adaptada a necessidades espec\u00edficas.<\/p>\n\n\n\n<h2 class=\"wp-block-heading\">Quais s\u00e3o as vantagens de um produto cl\u00e1ssico como o Nivea da lata azul em 2025?<\/h2>\n\n\n\n<p>Manter o uso recorrente desse item demonstra como a confian\u00e7a em f\u00f3rmulas estabelecidas ainda \u00e9 forte, mesmo diante de tantas inova\u00e7\u00f5es. A praticidade, a facilidade de acesso e a efici\u00eancia comprovada tornam o creme Nivea uma solu\u00e7\u00e3o r\u00e1pida para diferentes problemas no cuidado com a pele. Com o passar dos anos, estabelece-se como um produto democr\u00e1tico, abrangendo desde aplica\u00e7\u00f5es rotineiras at\u00e9 necessidades pontuais, o que explica sua constante presen\u00e7a entre os itens essenciais no cuidado pessoal brasileiro.<\/p>\n","protected":false},"excerpt":{"rendered":"<p>O creme Nivea da lata azul \u00e9 considerado um dos hidratantes mais tradicionais do Brasil, sendo procurado por pessoas de diferentes gera\u00e7\u00f5es devido \u00e0 sua grande variedade de aplica\u00e7\u00f5es, segundo o site Terra Brasil Not\u00edcias. Com f\u00f3rmula cl\u00e1ssica e aroma caracter\u00edstico, esse produto se destaca pelo papel multifuncional na rotina de cuidados pessoais, apresentando vantagens [&hellip;]<\/p>\n","protected":false},"author":10,"featured_media":77080,"comment_status":"open","ping_status":"open","sticky":false,"template":"","format":"standard","meta":{"jnews-multi-image_gallery":[],"jnews_single_post":{"format":"standard"},"jnews_primary_category":[],"jnews_social_meta":[],"jnews_override_counter":[],"footnotes":""},"categories":[8691],"tags":[7618,4941,8821],"class_list":["post-77075","post","type-post","status-publish","format-standard","has-post-thumbnail","hentry","category-bem-estar","tag-creme","tag-hidratacao","tag-nivea"],"yoast_head":"<!-- This site is optimized with the Yoast SEO plugin v23.8 - https:\/\/yoast.com\/wordpress\/plugins\/seo\/ -->\n<title>O creme que virou lenda em cuidados com a pele no Brasil - Estado de Minas - Em foco<\/title>\n<meta name=\"description\" content=\"Usado por gera\u00e7\u00f5es, o creme da Nivea da lata azul continua relevante. Descubra os benef\u00edcios que fazem desse hidratante o queridinho!\" \/>\n<meta name=\"robots\" content=\"index, follow, max-snippet:-1, max-image-preview:large, max-video-preview:-1\" \/>\n<link rel=\"canonical\" href=\"https:\/\/www.em.com.br\/emfoco\/2025\/07\/16\/o-creme-que-virou-lenda-em-cuidados-com-a-pele-no-brasil\/\" \/>\n<meta property=\"og:locale\" content=\"pt_BR\" \/>\n<meta property=\"og:type\" content=\"article\" \/>\n<meta property=\"og:title\" content=\"O creme que virou lenda em cuidados com a pele no Brasil - Estado de Minas - Em foco\" \/>\n<meta property=\"og:description\" content=\"Usado por gera\u00e7\u00f5es, o creme da Nivea da lata azul continua relevante. Descubra os benef\u00edcios que fazem desse hidratante o queridinho!\" \/>\n<meta property=\"og:url\" content=\"https:\/\/www.em.com.br\/emfoco\/2025\/07\/16\/o-creme-que-virou-lenda-em-cuidados-com-a-pele-no-brasil\/\" \/>\n<meta property=\"og:site_name\" content=\"Estado de Minas - Em foco\" \/>\n<meta property=\"article:published_time\" content=\"2025-07-16T21:30:00+00:00\" \/>\n<meta property=\"article:modified_time\" content=\"2025-07-16T20:01:29+00:00\" \/>\n<meta property=\"og:image\" content=\"https:\/\/www.em.com.br\/emfoco\/wp-content\/uploads\/2025\/07\/nivea_1752695901562.jpg\" \/>\n\t<meta property=\"og:image:width\" content=\"1280\" \/>\n\t<meta property=\"og:image:height\" content=\"720\" \/>\n\t<meta property=\"og:image:type\" content=\"image\/jpeg\" \/>\n<meta name=\"author\" content=\"Patryck Reinehr\" \/>\n<meta name=\"twitter:card\" content=\"summary_large_image\" \/>\n<meta name=\"twitter:label1\" content=\"Escrito por\" \/>\n\t<meta name=\"twitter:data1\" content=\"Patryck Reinehr\" \/>\n\t<meta name=\"twitter:label2\" content=\"Est. tempo de leitura\" \/>\n\t<meta name=\"twitter:data2\" content=\"4 minutos\" \/>\n<!-- \/ Yoast SEO plugin. -->","yoast_head_json":{"title":"O creme que virou lenda em cuidados com a pele no Brasil - Estado de Minas - Em foco","description":"Usado por gera\u00e7\u00f5es, o creme da Nivea da lata azul continua relevante. Descubra os benef\u00edcios que fazem desse hidratante o queridinho!","robots":{"index":"index","follow":"follow","max-snippet":"max-snippet:-1","max-image-preview":"max-image-preview:large","max-video-preview":"max-video-preview:-1"},"canonical":"https:\/\/www.em.com.br\/emfoco\/2025\/07\/16\/o-creme-que-virou-lenda-em-cuidados-com-a-pele-no-brasil\/","og_locale":"pt_BR","og_type":"article","og_title":"O creme que virou lenda em cuidados com a pele no Brasil - Estado de Minas - Em foco","og_description":"Usado por gera\u00e7\u00f5es, o creme da Nivea da lata azul continua relevante. Descubra os benef\u00edcios que fazem desse hidratante o queridinho!","og_url":"https:\/\/www.em.com.br\/emfoco\/2025\/07\/16\/o-creme-que-virou-lenda-em-cuidados-com-a-pele-no-brasil\/","og_site_name":"Estado de Minas - Em foco","article_published_time":"2025-07-16T21:30:00+00:00","article_modified_time":"2025-07-16T20:01:29+00:00","og_image":[{"width":1280,"height":720,"url":"https:\/\/www.em.com.br\/emfoco\/wp-content\/uploads\/2025\/07\/nivea_1752695901562.jpg","type":"image\/jpeg"}],"author":"Patryck Reinehr","twitter_card":"summary_large_image","twitter_misc":{"Escrito por":"Patryck Reinehr","Est. tempo de leitura":"4 minutos"},"schema":{"@context":"https:\/\/schema.org","@graph":[{"@type":"WebPage","@id":"https:\/\/www.em.com.br\/emfoco\/2025\/07\/16\/o-creme-que-virou-lenda-em-cuidados-com-a-pele-no-brasil\/","url":"https:\/\/www.em.com.br\/emfoco\/2025\/07\/16\/o-creme-que-virou-lenda-em-cuidados-com-a-pele-no-brasil\/","name":"O creme que virou lenda em cuidados com a pele no Brasil - Estado de Minas - Em foco","isPartOf":{"@id":"https:\/\/www.em.com.br\/emfoco\/#website"},"primaryImageOfPage":{"@id":"https:\/\/www.em.com.br\/emfoco\/2025\/07\/16\/o-creme-que-virou-lenda-em-cuidados-com-a-pele-no-brasil\/#primaryimage"},"image":{"@id":"https:\/\/www.em.com.br\/emfoco\/2025\/07\/16\/o-creme-que-virou-lenda-em-cuidados-com-a-pele-no-brasil\/#primaryimage"},"thumbnailUrl":"https:\/\/www.em.com.br\/emfoco\/wp-content\/uploads\/2025\/07\/nivea_1752695901562.jpg","datePublished":"2025-07-16T21:30:00+00:00","dateModified":"2025-07-16T20:01:29+00:00","author":{"@id":"https:\/\/www.em.com.br\/emfoco\/#\/schema\/person\/43407752bebcbbb4d0ec79deedc0d7ce"},"description":"Usado por gera\u00e7\u00f5es, o creme da Nivea da lata azul continua relevante. Descubra os benef\u00edcios que fazem desse hidratante o queridinho!","breadcrumb":{"@id":"https:\/\/www.em.com.br\/emfoco\/2025\/07\/16\/o-creme-que-virou-lenda-em-cuidados-com-a-pele-no-brasil\/#breadcrumb"},"inLanguage":"pt-BR","potentialAction":[{"@type":"ReadAction","target":["https:\/\/www.em.com.br\/emfoco\/2025\/07\/16\/o-creme-que-virou-lenda-em-cuidados-com-a-pele-no-brasil\/"]}]},{"@type":"ImageObject","inLanguage":"pt-BR","@id":"https:\/\/www.em.com.br\/emfoco\/2025\/07\/16\/o-creme-que-virou-lenda-em-cuidados-com-a-pele-no-brasil\/#primaryimage","url":"https:\/\/www.em.com.br\/emfoco\/wp-content\/uploads\/2025\/07\/nivea_1752695901562.jpg","contentUrl":"https:\/\/www.em.com.br\/emfoco\/wp-content\/uploads\/2025\/07\/nivea_1752695901562.jpg","width":1280,"height":720,"caption":"Creme da Nivea (Cr\u00e9ditos: depositphotos.com \/ Sasha2109)"},{"@type":"BreadcrumbList","@id":"https:\/\/www.em.com.br\/emfoco\/2025\/07\/16\/o-creme-que-virou-lenda-em-cuidados-com-a-pele-no-brasil\/#breadcrumb","itemListElement":[{"@type":"ListItem","position":1,"name":"In\u00edcio","item":"https:\/\/www.em.com.br\/emfoco\/"},{"@type":"ListItem","position":2,"name":"O creme que virou lenda em cuidados com a pele no Brasil"}]},{"@type":"WebSite","@id":"https:\/\/www.em.com.br\/emfoco\/#website","url":"https:\/\/www.em.com.br\/emfoco\/","name":"Estado de Minas - Em foco","description":"Acompanhe as \u00faltimas not\u00edcias e fique bem informado sobre tudo o que acontece em Minas Gerais, Brasil e no mundo.","potentialAction":[{"@type":"SearchAction","target":{"@type":"EntryPoint","urlTemplate":"https:\/\/www.em.com.br\/emfoco\/?s={search_term_string}"},"query-input":{"@type":"PropertyValueSpecification","valueRequired":true,"valueName":"search_term_string"}}],"inLanguage":"pt-BR"},{"@type":"Person","@id":"https:\/\/www.em.com.br\/emfoco\/#\/schema\/person\/43407752bebcbbb4d0ec79deedc0d7ce","name":"Patryck Reinehr","image":{"@type":"ImageObject","inLanguage":"pt-BR","@id":"https:\/\/www.em.com.br\/emfoco\/#\/schema\/person\/image\/","url":"https:\/\/secure.gravatar.com\/avatar\/570c7fb2898c0e2df0823196891bea88?s=96&d=mm&r=g","contentUrl":"https:\/\/secure.gravatar.com\/avatar\/570c7fb2898c0e2df0823196891bea88?s=96&d=mm&r=g","caption":"Patryck Reinehr"},"url":"https:\/\/www.em.com.br\/emfoco\/author\/patryckmyth\/"}]}},"_links":{"self":[{"href":"https:\/\/www.em.com.br\/emfoco\/wp-json\/wp\/v2\/posts\/77075","targetHints":{"allow":["GET"]}}],"collection":[{"href":"https:\/\/www.em.com.br\/emfoco\/wp-json\/wp\/v2\/posts"}],"about":[{"href":"https:\/\/www.em.com.br\/emfoco\/wp-json\/wp\/v2\/types\/post"}],"author":[{"embeddable":true,"href":"https:\/\/www.em.com.br\/emfoco\/wp-json\/wp\/v2\/users\/10"}],"replies":[{"embeddable":true,"href":"https:\/\/www.em.com.br\/emfoco\/wp-json\/wp\/v2\/comments?post=77075"}],"version-history":[{"count":1,"href":"https:\/\/www.em.com.br\/emfoco\/wp-json\/wp\/v2\/posts\/77075\/revisions"}],"predecessor-version":[{"id":77084,"href":"https:\/\/www.em.com.br\/emfoco\/wp-json\/wp\/v2\/posts\/77075\/revisions\/77084"}],"wp:featuredmedia":[{"embeddable":true,"href":"https:\/\/www.em.com.br\/emfoco\/wp-json\/wp\/v2\/media\/77080"}],"wp:attachment":[{"href":"https:\/\/www.em.com.br\/emfoco\/wp-json\/wp\/v2\/media?parent=77075"}],"wp:term":[{"taxonomy":"category","embeddable":true,"href":"https:\/\/www.em.com.br\/emfoco\/wp-json\/wp\/v2\/categories?post=77075"},{"taxonomy":"post_tag","embeddable":true,"href":"https:\/\/www.em.com.br\/emfoco\/wp-json\/wp\/v2\/tags?post=77075"}],"curies":[{"name":"wp","href":"https:\/\/api.w.org\/{rel}","templated":true}]}}