{"id":77057,"date":"2025-07-17T13:38:00","date_gmt":"2025-07-17T16:38:00","guid":{"rendered":"https:\/\/www.em.com.br\/emfoco\/?p=77057"},"modified":"2025-07-16T17:36:43","modified_gmt":"2025-07-16T20:36:43","slug":"o-que-ninguem-te-contou-sobre-o-seu-contracheque","status":"publish","type":"post","link":"https:\/\/www.em.com.br\/emfoco\/2025\/07\/17\/o-que-ninguem-te-contou-sobre-o-seu-contracheque\/","title":{"rendered":"O que ningu\u00e9m te contou sobre o seu contracheque"},"content":{"rendered":"\n<p>O sal\u00e1rio \u00e9 um componente fundamental na vida financeira de um trabalhador, representando a remunera\u00e7\u00e3o mensal por seus servi\u00e7os prestados. No entanto, compreender o que realmente comp\u00f5e o contracheque \u00e9 essencial para uma gest\u00e3o financeira eficaz e para garantir que todos os direitos do trabalhador sejam respeitados. O contracheque lista de forma detalhada todas as remunera\u00e7\u00f5es, descontos e contribui\u00e7\u00f5es referentes ao sal\u00e1rio de um empregado.<\/p>\n\n\n\n<p>Al\u00e9m de ser um comprovante de pagamento, o contracheque auxilia na organiza\u00e7\u00e3o da vida financeira e pode ser exigido em situa\u00e7\u00f5es como financiamentos, concess\u00e3o de cr\u00e9dito e at\u00e9 em processos judiciais. Por isso, entender cada item do documento e saber identificar equ\u00edvocos \u00e9 crucial para garantir que tudo est\u00e1 correto e dentro da legisla\u00e7\u00e3o vigente.<\/p>\n\n\n\n<h2 class=\"wp-block-heading\">Quais s\u00e3o os principais componentes do contracheque?<\/h2>\n\n\n<div class=\"wp-block-image\">\n<figure class=\"aligncenter size-large\"><img loading=\"lazy\" decoding=\"async\" width=\"1024\" height=\"576\" src=\"https:\/\/www.em.com.br\/emfoco\/wp-content\/uploads\/2025\/06\/documentacao_1749176136212-1024x576.jpg\" alt=\"Acordo de demiss\u00e3o garante FGTS e reduz custos na rescis\u00e3o trabalhista\" class=\"wp-image-56661\" srcset=\"https:\/\/www.em.com.br\/emfoco\/wp-content\/uploads\/2025\/06\/documentacao_1749176136212-1024x576.jpg 1024w, https:\/\/www.em.com.br\/emfoco\/wp-content\/uploads\/2025\/06\/documentacao_1749176136212-300x169.jpg 300w, https:\/\/www.em.com.br\/emfoco\/wp-content\/uploads\/2025\/06\/documentacao_1749176136212-768x432.jpg 768w, https:\/\/www.em.com.br\/emfoco\/wp-content\/uploads\/2025\/06\/documentacao_1749176136212-750x422.jpg 750w, https:\/\/www.em.com.br\/emfoco\/wp-content\/uploads\/2025\/06\/documentacao_1749176136212-1140x641.jpg 1140w, https:\/\/www.em.com.br\/emfoco\/wp-content\/uploads\/2025\/06\/documentacao_1749176136212.jpg 1280w\" sizes=\"auto, (max-width: 1024px) 100vw, 1024px\" \/><figcaption class=\"wp-element-caption\">Assinando papelada &#8211; Cr\u00e9ditos: depositphotos.com \/ pressmaster<\/figcaption><\/figure><\/div>\n\n\n<p>O contracheque \u00e9 um documento abrangente que n\u00e3o s\u00f3 informa o sal\u00e1rio base do funcion\u00e1rio, como tamb\u00e9m detalhes de outros elementos que comp\u00f5em o rendimento total. Entre os componentes inclu\u00eddos, destacam-se:<\/p>\n\n\n\n<ul class=\"wp-block-list\">\n<li><strong>Sal\u00e1rio Base:<\/strong> Este \u00e9 o valor fixo acordado no contrato de trabalho inicial, sem quaisquer acr\u00e9scimos ou bonifica\u00e7\u00f5es.<\/li>\n\n\n\n<li><strong>Horas Extras:<\/strong> Pagamento adicional pelas horas trabalhadas al\u00e9m da carga hor\u00e1ria regular, com valores normalmente superiores ao sal\u00e1rio base por hora.<\/li>\n\n\n\n<li><strong>Adicional Noturno:<\/strong> Uma compensa\u00e7\u00e3o extra para trabalhos realizados em hor\u00e1rios noturnos, geralmente a partir de 22 horas.<\/li>\n\n\n\n<li><strong>Comiss\u00f5es:<\/strong> Pagamentos vari\u00e1veis em fun\u00e7\u00e3o das vendas ou resultados obtidos, comuns em \u00e1reas comerciais.<\/li>\n\n\n\n<li><strong>Bonifica\u00e7\u00f5es:<\/strong> Valores pagos como recompensa pelo atingimento de metas ou por desempenho acima do esperado.<\/li>\n<\/ul>\n\n\n\n<p>\u00c9 importante saber que benef\u00edcios como vale-transporte, vale-alimenta\u00e7\u00e3o e aux\u00edlio-creche tamb\u00e9m podem aparecer no holerite, seja como verba salarial (para fins de desconto) ou informativa. Essa transpar\u00eancia permite que o trabalhador acompanhe de perto o que est\u00e1 sendo acrescido ou deduzido, facilitando o planejamento financeiro mensal.<\/p>\n\n\n\n<h2 class=\"wp-block-heading\">Quais dedu\u00e7\u00f5es aparecem no contracheque?<\/h2>\n\n\n\n<p>Al\u00e9m das remunera\u00e7\u00f5es, o contracheque lista as dedu\u00e7\u00f5es que s\u00e3o subtra\u00eddas do sal\u00e1rio bruto para chegar ao valor l\u00edquido. Estas dedu\u00e7\u00f5es incluem:<\/p>\n\n\n\n<ol class=\"wp-block-list\">\n<li><strong><a href=\"https:\/\/www.gov.br\/receitafederal\/pt-br\/assuntos\/meu-imposto-de-renda\" target=\"_blank\" rel=\"noreferrer noopener\">Imposto de Renda<\/a>:<\/strong> Desconto obrigat\u00f3rio conforme a legisla\u00e7\u00e3o fiscal vigente, vari\u00e1vel de acordo com o sal\u00e1rio.<\/li>\n\n\n\n<li><strong><a href=\"https:\/\/www.em.com.br\/emfoco\/2025\/07\/16\/veja-as-datas-de-pagamento-do-inss-para-quem-ganha-ate-1-salario\/\" target=\"_blank\" rel=\"noreferrer noopener\">INSS<\/a>:<\/strong> Contribui\u00e7\u00e3o previdenci\u00e1ria que garante acesso a benef\u00edcios como aposentadoria e aux\u00edlio-doen\u00e7a.<\/li>\n\n\n\n<li><strong>Contribui\u00e7\u00e3o Sindical:<\/strong> Desconto opcional destinado a financiar atividades sindicais, aprovado em assembleia dos trabalhadores.<\/li>\n<\/ol>\n\n\n\n<p>Certas empresas podem ainda descontar valores referentes a empr\u00e9stimos consignados, faltas n\u00e3o justificadas, conv\u00eanios m\u00e9dicos ou odontol\u00f3gicos, e at\u00e9 pens\u00e3o aliment\u00edcia. Por isso, \u00e9 essencial verificar a raz\u00e3o de cada desconto, garantindo que n\u00e3o haja cobran\u00e7as indevidas e que todos estejam devidamente identificados.<\/p>\n\n\n\n<h2 class=\"wp-block-heading\">O que n\u00e3o pode faltar no seu holerite?<\/h2>\n\n\n\n<p>Existem informa\u00e7\u00f5es obrigat\u00f3rias que devem constar em qualquer contracheque, garantindo a transpar\u00eancia e a clareza necess\u00e1ria para o trabalhador. \u00c9 crucial que no documento estejam presentes:<\/p>\n\n\n\n<ul class=\"wp-block-list\">\n<li><strong>Identifica\u00e7\u00e3o da Empresa:<\/strong> Nome e <strong>CNPJ <\/strong>da organiza\u00e7\u00e3o empregadora.<\/li>\n\n\n\n<li><strong>Dados do Empregado:<\/strong> Nome completo, <strong>CPF <\/strong>e fun\u00e7\u00e3o desempenhada.<\/li>\n\n\n\n<li><strong>Per\u00edodo de Refer\u00eancia:<\/strong> Indica\u00e7\u00e3o do m\u00eas e ano a que se refere o pagamento.<\/li>\n\n\n\n<li><strong>Discrimina\u00e7\u00e3o dos Valores:<\/strong> Detalhe de todas as receitas e dedu\u00e7\u00f5es de maneira clara.<\/li>\n\n\n\n<li><strong>Valor L\u00edquido:<\/strong> Quantia efetivamente recebida pelo empregado ap\u00f3s todos os descontos.<\/li>\n<\/ul>\n\n\n\n<p>A aus\u00eancia dessas informa\u00e7\u00f5es pode gerar d\u00favidas e, em casos extremos, levar a questionamentos legais. Manter c\u00f3pias de todos os holerites recebidos \u00e9 importante para ter controle do hist\u00f3rico salarial e facilitar consultas ou comprova\u00e7\u00f5es futuras.<\/p>\n\n\n\n<h2 class=\"wp-block-heading\">Como garantir a precis\u00e3o das informa\u00e7\u00f5es do contracheque?<\/h2>\n\n\n\n<p>Para assegurar que todas as informa\u00e7\u00f5es no contracheque est\u00e3o precisas, \u00e9 essencial que o trabalhador verifique regularmente os valores apresentados e compare com os registros de suas horas trabalhadas e acordos firmados. Em caso de diverg\u00eancias, \u00e9 importante procurar o departamento de recursos humanos para esclarecimento e corre\u00e7\u00e3o. Manter um controle pessoal, como planilhas ou aplicativos de gest\u00e3o financeira, pode ser extremamente \u00fatil para este fim.<\/p>\n\n\n\n<p>Al\u00e9m disso, buscar orienta\u00e7\u00e3o de um contador ou de sindicatos pode ajudar a esclarecer d\u00favidas sobre descontos, direitos trabalhistas e valores recebidos. Assim, o trabalhador pode agir rapidamente ao identificar inconsist\u00eancias, protegendo seus direitos e evitando preju\u00edzos financeiros.<\/p>\n\n\n\n<h2 class=\"wp-block-heading\">Como utilizar o contracheque para o planejamento financeiro?<\/h2>\n\n\n\n<p>O contracheque serve de base para um planejamento financeiro mais consistente, pois nele constam todas as receitas e descontos do trabalhador. Ao analisar atentamente este documento, o empregado consegue <strong>prever despesas<\/strong>, <strong>identificar padr\u00f5es de gastos e se antecipar<\/strong> a varia\u00e7\u00f5es na renda mensal, organizando melhor seu or\u00e7amento.<\/p>\n\n\n\n<p>Usar o hist\u00f3rico dos holerites pode ajudar no controle de gastos e na defini\u00e7\u00e3o de metas, al\u00e9m de facilitar a solicita\u00e7\u00e3o de cr\u00e9dito em bancos e institui\u00e7\u00f5es financeiras. Ter um entendimento claro sobre o que se recebe e o que se desconta todos os meses fortalece a sa\u00fade financeira e evita surpresas desagrad\u00e1veis ao final do m\u00eas.<\/p>\n","protected":false},"excerpt":{"rendered":"<p>O sal\u00e1rio \u00e9 um componente fundamental na vida financeira de um trabalhador, representando a remunera\u00e7\u00e3o mensal por seus servi\u00e7os prestados. No entanto, compreender o que realmente comp\u00f5e o contracheque \u00e9 essencial para uma gest\u00e3o financeira eficaz e para garantir que todos os direitos do trabalhador sejam respeitados. O contracheque lista de forma detalhada todas as [&hellip;]<\/p>\n","protected":false},"author":20,"featured_media":71516,"comment_status":"open","ping_status":"open","sticky":false,"template":"","format":"standard","meta":{"jnews-multi-image_gallery":[],"jnews_single_post":{"format":"standard"},"jnews_primary_category":[],"jnews_social_meta":[],"jnews_override_counter":[],"footnotes":""},"categories":[28,1],"tags":[11988,11987,2876],"class_list":["post-77057","post","type-post","status-publish","format-standard","has-post-thumbnail","hentry","category-economia","category-noticias","tag-contracheque","tag-holerite","tag-impostos"],"yoast_head":"<!-- This site is optimized with the Yoast SEO plugin v23.8 - https:\/\/yoast.com\/wordpress\/plugins\/seo\/ -->\n<title>O que ningu\u00e9m te contou sobre o seu contracheque - Estado de Minas - Em foco<\/title>\n<meta name=\"description\" content=\"Contracheque traz detalhes do sal\u00e1rio e descontos. Saiba como usar esse documento para evitar erros e ter mais controle financeiro.\" \/>\n<meta name=\"robots\" content=\"index, follow, max-snippet:-1, max-image-preview:large, max-video-preview:-1\" \/>\n<link rel=\"canonical\" href=\"https:\/\/www.em.com.br\/emfoco\/2025\/07\/17\/o-que-ninguem-te-contou-sobre-o-seu-contracheque\/\" \/>\n<meta property=\"og:locale\" content=\"pt_BR\" \/>\n<meta property=\"og:type\" content=\"article\" \/>\n<meta property=\"og:title\" content=\"O que ningu\u00e9m te contou sobre o seu contracheque - Estado de Minas - Em foco\" \/>\n<meta property=\"og:description\" content=\"Contracheque traz detalhes do sal\u00e1rio e descontos. Saiba como usar esse documento para evitar erros e ter mais controle financeiro.\" \/>\n<meta property=\"og:url\" content=\"https:\/\/www.em.com.br\/emfoco\/2025\/07\/17\/o-que-ninguem-te-contou-sobre-o-seu-contracheque\/\" \/>\n<meta property=\"og:site_name\" content=\"Estado de Minas - Em foco\" \/>\n<meta property=\"article:published_time\" content=\"2025-07-17T16:38:00+00:00\" \/>\n<meta property=\"article:modified_time\" content=\"2025-07-16T20:36:43+00:00\" \/>\n<meta property=\"og:image\" content=\"https:\/\/www.em.com.br\/emfoco\/wp-content\/uploads\/2025\/07\/emprestimo_1751653688295.jpg\" \/>\n\t<meta property=\"og:image:width\" content=\"1280\" \/>\n\t<meta property=\"og:image:height\" content=\"720\" \/>\n\t<meta property=\"og:image:type\" content=\"image\/jpeg\" \/>\n<meta name=\"author\" content=\"Ingrid Diniz\" \/>\n<meta name=\"twitter:card\" content=\"summary_large_image\" \/>\n<meta name=\"twitter:label1\" content=\"Escrito por\" \/>\n\t<meta name=\"twitter:data1\" content=\"Ingrid Diniz\" \/>\n\t<meta name=\"twitter:label2\" content=\"Est. tempo de leitura\" \/>\n\t<meta name=\"twitter:data2\" content=\"5 minutos\" \/>\n<!-- \/ Yoast SEO plugin. -->","yoast_head_json":{"title":"O que ningu\u00e9m te contou sobre o seu contracheque - Estado de Minas - Em foco","description":"Contracheque traz detalhes do sal\u00e1rio e descontos. Saiba como usar esse documento para evitar erros e ter mais controle financeiro.","robots":{"index":"index","follow":"follow","max-snippet":"max-snippet:-1","max-image-preview":"max-image-preview:large","max-video-preview":"max-video-preview:-1"},"canonical":"https:\/\/www.em.com.br\/emfoco\/2025\/07\/17\/o-que-ninguem-te-contou-sobre-o-seu-contracheque\/","og_locale":"pt_BR","og_type":"article","og_title":"O que ningu\u00e9m te contou sobre o seu contracheque - Estado de Minas - Em foco","og_description":"Contracheque traz detalhes do sal\u00e1rio e descontos. Saiba como usar esse documento para evitar erros e ter mais controle financeiro.","og_url":"https:\/\/www.em.com.br\/emfoco\/2025\/07\/17\/o-que-ninguem-te-contou-sobre-o-seu-contracheque\/","og_site_name":"Estado de Minas - Em foco","article_published_time":"2025-07-17T16:38:00+00:00","article_modified_time":"2025-07-16T20:36:43+00:00","og_image":[{"width":1280,"height":720,"url":"https:\/\/www.em.com.br\/emfoco\/wp-content\/uploads\/2025\/07\/emprestimo_1751653688295.jpg","type":"image\/jpeg"}],"author":"Ingrid Diniz","twitter_card":"summary_large_image","twitter_misc":{"Escrito por":"Ingrid Diniz","Est. tempo de leitura":"5 minutos"},"schema":{"@context":"https:\/\/schema.org","@graph":[{"@type":"WebPage","@id":"https:\/\/www.em.com.br\/emfoco\/2025\/07\/17\/o-que-ninguem-te-contou-sobre-o-seu-contracheque\/","url":"https:\/\/www.em.com.br\/emfoco\/2025\/07\/17\/o-que-ninguem-te-contou-sobre-o-seu-contracheque\/","name":"O que ningu\u00e9m te contou sobre o seu contracheque - Estado de Minas - Em foco","isPartOf":{"@id":"https:\/\/www.em.com.br\/emfoco\/#website"},"primaryImageOfPage":{"@id":"https:\/\/www.em.com.br\/emfoco\/2025\/07\/17\/o-que-ninguem-te-contou-sobre-o-seu-contracheque\/#primaryimage"},"image":{"@id":"https:\/\/www.em.com.br\/emfoco\/2025\/07\/17\/o-que-ninguem-te-contou-sobre-o-seu-contracheque\/#primaryimage"},"thumbnailUrl":"https:\/\/www.em.com.br\/emfoco\/wp-content\/uploads\/2025\/07\/emprestimo_1751653688295.jpg","datePublished":"2025-07-17T16:38:00+00:00","dateModified":"2025-07-16T20:36:43+00:00","author":{"@id":"https:\/\/www.em.com.br\/emfoco\/#\/schema\/person\/649e610b4eb8fff87ff394e54fe17b2b"},"description":"Contracheque traz detalhes do sal\u00e1rio e descontos. Saiba como usar esse documento para evitar erros e ter mais controle financeiro.","breadcrumb":{"@id":"https:\/\/www.em.com.br\/emfoco\/2025\/07\/17\/o-que-ninguem-te-contou-sobre-o-seu-contracheque\/#breadcrumb"},"inLanguage":"pt-BR","potentialAction":[{"@type":"ReadAction","target":["https:\/\/www.em.com.br\/emfoco\/2025\/07\/17\/o-que-ninguem-te-contou-sobre-o-seu-contracheque\/"]}]},{"@type":"ImageObject","inLanguage":"pt-BR","@id":"https:\/\/www.em.com.br\/emfoco\/2025\/07\/17\/o-que-ninguem-te-contou-sobre-o-seu-contracheque\/#primaryimage","url":"https:\/\/www.em.com.br\/emfoco\/wp-content\/uploads\/2025\/07\/emprestimo_1751653688295.jpg","contentUrl":"https:\/\/www.em.com.br\/emfoco\/wp-content\/uploads\/2025\/07\/emprestimo_1751653688295.jpg","width":1280,"height":720,"caption":"Contrato - Cr\u00e9ditos: depositphotos.com \/ AndrewLozovyi"},{"@type":"BreadcrumbList","@id":"https:\/\/www.em.com.br\/emfoco\/2025\/07\/17\/o-que-ninguem-te-contou-sobre-o-seu-contracheque\/#breadcrumb","itemListElement":[{"@type":"ListItem","position":1,"name":"In\u00edcio","item":"https:\/\/www.em.com.br\/emfoco\/"},{"@type":"ListItem","position":2,"name":"O que ningu\u00e9m te contou sobre o seu contracheque"}]},{"@type":"WebSite","@id":"https:\/\/www.em.com.br\/emfoco\/#website","url":"https:\/\/www.em.com.br\/emfoco\/","name":"Estado de Minas - Em foco","description":"Acompanhe as \u00faltimas not\u00edcias e fique bem informado sobre tudo o que acontece em Minas Gerais, Brasil e no mundo.","potentialAction":[{"@type":"SearchAction","target":{"@type":"EntryPoint","urlTemplate":"https:\/\/www.em.com.br\/emfoco\/?s={search_term_string}"},"query-input":{"@type":"PropertyValueSpecification","valueRequired":true,"valueName":"search_term_string"}}],"inLanguage":"pt-BR"},{"@type":"Person","@id":"https:\/\/www.em.com.br\/emfoco\/#\/schema\/person\/649e610b4eb8fff87ff394e54fe17b2b","name":"Ingrid Diniz","image":{"@type":"ImageObject","inLanguage":"pt-BR","@id":"https:\/\/www.em.com.br\/emfoco\/#\/schema\/person\/image\/","url":"https:\/\/secure.gravatar.com\/avatar\/a3baa1449ec5c39b4c42babc9d4f3951?s=96&d=mm&r=g","contentUrl":"https:\/\/secure.gravatar.com\/avatar\/a3baa1449ec5c39b4c42babc9d4f3951?s=96&d=mm&r=g","caption":"Ingrid Diniz"},"sameAs":["https:\/\/www.em.com.br\/"],"url":"https:\/\/www.em.com.br\/emfoco\/author\/ingridmyth\/"}]}},"_links":{"self":[{"href":"https:\/\/www.em.com.br\/emfoco\/wp-json\/wp\/v2\/posts\/77057","targetHints":{"allow":["GET"]}}],"collection":[{"href":"https:\/\/www.em.com.br\/emfoco\/wp-json\/wp\/v2\/posts"}],"about":[{"href":"https:\/\/www.em.com.br\/emfoco\/wp-json\/wp\/v2\/types\/post"}],"author":[{"embeddable":true,"href":"https:\/\/www.em.com.br\/emfoco\/wp-json\/wp\/v2\/users\/20"}],"replies":[{"embeddable":true,"href":"https:\/\/www.em.com.br\/emfoco\/wp-json\/wp\/v2\/comments?post=77057"}],"version-history":[{"count":1,"href":"https:\/\/www.em.com.br\/emfoco\/wp-json\/wp\/v2\/posts\/77057\/revisions"}],"predecessor-version":[{"id":77103,"href":"https:\/\/www.em.com.br\/emfoco\/wp-json\/wp\/v2\/posts\/77057\/revisions\/77103"}],"wp:featuredmedia":[{"embeddable":true,"href":"https:\/\/www.em.com.br\/emfoco\/wp-json\/wp\/v2\/media\/71516"}],"wp:attachment":[{"href":"https:\/\/www.em.com.br\/emfoco\/wp-json\/wp\/v2\/media?parent=77057"}],"wp:term":[{"taxonomy":"category","embeddable":true,"href":"https:\/\/www.em.com.br\/emfoco\/wp-json\/wp\/v2\/categories?post=77057"},{"taxonomy":"post_tag","embeddable":true,"href":"https:\/\/www.em.com.br\/emfoco\/wp-json\/wp\/v2\/tags?post=77057"}],"curies":[{"name":"wp","href":"https:\/\/api.w.org\/{rel}","templated":true}]}}